{"id":20808,"date":"2022-12-05T15:02:54","date_gmt":"2022-12-05T14:02:54","guid":{"rendered":"https:\/\/www.caudete.org\/ayuntamiento\/?p=20808"},"modified":"2022-12-05T15:10:03","modified_gmt":"2022-12-05T14:10:03","slug":"programacion-auditorio-municipal-para-esta-semana","status":"publish","type":"post","link":"https:\/\/www.caudete.org\/ayuntamiento\/programacion-auditorio-municipal-para-esta-semana\/","title":{"rendered":"Programaci\u00f3n Auditorio Municipal para esta semana"},"content":{"rendered":"<p>La concejal\u00eda de Cultura del Ayuntamiento de Caudete ha preparado una intensa programaci\u00f3n para compartir en familia esta semana .<\/p>\n<p>Lunes 5 de diciembre a las 19:00 h \u201c<strong>El Mitho, mucho m\u00e1s que un espect\u00e1culo<\/strong>\u201d un show de una hora de duraci\u00f3n protagonizado por expertos bailarines tanzanos mostr\u00e1ndonos&nbsp; Afrofusi\u00f3n ( afrohouse, afrocontempor\u00e1neo, breakdance, folklore africano y salsa).<\/p>\n<p>Este espect\u00e1culo ha sido financiado por la Diputaci\u00f3n de Albacete mediante un proyecto de unir dos pa\u00edses a trav\u00e9s de la danza, Arusha (Tanzania) y Espa\u00f1a unidos por el baile y se ha trasladado a los pueblos de la provincia para desmitificar&nbsp; los muchos mitos que existen sobre \u00c1frica en Europa. En Caudete se ha incluido en la programaci\u00f3n que la&nbsp; Plataforma &nbsp;del Voluntariado ha preparado para las Jornadas de Voluntariado y Derechos Humanos y para celebrar el D\u00eda Internacional de los Voluntarios 5 de diciembre.<\/p>\n<p>&nbsp;El martes 6 de diciembre a las 18:00 horas, la compa\u00f1\u00eda Dubbi Kids pondr\u00e1 en escenas el espect\u00e1culo&nbsp;<strong>\u00abSalvar al Ratoncito P\u00e9rez\u00bb.<\/strong><\/p>\n<p><strong>&nbsp;<\/strong>Garabato&nbsp;y&nbsp;Mariflor&nbsp;son los \u00abGuardianes de los Cuentos\u00bb. Su trabajo consiste en cuidar de todos y cada uno de los personajes del mundo de los cuentos. Un d\u00eda reciben un encargo muy importante. Los ni\u00f1os est\u00e1n comiendo much\u00edsimas chucher\u00edas, lo que ha provocado que el&nbsp;<em>Rat\u00f3n P\u00e9rez<\/em>&nbsp;sufra exceso de trabajo. Est\u00e1 agotado, y su vida corre peligro. Garabato y Mariflor, junto con otros personajes de los cuentos, como&nbsp;<em>Caperucita<\/em>, la&nbsp;<em>Bella Durmiente<\/em>&nbsp;o la&nbsp;<em>Ratita Presumida<\/em>, ayudar\u00e1n a que el&nbsp;<em>Rat\u00f3n P\u00e9rez<\/em>&nbsp;vuelva a ser el mismo de siempre.<\/p>\n<p>En&nbsp;<strong>\u00abSalvar al Ratoncito P\u00e9rez\u00bb<\/strong>&nbsp;confluyen varias t\u00e9cnicas teatrales: t\u00edteres, teatro de actores y teatro musical. A trav\u00e9s de los juegos, el humor y la m\u00fasica los ni\u00f1os y ni\u00f1as asisten a una historia emocionante. Y ofrece una invitaci\u00f3n a entrar en el mundo de los cuentos con el \u00e1nimo de llegar a corazones peque\u00f1os y mayores, y as\u00ed, potenciar en ellos la capacidad de so\u00f1ar y crear.<\/p>\n<p>Esta actividad est\u00e1 incluida en la programa Actuamos de la Red de Teatros de Castilla La Mancha y Cultural Albacete de la Diputaci\u00f3n provincial de Albacete.<\/p>\n<p>Y para jueves, viernes, s\u00e1bado y domingo Cine en el auditorio Municipal <strong>\u201c A todo tren 2: S\u00ed les ha pasado otra vez\u201d <\/strong>una comedia dirigida por &nbsp;In\u00e9s de Le\u00f3n con&nbsp; Paz vega, Paz Padilla, Santiago Segura, Leo Harlem ,Luna Fulgencio, Sirena Segura, Alan Miranda, Eneko Otero, Florentino Fernandez, David guapo, Diego arroba \u201cEl Cejas\u201d.<\/p>\n<p>Pases :<\/p>\n<p>&nbsp; Jueves 8 -18:30H<\/p>\n<p>&nbsp; Viernes 9-18:30H<\/p>\n<p>&nbsp; S\u00e1bado 10-17:00 y 19:00H<\/p>\n<p>&nbsp; Domingo&nbsp; 11-17:00 y 19:00H<\/p>\n<p><a href=\"https:\/\/www.caudete.org\/ayuntamiento\/wp-content\/uploads\/2022\/12\/A-todo-Tren.jpg\" rel='prettyPhoto'><img fetchpriority=\"high\" decoding=\"async\" class=\"aligncenter size-full wp-image-20809\" src=\"https:\/\/www.caudete.org\/ayuntamiento\/wp-content\/uploads\/2022\/12\/A-todo-Tren.jpg\" alt=\"\" width=\"1448\" height=\"2048\" srcset=\"https:\/\/www.caudete.org\/ayuntamiento\/wp-content\/uploads\/2022\/12\/A-todo-Tren.jpg 1448w, https:\/\/www.caudete.org\/ayuntamiento\/wp-content\/uploads\/2022\/12\/A-todo-Tren-212x300.jpg 212w, https:\/\/www.caudete.org\/ayuntamiento\/wp-content\/uploads\/2022\/12\/A-todo-Tren-724x1024.jpg 724w, https:\/\/www.caudete.org\/ayuntamiento\/wp-content\/uploads\/2022\/12\/A-todo-Tren-768x1086.jpg 768w, https:\/\/www.caudete.org\/ayuntamiento\/wp-content\/uploads\/2022\/12\/A-todo-Tren-1086x1536.jpg 1086w\" sizes=\"(max-width: 1448px) 100vw, 1448px\" \/><\/a> <a href=\"https:\/\/www.caudete.org\/ayuntamiento\/wp-content\/uploads\/2022\/12\/Caudete.png\" rel='prettyPhoto'><img decoding=\"async\" class=\"aligncenter size-full wp-image-20810\" src=\"https:\/\/www.caudete.org\/ayuntamiento\/wp-content\/uploads\/2022\/12\/Caudete.png\" alt=\"\" width=\"1587\" height=\"2245\" srcset=\"https:\/\/www.caudete.org\/ayuntamiento\/wp-content\/uploads\/2022\/12\/Caudete.png 1587w, https:\/\/www.caudete.org\/ayuntamiento\/wp-content\/uploads\/2022\/12\/Caudete-212x300.png 212w, https:\/\/www.caudete.org\/ayuntamiento\/wp-content\/uploads\/2022\/12\/Caudete-724x1024.png 724w, https:\/\/www.caudete.org\/ayuntamiento\/wp-content\/uploads\/2022\/12\/Caudete-768x1086.png 768w, https:\/\/www.caudete.org\/ayuntamiento\/wp-content\/uploads\/2022\/12\/Caudete-1086x1536.png 1086w, https:\/\/www.caudete.org\/ayuntamiento\/wp-content\/uploads\/2022\/12\/Caudete-1448x2048.png 1448w\" sizes=\"(max-width: 1587px) 100vw, 1587px\" \/><\/a> <a href=\"https:\/\/www.caudete.org\/ayuntamiento\/wp-content\/uploads\/2022\/12\/salvar-ratoncito-tv.jpg\" rel='prettyPhoto'><img decoding=\"async\" class=\"aligncenter size-full wp-image-20811\" src=\"https:\/\/www.caudete.org\/ayuntamiento\/wp-content\/uploads\/2022\/12\/salvar-ratoncito-tv.jpg\" alt=\"\" width=\"2000\" height=\"1437\" srcset=\"https:\/\/www.caudete.org\/ayuntamiento\/wp-content\/uploads\/2022\/12\/salvar-ratoncito-tv.jpg 2000w, https:\/\/www.caudete.org\/ayuntamiento\/wp-content\/uploads\/2022\/12\/salvar-ratoncito-tv-300x216.jpg 300w, https:\/\/www.caudete.org\/ayuntamiento\/wp-content\/uploads\/2022\/12\/salvar-ratoncito-tv-1024x736.jpg 1024w, https:\/\/www.caudete.org\/ayuntamiento\/wp-content\/uploads\/2022\/12\/salvar-ratoncito-tv-768x552.jpg 768w, https:\/\/www.caudete.org\/ayuntamiento\/wp-content\/uploads\/2022\/12\/salvar-ratoncito-tv-1536x1104.jpg 1536w\" sizes=\"(max-width: 2000px) 100vw, 2000px\" \/><\/a><\/p>\n","protected":false},"excerpt":{"rendered":"<p>La concejal\u00eda de Cultura del Ayuntamiento de Caudete ha preparado una intensa programaci\u00f3n para compartir en familia esta semana . Lunes 5 de diciembre a las 19:00 h \u201cEl Mitho, mucho m\u00e1s que un espect\u00e1culo\u201d un show de una hora de duraci\u00f3n protagonizado por expertos bailarines tanzanos mostr\u00e1ndonos&nbsp; Afrofusi\u00f3n ( afrohouse, afrocontempor\u00e1neo, breakdance, folklore africano &hellip;<\/p>\n","protected":false},"author":1,"featured_media":20810,"comment_status":"closed","ping_status":"open","sticky":false,"template":"","format":"standard","meta":{"ngg_post_thumbnail":0,"footnotes":""},"categories":[14],"tags":[],"class_list":["post-20808","post","type-post","status-publish","format-standard","has-post-thumbnail","hentry","category-cultura"],"yoast_head":"<!-- This site is optimized with the Yoast SEO plugin v27.4 - https:\/\/yoast.com\/product\/yoast-seo-wordpress\/ -->\n<title>Programaci\u00f3n Auditorio Municipal para esta semana - MI Ayuntamiento de Caudete<\/title>\n<meta name=\"description\" content=\"P\u00e1gina Oficial del Ayuntamiento de Caudete (Albacete)\" \/>\n<meta name=\"robots\" content=\"index, follow, max-snippet:-1, max-image-preview:large, max-video-preview:-1\" \/>\n<link rel=\"canonical\" href=\"https:\/\/www.caudete.org\/ayuntamiento\/programacion-auditorio-municipal-para-esta-semana\/\" \/>\n<meta property=\"og:locale\" content=\"es_ES\" \/>\n<meta property=\"og:type\" content=\"article\" \/>\n<meta property=\"og:title\" content=\"Programaci\u00f3n Auditorio Municipal para esta semana - MI Ayuntamiento de Caudete\" \/>\n<meta property=\"og:description\" content=\"P\u00e1gina Oficial del Ayuntamiento de Caudete (Albacete)\" \/>\n<meta property=\"og:url\" content=\"https:\/\/www.caudete.org\/ayuntamiento\/programacion-auditorio-municipal-para-esta-semana\/\" \/>\n<meta property=\"og:site_name\" content=\"MI Ayuntamiento de Caudete\" \/>\n<meta property=\"article:publisher\" content=\"https:\/\/www.facebook.com\/ayuntamientocaudete\/\" \/>\n<meta property=\"article:published_time\" content=\"2022-12-05T14:02:54+00:00\" \/>\n<meta property=\"article:modified_time\" content=\"2022-12-05T14:10:03+00:00\" \/>\n<meta property=\"og:image\" content=\"https:\/\/www.caudete.org\/ayuntamiento\/wp-content\/uploads\/2022\/12\/Caudete.png\" \/>\n\t<meta property=\"og:image:width\" content=\"1587\" \/>\n\t<meta property=\"og:image:height\" content=\"2245\" \/>\n\t<meta property=\"og:image:type\" content=\"image\/png\" \/>\n<meta name=\"author\" content=\"ayun\" \/>\n<meta name=\"twitter:card\" content=\"summary_large_image\" \/>\n<meta name=\"twitter:label1\" content=\"Escrito por\" \/>\n\t<meta name=\"twitter:data1\" content=\"ayun\" \/>\n\t<meta name=\"twitter:label2\" content=\"Tiempo de lectura\" \/>\n\t<meta name=\"twitter:data2\" content=\"3 minutos\" \/>\n<script type=\"application\/ld+json\" class=\"yoast-schema-graph\">{\"@context\":\"https:\\\/\\\/schema.org\",\"@graph\":[{\"@type\":\"Article\",\"@id\":\"https:\\\/\\\/www.caudete.org\\\/ayuntamiento\\\/programacion-auditorio-municipal-para-esta-semana\\\/#article\",\"isPartOf\":{\"@id\":\"https:\\\/\\\/www.caudete.org\\\/ayuntamiento\\\/programacion-auditorio-municipal-para-esta-semana\\\/\"},\"author\":{\"name\":\"ayun\",\"@id\":\"https:\\\/\\\/www.caudete.org\\\/ayuntamiento\\\/#\\\/schema\\\/person\\\/79f7e19fdd176fc2bc7a289013dc2056\"},\"headline\":\"Programaci\u00f3n Auditorio Municipal para esta semana\",\"datePublished\":\"2022-12-05T14:02:54+00:00\",\"dateModified\":\"2022-12-05T14:10:03+00:00\",\"mainEntityOfPage\":{\"@id\":\"https:\\\/\\\/www.caudete.org\\\/ayuntamiento\\\/programacion-auditorio-municipal-para-esta-semana\\\/\"},\"wordCount\":488,\"publisher\":{\"@id\":\"https:\\\/\\\/www.caudete.org\\\/ayuntamiento\\\/#organization\"},\"image\":{\"@id\":\"https:\\\/\\\/www.caudete.org\\\/ayuntamiento\\\/programacion-auditorio-municipal-para-esta-semana\\\/#primaryimage\"},\"thumbnailUrl\":\"https:\\\/\\\/www.caudete.org\\\/ayuntamiento\\\/wp-content\\\/uploads\\\/2022\\\/12\\\/Caudete.png\",\"articleSection\":[\"Cultura\"],\"inLanguage\":\"es\"},{\"@type\":\"WebPage\",\"@id\":\"https:\\\/\\\/www.caudete.org\\\/ayuntamiento\\\/programacion-auditorio-municipal-para-esta-semana\\\/\",\"url\":\"https:\\\/\\\/www.caudete.org\\\/ayuntamiento\\\/programacion-auditorio-municipal-para-esta-semana\\\/\",\"name\":\"Programaci\u00f3n Auditorio Municipal para esta semana - MI Ayuntamiento de Caudete\",\"isPartOf\":{\"@id\":\"https:\\\/\\\/www.caudete.org\\\/ayuntamiento\\\/#website\"},\"primaryImageOfPage\":{\"@id\":\"https:\\\/\\\/www.caudete.org\\\/ayuntamiento\\\/programacion-auditorio-municipal-para-esta-semana\\\/#primaryimage\"},\"image\":{\"@id\":\"https:\\\/\\\/www.caudete.org\\\/ayuntamiento\\\/programacion-auditorio-municipal-para-esta-semana\\\/#primaryimage\"},\"thumbnailUrl\":\"https:\\\/\\\/www.caudete.org\\\/ayuntamiento\\\/wp-content\\\/uploads\\\/2022\\\/12\\\/Caudete.png\",\"datePublished\":\"2022-12-05T14:02:54+00:00\",\"dateModified\":\"2022-12-05T14:10:03+00:00\",\"description\":\"P\u00e1gina Oficial del Ayuntamiento de Caudete (Albacete)\",\"breadcrumb\":{\"@id\":\"https:\\\/\\\/www.caudete.org\\\/ayuntamiento\\\/programacion-auditorio-municipal-para-esta-semana\\\/#breadcrumb\"},\"inLanguage\":\"es\",\"potentialAction\":[{\"@type\":\"ReadAction\",\"target\":[\"https:\\\/\\\/www.caudete.org\\\/ayuntamiento\\\/programacion-auditorio-municipal-para-esta-semana\\\/\"]}]},{\"@type\":\"ImageObject\",\"inLanguage\":\"es\",\"@id\":\"https:\\\/\\\/www.caudete.org\\\/ayuntamiento\\\/programacion-auditorio-municipal-para-esta-semana\\\/#primaryimage\",\"url\":\"https:\\\/\\\/www.caudete.org\\\/ayuntamiento\\\/wp-content\\\/uploads\\\/2022\\\/12\\\/Caudete.png\",\"contentUrl\":\"https:\\\/\\\/www.caudete.org\\\/ayuntamiento\\\/wp-content\\\/uploads\\\/2022\\\/12\\\/Caudete.png\",\"width\":1587,\"height\":2245},{\"@type\":\"BreadcrumbList\",\"@id\":\"https:\\\/\\\/www.caudete.org\\\/ayuntamiento\\\/programacion-auditorio-municipal-para-esta-semana\\\/#breadcrumb\",\"itemListElement\":[{\"@type\":\"ListItem\",\"position\":1,\"name\":\"Inicio\",\"item\":\"https:\\\/\\\/www.caudete.org\\\/ayuntamiento\\\/\"},{\"@type\":\"ListItem\",\"position\":2,\"name\":\"Programaci\u00f3n Auditorio Municipal para esta semana\"}]},{\"@type\":\"WebSite\",\"@id\":\"https:\\\/\\\/www.caudete.org\\\/ayuntamiento\\\/#website\",\"url\":\"https:\\\/\\\/www.caudete.org\\\/ayuntamiento\\\/\",\"name\":\"MI Ayuntamiento de Caudete\",\"description\":\"P\u00e1gina Oficial del MI Ayuntamiento de Caudete\",\"publisher\":{\"@id\":\"https:\\\/\\\/www.caudete.org\\\/ayuntamiento\\\/#organization\"},\"potentialAction\":[{\"@type\":\"SearchAction\",\"target\":{\"@type\":\"EntryPoint\",\"urlTemplate\":\"https:\\\/\\\/www.caudete.org\\\/ayuntamiento\\\/?s={search_term_string}\"},\"query-input\":{\"@type\":\"PropertyValueSpecification\",\"valueRequired\":true,\"valueName\":\"search_term_string\"}}],\"inLanguage\":\"es\"},{\"@type\":\"Organization\",\"@id\":\"https:\\\/\\\/www.caudete.org\\\/ayuntamiento\\\/#organization\",\"name\":\"Ayuntamiento de Caudete\",\"url\":\"https:\\\/\\\/www.caudete.org\\\/ayuntamiento\\\/\",\"logo\":{\"@type\":\"ImageObject\",\"inLanguage\":\"es\",\"@id\":\"https:\\\/\\\/www.caudete.org\\\/ayuntamiento\\\/#\\\/schema\\\/logo\\\/image\\\/\",\"url\":\"https:\\\/\\\/www.caudete.org\\\/ayuntamiento\\\/wp-content\\\/uploads\\\/2020\\\/11\\\/logo_ayuntamiento_caudete.jpg\",\"contentUrl\":\"https:\\\/\\\/www.caudete.org\\\/ayuntamiento\\\/wp-content\\\/uploads\\\/2020\\\/11\\\/logo_ayuntamiento_caudete.jpg\",\"width\":600,\"height\":150,\"caption\":\"Ayuntamiento de Caudete\"},\"image\":{\"@id\":\"https:\\\/\\\/www.caudete.org\\\/ayuntamiento\\\/#\\\/schema\\\/logo\\\/image\\\/\"},\"sameAs\":[\"https:\\\/\\\/www.facebook.com\\\/ayuntamientocaudete\\\/\",\"https:\\\/\\\/www.youtube.com\\\/channel\\\/UC6VztHaooNsGpw-tNoBEFnQ\"]},{\"@type\":\"Person\",\"@id\":\"https:\\\/\\\/www.caudete.org\\\/ayuntamiento\\\/#\\\/schema\\\/person\\\/79f7e19fdd176fc2bc7a289013dc2056\",\"name\":\"ayun\",\"image\":{\"@type\":\"ImageObject\",\"inLanguage\":\"es\",\"@id\":\"https:\\\/\\\/secure.gravatar.com\\\/avatar\\\/4ce797ee07c943e7e592f8cd648e503e6cd571387558ed07135799c2bd2847df?s=96&d=mm&r=g\",\"url\":\"https:\\\/\\\/secure.gravatar.com\\\/avatar\\\/4ce797ee07c943e7e592f8cd648e503e6cd571387558ed07135799c2bd2847df?s=96&d=mm&r=g\",\"contentUrl\":\"https:\\\/\\\/secure.gravatar.com\\\/avatar\\\/4ce797ee07c943e7e592f8cd648e503e6cd571387558ed07135799c2bd2847df?s=96&d=mm&r=g\",\"caption\":\"ayun\"},\"sameAs\":[\"http:\\\/\\\/www.caudete.org\\\/ayuntamiento\"],\"url\":\"https:\\\/\\\/www.caudete.org\\\/ayuntamiento\\\/author\\\/ayun\\\/\"}]}<\/script>\n<!-- \/ Yoast SEO plugin. -->","yoast_head_json":{"title":"Programaci\u00f3n Auditorio Municipal para esta semana - MI Ayuntamiento de Caudete","description":"P\u00e1gina Oficial del Ayuntamiento de Caudete (Albacete)","robots":{"index":"index","follow":"follow","max-snippet":"max-snippet:-1","max-image-preview":"max-image-preview:large","max-video-preview":"max-video-preview:-1"},"canonical":"https:\/\/www.caudete.org\/ayuntamiento\/programacion-auditorio-municipal-para-esta-semana\/","og_locale":"es_ES","og_type":"article","og_title":"Programaci\u00f3n Auditorio Municipal para esta semana - MI Ayuntamiento de Caudete","og_description":"P\u00e1gina Oficial del Ayuntamiento de Caudete (Albacete)","og_url":"https:\/\/www.caudete.org\/ayuntamiento\/programacion-auditorio-municipal-para-esta-semana\/","og_site_name":"MI Ayuntamiento de Caudete","article_publisher":"https:\/\/www.facebook.com\/ayuntamientocaudete\/","article_published_time":"2022-12-05T14:02:54+00:00","article_modified_time":"2022-12-05T14:10:03+00:00","og_image":[{"width":1587,"height":2245,"url":"https:\/\/www.caudete.org\/ayuntamiento\/wp-content\/uploads\/2022\/12\/Caudete.png","type":"image\/png"}],"author":"ayun","twitter_card":"summary_large_image","twitter_misc":{"Escrito por":"ayun","Tiempo de lectura":"3 minutos"},"schema":{"@context":"https:\/\/schema.org","@graph":[{"@type":"Article","@id":"https:\/\/www.caudete.org\/ayuntamiento\/programacion-auditorio-municipal-para-esta-semana\/#article","isPartOf":{"@id":"https:\/\/www.caudete.org\/ayuntamiento\/programacion-auditorio-municipal-para-esta-semana\/"},"author":{"name":"ayun","@id":"https:\/\/www.caudete.org\/ayuntamiento\/#\/schema\/person\/79f7e19fdd176fc2bc7a289013dc2056"},"headline":"Programaci\u00f3n Auditorio Municipal para esta semana","datePublished":"2022-12-05T14:02:54+00:00","dateModified":"2022-12-05T14:10:03+00:00","mainEntityOfPage":{"@id":"https:\/\/www.caudete.org\/ayuntamiento\/programacion-auditorio-municipal-para-esta-semana\/"},"wordCount":488,"publisher":{"@id":"https:\/\/www.caudete.org\/ayuntamiento\/#organization"},"image":{"@id":"https:\/\/www.caudete.org\/ayuntamiento\/programacion-auditorio-municipal-para-esta-semana\/#primaryimage"},"thumbnailUrl":"https:\/\/www.caudete.org\/ayuntamiento\/wp-content\/uploads\/2022\/12\/Caudete.png","articleSection":["Cultura"],"inLanguage":"es"},{"@type":"WebPage","@id":"https:\/\/www.caudete.org\/ayuntamiento\/programacion-auditorio-municipal-para-esta-semana\/","url":"https:\/\/www.caudete.org\/ayuntamiento\/programacion-auditorio-municipal-para-esta-semana\/","name":"Programaci\u00f3n Auditorio Municipal para esta semana - MI Ayuntamiento de Caudete","isPartOf":{"@id":"https:\/\/www.caudete.org\/ayuntamiento\/#website"},"primaryImageOfPage":{"@id":"https:\/\/www.caudete.org\/ayuntamiento\/programacion-auditorio-municipal-para-esta-semana\/#primaryimage"},"image":{"@id":"https:\/\/www.caudete.org\/ayuntamiento\/programacion-auditorio-municipal-para-esta-semana\/#primaryimage"},"thumbnailUrl":"https:\/\/www.caudete.org\/ayuntamiento\/wp-content\/uploads\/2022\/12\/Caudete.png","datePublished":"2022-12-05T14:02:54+00:00","dateModified":"2022-12-05T14:10:03+00:00","description":"P\u00e1gina Oficial del Ayuntamiento de Caudete (Albacete)","breadcrumb":{"@id":"https:\/\/www.caudete.org\/ayuntamiento\/programacion-auditorio-municipal-para-esta-semana\/#breadcrumb"},"inLanguage":"es","potentialAction":[{"@type":"ReadAction","target":["https:\/\/www.caudete.org\/ayuntamiento\/programacion-auditorio-municipal-para-esta-semana\/"]}]},{"@type":"ImageObject","inLanguage":"es","@id":"https:\/\/www.caudete.org\/ayuntamiento\/programacion-auditorio-municipal-para-esta-semana\/#primaryimage","url":"https:\/\/www.caudete.org\/ayuntamiento\/wp-content\/uploads\/2022\/12\/Caudete.png","contentUrl":"https:\/\/www.caudete.org\/ayuntamiento\/wp-content\/uploads\/2022\/12\/Caudete.png","width":1587,"height":2245},{"@type":"BreadcrumbList","@id":"https:\/\/www.caudete.org\/ayuntamiento\/programacion-auditorio-municipal-para-esta-semana\/#breadcrumb","itemListElement":[{"@type":"ListItem","position":1,"name":"Inicio","item":"https:\/\/www.caudete.org\/ayuntamiento\/"},{"@type":"ListItem","position":2,"name":"Programaci\u00f3n Auditorio Municipal para esta semana"}]},{"@type":"WebSite","@id":"https:\/\/www.caudete.org\/ayuntamiento\/#website","url":"https:\/\/www.caudete.org\/ayuntamiento\/","name":"MI Ayuntamiento de Caudete","description":"P\u00e1gina Oficial del MI Ayuntamiento de Caudete","publisher":{"@id":"https:\/\/www.caudete.org\/ayuntamiento\/#organization"},"potentialAction":[{"@type":"SearchAction","target":{"@type":"EntryPoint","urlTemplate":"https:\/\/www.caudete.org\/ayuntamiento\/?s={search_term_string}"},"query-input":{"@type":"PropertyValueSpecification","valueRequired":true,"valueName":"search_term_string"}}],"inLanguage":"es"},{"@type":"Organization","@id":"https:\/\/www.caudete.org\/ayuntamiento\/#organization","name":"Ayuntamiento de Caudete","url":"https:\/\/www.caudete.org\/ayuntamiento\/","logo":{"@type":"ImageObject","inLanguage":"es","@id":"https:\/\/www.caudete.org\/ayuntamiento\/#\/schema\/logo\/image\/","url":"https:\/\/www.caudete.org\/ayuntamiento\/wp-content\/uploads\/2020\/11\/logo_ayuntamiento_caudete.jpg","contentUrl":"https:\/\/www.caudete.org\/ayuntamiento\/wp-content\/uploads\/2020\/11\/logo_ayuntamiento_caudete.jpg","width":600,"height":150,"caption":"Ayuntamiento de Caudete"},"image":{"@id":"https:\/\/www.caudete.org\/ayuntamiento\/#\/schema\/logo\/image\/"},"sameAs":["https:\/\/www.facebook.com\/ayuntamientocaudete\/","https:\/\/www.youtube.com\/channel\/UC6VztHaooNsGpw-tNoBEFnQ"]},{"@type":"Person","@id":"https:\/\/www.caudete.org\/ayuntamiento\/#\/schema\/person\/79f7e19fdd176fc2bc7a289013dc2056","name":"ayun","image":{"@type":"ImageObject","inLanguage":"es","@id":"https:\/\/secure.gravatar.com\/avatar\/4ce797ee07c943e7e592f8cd648e503e6cd571387558ed07135799c2bd2847df?s=96&d=mm&r=g","url":"https:\/\/secure.gravatar.com\/avatar\/4ce797ee07c943e7e592f8cd648e503e6cd571387558ed07135799c2bd2847df?s=96&d=mm&r=g","contentUrl":"https:\/\/secure.gravatar.com\/avatar\/4ce797ee07c943e7e592f8cd648e503e6cd571387558ed07135799c2bd2847df?s=96&d=mm&r=g","caption":"ayun"},"sameAs":["http:\/\/www.caudete.org\/ayuntamiento"],"url":"https:\/\/www.caudete.org\/ayuntamiento\/author\/ayun\/"}]}},"_links":{"self":[{"href":"https:\/\/www.caudete.org\/ayuntamiento\/wp-json\/wp\/v2\/posts\/20808","targetHints":{"allow":["GET"]}}],"collection":[{"href":"https:\/\/www.caudete.org\/ayuntamiento\/wp-json\/wp\/v2\/posts"}],"about":[{"href":"https:\/\/www.caudete.org\/ayuntamiento\/wp-json\/wp\/v2\/types\/post"}],"author":[{"embeddable":true,"href":"https:\/\/www.caudete.org\/ayuntamiento\/wp-json\/wp\/v2\/users\/1"}],"replies":[{"embeddable":true,"href":"https:\/\/www.caudete.org\/ayuntamiento\/wp-json\/wp\/v2\/comments?post=20808"}],"version-history":[{"count":1,"href":"https:\/\/www.caudete.org\/ayuntamiento\/wp-json\/wp\/v2\/posts\/20808\/revisions"}],"predecessor-version":[{"id":20812,"href":"https:\/\/www.caudete.org\/ayuntamiento\/wp-json\/wp\/v2\/posts\/20808\/revisions\/20812"}],"wp:featuredmedia":[{"embeddable":true,"href":"https:\/\/www.caudete.org\/ayuntamiento\/wp-json\/wp\/v2\/media\/20810"}],"wp:attachment":[{"href":"https:\/\/www.caudete.org\/ayuntamiento\/wp-json\/wp\/v2\/media?parent=20808"}],"wp:term":[{"taxonomy":"category","embeddable":true,"href":"https:\/\/www.caudete.org\/ayuntamiento\/wp-json\/wp\/v2\/categories?post=20808"},{"taxonomy":"post_tag","embeddable":true,"href":"https:\/\/www.caudete.org\/ayuntamiento\/wp-json\/wp\/v2\/tags?post=20808"}],"curies":[{"name":"wp","href":"https:\/\/api.w.org\/{rel}","templated":true}]}}