{"id":20813,"date":"2022-12-06T06:00:18","date_gmt":"2022-12-06T05:00:18","guid":{"rendered":"https:\/\/www.caudete.org\/ayuntamiento\/?p=20813"},"modified":"2022-12-06T10:41:25","modified_gmt":"2022-12-06T09:41:25","slug":"pilar-egea-presenta-el-nuevo-programa-navideno-de-deportes","status":"publish","type":"post","link":"https:\/\/www.caudete.org\/ayuntamiento\/pilar-egea-presenta-el-nuevo-programa-navideno-de-deportes\/","title":{"rendered":"Pilar Egea presenta el Programa Navide\u00f1o de Deportes"},"content":{"rendered":"<p>La Concejal de Deportes, Pilar Egea, ha informado de la puesta en marcha un a\u00f1o m\u00e1s del Programa Navide\u00f1o de Deportes, el cual comenzar\u00e1 el 27 de diciembre y finalizar\u00e1 el 4 de enero del a\u00f1o pr\u00f3ximo.<\/p>\n<p>La oferta deportiva la comprende en primer lugar el Campus de actividades multideportivas que tendr\u00e1 lugar desde el 27 al 30 de diciembre en horario matinal, llev\u00e1ndose a cabo las actividades tanto en las instalaciones de la Ciudad Deportiva Antonio Amor\u00f3s como, en su \u00faltima franja horaria de cada d\u00eda, en la Piscina Cubierta con diferentes juegos acu\u00e1ticos.<\/p>\n<p>En segundo lugar vuelve la segunda edici\u00f3n del Campus de F\u00fatbol Sala \u201cPaulo Roberto\u201d, quien ha sido considero el mejor jugador de la historia de f\u00fatbol sala de nuestro pa\u00eds. A trav\u00e9s de su club \u201cFutsal Paulo Roberto\u201d, entre los d\u00edas 27, 28, 29 y 30 de diciembre, se llevar\u00e1 a cabo la formaci\u00f3n t\u00e9cnica, t\u00e1ctica y reglamentaria de este deporte entre los escolares de las categor\u00edas benjam\u00edn, alev\u00edn e infantil.<\/p>\n<p>El tercer campus lo conforma \u00a0la tercera edici\u00f3n del \u00a0Campus de Basket 3&#215;3 de la mano del equipo profesional de baloncesto \u201cOnil 3&#215;3\u201d compuesto por jugadores con palmares ACB, LEB Oro y LEB Plata donde los escolares podr\u00e1n disfrutar de este deporte con actividades de tecnificaci\u00f3n y competiciones.<\/p>\n<p>Otro bloque dentro del Programa Navide\u00f1o lo forma el Torneo de F\u00fatbol Sala dirigido a las categor\u00edas de prebenjam\u00edn, benjam\u00edn y alev\u00edn donde durante una tarde determinada por categor\u00eda se lleva a cabo una competici\u00f3n intensiva bajo la modalidad de liga regular. El formato de inscripci\u00f3n es individual confeccion\u00e1ndose los equipos desde la Oficina de Deportes en pro de la competitividad y la participaci\u00f3n.<\/p>\n<p>La oferta se cierra con la celebraci\u00f3n de un evento deportivo, la \u201cSan Silvestre Caudetana\u201d que tendr\u00e1 lugar el d\u00eda 30 de diciembre a las 19:00 horas, con salida y meta desde la Plaza del Carmen. Evento dirigido a todos los p\u00fablicos donde como cada edici\u00f3n se dispondr\u00e1n premios en especio para los disfraces m\u00e1s originales.<\/p>\n<p><a href=\"https:\/\/www.caudete.org\/ayuntamiento\/wp-content\/uploads\/2022\/12\/torneos-inf.-navidad-23.pdf\" class=\"mtli_attachment mtli_pdf\">PROGRAMA NAVIDE\u00d1O DE DEPORTES<\/a><\/p>\n<p><a href=\"https:\/\/www.caudete.org\/ayuntamiento\/wp-content\/uploads\/2022\/12\/Programa-Navideno-Deportes.jpg\" rel='prettyPhoto'><img fetchpriority=\"high\" decoding=\"async\" class=\"aligncenter size-full wp-image-20815\" src=\"https:\/\/www.caudete.org\/ayuntamiento\/wp-content\/uploads\/2022\/12\/Programa-Navideno-Deportes.jpg\" alt=\"\" width=\"990\" height=\"800\" srcset=\"https:\/\/www.caudete.org\/ayuntamiento\/wp-content\/uploads\/2022\/12\/Programa-Navideno-Deportes.jpg 990w, https:\/\/www.caudete.org\/ayuntamiento\/wp-content\/uploads\/2022\/12\/Programa-Navideno-Deportes-300x242.jpg 300w, https:\/\/www.caudete.org\/ayuntamiento\/wp-content\/uploads\/2022\/12\/Programa-Navideno-Deportes-768x621.jpg 768w\" sizes=\"(max-width: 990px) 100vw, 990px\" \/><\/a><\/p>\n<p>&nbsp;<\/p>\n","protected":false},"excerpt":{"rendered":"<p>La Concejal de Deportes, Pilar Egea, ha informado de la puesta en marcha un a\u00f1o m\u00e1s del Programa Navide\u00f1o de Deportes, el cual comenzar\u00e1 el 27 de diciembre y finalizar\u00e1 el 4 de enero del a\u00f1o pr\u00f3ximo. La oferta deportiva la comprende en primer lugar el Campus de actividades multideportivas que tendr\u00e1 lugar desde el &hellip;<\/p>\n","protected":false},"author":1,"featured_media":20815,"comment_status":"closed","ping_status":"open","sticky":false,"template":"","format":"standard","meta":{"ngg_post_thumbnail":0,"footnotes":""},"categories":[23],"tags":[],"class_list":["post-20813","post","type-post","status-publish","format-standard","has-post-thumbnail","hentry","category-deportes"],"yoast_head":"<!-- This site is optimized with the Yoast SEO plugin v27.5 - https:\/\/yoast.com\/product\/yoast-seo-wordpress\/ -->\n<title>Pilar Egea presenta el Programa Navide\u00f1o de Deportes - MI Ayuntamiento de Caudete<\/title>\n<meta name=\"description\" content=\"P\u00e1gina Oficial del Ayuntamiento de Caudete (Albacete)\" \/>\n<meta name=\"robots\" content=\"index, follow, max-snippet:-1, max-image-preview:large, max-video-preview:-1\" \/>\n<link rel=\"canonical\" href=\"https:\/\/www.caudete.org\/ayuntamiento\/pilar-egea-presenta-el-nuevo-programa-navideno-de-deportes\/\" \/>\n<meta property=\"og:locale\" content=\"es_ES\" \/>\n<meta property=\"og:type\" content=\"article\" \/>\n<meta property=\"og:title\" content=\"Pilar Egea presenta el Programa Navide\u00f1o de Deportes - MI Ayuntamiento de Caudete\" \/>\n<meta property=\"og:description\" content=\"P\u00e1gina Oficial del Ayuntamiento de Caudete (Albacete)\" \/>\n<meta property=\"og:url\" content=\"https:\/\/www.caudete.org\/ayuntamiento\/pilar-egea-presenta-el-nuevo-programa-navideno-de-deportes\/\" \/>\n<meta property=\"og:site_name\" content=\"MI Ayuntamiento de Caudete\" \/>\n<meta property=\"article:publisher\" content=\"https:\/\/www.facebook.com\/ayuntamientocaudete\/\" \/>\n<meta property=\"article:published_time\" content=\"2022-12-06T05:00:18+00:00\" \/>\n<meta property=\"article:modified_time\" content=\"2022-12-06T09:41:25+00:00\" \/>\n<meta property=\"og:image\" content=\"https:\/\/www.caudete.org\/ayuntamiento\/wp-content\/uploads\/2022\/12\/Programa-Navideno-Deportes.jpg\" \/>\n\t<meta property=\"og:image:width\" content=\"990\" \/>\n\t<meta property=\"og:image:height\" content=\"800\" \/>\n\t<meta property=\"og:image:type\" content=\"image\/jpeg\" \/>\n<meta name=\"author\" content=\"ayun\" \/>\n<meta name=\"twitter:card\" content=\"summary_large_image\" \/>\n<meta name=\"twitter:label1\" content=\"Escrito por\" \/>\n\t<meta name=\"twitter:data1\" content=\"ayun\" \/>\n\t<meta name=\"twitter:label2\" content=\"Tiempo de lectura\" \/>\n\t<meta name=\"twitter:data2\" content=\"2 minutos\" \/>\n<script type=\"application\/ld+json\" class=\"yoast-schema-graph\">{\"@context\":\"https:\\\/\\\/schema.org\",\"@graph\":[{\"@type\":\"Article\",\"@id\":\"https:\\\/\\\/www.caudete.org\\\/ayuntamiento\\\/pilar-egea-presenta-el-nuevo-programa-navideno-de-deportes\\\/#article\",\"isPartOf\":{\"@id\":\"https:\\\/\\\/www.caudete.org\\\/ayuntamiento\\\/pilar-egea-presenta-el-nuevo-programa-navideno-de-deportes\\\/\"},\"author\":{\"name\":\"ayun\",\"@id\":\"https:\\\/\\\/www.caudete.org\\\/ayuntamiento\\\/#\\\/schema\\\/person\\\/79f7e19fdd176fc2bc7a289013dc2056\"},\"headline\":\"Pilar Egea presenta el Programa Navide\u00f1o de Deportes\",\"datePublished\":\"2022-12-06T05:00:18+00:00\",\"dateModified\":\"2022-12-06T09:41:25+00:00\",\"mainEntityOfPage\":{\"@id\":\"https:\\\/\\\/www.caudete.org\\\/ayuntamiento\\\/pilar-egea-presenta-el-nuevo-programa-navideno-de-deportes\\\/\"},\"wordCount\":380,\"image\":{\"@id\":\"https:\\\/\\\/www.caudete.org\\\/ayuntamiento\\\/pilar-egea-presenta-el-nuevo-programa-navideno-de-deportes\\\/#primaryimage\"},\"thumbnailUrl\":\"https:\\\/\\\/www.caudete.org\\\/ayuntamiento\\\/wp-content\\\/uploads\\\/2022\\\/12\\\/Programa-Navideno-Deportes.jpg\",\"articleSection\":[\"Deportes\"],\"inLanguage\":\"es\"},{\"@type\":\"WebPage\",\"@id\":\"https:\\\/\\\/www.caudete.org\\\/ayuntamiento\\\/pilar-egea-presenta-el-nuevo-programa-navideno-de-deportes\\\/\",\"url\":\"https:\\\/\\\/www.caudete.org\\\/ayuntamiento\\\/pilar-egea-presenta-el-nuevo-programa-navideno-de-deportes\\\/\",\"name\":\"Pilar Egea presenta el Programa Navide\u00f1o de Deportes - MI Ayuntamiento de Caudete\",\"isPartOf\":{\"@id\":\"https:\\\/\\\/www.caudete.org\\\/ayuntamiento\\\/#website\"},\"primaryImageOfPage\":{\"@id\":\"https:\\\/\\\/www.caudete.org\\\/ayuntamiento\\\/pilar-egea-presenta-el-nuevo-programa-navideno-de-deportes\\\/#primaryimage\"},\"image\":{\"@id\":\"https:\\\/\\\/www.caudete.org\\\/ayuntamiento\\\/pilar-egea-presenta-el-nuevo-programa-navideno-de-deportes\\\/#primaryimage\"},\"thumbnailUrl\":\"https:\\\/\\\/www.caudete.org\\\/ayuntamiento\\\/wp-content\\\/uploads\\\/2022\\\/12\\\/Programa-Navideno-Deportes.jpg\",\"datePublished\":\"2022-12-06T05:00:18+00:00\",\"dateModified\":\"2022-12-06T09:41:25+00:00\",\"author\":{\"@id\":\"https:\\\/\\\/www.caudete.org\\\/ayuntamiento\\\/#\\\/schema\\\/person\\\/79f7e19fdd176fc2bc7a289013dc2056\"},\"description\":\"P\u00e1gina Oficial del Ayuntamiento de Caudete (Albacete)\",\"breadcrumb\":{\"@id\":\"https:\\\/\\\/www.caudete.org\\\/ayuntamiento\\\/pilar-egea-presenta-el-nuevo-programa-navideno-de-deportes\\\/#breadcrumb\"},\"inLanguage\":\"es\",\"potentialAction\":[{\"@type\":\"ReadAction\",\"target\":[\"https:\\\/\\\/www.caudete.org\\\/ayuntamiento\\\/pilar-egea-presenta-el-nuevo-programa-navideno-de-deportes\\\/\"]}]},{\"@type\":\"ImageObject\",\"inLanguage\":\"es\",\"@id\":\"https:\\\/\\\/www.caudete.org\\\/ayuntamiento\\\/pilar-egea-presenta-el-nuevo-programa-navideno-de-deportes\\\/#primaryimage\",\"url\":\"https:\\\/\\\/www.caudete.org\\\/ayuntamiento\\\/wp-content\\\/uploads\\\/2022\\\/12\\\/Programa-Navideno-Deportes.jpg\",\"contentUrl\":\"https:\\\/\\\/www.caudete.org\\\/ayuntamiento\\\/wp-content\\\/uploads\\\/2022\\\/12\\\/Programa-Navideno-Deportes.jpg\",\"width\":990,\"height\":800},{\"@type\":\"BreadcrumbList\",\"@id\":\"https:\\\/\\\/www.caudete.org\\\/ayuntamiento\\\/pilar-egea-presenta-el-nuevo-programa-navideno-de-deportes\\\/#breadcrumb\",\"itemListElement\":[{\"@type\":\"ListItem\",\"position\":1,\"name\":\"Inicio\",\"item\":\"https:\\\/\\\/www.caudete.org\\\/ayuntamiento\\\/\"},{\"@type\":\"ListItem\",\"position\":2,\"name\":\"Pilar Egea presenta el Programa Navide\u00f1o de Deportes\"}]},{\"@type\":\"WebSite\",\"@id\":\"https:\\\/\\\/www.caudete.org\\\/ayuntamiento\\\/#website\",\"url\":\"https:\\\/\\\/www.caudete.org\\\/ayuntamiento\\\/\",\"name\":\"MI Ayuntamiento de Caudete\",\"description\":\"P\u00e1gina Oficial del MI Ayuntamiento de Caudete\",\"potentialAction\":[{\"@type\":\"SearchAction\",\"target\":{\"@type\":\"EntryPoint\",\"urlTemplate\":\"https:\\\/\\\/www.caudete.org\\\/ayuntamiento\\\/?s={search_term_string}\"},\"query-input\":{\"@type\":\"PropertyValueSpecification\",\"valueRequired\":true,\"valueName\":\"search_term_string\"}}],\"inLanguage\":\"es\"},{\"@type\":\"Person\",\"@id\":\"https:\\\/\\\/www.caudete.org\\\/ayuntamiento\\\/#\\\/schema\\\/person\\\/79f7e19fdd176fc2bc7a289013dc2056\",\"name\":\"ayun\",\"image\":{\"@type\":\"ImageObject\",\"inLanguage\":\"es\",\"@id\":\"https:\\\/\\\/secure.gravatar.com\\\/avatar\\\/4ce797ee07c943e7e592f8cd648e503e6cd571387558ed07135799c2bd2847df?s=96&d=mm&r=g\",\"url\":\"https:\\\/\\\/secure.gravatar.com\\\/avatar\\\/4ce797ee07c943e7e592f8cd648e503e6cd571387558ed07135799c2bd2847df?s=96&d=mm&r=g\",\"contentUrl\":\"https:\\\/\\\/secure.gravatar.com\\\/avatar\\\/4ce797ee07c943e7e592f8cd648e503e6cd571387558ed07135799c2bd2847df?s=96&d=mm&r=g\",\"caption\":\"ayun\"},\"sameAs\":[\"http:\\\/\\\/www.caudete.org\\\/ayuntamiento\"],\"url\":\"https:\\\/\\\/www.caudete.org\\\/ayuntamiento\\\/author\\\/ayun\\\/\"}]}<\/script>\n<!-- \/ Yoast SEO plugin. -->","yoast_head_json":{"title":"Pilar Egea presenta el Programa Navide\u00f1o de Deportes - MI Ayuntamiento de Caudete","description":"P\u00e1gina Oficial del Ayuntamiento de Caudete (Albacete)","robots":{"index":"index","follow":"follow","max-snippet":"max-snippet:-1","max-image-preview":"max-image-preview:large","max-video-preview":"max-video-preview:-1"},"canonical":"https:\/\/www.caudete.org\/ayuntamiento\/pilar-egea-presenta-el-nuevo-programa-navideno-de-deportes\/","og_locale":"es_ES","og_type":"article","og_title":"Pilar Egea presenta el Programa Navide\u00f1o de Deportes - MI Ayuntamiento de Caudete","og_description":"P\u00e1gina Oficial del Ayuntamiento de Caudete (Albacete)","og_url":"https:\/\/www.caudete.org\/ayuntamiento\/pilar-egea-presenta-el-nuevo-programa-navideno-de-deportes\/","og_site_name":"MI Ayuntamiento de Caudete","article_publisher":"https:\/\/www.facebook.com\/ayuntamientocaudete\/","article_published_time":"2022-12-06T05:00:18+00:00","article_modified_time":"2022-12-06T09:41:25+00:00","og_image":[{"width":990,"height":800,"url":"https:\/\/www.caudete.org\/ayuntamiento\/wp-content\/uploads\/2022\/12\/Programa-Navideno-Deportes.jpg","type":"image\/jpeg"}],"author":"ayun","twitter_card":"summary_large_image","twitter_misc":{"Escrito por":"ayun","Tiempo de lectura":"2 minutos"},"schema":{"@context":"https:\/\/schema.org","@graph":[{"@type":"Article","@id":"https:\/\/www.caudete.org\/ayuntamiento\/pilar-egea-presenta-el-nuevo-programa-navideno-de-deportes\/#article","isPartOf":{"@id":"https:\/\/www.caudete.org\/ayuntamiento\/pilar-egea-presenta-el-nuevo-programa-navideno-de-deportes\/"},"author":{"name":"ayun","@id":"https:\/\/www.caudete.org\/ayuntamiento\/#\/schema\/person\/79f7e19fdd176fc2bc7a289013dc2056"},"headline":"Pilar Egea presenta el Programa Navide\u00f1o de Deportes","datePublished":"2022-12-06T05:00:18+00:00","dateModified":"2022-12-06T09:41:25+00:00","mainEntityOfPage":{"@id":"https:\/\/www.caudete.org\/ayuntamiento\/pilar-egea-presenta-el-nuevo-programa-navideno-de-deportes\/"},"wordCount":380,"image":{"@id":"https:\/\/www.caudete.org\/ayuntamiento\/pilar-egea-presenta-el-nuevo-programa-navideno-de-deportes\/#primaryimage"},"thumbnailUrl":"https:\/\/www.caudete.org\/ayuntamiento\/wp-content\/uploads\/2022\/12\/Programa-Navideno-Deportes.jpg","articleSection":["Deportes"],"inLanguage":"es"},{"@type":"WebPage","@id":"https:\/\/www.caudete.org\/ayuntamiento\/pilar-egea-presenta-el-nuevo-programa-navideno-de-deportes\/","url":"https:\/\/www.caudete.org\/ayuntamiento\/pilar-egea-presenta-el-nuevo-programa-navideno-de-deportes\/","name":"Pilar Egea presenta el Programa Navide\u00f1o de Deportes - MI Ayuntamiento de Caudete","isPartOf":{"@id":"https:\/\/www.caudete.org\/ayuntamiento\/#website"},"primaryImageOfPage":{"@id":"https:\/\/www.caudete.org\/ayuntamiento\/pilar-egea-presenta-el-nuevo-programa-navideno-de-deportes\/#primaryimage"},"image":{"@id":"https:\/\/www.caudete.org\/ayuntamiento\/pilar-egea-presenta-el-nuevo-programa-navideno-de-deportes\/#primaryimage"},"thumbnailUrl":"https:\/\/www.caudete.org\/ayuntamiento\/wp-content\/uploads\/2022\/12\/Programa-Navideno-Deportes.jpg","datePublished":"2022-12-06T05:00:18+00:00","dateModified":"2022-12-06T09:41:25+00:00","author":{"@id":"https:\/\/www.caudete.org\/ayuntamiento\/#\/schema\/person\/79f7e19fdd176fc2bc7a289013dc2056"},"description":"P\u00e1gina Oficial del Ayuntamiento de Caudete (Albacete)","breadcrumb":{"@id":"https:\/\/www.caudete.org\/ayuntamiento\/pilar-egea-presenta-el-nuevo-programa-navideno-de-deportes\/#breadcrumb"},"inLanguage":"es","potentialAction":[{"@type":"ReadAction","target":["https:\/\/www.caudete.org\/ayuntamiento\/pilar-egea-presenta-el-nuevo-programa-navideno-de-deportes\/"]}]},{"@type":"ImageObject","inLanguage":"es","@id":"https:\/\/www.caudete.org\/ayuntamiento\/pilar-egea-presenta-el-nuevo-programa-navideno-de-deportes\/#primaryimage","url":"https:\/\/www.caudete.org\/ayuntamiento\/wp-content\/uploads\/2022\/12\/Programa-Navideno-Deportes.jpg","contentUrl":"https:\/\/www.caudete.org\/ayuntamiento\/wp-content\/uploads\/2022\/12\/Programa-Navideno-Deportes.jpg","width":990,"height":800},{"@type":"BreadcrumbList","@id":"https:\/\/www.caudete.org\/ayuntamiento\/pilar-egea-presenta-el-nuevo-programa-navideno-de-deportes\/#breadcrumb","itemListElement":[{"@type":"ListItem","position":1,"name":"Inicio","item":"https:\/\/www.caudete.org\/ayuntamiento\/"},{"@type":"ListItem","position":2,"name":"Pilar Egea presenta el Programa Navide\u00f1o de Deportes"}]},{"@type":"WebSite","@id":"https:\/\/www.caudete.org\/ayuntamiento\/#website","url":"https:\/\/www.caudete.org\/ayuntamiento\/","name":"MI Ayuntamiento de Caudete","description":"P\u00e1gina Oficial del MI Ayuntamiento de Caudete","potentialAction":[{"@type":"SearchAction","target":{"@type":"EntryPoint","urlTemplate":"https:\/\/www.caudete.org\/ayuntamiento\/?s={search_term_string}"},"query-input":{"@type":"PropertyValueSpecification","valueRequired":true,"valueName":"search_term_string"}}],"inLanguage":"es"},{"@type":"Person","@id":"https:\/\/www.caudete.org\/ayuntamiento\/#\/schema\/person\/79f7e19fdd176fc2bc7a289013dc2056","name":"ayun","image":{"@type":"ImageObject","inLanguage":"es","@id":"https:\/\/secure.gravatar.com\/avatar\/4ce797ee07c943e7e592f8cd648e503e6cd571387558ed07135799c2bd2847df?s=96&d=mm&r=g","url":"https:\/\/secure.gravatar.com\/avatar\/4ce797ee07c943e7e592f8cd648e503e6cd571387558ed07135799c2bd2847df?s=96&d=mm&r=g","contentUrl":"https:\/\/secure.gravatar.com\/avatar\/4ce797ee07c943e7e592f8cd648e503e6cd571387558ed07135799c2bd2847df?s=96&d=mm&r=g","caption":"ayun"},"sameAs":["http:\/\/www.caudete.org\/ayuntamiento"],"url":"https:\/\/www.caudete.org\/ayuntamiento\/author\/ayun\/"}]}},"_links":{"self":[{"href":"https:\/\/www.caudete.org\/ayuntamiento\/wp-json\/wp\/v2\/posts\/20813","targetHints":{"allow":["GET"]}}],"collection":[{"href":"https:\/\/www.caudete.org\/ayuntamiento\/wp-json\/wp\/v2\/posts"}],"about":[{"href":"https:\/\/www.caudete.org\/ayuntamiento\/wp-json\/wp\/v2\/types\/post"}],"author":[{"embeddable":true,"href":"https:\/\/www.caudete.org\/ayuntamiento\/wp-json\/wp\/v2\/users\/1"}],"replies":[{"embeddable":true,"href":"https:\/\/www.caudete.org\/ayuntamiento\/wp-json\/wp\/v2\/comments?post=20813"}],"version-history":[{"count":4,"href":"https:\/\/www.caudete.org\/ayuntamiento\/wp-json\/wp\/v2\/posts\/20813\/revisions"}],"predecessor-version":[{"id":20819,"href":"https:\/\/www.caudete.org\/ayuntamiento\/wp-json\/wp\/v2\/posts\/20813\/revisions\/20819"}],"wp:featuredmedia":[{"embeddable":true,"href":"https:\/\/www.caudete.org\/ayuntamiento\/wp-json\/wp\/v2\/media\/20815"}],"wp:attachment":[{"href":"https:\/\/www.caudete.org\/ayuntamiento\/wp-json\/wp\/v2\/media?parent=20813"}],"wp:term":[{"taxonomy":"category","embeddable":true,"href":"https:\/\/www.caudete.org\/ayuntamiento\/wp-json\/wp\/v2\/categories?post=20813"},{"taxonomy":"post_tag","embeddable":true,"href":"https:\/\/www.caudete.org\/ayuntamiento\/wp-json\/wp\/v2\/tags?post=20813"}],"curies":[{"name":"wp","href":"https:\/\/api.w.org\/{rel}","templated":true}]}}