{"id":20820,"date":"2022-12-06T10:50:14","date_gmt":"2022-12-06T09:50:14","guid":{"rendered":"https:\/\/www.caudete.org\/ayuntamiento\/?p=20820"},"modified":"2022-12-07T09:27:09","modified_gmt":"2022-12-07T08:27:09","slug":"campana-sobre-consumo-de-alchohol-y-drogas-en-los-conductores","status":"publish","type":"post","link":"https:\/\/www.caudete.org\/ayuntamiento\/campana-sobre-consumo-de-alchohol-y-drogas-en-los-conductores\/","title":{"rendered":"Campa\u00f1a sobre consumo de Alchohol y Drogas en los conductores"},"content":{"rendered":"<p style=\"text-align: justify;\">La Direcci\u00f3n General de Tr\u00e1fico ha iniciado este lunes una campa\u00f1a especial de vigilancia y control intensivo sobre el consumo de alcohol y drogas en los conductores, que se prolongar\u00e1 hasta el domingo 11 de diciembre, campa\u00f1a a la que se ha adherido tambi\u00e9n la Polic\u00eda Local de Caudete.<\/p>\n<p style=\"text-align: justify;\">Esta semana que tiene dos d\u00edas festivos a nivel nacional, los agentes de la Agrupaci\u00f3n de Tr\u00e1fico de la Guardia Civil y de las Polic\u00edas Locales sumadas a la campa\u00f1a, intensificar\u00e1n los controles sobre este factor concurrente en el 31 % de los siniestros mortales.<\/p>\n<p style=\"text-align: justify;\">En el marco de la campa\u00f1a se establecen diferentes puntos de control en todo tipo de carreteras as\u00ed como en los cascos urbanos a cualquier hora del d\u00eda con el objetivo de evitar que personas que hayan ingerido alcohol o hayan consumido drogas circulen por las carreteras.<\/p>\n<p style=\"text-align: justify;\">La DGT recuerda que en casi la mitad, el 49&#8217;4% de los conductores fallecidos en las carreteras en 2021, se detect\u00f3 presencia de alcohol, drogas o psicof\u00e1rmacos, aisladamente o en combinaci\u00f3n, siendo su consumo uno de los principales factores de riesgo en los siniestros de tr\u00e1fico. Adem\u00e1s, el 75% de estos conductores positivos arroj\u00f3 una tasa de alcoholemia muy alta, igual o superior a 1,2g\/L, lo que correlaciona grados de intoxicaci\u00f3n muy severa<\/p>\n<p style=\"text-align: justify;\">La Estrategia Espa\u00f1ola de Seguridad Vial 2030 se\u00f1ala como una de sus \u00e1reas estrat\u00e9gicas la \u201cTolerancia cero con los comportamientos de riesgo\u201d, la cual identifica las conductas del consumo del alcohol y otras drogas como una conducta contraria a la seguridad vial.<\/p>\n<p style=\"text-align: justify;\">El consumo de estas sustancias constituye uno de los principales factores de riesgo en los siniestros de tr\u00e1fico, tal y como recoge la Memoria 2021 de Hallazgos Toxicol\u00f3gicos en V\u00edctimas de Accidente de Tr\u00e1fico elaborada por el Instituto Nacional de Toxicolog\u00eda y Ciencias Forenses (INTCF).<\/p>\n<p style=\"text-align: justify;\">La DGT insiste en que la \u00fanica tasa segura es 0,0% ya que incluso con las tasas de alcoholemia permitidas el riesgo de provocar un accidente se incrementa. Esa es la tasa, tanto en sangre como en aire, que deben respetar los conductores menores de edad que conduzcan cualquier veh\u00edculo tras la entrada en vigor de la reforma de la Ley de Tr\u00e1fico y Seguridad Vial el pasado mes de marzo.<\/p>\n<p style=\"text-align: justify;\">Si bebes, no conduzcas!!!<\/p>\n","protected":false},"excerpt":{"rendered":"<p>La Direcci\u00f3n General de Tr\u00e1fico ha iniciado este lunes una campa\u00f1a especial de vigilancia y control intensivo sobre el consumo de alcohol y drogas en los conductores, que se prolongar\u00e1 hasta el domingo 11 de diciembre, campa\u00f1a a la que se ha adherido tambi\u00e9n la Polic\u00eda Local de Caudete. Esta semana que tiene dos d\u00edas &hellip;<\/p>\n","protected":false},"author":3,"featured_media":20825,"comment_status":"closed","ping_status":"open","sticky":false,"template":"","format":"standard","meta":{"ngg_post_thumbnail":0,"footnotes":""},"categories":[35],"tags":[],"class_list":["post-20820","post","type-post","status-publish","format-standard","has-post-thumbnail","hentry","category-policia-local"],"yoast_head":"<!-- This site is optimized with the Yoast SEO plugin v27.5 - https:\/\/yoast.com\/product\/yoast-seo-wordpress\/ -->\n<title>Campa\u00f1a sobre consumo de Alchohol y Drogas en los conductores - MI Ayuntamiento de Caudete<\/title>\n<meta name=\"description\" content=\"P\u00e1gina Oficial del Ayuntamiento de Caudete (Albacete)\" \/>\n<meta name=\"robots\" content=\"index, follow, max-snippet:-1, max-image-preview:large, max-video-preview:-1\" \/>\n<link rel=\"canonical\" href=\"https:\/\/www.caudete.org\/ayuntamiento\/campana-sobre-consumo-de-alchohol-y-drogas-en-los-conductores\/\" \/>\n<meta property=\"og:locale\" content=\"es_ES\" \/>\n<meta property=\"og:type\" content=\"article\" \/>\n<meta property=\"og:title\" content=\"Campa\u00f1a sobre consumo de Alchohol y Drogas en los conductores - MI Ayuntamiento de Caudete\" \/>\n<meta property=\"og:description\" content=\"P\u00e1gina Oficial del Ayuntamiento de Caudete (Albacete)\" \/>\n<meta property=\"og:url\" content=\"https:\/\/www.caudete.org\/ayuntamiento\/campana-sobre-consumo-de-alchohol-y-drogas-en-los-conductores\/\" \/>\n<meta property=\"og:site_name\" content=\"MI Ayuntamiento de Caudete\" \/>\n<meta property=\"article:publisher\" content=\"https:\/\/www.facebook.com\/ayuntamientocaudete\/\" \/>\n<meta property=\"article:published_time\" content=\"2022-12-06T09:50:14+00:00\" \/>\n<meta property=\"article:modified_time\" content=\"2022-12-07T08:27:09+00:00\" \/>\n<meta property=\"og:image\" content=\"https:\/\/www.caudete.org\/ayuntamiento\/wp-content\/uploads\/2022\/12\/CAMPANA-ALCOHOL-Y-DROGAS-1.jpg\" \/>\n\t<meta property=\"og:image:width\" content=\"913\" \/>\n\t<meta property=\"og:image:height\" content=\"644\" \/>\n\t<meta property=\"og:image:type\" content=\"image\/jpeg\" \/>\n<meta name=\"author\" content=\"alcalde\" \/>\n<meta name=\"twitter:card\" content=\"summary_large_image\" \/>\n<meta name=\"twitter:label1\" content=\"Escrito por\" \/>\n\t<meta name=\"twitter:data1\" content=\"alcalde\" \/>\n\t<meta name=\"twitter:label2\" content=\"Tiempo de lectura\" \/>\n\t<meta name=\"twitter:data2\" content=\"2 minutos\" \/>\n<script type=\"application\/ld+json\" class=\"yoast-schema-graph\">{\"@context\":\"https:\\\/\\\/schema.org\",\"@graph\":[{\"@type\":\"Article\",\"@id\":\"https:\\\/\\\/www.caudete.org\\\/ayuntamiento\\\/campana-sobre-consumo-de-alchohol-y-drogas-en-los-conductores\\\/#article\",\"isPartOf\":{\"@id\":\"https:\\\/\\\/www.caudete.org\\\/ayuntamiento\\\/campana-sobre-consumo-de-alchohol-y-drogas-en-los-conductores\\\/\"},\"author\":{\"name\":\"alcalde\",\"@id\":\"https:\\\/\\\/www.caudete.org\\\/ayuntamiento\\\/#\\\/schema\\\/person\\\/cc646da9133078ee4d8dd47457947253\"},\"headline\":\"Campa\u00f1a sobre consumo de Alchohol y Drogas en los conductores\",\"datePublished\":\"2022-12-06T09:50:14+00:00\",\"dateModified\":\"2022-12-07T08:27:09+00:00\",\"mainEntityOfPage\":{\"@id\":\"https:\\\/\\\/www.caudete.org\\\/ayuntamiento\\\/campana-sobre-consumo-de-alchohol-y-drogas-en-los-conductores\\\/\"},\"wordCount\":408,\"image\":{\"@id\":\"https:\\\/\\\/www.caudete.org\\\/ayuntamiento\\\/campana-sobre-consumo-de-alchohol-y-drogas-en-los-conductores\\\/#primaryimage\"},\"thumbnailUrl\":\"https:\\\/\\\/www.caudete.org\\\/ayuntamiento\\\/wp-content\\\/uploads\\\/2022\\\/12\\\/CAMPANA-ALCOHOL-Y-DROGAS-1.jpg\",\"articleSection\":[\"Polic\u00eda Local\"],\"inLanguage\":\"es\"},{\"@type\":\"WebPage\",\"@id\":\"https:\\\/\\\/www.caudete.org\\\/ayuntamiento\\\/campana-sobre-consumo-de-alchohol-y-drogas-en-los-conductores\\\/\",\"url\":\"https:\\\/\\\/www.caudete.org\\\/ayuntamiento\\\/campana-sobre-consumo-de-alchohol-y-drogas-en-los-conductores\\\/\",\"name\":\"Campa\u00f1a sobre consumo de Alchohol y Drogas en los conductores - MI Ayuntamiento de Caudete\",\"isPartOf\":{\"@id\":\"https:\\\/\\\/www.caudete.org\\\/ayuntamiento\\\/#website\"},\"primaryImageOfPage\":{\"@id\":\"https:\\\/\\\/www.caudete.org\\\/ayuntamiento\\\/campana-sobre-consumo-de-alchohol-y-drogas-en-los-conductores\\\/#primaryimage\"},\"image\":{\"@id\":\"https:\\\/\\\/www.caudete.org\\\/ayuntamiento\\\/campana-sobre-consumo-de-alchohol-y-drogas-en-los-conductores\\\/#primaryimage\"},\"thumbnailUrl\":\"https:\\\/\\\/www.caudete.org\\\/ayuntamiento\\\/wp-content\\\/uploads\\\/2022\\\/12\\\/CAMPANA-ALCOHOL-Y-DROGAS-1.jpg\",\"datePublished\":\"2022-12-06T09:50:14+00:00\",\"dateModified\":\"2022-12-07T08:27:09+00:00\",\"author\":{\"@id\":\"https:\\\/\\\/www.caudete.org\\\/ayuntamiento\\\/#\\\/schema\\\/person\\\/cc646da9133078ee4d8dd47457947253\"},\"description\":\"P\u00e1gina Oficial del Ayuntamiento de Caudete (Albacete)\",\"breadcrumb\":{\"@id\":\"https:\\\/\\\/www.caudete.org\\\/ayuntamiento\\\/campana-sobre-consumo-de-alchohol-y-drogas-en-los-conductores\\\/#breadcrumb\"},\"inLanguage\":\"es\",\"potentialAction\":[{\"@type\":\"ReadAction\",\"target\":[\"https:\\\/\\\/www.caudete.org\\\/ayuntamiento\\\/campana-sobre-consumo-de-alchohol-y-drogas-en-los-conductores\\\/\"]}]},{\"@type\":\"ImageObject\",\"inLanguage\":\"es\",\"@id\":\"https:\\\/\\\/www.caudete.org\\\/ayuntamiento\\\/campana-sobre-consumo-de-alchohol-y-drogas-en-los-conductores\\\/#primaryimage\",\"url\":\"https:\\\/\\\/www.caudete.org\\\/ayuntamiento\\\/wp-content\\\/uploads\\\/2022\\\/12\\\/CAMPANA-ALCOHOL-Y-DROGAS-1.jpg\",\"contentUrl\":\"https:\\\/\\\/www.caudete.org\\\/ayuntamiento\\\/wp-content\\\/uploads\\\/2022\\\/12\\\/CAMPANA-ALCOHOL-Y-DROGAS-1.jpg\",\"width\":913,\"height\":644},{\"@type\":\"BreadcrumbList\",\"@id\":\"https:\\\/\\\/www.caudete.org\\\/ayuntamiento\\\/campana-sobre-consumo-de-alchohol-y-drogas-en-los-conductores\\\/#breadcrumb\",\"itemListElement\":[{\"@type\":\"ListItem\",\"position\":1,\"name\":\"Inicio\",\"item\":\"https:\\\/\\\/www.caudete.org\\\/ayuntamiento\\\/\"},{\"@type\":\"ListItem\",\"position\":2,\"name\":\"Campa\u00f1a sobre consumo de Alchohol y Drogas en los conductores\"}]},{\"@type\":\"WebSite\",\"@id\":\"https:\\\/\\\/www.caudete.org\\\/ayuntamiento\\\/#website\",\"url\":\"https:\\\/\\\/www.caudete.org\\\/ayuntamiento\\\/\",\"name\":\"MI Ayuntamiento de Caudete\",\"description\":\"P\u00e1gina Oficial del MI Ayuntamiento de Caudete\",\"potentialAction\":[{\"@type\":\"SearchAction\",\"target\":{\"@type\":\"EntryPoint\",\"urlTemplate\":\"https:\\\/\\\/www.caudete.org\\\/ayuntamiento\\\/?s={search_term_string}\"},\"query-input\":{\"@type\":\"PropertyValueSpecification\",\"valueRequired\":true,\"valueName\":\"search_term_string\"}}],\"inLanguage\":\"es\"},{\"@type\":\"Person\",\"@id\":\"https:\\\/\\\/www.caudete.org\\\/ayuntamiento\\\/#\\\/schema\\\/person\\\/cc646da9133078ee4d8dd47457947253\",\"name\":\"alcalde\",\"image\":{\"@type\":\"ImageObject\",\"inLanguage\":\"es\",\"@id\":\"https:\\\/\\\/secure.gravatar.com\\\/avatar\\\/84a817ba065b29ff08d666b215a215f5c79186a645ccb25b14a663d48a130f77?s=96&d=mm&r=g\",\"url\":\"https:\\\/\\\/secure.gravatar.com\\\/avatar\\\/84a817ba065b29ff08d666b215a215f5c79186a645ccb25b14a663d48a130f77?s=96&d=mm&r=g\",\"contentUrl\":\"https:\\\/\\\/secure.gravatar.com\\\/avatar\\\/84a817ba065b29ff08d666b215a215f5c79186a645ccb25b14a663d48a130f77?s=96&d=mm&r=g\",\"caption\":\"alcalde\"},\"url\":\"https:\\\/\\\/www.caudete.org\\\/ayuntamiento\\\/author\\\/alcalde\\\/\"}]}<\/script>\n<!-- \/ Yoast SEO plugin. -->","yoast_head_json":{"title":"Campa\u00f1a sobre consumo de Alchohol y Drogas en los conductores - MI Ayuntamiento de Caudete","description":"P\u00e1gina Oficial del Ayuntamiento de Caudete (Albacete)","robots":{"index":"index","follow":"follow","max-snippet":"max-snippet:-1","max-image-preview":"max-image-preview:large","max-video-preview":"max-video-preview:-1"},"canonical":"https:\/\/www.caudete.org\/ayuntamiento\/campana-sobre-consumo-de-alchohol-y-drogas-en-los-conductores\/","og_locale":"es_ES","og_type":"article","og_title":"Campa\u00f1a sobre consumo de Alchohol y Drogas en los conductores - MI Ayuntamiento de Caudete","og_description":"P\u00e1gina Oficial del Ayuntamiento de Caudete (Albacete)","og_url":"https:\/\/www.caudete.org\/ayuntamiento\/campana-sobre-consumo-de-alchohol-y-drogas-en-los-conductores\/","og_site_name":"MI Ayuntamiento de Caudete","article_publisher":"https:\/\/www.facebook.com\/ayuntamientocaudete\/","article_published_time":"2022-12-06T09:50:14+00:00","article_modified_time":"2022-12-07T08:27:09+00:00","og_image":[{"width":913,"height":644,"url":"https:\/\/www.caudete.org\/ayuntamiento\/wp-content\/uploads\/2022\/12\/CAMPANA-ALCOHOL-Y-DROGAS-1.jpg","type":"image\/jpeg"}],"author":"alcalde","twitter_card":"summary_large_image","twitter_misc":{"Escrito por":"alcalde","Tiempo de lectura":"2 minutos"},"schema":{"@context":"https:\/\/schema.org","@graph":[{"@type":"Article","@id":"https:\/\/www.caudete.org\/ayuntamiento\/campana-sobre-consumo-de-alchohol-y-drogas-en-los-conductores\/#article","isPartOf":{"@id":"https:\/\/www.caudete.org\/ayuntamiento\/campana-sobre-consumo-de-alchohol-y-drogas-en-los-conductores\/"},"author":{"name":"alcalde","@id":"https:\/\/www.caudete.org\/ayuntamiento\/#\/schema\/person\/cc646da9133078ee4d8dd47457947253"},"headline":"Campa\u00f1a sobre consumo de Alchohol y Drogas en los conductores","datePublished":"2022-12-06T09:50:14+00:00","dateModified":"2022-12-07T08:27:09+00:00","mainEntityOfPage":{"@id":"https:\/\/www.caudete.org\/ayuntamiento\/campana-sobre-consumo-de-alchohol-y-drogas-en-los-conductores\/"},"wordCount":408,"image":{"@id":"https:\/\/www.caudete.org\/ayuntamiento\/campana-sobre-consumo-de-alchohol-y-drogas-en-los-conductores\/#primaryimage"},"thumbnailUrl":"https:\/\/www.caudete.org\/ayuntamiento\/wp-content\/uploads\/2022\/12\/CAMPANA-ALCOHOL-Y-DROGAS-1.jpg","articleSection":["Polic\u00eda Local"],"inLanguage":"es"},{"@type":"WebPage","@id":"https:\/\/www.caudete.org\/ayuntamiento\/campana-sobre-consumo-de-alchohol-y-drogas-en-los-conductores\/","url":"https:\/\/www.caudete.org\/ayuntamiento\/campana-sobre-consumo-de-alchohol-y-drogas-en-los-conductores\/","name":"Campa\u00f1a sobre consumo de Alchohol y Drogas en los conductores - MI Ayuntamiento de Caudete","isPartOf":{"@id":"https:\/\/www.caudete.org\/ayuntamiento\/#website"},"primaryImageOfPage":{"@id":"https:\/\/www.caudete.org\/ayuntamiento\/campana-sobre-consumo-de-alchohol-y-drogas-en-los-conductores\/#primaryimage"},"image":{"@id":"https:\/\/www.caudete.org\/ayuntamiento\/campana-sobre-consumo-de-alchohol-y-drogas-en-los-conductores\/#primaryimage"},"thumbnailUrl":"https:\/\/www.caudete.org\/ayuntamiento\/wp-content\/uploads\/2022\/12\/CAMPANA-ALCOHOL-Y-DROGAS-1.jpg","datePublished":"2022-12-06T09:50:14+00:00","dateModified":"2022-12-07T08:27:09+00:00","author":{"@id":"https:\/\/www.caudete.org\/ayuntamiento\/#\/schema\/person\/cc646da9133078ee4d8dd47457947253"},"description":"P\u00e1gina Oficial del Ayuntamiento de Caudete (Albacete)","breadcrumb":{"@id":"https:\/\/www.caudete.org\/ayuntamiento\/campana-sobre-consumo-de-alchohol-y-drogas-en-los-conductores\/#breadcrumb"},"inLanguage":"es","potentialAction":[{"@type":"ReadAction","target":["https:\/\/www.caudete.org\/ayuntamiento\/campana-sobre-consumo-de-alchohol-y-drogas-en-los-conductores\/"]}]},{"@type":"ImageObject","inLanguage":"es","@id":"https:\/\/www.caudete.org\/ayuntamiento\/campana-sobre-consumo-de-alchohol-y-drogas-en-los-conductores\/#primaryimage","url":"https:\/\/www.caudete.org\/ayuntamiento\/wp-content\/uploads\/2022\/12\/CAMPANA-ALCOHOL-Y-DROGAS-1.jpg","contentUrl":"https:\/\/www.caudete.org\/ayuntamiento\/wp-content\/uploads\/2022\/12\/CAMPANA-ALCOHOL-Y-DROGAS-1.jpg","width":913,"height":644},{"@type":"BreadcrumbList","@id":"https:\/\/www.caudete.org\/ayuntamiento\/campana-sobre-consumo-de-alchohol-y-drogas-en-los-conductores\/#breadcrumb","itemListElement":[{"@type":"ListItem","position":1,"name":"Inicio","item":"https:\/\/www.caudete.org\/ayuntamiento\/"},{"@type":"ListItem","position":2,"name":"Campa\u00f1a sobre consumo de Alchohol y Drogas en los conductores"}]},{"@type":"WebSite","@id":"https:\/\/www.caudete.org\/ayuntamiento\/#website","url":"https:\/\/www.caudete.org\/ayuntamiento\/","name":"MI Ayuntamiento de Caudete","description":"P\u00e1gina Oficial del MI Ayuntamiento de Caudete","potentialAction":[{"@type":"SearchAction","target":{"@type":"EntryPoint","urlTemplate":"https:\/\/www.caudete.org\/ayuntamiento\/?s={search_term_string}"},"query-input":{"@type":"PropertyValueSpecification","valueRequired":true,"valueName":"search_term_string"}}],"inLanguage":"es"},{"@type":"Person","@id":"https:\/\/www.caudete.org\/ayuntamiento\/#\/schema\/person\/cc646da9133078ee4d8dd47457947253","name":"alcalde","image":{"@type":"ImageObject","inLanguage":"es","@id":"https:\/\/secure.gravatar.com\/avatar\/84a817ba065b29ff08d666b215a215f5c79186a645ccb25b14a663d48a130f77?s=96&d=mm&r=g","url":"https:\/\/secure.gravatar.com\/avatar\/84a817ba065b29ff08d666b215a215f5c79186a645ccb25b14a663d48a130f77?s=96&d=mm&r=g","contentUrl":"https:\/\/secure.gravatar.com\/avatar\/84a817ba065b29ff08d666b215a215f5c79186a645ccb25b14a663d48a130f77?s=96&d=mm&r=g","caption":"alcalde"},"url":"https:\/\/www.caudete.org\/ayuntamiento\/author\/alcalde\/"}]}},"_links":{"self":[{"href":"https:\/\/www.caudete.org\/ayuntamiento\/wp-json\/wp\/v2\/posts\/20820","targetHints":{"allow":["GET"]}}],"collection":[{"href":"https:\/\/www.caudete.org\/ayuntamiento\/wp-json\/wp\/v2\/posts"}],"about":[{"href":"https:\/\/www.caudete.org\/ayuntamiento\/wp-json\/wp\/v2\/types\/post"}],"author":[{"embeddable":true,"href":"https:\/\/www.caudete.org\/ayuntamiento\/wp-json\/wp\/v2\/users\/3"}],"replies":[{"embeddable":true,"href":"https:\/\/www.caudete.org\/ayuntamiento\/wp-json\/wp\/v2\/comments?post=20820"}],"version-history":[{"count":3,"href":"https:\/\/www.caudete.org\/ayuntamiento\/wp-json\/wp\/v2\/posts\/20820\/revisions"}],"predecessor-version":[{"id":20826,"href":"https:\/\/www.caudete.org\/ayuntamiento\/wp-json\/wp\/v2\/posts\/20820\/revisions\/20826"}],"wp:featuredmedia":[{"embeddable":true,"href":"https:\/\/www.caudete.org\/ayuntamiento\/wp-json\/wp\/v2\/media\/20825"}],"wp:attachment":[{"href":"https:\/\/www.caudete.org\/ayuntamiento\/wp-json\/wp\/v2\/media?parent=20820"}],"wp:term":[{"taxonomy":"category","embeddable":true,"href":"https:\/\/www.caudete.org\/ayuntamiento\/wp-json\/wp\/v2\/categories?post=20820"},{"taxonomy":"post_tag","embeddable":true,"href":"https:\/\/www.caudete.org\/ayuntamiento\/wp-json\/wp\/v2\/tags?post=20820"}],"curies":[{"name":"wp","href":"https:\/\/api.w.org\/{rel}","templated":true}]}}