{"id":20855,"date":"2022-12-09T16:06:45","date_gmt":"2022-12-09T15:06:45","guid":{"rendered":"https:\/\/www.caudete.org\/ayuntamiento\/?p=20855"},"modified":"2022-12-09T16:11:43","modified_gmt":"2022-12-09T15:11:43","slug":"borrado-de-grafitis-en-infraestructuras-publicas-gracias-a-la-arenadora-adquirida-por-el-ayuntamiento","status":"publish","type":"post","link":"https:\/\/www.caudete.org\/ayuntamiento\/borrado-de-grafitis-en-infraestructuras-publicas-gracias-a-la-arenadora-adquirida-por-el-ayuntamiento\/","title":{"rendered":"Borrado de grafitis en infraestructuras p\u00fablicas gracias a la arenadora adquirida por el Ayuntamiento"},"content":{"rendered":"<p style=\"text-align: justify;\">Esta ma\u00f1ana la Concejal\u00eda de Servicios daba comienzo a los trabajos de borrado de pintadas con spray del Puente El Molino, mediante una pareja de la Brigada de Obras encargada de trabajos de pintura, tal y como expresaba el Concejal Joaqu\u00edn Pag\u00e1n.<\/p>\n<p style=\"text-align: justify;\">Para el desarrollo de los trabajos el Ayuntamiento ha adquirido una arenadora que mediante el empleo de diferentes abrasivos, permite eliminar pinturas, resto de \u00f3xidos o suciedad de m\u00faltiple tipolog\u00eda de superficies.<\/p>\n<p style=\"text-align: justify;\">Los trabajos se centran ahora mismo en esta infraestructura viaria, altamente da\u00f1ada en el aspecto visual por la presencia de este tipo pinturas no autorizadas, y catalogadas como acciones vand\u00e1licas. Tras ser limpiado el ojo principal del puente, se extender\u00e1n al resto del conjunto. Igualmente, estos trabajos se desarrollar\u00e1n en aquellos lugares p\u00fablicos que cuenten con este tipo de acciones inc\u00edvicas.<\/p>\n<p>&nbsp;<\/p>\n<p style=\"text-align: center;\"><a href=\"https:\/\/www.caudete.org\/ayuntamiento\/wp-content\/uploads\/2022\/12\/IMG_20221209_114656-scaled.jpg\" rel='prettyPhoto'><img fetchpriority=\"high\" decoding=\"async\" class=\"alignnone wp-image-20860 size-medium\" src=\"https:\/\/www.caudete.org\/ayuntamiento\/wp-content\/uploads\/2022\/12\/IMG_20221209_114656-300x225.jpg\" alt=\"\" width=\"300\" height=\"225\" srcset=\"https:\/\/www.caudete.org\/ayuntamiento\/wp-content\/uploads\/2022\/12\/IMG_20221209_114656-300x225.jpg 300w, https:\/\/www.caudete.org\/ayuntamiento\/wp-content\/uploads\/2022\/12\/IMG_20221209_114656-1024x768.jpg 1024w, https:\/\/www.caudete.org\/ayuntamiento\/wp-content\/uploads\/2022\/12\/IMG_20221209_114656-768x576.jpg 768w, https:\/\/www.caudete.org\/ayuntamiento\/wp-content\/uploads\/2022\/12\/IMG_20221209_114656-1536x1152.jpg 1536w, https:\/\/www.caudete.org\/ayuntamiento\/wp-content\/uploads\/2022\/12\/IMG_20221209_114656-2048x1536.jpg 2048w\" sizes=\"(max-width: 300px) 100vw, 300px\" \/><\/a><\/p>\n<p style=\"text-align: center;\"><span style=\"font-size: 8pt;\"><em>Trabajos a medio ejecutar en el lateral Noreste.<\/em><\/span><\/p>\n<p><a href=\"https:\/\/www.caudete.org\/ayuntamiento\/wp-content\/uploads\/2022\/12\/WhatsApp-Image-2022-12-09-at-15.45.33.jpeg\" rel='prettyPhoto'><img decoding=\"async\" class=\"aligncenter wp-image-20862 size-medium\" src=\"https:\/\/www.caudete.org\/ayuntamiento\/wp-content\/uploads\/2022\/12\/WhatsApp-Image-2022-12-09-at-15.45.33-300x225.jpeg\" alt=\"\" width=\"300\" height=\"225\" srcset=\"https:\/\/www.caudete.org\/ayuntamiento\/wp-content\/uploads\/2022\/12\/WhatsApp-Image-2022-12-09-at-15.45.33-300x225.jpeg 300w, https:\/\/www.caudete.org\/ayuntamiento\/wp-content\/uploads\/2022\/12\/WhatsApp-Image-2022-12-09-at-15.45.33-1024x768.jpeg 1024w, https:\/\/www.caudete.org\/ayuntamiento\/wp-content\/uploads\/2022\/12\/WhatsApp-Image-2022-12-09-at-15.45.33-768x576.jpeg 768w, https:\/\/www.caudete.org\/ayuntamiento\/wp-content\/uploads\/2022\/12\/WhatsApp-Image-2022-12-09-at-15.45.33-1536x1153.jpeg 1536w, https:\/\/www.caudete.org\/ayuntamiento\/wp-content\/uploads\/2022\/12\/WhatsApp-Image-2022-12-09-at-15.45.33.jpeg 1599w\" sizes=\"(max-width: 300px) 100vw, 300px\" \/><\/a><\/p>\n<p style=\"text-align: center;\"><span style=\"font-size: 8pt;\"><em>Trabajos ya ejecutados en el lateral Noreste.<\/em><\/span><\/p>\n<p><img decoding=\"async\" class=\"alignnone size-medium wp-image-20861 aligncenter\" src=\"https:\/\/www.caudete.org\/ayuntamiento\/wp-content\/uploads\/2022\/12\/WhatsApp-Image-2022-12-09-at-15.48.58-300x225.jpeg\" alt=\"\" width=\"300\" height=\"225\" srcset=\"https:\/\/www.caudete.org\/ayuntamiento\/wp-content\/uploads\/2022\/12\/WhatsApp-Image-2022-12-09-at-15.48.58-300x225.jpeg 300w, https:\/\/www.caudete.org\/ayuntamiento\/wp-content\/uploads\/2022\/12\/WhatsApp-Image-2022-12-09-at-15.48.58-1024x768.jpeg 1024w, https:\/\/www.caudete.org\/ayuntamiento\/wp-content\/uploads\/2022\/12\/WhatsApp-Image-2022-12-09-at-15.48.58-768x576.jpeg 768w, https:\/\/www.caudete.org\/ayuntamiento\/wp-content\/uploads\/2022\/12\/WhatsApp-Image-2022-12-09-at-15.48.58-1536x1152.jpeg 1536w, https:\/\/www.caudete.org\/ayuntamiento\/wp-content\/uploads\/2022\/12\/WhatsApp-Image-2022-12-09-at-15.48.58.jpeg 2048w\" sizes=\"(max-width: 300px) 100vw, 300px\" \/><\/p>\n<p style=\"text-align: center;\"><span style=\"font-size: 8pt;\"><em>Trabajos pendientes de ejecutar en el lateral Suroeste.<\/em><\/span><\/p>\n<p style=\"text-align: center;\">\u00a0\u00a0<img loading=\"lazy\" decoding=\"async\" class=\"alignnone size-medium wp-image-20858\" src=\"https:\/\/www.caudete.org\/ayuntamiento\/wp-content\/uploads\/2022\/12\/IMG_20221209_115649-300x225.jpg\" alt=\"\" width=\"300\" height=\"225\" srcset=\"https:\/\/www.caudete.org\/ayuntamiento\/wp-content\/uploads\/2022\/12\/IMG_20221209_115649-300x225.jpg 300w, https:\/\/www.caudete.org\/ayuntamiento\/wp-content\/uploads\/2022\/12\/IMG_20221209_115649-1024x768.jpg 1024w, https:\/\/www.caudete.org\/ayuntamiento\/wp-content\/uploads\/2022\/12\/IMG_20221209_115649-768x576.jpg 768w, https:\/\/www.caudete.org\/ayuntamiento\/wp-content\/uploads\/2022\/12\/IMG_20221209_115649-1536x1152.jpg 1536w, https:\/\/www.caudete.org\/ayuntamiento\/wp-content\/uploads\/2022\/12\/IMG_20221209_115649-2048x1536.jpg 2048w\" sizes=\"(max-width: 300px) 100vw, 300px\" \/><\/p>\n<p style=\"text-align: center;\"><span style=\"font-size: 8pt;\"><em>Detalle de las pintadas del lateral Suroeste.<\/em><\/span><\/p>\n","protected":false},"excerpt":{"rendered":"<p>Esta ma\u00f1ana la Concejal\u00eda de Servicios daba comienzo a los trabajos de borrado de pintadas con spray del Puente El Molino, mediante una pareja de la Brigada de Obras encargada de trabajos de pintura, tal y como expresaba el Concejal Joaqu\u00edn Pag\u00e1n. Para el desarrollo de los trabajos el Ayuntamiento ha adquirido una arenadora que &hellip;<\/p>\n","protected":false},"author":3,"featured_media":20856,"comment_status":"closed","ping_status":"open","sticky":false,"template":"","format":"standard","meta":{"ngg_post_thumbnail":0,"footnotes":""},"categories":[270],"tags":[],"class_list":["post-20855","post","type-post","status-publish","format-standard","has-post-thumbnail","hentry","category-servicios"],"yoast_head":"<!-- This site is optimized with the Yoast SEO plugin v27.5 - https:\/\/yoast.com\/product\/yoast-seo-wordpress\/ -->\n<title>Borrado de grafitis en infraestructuras p\u00fablicas gracias a la arenadora adquirida por el Ayuntamiento - MI Ayuntamiento de Caudete<\/title>\n<meta name=\"description\" content=\"P\u00e1gina Oficial del Ayuntamiento de Caudete (Albacete)\" \/>\n<meta name=\"robots\" content=\"index, follow, max-snippet:-1, max-image-preview:large, max-video-preview:-1\" \/>\n<link rel=\"canonical\" href=\"https:\/\/www.caudete.org\/ayuntamiento\/borrado-de-grafitis-en-infraestructuras-publicas-gracias-a-la-arenadora-adquirida-por-el-ayuntamiento\/\" \/>\n<meta property=\"og:locale\" content=\"es_ES\" \/>\n<meta property=\"og:type\" content=\"article\" \/>\n<meta property=\"og:title\" content=\"Borrado de grafitis en infraestructuras p\u00fablicas gracias a la arenadora adquirida por el Ayuntamiento - MI Ayuntamiento de Caudete\" \/>\n<meta property=\"og:description\" content=\"P\u00e1gina Oficial del Ayuntamiento de Caudete (Albacete)\" \/>\n<meta property=\"og:url\" content=\"https:\/\/www.caudete.org\/ayuntamiento\/borrado-de-grafitis-en-infraestructuras-publicas-gracias-a-la-arenadora-adquirida-por-el-ayuntamiento\/\" \/>\n<meta property=\"og:site_name\" content=\"MI Ayuntamiento de Caudete\" \/>\n<meta property=\"article:publisher\" content=\"https:\/\/www.facebook.com\/ayuntamientocaudete\/\" \/>\n<meta property=\"article:published_time\" content=\"2022-12-09T15:06:45+00:00\" \/>\n<meta property=\"article:modified_time\" content=\"2022-12-09T15:11:43+00:00\" \/>\n<meta property=\"og:image\" content=\"https:\/\/www.caudete.org\/ayuntamiento\/wp-content\/uploads\/2022\/12\/IMG_20221209_115710-scaled.jpg\" \/>\n\t<meta property=\"og:image:width\" content=\"2560\" \/>\n\t<meta property=\"og:image:height\" content=\"1920\" \/>\n\t<meta property=\"og:image:type\" content=\"image\/jpeg\" \/>\n<meta name=\"author\" content=\"alcalde\" \/>\n<meta name=\"twitter:card\" content=\"summary_large_image\" \/>\n<meta name=\"twitter:label1\" content=\"Escrito por\" \/>\n\t<meta name=\"twitter:data1\" content=\"alcalde\" \/>\n\t<meta name=\"twitter:label2\" content=\"Tiempo de lectura\" \/>\n\t<meta name=\"twitter:data2\" content=\"2 minutos\" \/>\n<script type=\"application\/ld+json\" class=\"yoast-schema-graph\">{\"@context\":\"https:\\\/\\\/schema.org\",\"@graph\":[{\"@type\":\"Article\",\"@id\":\"https:\\\/\\\/www.caudete.org\\\/ayuntamiento\\\/borrado-de-grafitis-en-infraestructuras-publicas-gracias-a-la-arenadora-adquirida-por-el-ayuntamiento\\\/#article\",\"isPartOf\":{\"@id\":\"https:\\\/\\\/www.caudete.org\\\/ayuntamiento\\\/borrado-de-grafitis-en-infraestructuras-publicas-gracias-a-la-arenadora-adquirida-por-el-ayuntamiento\\\/\"},\"author\":{\"name\":\"alcalde\",\"@id\":\"https:\\\/\\\/www.caudete.org\\\/ayuntamiento\\\/#\\\/schema\\\/person\\\/cc646da9133078ee4d8dd47457947253\"},\"headline\":\"Borrado de grafitis en infraestructuras p\u00fablicas gracias a la arenadora adquirida por el Ayuntamiento\",\"datePublished\":\"2022-12-09T15:06:45+00:00\",\"dateModified\":\"2022-12-09T15:11:43+00:00\",\"mainEntityOfPage\":{\"@id\":\"https:\\\/\\\/www.caudete.org\\\/ayuntamiento\\\/borrado-de-grafitis-en-infraestructuras-publicas-gracias-a-la-arenadora-adquirida-por-el-ayuntamiento\\\/\"},\"wordCount\":193,\"publisher\":{\"@id\":\"https:\\\/\\\/www.caudete.org\\\/ayuntamiento\\\/#organization\"},\"image\":{\"@id\":\"https:\\\/\\\/www.caudete.org\\\/ayuntamiento\\\/borrado-de-grafitis-en-infraestructuras-publicas-gracias-a-la-arenadora-adquirida-por-el-ayuntamiento\\\/#primaryimage\"},\"thumbnailUrl\":\"https:\\\/\\\/www.caudete.org\\\/ayuntamiento\\\/wp-content\\\/uploads\\\/2022\\\/12\\\/IMG_20221209_115710-scaled.jpg\",\"articleSection\":[\"Servicios\"],\"inLanguage\":\"es\"},{\"@type\":\"WebPage\",\"@id\":\"https:\\\/\\\/www.caudete.org\\\/ayuntamiento\\\/borrado-de-grafitis-en-infraestructuras-publicas-gracias-a-la-arenadora-adquirida-por-el-ayuntamiento\\\/\",\"url\":\"https:\\\/\\\/www.caudete.org\\\/ayuntamiento\\\/borrado-de-grafitis-en-infraestructuras-publicas-gracias-a-la-arenadora-adquirida-por-el-ayuntamiento\\\/\",\"name\":\"Borrado de grafitis en infraestructuras p\u00fablicas gracias a la arenadora adquirida por el Ayuntamiento - MI Ayuntamiento de Caudete\",\"isPartOf\":{\"@id\":\"https:\\\/\\\/www.caudete.org\\\/ayuntamiento\\\/#website\"},\"primaryImageOfPage\":{\"@id\":\"https:\\\/\\\/www.caudete.org\\\/ayuntamiento\\\/borrado-de-grafitis-en-infraestructuras-publicas-gracias-a-la-arenadora-adquirida-por-el-ayuntamiento\\\/#primaryimage\"},\"image\":{\"@id\":\"https:\\\/\\\/www.caudete.org\\\/ayuntamiento\\\/borrado-de-grafitis-en-infraestructuras-publicas-gracias-a-la-arenadora-adquirida-por-el-ayuntamiento\\\/#primaryimage\"},\"thumbnailUrl\":\"https:\\\/\\\/www.caudete.org\\\/ayuntamiento\\\/wp-content\\\/uploads\\\/2022\\\/12\\\/IMG_20221209_115710-scaled.jpg\",\"datePublished\":\"2022-12-09T15:06:45+00:00\",\"dateModified\":\"2022-12-09T15:11:43+00:00\",\"description\":\"P\u00e1gina Oficial del Ayuntamiento de Caudete (Albacete)\",\"breadcrumb\":{\"@id\":\"https:\\\/\\\/www.caudete.org\\\/ayuntamiento\\\/borrado-de-grafitis-en-infraestructuras-publicas-gracias-a-la-arenadora-adquirida-por-el-ayuntamiento\\\/#breadcrumb\"},\"inLanguage\":\"es\",\"potentialAction\":[{\"@type\":\"ReadAction\",\"target\":[\"https:\\\/\\\/www.caudete.org\\\/ayuntamiento\\\/borrado-de-grafitis-en-infraestructuras-publicas-gracias-a-la-arenadora-adquirida-por-el-ayuntamiento\\\/\"]}]},{\"@type\":\"ImageObject\",\"inLanguage\":\"es\",\"@id\":\"https:\\\/\\\/www.caudete.org\\\/ayuntamiento\\\/borrado-de-grafitis-en-infraestructuras-publicas-gracias-a-la-arenadora-adquirida-por-el-ayuntamiento\\\/#primaryimage\",\"url\":\"https:\\\/\\\/www.caudete.org\\\/ayuntamiento\\\/wp-content\\\/uploads\\\/2022\\\/12\\\/IMG_20221209_115710-scaled.jpg\",\"contentUrl\":\"https:\\\/\\\/www.caudete.org\\\/ayuntamiento\\\/wp-content\\\/uploads\\\/2022\\\/12\\\/IMG_20221209_115710-scaled.jpg\",\"width\":2560,\"height\":1920},{\"@type\":\"BreadcrumbList\",\"@id\":\"https:\\\/\\\/www.caudete.org\\\/ayuntamiento\\\/borrado-de-grafitis-en-infraestructuras-publicas-gracias-a-la-arenadora-adquirida-por-el-ayuntamiento\\\/#breadcrumb\",\"itemListElement\":[{\"@type\":\"ListItem\",\"position\":1,\"name\":\"Inicio\",\"item\":\"https:\\\/\\\/www.caudete.org\\\/ayuntamiento\\\/\"},{\"@type\":\"ListItem\",\"position\":2,\"name\":\"Borrado de grafitis en infraestructuras p\u00fablicas gracias a la arenadora adquirida por el Ayuntamiento\"}]},{\"@type\":\"WebSite\",\"@id\":\"https:\\\/\\\/www.caudete.org\\\/ayuntamiento\\\/#website\",\"url\":\"https:\\\/\\\/www.caudete.org\\\/ayuntamiento\\\/\",\"name\":\"MI Ayuntamiento de Caudete\",\"description\":\"P\u00e1gina Oficial del MI Ayuntamiento de Caudete\",\"publisher\":{\"@id\":\"https:\\\/\\\/www.caudete.org\\\/ayuntamiento\\\/#organization\"},\"potentialAction\":[{\"@type\":\"SearchAction\",\"target\":{\"@type\":\"EntryPoint\",\"urlTemplate\":\"https:\\\/\\\/www.caudete.org\\\/ayuntamiento\\\/?s={search_term_string}\"},\"query-input\":{\"@type\":\"PropertyValueSpecification\",\"valueRequired\":true,\"valueName\":\"search_term_string\"}}],\"inLanguage\":\"es\"},{\"@type\":\"Organization\",\"@id\":\"https:\\\/\\\/www.caudete.org\\\/ayuntamiento\\\/#organization\",\"name\":\"Ayuntamiento de Caudete\",\"url\":\"https:\\\/\\\/www.caudete.org\\\/ayuntamiento\\\/\",\"logo\":{\"@type\":\"ImageObject\",\"inLanguage\":\"es\",\"@id\":\"https:\\\/\\\/www.caudete.org\\\/ayuntamiento\\\/#\\\/schema\\\/logo\\\/image\\\/\",\"url\":\"https:\\\/\\\/www.caudete.org\\\/ayuntamiento\\\/wp-content\\\/uploads\\\/2020\\\/11\\\/logo_ayuntamiento_caudete.jpg\",\"contentUrl\":\"https:\\\/\\\/www.caudete.org\\\/ayuntamiento\\\/wp-content\\\/uploads\\\/2020\\\/11\\\/logo_ayuntamiento_caudete.jpg\",\"width\":600,\"height\":150,\"caption\":\"Ayuntamiento de Caudete\"},\"image\":{\"@id\":\"https:\\\/\\\/www.caudete.org\\\/ayuntamiento\\\/#\\\/schema\\\/logo\\\/image\\\/\"},\"sameAs\":[\"https:\\\/\\\/www.facebook.com\\\/ayuntamientocaudete\\\/\",\"https:\\\/\\\/www.youtube.com\\\/channel\\\/UC6VztHaooNsGpw-tNoBEFnQ\"]},{\"@type\":\"Person\",\"@id\":\"https:\\\/\\\/www.caudete.org\\\/ayuntamiento\\\/#\\\/schema\\\/person\\\/cc646da9133078ee4d8dd47457947253\",\"name\":\"alcalde\",\"image\":{\"@type\":\"ImageObject\",\"inLanguage\":\"es\",\"@id\":\"https:\\\/\\\/secure.gravatar.com\\\/avatar\\\/84a817ba065b29ff08d666b215a215f5c79186a645ccb25b14a663d48a130f77?s=96&d=mm&r=g\",\"url\":\"https:\\\/\\\/secure.gravatar.com\\\/avatar\\\/84a817ba065b29ff08d666b215a215f5c79186a645ccb25b14a663d48a130f77?s=96&d=mm&r=g\",\"contentUrl\":\"https:\\\/\\\/secure.gravatar.com\\\/avatar\\\/84a817ba065b29ff08d666b215a215f5c79186a645ccb25b14a663d48a130f77?s=96&d=mm&r=g\",\"caption\":\"alcalde\"},\"url\":\"https:\\\/\\\/www.caudete.org\\\/ayuntamiento\\\/author\\\/alcalde\\\/\"}]}<\/script>\n<!-- \/ Yoast SEO plugin. -->","yoast_head_json":{"title":"Borrado de grafitis en infraestructuras p\u00fablicas gracias a la arenadora adquirida por el Ayuntamiento - MI Ayuntamiento de Caudete","description":"P\u00e1gina Oficial del Ayuntamiento de Caudete (Albacete)","robots":{"index":"index","follow":"follow","max-snippet":"max-snippet:-1","max-image-preview":"max-image-preview:large","max-video-preview":"max-video-preview:-1"},"canonical":"https:\/\/www.caudete.org\/ayuntamiento\/borrado-de-grafitis-en-infraestructuras-publicas-gracias-a-la-arenadora-adquirida-por-el-ayuntamiento\/","og_locale":"es_ES","og_type":"article","og_title":"Borrado de grafitis en infraestructuras p\u00fablicas gracias a la arenadora adquirida por el Ayuntamiento - MI Ayuntamiento de Caudete","og_description":"P\u00e1gina Oficial del Ayuntamiento de Caudete (Albacete)","og_url":"https:\/\/www.caudete.org\/ayuntamiento\/borrado-de-grafitis-en-infraestructuras-publicas-gracias-a-la-arenadora-adquirida-por-el-ayuntamiento\/","og_site_name":"MI Ayuntamiento de Caudete","article_publisher":"https:\/\/www.facebook.com\/ayuntamientocaudete\/","article_published_time":"2022-12-09T15:06:45+00:00","article_modified_time":"2022-12-09T15:11:43+00:00","og_image":[{"width":2560,"height":1920,"url":"https:\/\/www.caudete.org\/ayuntamiento\/wp-content\/uploads\/2022\/12\/IMG_20221209_115710-scaled.jpg","type":"image\/jpeg"}],"author":"alcalde","twitter_card":"summary_large_image","twitter_misc":{"Escrito por":"alcalde","Tiempo de lectura":"2 minutos"},"schema":{"@context":"https:\/\/schema.org","@graph":[{"@type":"Article","@id":"https:\/\/www.caudete.org\/ayuntamiento\/borrado-de-grafitis-en-infraestructuras-publicas-gracias-a-la-arenadora-adquirida-por-el-ayuntamiento\/#article","isPartOf":{"@id":"https:\/\/www.caudete.org\/ayuntamiento\/borrado-de-grafitis-en-infraestructuras-publicas-gracias-a-la-arenadora-adquirida-por-el-ayuntamiento\/"},"author":{"name":"alcalde","@id":"https:\/\/www.caudete.org\/ayuntamiento\/#\/schema\/person\/cc646da9133078ee4d8dd47457947253"},"headline":"Borrado de grafitis en infraestructuras p\u00fablicas gracias a la arenadora adquirida por el Ayuntamiento","datePublished":"2022-12-09T15:06:45+00:00","dateModified":"2022-12-09T15:11:43+00:00","mainEntityOfPage":{"@id":"https:\/\/www.caudete.org\/ayuntamiento\/borrado-de-grafitis-en-infraestructuras-publicas-gracias-a-la-arenadora-adquirida-por-el-ayuntamiento\/"},"wordCount":193,"publisher":{"@id":"https:\/\/www.caudete.org\/ayuntamiento\/#organization"},"image":{"@id":"https:\/\/www.caudete.org\/ayuntamiento\/borrado-de-grafitis-en-infraestructuras-publicas-gracias-a-la-arenadora-adquirida-por-el-ayuntamiento\/#primaryimage"},"thumbnailUrl":"https:\/\/www.caudete.org\/ayuntamiento\/wp-content\/uploads\/2022\/12\/IMG_20221209_115710-scaled.jpg","articleSection":["Servicios"],"inLanguage":"es"},{"@type":"WebPage","@id":"https:\/\/www.caudete.org\/ayuntamiento\/borrado-de-grafitis-en-infraestructuras-publicas-gracias-a-la-arenadora-adquirida-por-el-ayuntamiento\/","url":"https:\/\/www.caudete.org\/ayuntamiento\/borrado-de-grafitis-en-infraestructuras-publicas-gracias-a-la-arenadora-adquirida-por-el-ayuntamiento\/","name":"Borrado de grafitis en infraestructuras p\u00fablicas gracias a la arenadora adquirida por el Ayuntamiento - MI Ayuntamiento de Caudete","isPartOf":{"@id":"https:\/\/www.caudete.org\/ayuntamiento\/#website"},"primaryImageOfPage":{"@id":"https:\/\/www.caudete.org\/ayuntamiento\/borrado-de-grafitis-en-infraestructuras-publicas-gracias-a-la-arenadora-adquirida-por-el-ayuntamiento\/#primaryimage"},"image":{"@id":"https:\/\/www.caudete.org\/ayuntamiento\/borrado-de-grafitis-en-infraestructuras-publicas-gracias-a-la-arenadora-adquirida-por-el-ayuntamiento\/#primaryimage"},"thumbnailUrl":"https:\/\/www.caudete.org\/ayuntamiento\/wp-content\/uploads\/2022\/12\/IMG_20221209_115710-scaled.jpg","datePublished":"2022-12-09T15:06:45+00:00","dateModified":"2022-12-09T15:11:43+00:00","description":"P\u00e1gina Oficial del Ayuntamiento de Caudete (Albacete)","breadcrumb":{"@id":"https:\/\/www.caudete.org\/ayuntamiento\/borrado-de-grafitis-en-infraestructuras-publicas-gracias-a-la-arenadora-adquirida-por-el-ayuntamiento\/#breadcrumb"},"inLanguage":"es","potentialAction":[{"@type":"ReadAction","target":["https:\/\/www.caudete.org\/ayuntamiento\/borrado-de-grafitis-en-infraestructuras-publicas-gracias-a-la-arenadora-adquirida-por-el-ayuntamiento\/"]}]},{"@type":"ImageObject","inLanguage":"es","@id":"https:\/\/www.caudete.org\/ayuntamiento\/borrado-de-grafitis-en-infraestructuras-publicas-gracias-a-la-arenadora-adquirida-por-el-ayuntamiento\/#primaryimage","url":"https:\/\/www.caudete.org\/ayuntamiento\/wp-content\/uploads\/2022\/12\/IMG_20221209_115710-scaled.jpg","contentUrl":"https:\/\/www.caudete.org\/ayuntamiento\/wp-content\/uploads\/2022\/12\/IMG_20221209_115710-scaled.jpg","width":2560,"height":1920},{"@type":"BreadcrumbList","@id":"https:\/\/www.caudete.org\/ayuntamiento\/borrado-de-grafitis-en-infraestructuras-publicas-gracias-a-la-arenadora-adquirida-por-el-ayuntamiento\/#breadcrumb","itemListElement":[{"@type":"ListItem","position":1,"name":"Inicio","item":"https:\/\/www.caudete.org\/ayuntamiento\/"},{"@type":"ListItem","position":2,"name":"Borrado de grafitis en infraestructuras p\u00fablicas gracias a la arenadora adquirida por el Ayuntamiento"}]},{"@type":"WebSite","@id":"https:\/\/www.caudete.org\/ayuntamiento\/#website","url":"https:\/\/www.caudete.org\/ayuntamiento\/","name":"MI Ayuntamiento de Caudete","description":"P\u00e1gina Oficial del MI Ayuntamiento de Caudete","publisher":{"@id":"https:\/\/www.caudete.org\/ayuntamiento\/#organization"},"potentialAction":[{"@type":"SearchAction","target":{"@type":"EntryPoint","urlTemplate":"https:\/\/www.caudete.org\/ayuntamiento\/?s={search_term_string}"},"query-input":{"@type":"PropertyValueSpecification","valueRequired":true,"valueName":"search_term_string"}}],"inLanguage":"es"},{"@type":"Organization","@id":"https:\/\/www.caudete.org\/ayuntamiento\/#organization","name":"Ayuntamiento de Caudete","url":"https:\/\/www.caudete.org\/ayuntamiento\/","logo":{"@type":"ImageObject","inLanguage":"es","@id":"https:\/\/www.caudete.org\/ayuntamiento\/#\/schema\/logo\/image\/","url":"https:\/\/www.caudete.org\/ayuntamiento\/wp-content\/uploads\/2020\/11\/logo_ayuntamiento_caudete.jpg","contentUrl":"https:\/\/www.caudete.org\/ayuntamiento\/wp-content\/uploads\/2020\/11\/logo_ayuntamiento_caudete.jpg","width":600,"height":150,"caption":"Ayuntamiento de Caudete"},"image":{"@id":"https:\/\/www.caudete.org\/ayuntamiento\/#\/schema\/logo\/image\/"},"sameAs":["https:\/\/www.facebook.com\/ayuntamientocaudete\/","https:\/\/www.youtube.com\/channel\/UC6VztHaooNsGpw-tNoBEFnQ"]},{"@type":"Person","@id":"https:\/\/www.caudete.org\/ayuntamiento\/#\/schema\/person\/cc646da9133078ee4d8dd47457947253","name":"alcalde","image":{"@type":"ImageObject","inLanguage":"es","@id":"https:\/\/secure.gravatar.com\/avatar\/84a817ba065b29ff08d666b215a215f5c79186a645ccb25b14a663d48a130f77?s=96&d=mm&r=g","url":"https:\/\/secure.gravatar.com\/avatar\/84a817ba065b29ff08d666b215a215f5c79186a645ccb25b14a663d48a130f77?s=96&d=mm&r=g","contentUrl":"https:\/\/secure.gravatar.com\/avatar\/84a817ba065b29ff08d666b215a215f5c79186a645ccb25b14a663d48a130f77?s=96&d=mm&r=g","caption":"alcalde"},"url":"https:\/\/www.caudete.org\/ayuntamiento\/author\/alcalde\/"}]}},"_links":{"self":[{"href":"https:\/\/www.caudete.org\/ayuntamiento\/wp-json\/wp\/v2\/posts\/20855","targetHints":{"allow":["GET"]}}],"collection":[{"href":"https:\/\/www.caudete.org\/ayuntamiento\/wp-json\/wp\/v2\/posts"}],"about":[{"href":"https:\/\/www.caudete.org\/ayuntamiento\/wp-json\/wp\/v2\/types\/post"}],"author":[{"embeddable":true,"href":"https:\/\/www.caudete.org\/ayuntamiento\/wp-json\/wp\/v2\/users\/3"}],"replies":[{"embeddable":true,"href":"https:\/\/www.caudete.org\/ayuntamiento\/wp-json\/wp\/v2\/comments?post=20855"}],"version-history":[{"count":1,"href":"https:\/\/www.caudete.org\/ayuntamiento\/wp-json\/wp\/v2\/posts\/20855\/revisions"}],"predecessor-version":[{"id":20863,"href":"https:\/\/www.caudete.org\/ayuntamiento\/wp-json\/wp\/v2\/posts\/20855\/revisions\/20863"}],"wp:featuredmedia":[{"embeddable":true,"href":"https:\/\/www.caudete.org\/ayuntamiento\/wp-json\/wp\/v2\/media\/20856"}],"wp:attachment":[{"href":"https:\/\/www.caudete.org\/ayuntamiento\/wp-json\/wp\/v2\/media?parent=20855"}],"wp:term":[{"taxonomy":"category","embeddable":true,"href":"https:\/\/www.caudete.org\/ayuntamiento\/wp-json\/wp\/v2\/categories?post=20855"},{"taxonomy":"post_tag","embeddable":true,"href":"https:\/\/www.caudete.org\/ayuntamiento\/wp-json\/wp\/v2\/tags?post=20855"}],"curies":[{"name":"wp","href":"https:\/\/api.w.org\/{rel}","templated":true}]}}