{"id":20959,"date":"2022-12-21T13:20:44","date_gmt":"2022-12-21T12:20:44","guid":{"rendered":"https:\/\/www.caudete.org\/ayuntamiento\/?p=20959"},"modified":"2022-12-21T13:20:44","modified_gmt":"2022-12-21T12:20:44","slug":"corte-de-suministro-el-agua-desde-la-calle-la-huerta-interseccion-con-calle-la-zafra-hasta-la-carretera-de-villena-manana-dia-22-entre-las-800-y-las-1300-h","status":"publish","type":"post","link":"https:\/\/www.caudete.org\/ayuntamiento\/corte-de-suministro-el-agua-desde-la-calle-la-huerta-interseccion-con-calle-la-zafra-hasta-la-carretera-de-villena-manana-dia-22-entre-las-800-y-las-1300-h\/","title":{"rendered":"Corte de suministro el agua, desde la calle la Huerta intersecci\u00f3n con Calle la Zafra hasta la Carretera de Villena ma\u00f1ana d\u00eda 22 entre las 8:00 y las 13:00 h."},"content":{"rendered":"<p>Debido a ciertas obras de mejora y reparaci\u00f3n del sistema se va a producir ma\u00f1ana un corte en el suministro del agua, desde la calle la Huerta intersecci\u00f3n con Calle la Zafra hasta la Carretera de Villena, quedando tambi\u00e9n sin agua las calles adyacentes desde ese punto (Antonio Machado, Echegaray, Miguel Hernandez y Juan Carlos I).<\/p>\n","protected":false},"excerpt":{"rendered":"<p>Debido a ciertas obras de mejora y reparaci\u00f3n del sistema se va a producir ma\u00f1ana un corte en el suministro del agua, desde la calle la Huerta intersecci\u00f3n con Calle la Zafra hasta la Carretera de Villena, quedando tambi\u00e9n sin agua las calles adyacentes desde ese punto (Antonio Machado, Echegaray, Miguel Hernandez y Juan Carlos &hellip;<\/p>\n","protected":false},"author":1,"featured_media":16555,"comment_status":"closed","ping_status":"open","sticky":false,"template":"","format":"standard","meta":{"ngg_post_thumbnail":0,"footnotes":""},"categories":[270],"tags":[],"class_list":["post-20959","post","type-post","status-publish","format-standard","has-post-thumbnail","hentry","category-servicios"],"yoast_head":"<!-- This site is optimized with the Yoast SEO plugin v27.5 - https:\/\/yoast.com\/product\/yoast-seo-wordpress\/ -->\n<title>Corte de suministro el agua, desde la calle la Huerta intersecci\u00f3n con Calle la Zafra hasta la Carretera de Villena ma\u00f1ana d\u00eda 22 entre las 8:00 y las 13:00 h. - MI Ayuntamiento de Caudete<\/title>\n<meta name=\"description\" content=\"P\u00e1gina Oficial del Ayuntamiento de Caudete (Albacete)\" \/>\n<meta name=\"robots\" content=\"index, follow, max-snippet:-1, max-image-preview:large, max-video-preview:-1\" \/>\n<link rel=\"canonical\" href=\"https:\/\/www.caudete.org\/ayuntamiento\/corte-de-suministro-el-agua-desde-la-calle-la-huerta-interseccion-con-calle-la-zafra-hasta-la-carretera-de-villena-manana-dia-22-entre-las-800-y-las-1300-h\/\" \/>\n<meta property=\"og:locale\" content=\"es_ES\" \/>\n<meta property=\"og:type\" content=\"article\" \/>\n<meta property=\"og:title\" content=\"Corte de suministro el agua, desde la calle la Huerta intersecci\u00f3n con Calle la Zafra hasta la Carretera de Villena ma\u00f1ana d\u00eda 22 entre las 8:00 y las 13:00 h. - MI Ayuntamiento de Caudete\" \/>\n<meta property=\"og:description\" content=\"P\u00e1gina Oficial del Ayuntamiento de Caudete (Albacete)\" \/>\n<meta property=\"og:url\" content=\"https:\/\/www.caudete.org\/ayuntamiento\/corte-de-suministro-el-agua-desde-la-calle-la-huerta-interseccion-con-calle-la-zafra-hasta-la-carretera-de-villena-manana-dia-22-entre-las-800-y-las-1300-h\/\" \/>\n<meta property=\"og:site_name\" content=\"MI Ayuntamiento de Caudete\" \/>\n<meta property=\"article:publisher\" content=\"https:\/\/www.facebook.com\/ayuntamientocaudete\/\" \/>\n<meta property=\"article:published_time\" content=\"2022-12-21T12:20:44+00:00\" \/>\n<meta property=\"og:image\" content=\"https:\/\/www.caudete.org\/ayuntamiento\/wp-content\/uploads\/2021\/10\/agua.jpg\" \/>\n\t<meta property=\"og:image:width\" content=\"800\" \/>\n\t<meta property=\"og:image:height\" content=\"397\" \/>\n\t<meta property=\"og:image:type\" content=\"image\/jpeg\" \/>\n<meta name=\"author\" content=\"ayun\" \/>\n<meta name=\"twitter:card\" content=\"summary_large_image\" \/>\n<meta name=\"twitter:label1\" content=\"Escrito por\" \/>\n\t<meta name=\"twitter:data1\" content=\"ayun\" \/>\n\t<meta name=\"twitter:label2\" content=\"Tiempo de lectura\" \/>\n\t<meta name=\"twitter:data2\" content=\"1 minuto\" \/>\n<script type=\"application\/ld+json\" class=\"yoast-schema-graph\">{\"@context\":\"https:\\\/\\\/schema.org\",\"@graph\":[{\"@type\":\"Article\",\"@id\":\"https:\\\/\\\/www.caudete.org\\\/ayuntamiento\\\/corte-de-suministro-el-agua-desde-la-calle-la-huerta-interseccion-con-calle-la-zafra-hasta-la-carretera-de-villena-manana-dia-22-entre-las-800-y-las-1300-h\\\/#article\",\"isPartOf\":{\"@id\":\"https:\\\/\\\/www.caudete.org\\\/ayuntamiento\\\/corte-de-suministro-el-agua-desde-la-calle-la-huerta-interseccion-con-calle-la-zafra-hasta-la-carretera-de-villena-manana-dia-22-entre-las-800-y-las-1300-h\\\/\"},\"author\":{\"name\":\"ayun\",\"@id\":\"https:\\\/\\\/www.caudete.org\\\/ayuntamiento\\\/#\\\/schema\\\/person\\\/79f7e19fdd176fc2bc7a289013dc2056\"},\"headline\":\"Corte de suministro el agua, desde la calle la Huerta intersecci\u00f3n con Calle la Zafra hasta la Carretera de Villena ma\u00f1ana d\u00eda 22 entre las 8:00 y las 13:00 h.\",\"datePublished\":\"2022-12-21T12:20:44+00:00\",\"mainEntityOfPage\":{\"@id\":\"https:\\\/\\\/www.caudete.org\\\/ayuntamiento\\\/corte-de-suministro-el-agua-desde-la-calle-la-huerta-interseccion-con-calle-la-zafra-hasta-la-carretera-de-villena-manana-dia-22-entre-las-800-y-las-1300-h\\\/\"},\"wordCount\":90,\"publisher\":{\"@id\":\"https:\\\/\\\/www.caudete.org\\\/ayuntamiento\\\/#organization\"},\"image\":{\"@id\":\"https:\\\/\\\/www.caudete.org\\\/ayuntamiento\\\/corte-de-suministro-el-agua-desde-la-calle-la-huerta-interseccion-con-calle-la-zafra-hasta-la-carretera-de-villena-manana-dia-22-entre-las-800-y-las-1300-h\\\/#primaryimage\"},\"thumbnailUrl\":\"https:\\\/\\\/www.caudete.org\\\/ayuntamiento\\\/wp-content\\\/uploads\\\/2021\\\/10\\\/agua.jpg\",\"articleSection\":[\"Servicios\"],\"inLanguage\":\"es\"},{\"@type\":\"WebPage\",\"@id\":\"https:\\\/\\\/www.caudete.org\\\/ayuntamiento\\\/corte-de-suministro-el-agua-desde-la-calle-la-huerta-interseccion-con-calle-la-zafra-hasta-la-carretera-de-villena-manana-dia-22-entre-las-800-y-las-1300-h\\\/\",\"url\":\"https:\\\/\\\/www.caudete.org\\\/ayuntamiento\\\/corte-de-suministro-el-agua-desde-la-calle-la-huerta-interseccion-con-calle-la-zafra-hasta-la-carretera-de-villena-manana-dia-22-entre-las-800-y-las-1300-h\\\/\",\"name\":\"Corte de suministro el agua, desde la calle la Huerta intersecci\u00f3n con Calle la Zafra hasta la Carretera de Villena ma\u00f1ana d\u00eda 22 entre las 8:00 y las 13:00 h. - MI Ayuntamiento de Caudete\",\"isPartOf\":{\"@id\":\"https:\\\/\\\/www.caudete.org\\\/ayuntamiento\\\/#website\"},\"primaryImageOfPage\":{\"@id\":\"https:\\\/\\\/www.caudete.org\\\/ayuntamiento\\\/corte-de-suministro-el-agua-desde-la-calle-la-huerta-interseccion-con-calle-la-zafra-hasta-la-carretera-de-villena-manana-dia-22-entre-las-800-y-las-1300-h\\\/#primaryimage\"},\"image\":{\"@id\":\"https:\\\/\\\/www.caudete.org\\\/ayuntamiento\\\/corte-de-suministro-el-agua-desde-la-calle-la-huerta-interseccion-con-calle-la-zafra-hasta-la-carretera-de-villena-manana-dia-22-entre-las-800-y-las-1300-h\\\/#primaryimage\"},\"thumbnailUrl\":\"https:\\\/\\\/www.caudete.org\\\/ayuntamiento\\\/wp-content\\\/uploads\\\/2021\\\/10\\\/agua.jpg\",\"datePublished\":\"2022-12-21T12:20:44+00:00\",\"description\":\"P\u00e1gina Oficial del Ayuntamiento de Caudete (Albacete)\",\"breadcrumb\":{\"@id\":\"https:\\\/\\\/www.caudete.org\\\/ayuntamiento\\\/corte-de-suministro-el-agua-desde-la-calle-la-huerta-interseccion-con-calle-la-zafra-hasta-la-carretera-de-villena-manana-dia-22-entre-las-800-y-las-1300-h\\\/#breadcrumb\"},\"inLanguage\":\"es\",\"potentialAction\":[{\"@type\":\"ReadAction\",\"target\":[\"https:\\\/\\\/www.caudete.org\\\/ayuntamiento\\\/corte-de-suministro-el-agua-desde-la-calle-la-huerta-interseccion-con-calle-la-zafra-hasta-la-carretera-de-villena-manana-dia-22-entre-las-800-y-las-1300-h\\\/\"]}]},{\"@type\":\"ImageObject\",\"inLanguage\":\"es\",\"@id\":\"https:\\\/\\\/www.caudete.org\\\/ayuntamiento\\\/corte-de-suministro-el-agua-desde-la-calle-la-huerta-interseccion-con-calle-la-zafra-hasta-la-carretera-de-villena-manana-dia-22-entre-las-800-y-las-1300-h\\\/#primaryimage\",\"url\":\"https:\\\/\\\/www.caudete.org\\\/ayuntamiento\\\/wp-content\\\/uploads\\\/2021\\\/10\\\/agua.jpg\",\"contentUrl\":\"https:\\\/\\\/www.caudete.org\\\/ayuntamiento\\\/wp-content\\\/uploads\\\/2021\\\/10\\\/agua.jpg\",\"width\":800,\"height\":397,\"caption\":\"Corte agua\"},{\"@type\":\"BreadcrumbList\",\"@id\":\"https:\\\/\\\/www.caudete.org\\\/ayuntamiento\\\/corte-de-suministro-el-agua-desde-la-calle-la-huerta-interseccion-con-calle-la-zafra-hasta-la-carretera-de-villena-manana-dia-22-entre-las-800-y-las-1300-h\\\/#breadcrumb\",\"itemListElement\":[{\"@type\":\"ListItem\",\"position\":1,\"name\":\"Inicio\",\"item\":\"https:\\\/\\\/www.caudete.org\\\/ayuntamiento\\\/\"},{\"@type\":\"ListItem\",\"position\":2,\"name\":\"Corte de suministro el agua, desde la calle la Huerta intersecci\u00f3n con Calle la Zafra hasta la Carretera de Villena ma\u00f1ana d\u00eda 22 entre las 8:00 y las 13:00 h.\"}]},{\"@type\":\"WebSite\",\"@id\":\"https:\\\/\\\/www.caudete.org\\\/ayuntamiento\\\/#website\",\"url\":\"https:\\\/\\\/www.caudete.org\\\/ayuntamiento\\\/\",\"name\":\"MI Ayuntamiento de Caudete\",\"description\":\"P\u00e1gina Oficial del MI Ayuntamiento de Caudete\",\"publisher\":{\"@id\":\"https:\\\/\\\/www.caudete.org\\\/ayuntamiento\\\/#organization\"},\"potentialAction\":[{\"@type\":\"SearchAction\",\"target\":{\"@type\":\"EntryPoint\",\"urlTemplate\":\"https:\\\/\\\/www.caudete.org\\\/ayuntamiento\\\/?s={search_term_string}\"},\"query-input\":{\"@type\":\"PropertyValueSpecification\",\"valueRequired\":true,\"valueName\":\"search_term_string\"}}],\"inLanguage\":\"es\"},{\"@type\":\"Organization\",\"@id\":\"https:\\\/\\\/www.caudete.org\\\/ayuntamiento\\\/#organization\",\"name\":\"Ayuntamiento de Caudete\",\"url\":\"https:\\\/\\\/www.caudete.org\\\/ayuntamiento\\\/\",\"logo\":{\"@type\":\"ImageObject\",\"inLanguage\":\"es\",\"@id\":\"https:\\\/\\\/www.caudete.org\\\/ayuntamiento\\\/#\\\/schema\\\/logo\\\/image\\\/\",\"url\":\"https:\\\/\\\/www.caudete.org\\\/ayuntamiento\\\/wp-content\\\/uploads\\\/2020\\\/11\\\/logo_ayuntamiento_caudete.jpg\",\"contentUrl\":\"https:\\\/\\\/www.caudete.org\\\/ayuntamiento\\\/wp-content\\\/uploads\\\/2020\\\/11\\\/logo_ayuntamiento_caudete.jpg\",\"width\":600,\"height\":150,\"caption\":\"Ayuntamiento de Caudete\"},\"image\":{\"@id\":\"https:\\\/\\\/www.caudete.org\\\/ayuntamiento\\\/#\\\/schema\\\/logo\\\/image\\\/\"},\"sameAs\":[\"https:\\\/\\\/www.facebook.com\\\/ayuntamientocaudete\\\/\",\"https:\\\/\\\/www.youtube.com\\\/channel\\\/UC6VztHaooNsGpw-tNoBEFnQ\"]},{\"@type\":\"Person\",\"@id\":\"https:\\\/\\\/www.caudete.org\\\/ayuntamiento\\\/#\\\/schema\\\/person\\\/79f7e19fdd176fc2bc7a289013dc2056\",\"name\":\"ayun\",\"image\":{\"@type\":\"ImageObject\",\"inLanguage\":\"es\",\"@id\":\"https:\\\/\\\/secure.gravatar.com\\\/avatar\\\/4ce797ee07c943e7e592f8cd648e503e6cd571387558ed07135799c2bd2847df?s=96&d=mm&r=g\",\"url\":\"https:\\\/\\\/secure.gravatar.com\\\/avatar\\\/4ce797ee07c943e7e592f8cd648e503e6cd571387558ed07135799c2bd2847df?s=96&d=mm&r=g\",\"contentUrl\":\"https:\\\/\\\/secure.gravatar.com\\\/avatar\\\/4ce797ee07c943e7e592f8cd648e503e6cd571387558ed07135799c2bd2847df?s=96&d=mm&r=g\",\"caption\":\"ayun\"},\"sameAs\":[\"http:\\\/\\\/www.caudete.org\\\/ayuntamiento\"],\"url\":\"https:\\\/\\\/www.caudete.org\\\/ayuntamiento\\\/author\\\/ayun\\\/\"}]}<\/script>\n<!-- \/ Yoast SEO plugin. -->","yoast_head_json":{"title":"Corte de suministro el agua, desde la calle la Huerta intersecci\u00f3n con Calle la Zafra hasta la Carretera de Villena ma\u00f1ana d\u00eda 22 entre las 8:00 y las 13:00 h. - MI Ayuntamiento de Caudete","description":"P\u00e1gina Oficial del Ayuntamiento de Caudete (Albacete)","robots":{"index":"index","follow":"follow","max-snippet":"max-snippet:-1","max-image-preview":"max-image-preview:large","max-video-preview":"max-video-preview:-1"},"canonical":"https:\/\/www.caudete.org\/ayuntamiento\/corte-de-suministro-el-agua-desde-la-calle-la-huerta-interseccion-con-calle-la-zafra-hasta-la-carretera-de-villena-manana-dia-22-entre-las-800-y-las-1300-h\/","og_locale":"es_ES","og_type":"article","og_title":"Corte de suministro el agua, desde la calle la Huerta intersecci\u00f3n con Calle la Zafra hasta la Carretera de Villena ma\u00f1ana d\u00eda 22 entre las 8:00 y las 13:00 h. - MI Ayuntamiento de Caudete","og_description":"P\u00e1gina Oficial del Ayuntamiento de Caudete (Albacete)","og_url":"https:\/\/www.caudete.org\/ayuntamiento\/corte-de-suministro-el-agua-desde-la-calle-la-huerta-interseccion-con-calle-la-zafra-hasta-la-carretera-de-villena-manana-dia-22-entre-las-800-y-las-1300-h\/","og_site_name":"MI Ayuntamiento de Caudete","article_publisher":"https:\/\/www.facebook.com\/ayuntamientocaudete\/","article_published_time":"2022-12-21T12:20:44+00:00","og_image":[{"width":800,"height":397,"url":"https:\/\/www.caudete.org\/ayuntamiento\/wp-content\/uploads\/2021\/10\/agua.jpg","type":"image\/jpeg"}],"author":"ayun","twitter_card":"summary_large_image","twitter_misc":{"Escrito por":"ayun","Tiempo de lectura":"1 minuto"},"schema":{"@context":"https:\/\/schema.org","@graph":[{"@type":"Article","@id":"https:\/\/www.caudete.org\/ayuntamiento\/corte-de-suministro-el-agua-desde-la-calle-la-huerta-interseccion-con-calle-la-zafra-hasta-la-carretera-de-villena-manana-dia-22-entre-las-800-y-las-1300-h\/#article","isPartOf":{"@id":"https:\/\/www.caudete.org\/ayuntamiento\/corte-de-suministro-el-agua-desde-la-calle-la-huerta-interseccion-con-calle-la-zafra-hasta-la-carretera-de-villena-manana-dia-22-entre-las-800-y-las-1300-h\/"},"author":{"name":"ayun","@id":"https:\/\/www.caudete.org\/ayuntamiento\/#\/schema\/person\/79f7e19fdd176fc2bc7a289013dc2056"},"headline":"Corte de suministro el agua, desde la calle la Huerta intersecci\u00f3n con Calle la Zafra hasta la Carretera de Villena ma\u00f1ana d\u00eda 22 entre las 8:00 y las 13:00 h.","datePublished":"2022-12-21T12:20:44+00:00","mainEntityOfPage":{"@id":"https:\/\/www.caudete.org\/ayuntamiento\/corte-de-suministro-el-agua-desde-la-calle-la-huerta-interseccion-con-calle-la-zafra-hasta-la-carretera-de-villena-manana-dia-22-entre-las-800-y-las-1300-h\/"},"wordCount":90,"publisher":{"@id":"https:\/\/www.caudete.org\/ayuntamiento\/#organization"},"image":{"@id":"https:\/\/www.caudete.org\/ayuntamiento\/corte-de-suministro-el-agua-desde-la-calle-la-huerta-interseccion-con-calle-la-zafra-hasta-la-carretera-de-villena-manana-dia-22-entre-las-800-y-las-1300-h\/#primaryimage"},"thumbnailUrl":"https:\/\/www.caudete.org\/ayuntamiento\/wp-content\/uploads\/2021\/10\/agua.jpg","articleSection":["Servicios"],"inLanguage":"es"},{"@type":"WebPage","@id":"https:\/\/www.caudete.org\/ayuntamiento\/corte-de-suministro-el-agua-desde-la-calle-la-huerta-interseccion-con-calle-la-zafra-hasta-la-carretera-de-villena-manana-dia-22-entre-las-800-y-las-1300-h\/","url":"https:\/\/www.caudete.org\/ayuntamiento\/corte-de-suministro-el-agua-desde-la-calle-la-huerta-interseccion-con-calle-la-zafra-hasta-la-carretera-de-villena-manana-dia-22-entre-las-800-y-las-1300-h\/","name":"Corte de suministro el agua, desde la calle la Huerta intersecci\u00f3n con Calle la Zafra hasta la Carretera de Villena ma\u00f1ana d\u00eda 22 entre las 8:00 y las 13:00 h. - MI Ayuntamiento de Caudete","isPartOf":{"@id":"https:\/\/www.caudete.org\/ayuntamiento\/#website"},"primaryImageOfPage":{"@id":"https:\/\/www.caudete.org\/ayuntamiento\/corte-de-suministro-el-agua-desde-la-calle-la-huerta-interseccion-con-calle-la-zafra-hasta-la-carretera-de-villena-manana-dia-22-entre-las-800-y-las-1300-h\/#primaryimage"},"image":{"@id":"https:\/\/www.caudete.org\/ayuntamiento\/corte-de-suministro-el-agua-desde-la-calle-la-huerta-interseccion-con-calle-la-zafra-hasta-la-carretera-de-villena-manana-dia-22-entre-las-800-y-las-1300-h\/#primaryimage"},"thumbnailUrl":"https:\/\/www.caudete.org\/ayuntamiento\/wp-content\/uploads\/2021\/10\/agua.jpg","datePublished":"2022-12-21T12:20:44+00:00","description":"P\u00e1gina Oficial del Ayuntamiento de Caudete (Albacete)","breadcrumb":{"@id":"https:\/\/www.caudete.org\/ayuntamiento\/corte-de-suministro-el-agua-desde-la-calle-la-huerta-interseccion-con-calle-la-zafra-hasta-la-carretera-de-villena-manana-dia-22-entre-las-800-y-las-1300-h\/#breadcrumb"},"inLanguage":"es","potentialAction":[{"@type":"ReadAction","target":["https:\/\/www.caudete.org\/ayuntamiento\/corte-de-suministro-el-agua-desde-la-calle-la-huerta-interseccion-con-calle-la-zafra-hasta-la-carretera-de-villena-manana-dia-22-entre-las-800-y-las-1300-h\/"]}]},{"@type":"ImageObject","inLanguage":"es","@id":"https:\/\/www.caudete.org\/ayuntamiento\/corte-de-suministro-el-agua-desde-la-calle-la-huerta-interseccion-con-calle-la-zafra-hasta-la-carretera-de-villena-manana-dia-22-entre-las-800-y-las-1300-h\/#primaryimage","url":"https:\/\/www.caudete.org\/ayuntamiento\/wp-content\/uploads\/2021\/10\/agua.jpg","contentUrl":"https:\/\/www.caudete.org\/ayuntamiento\/wp-content\/uploads\/2021\/10\/agua.jpg","width":800,"height":397,"caption":"Corte agua"},{"@type":"BreadcrumbList","@id":"https:\/\/www.caudete.org\/ayuntamiento\/corte-de-suministro-el-agua-desde-la-calle-la-huerta-interseccion-con-calle-la-zafra-hasta-la-carretera-de-villena-manana-dia-22-entre-las-800-y-las-1300-h\/#breadcrumb","itemListElement":[{"@type":"ListItem","position":1,"name":"Inicio","item":"https:\/\/www.caudete.org\/ayuntamiento\/"},{"@type":"ListItem","position":2,"name":"Corte de suministro el agua, desde la calle la Huerta intersecci\u00f3n con Calle la Zafra hasta la Carretera de Villena ma\u00f1ana d\u00eda 22 entre las 8:00 y las 13:00 h."}]},{"@type":"WebSite","@id":"https:\/\/www.caudete.org\/ayuntamiento\/#website","url":"https:\/\/www.caudete.org\/ayuntamiento\/","name":"MI Ayuntamiento de Caudete","description":"P\u00e1gina Oficial del MI Ayuntamiento de Caudete","publisher":{"@id":"https:\/\/www.caudete.org\/ayuntamiento\/#organization"},"potentialAction":[{"@type":"SearchAction","target":{"@type":"EntryPoint","urlTemplate":"https:\/\/www.caudete.org\/ayuntamiento\/?s={search_term_string}"},"query-input":{"@type":"PropertyValueSpecification","valueRequired":true,"valueName":"search_term_string"}}],"inLanguage":"es"},{"@type":"Organization","@id":"https:\/\/www.caudete.org\/ayuntamiento\/#organization","name":"Ayuntamiento de Caudete","url":"https:\/\/www.caudete.org\/ayuntamiento\/","logo":{"@type":"ImageObject","inLanguage":"es","@id":"https:\/\/www.caudete.org\/ayuntamiento\/#\/schema\/logo\/image\/","url":"https:\/\/www.caudete.org\/ayuntamiento\/wp-content\/uploads\/2020\/11\/logo_ayuntamiento_caudete.jpg","contentUrl":"https:\/\/www.caudete.org\/ayuntamiento\/wp-content\/uploads\/2020\/11\/logo_ayuntamiento_caudete.jpg","width":600,"height":150,"caption":"Ayuntamiento de Caudete"},"image":{"@id":"https:\/\/www.caudete.org\/ayuntamiento\/#\/schema\/logo\/image\/"},"sameAs":["https:\/\/www.facebook.com\/ayuntamientocaudete\/","https:\/\/www.youtube.com\/channel\/UC6VztHaooNsGpw-tNoBEFnQ"]},{"@type":"Person","@id":"https:\/\/www.caudete.org\/ayuntamiento\/#\/schema\/person\/79f7e19fdd176fc2bc7a289013dc2056","name":"ayun","image":{"@type":"ImageObject","inLanguage":"es","@id":"https:\/\/secure.gravatar.com\/avatar\/4ce797ee07c943e7e592f8cd648e503e6cd571387558ed07135799c2bd2847df?s=96&d=mm&r=g","url":"https:\/\/secure.gravatar.com\/avatar\/4ce797ee07c943e7e592f8cd648e503e6cd571387558ed07135799c2bd2847df?s=96&d=mm&r=g","contentUrl":"https:\/\/secure.gravatar.com\/avatar\/4ce797ee07c943e7e592f8cd648e503e6cd571387558ed07135799c2bd2847df?s=96&d=mm&r=g","caption":"ayun"},"sameAs":["http:\/\/www.caudete.org\/ayuntamiento"],"url":"https:\/\/www.caudete.org\/ayuntamiento\/author\/ayun\/"}]}},"_links":{"self":[{"href":"https:\/\/www.caudete.org\/ayuntamiento\/wp-json\/wp\/v2\/posts\/20959","targetHints":{"allow":["GET"]}}],"collection":[{"href":"https:\/\/www.caudete.org\/ayuntamiento\/wp-json\/wp\/v2\/posts"}],"about":[{"href":"https:\/\/www.caudete.org\/ayuntamiento\/wp-json\/wp\/v2\/types\/post"}],"author":[{"embeddable":true,"href":"https:\/\/www.caudete.org\/ayuntamiento\/wp-json\/wp\/v2\/users\/1"}],"replies":[{"embeddable":true,"href":"https:\/\/www.caudete.org\/ayuntamiento\/wp-json\/wp\/v2\/comments?post=20959"}],"version-history":[{"count":2,"href":"https:\/\/www.caudete.org\/ayuntamiento\/wp-json\/wp\/v2\/posts\/20959\/revisions"}],"predecessor-version":[{"id":21875,"href":"https:\/\/www.caudete.org\/ayuntamiento\/wp-json\/wp\/v2\/posts\/20959\/revisions\/21875"}],"wp:featuredmedia":[{"embeddable":true,"href":"https:\/\/www.caudete.org\/ayuntamiento\/wp-json\/wp\/v2\/media\/16555"}],"wp:attachment":[{"href":"https:\/\/www.caudete.org\/ayuntamiento\/wp-json\/wp\/v2\/media?parent=20959"}],"wp:term":[{"taxonomy":"category","embeddable":true,"href":"https:\/\/www.caudete.org\/ayuntamiento\/wp-json\/wp\/v2\/categories?post=20959"},{"taxonomy":"post_tag","embeddable":true,"href":"https:\/\/www.caudete.org\/ayuntamiento\/wp-json\/wp\/v2\/tags?post=20959"}],"curies":[{"name":"wp","href":"https:\/\/api.w.org\/{rel}","templated":true}]}}