{"id":20961,"date":"2022-12-22T22:03:53","date_gmt":"2022-12-22T21:03:53","guid":{"rendered":"https:\/\/www.caudete.org\/ayuntamiento\/?p=20961"},"modified":"2022-12-22T22:03:53","modified_gmt":"2022-12-22T21:03:53","slug":"navidad-en-compania-ningun-mayor-solo-2","status":"publish","type":"post","link":"https:\/\/www.caudete.org\/ayuntamiento\/navidad-en-compania-ningun-mayor-solo-2\/","title":{"rendered":"Navidad en compa\u00f1\u00eda, ning\u00fan mayor solo"},"content":{"rendered":"<p style=\"text-align: justify;\"><span style=\"font-family: georgia, palatino, serif; font-size: 12pt; color: #000000;\">De nuevo con la llegada de la Navidad las Concejal\u00edas de Bienestar Social y Mayores pone en marcha un programa dirigido a las personas mayores que se encuentren solas con el fin de que \u00abtengan una mano que coger y una cara a la que sonre\u00edr\u00bb. <\/span><\/p>\n<p style=\"text-align: justify;\"><span style=\"font-family: georgia, palatino, serif; font-size: 12pt; color: #000000;\">La campa\u00f1a, impulsada en el territorio castellanomanchego en colaboraci\u00f3n con Acescam, busca proporcionar acompa\u00f1amiento y cuidados a las personas que as\u00ed lo pidan. De esta forma, se abrir\u00e1 para ellos las puertas de la Residencia de Ancianos, con el objetivo de que no est\u00e9n solos en estas fechas tan entra\u00f1ables.<\/span><\/p>\n<p style=\"text-align: justify;\"><span style=\"font-family: georgia, palatino, serif; font-size: 12pt; color: #000000;\">El \u00fanico requisito es ser mayor de 60 a\u00f1os, y estar en situaci\u00f3n de soledad.\u00a0 <\/span><\/p>\n<p style=\"text-align: justify;\"><span style=\"font-family: georgia, palatino, serif; font-size: 12pt; color: #000000;\">Para reservar la plaza, es necesario llamar al tel\u00e9fono 96.582.79.33 (Servicios Sociales), o al 96.582.70.76 (Residencia de Mayores San Juan Evangelista).<\/span><\/p>\n","protected":false},"excerpt":{"rendered":"<p>De nuevo con la llegada de la Navidad las Concejal\u00edas de Bienestar Social y Mayores pone en marcha un programa dirigido a las personas mayores que se encuentren solas con el fin de que \u00abtengan una mano que coger y una cara a la que sonre\u00edr\u00bb. La campa\u00f1a, impulsada en el territorio castellanomanchego en colaboraci\u00f3n &hellip;<\/p>\n","protected":false},"author":3,"featured_media":20962,"comment_status":"closed","ping_status":"open","sticky":false,"template":"","format":"standard","meta":{"ngg_post_thumbnail":0,"footnotes":""},"categories":[51],"tags":[],"class_list":["post-20961","post","type-post","status-publish","format-standard","has-post-thumbnail","hentry","category-bienestar-social"],"yoast_head":"<!-- This site is optimized with the Yoast SEO plugin v27.5 - https:\/\/yoast.com\/product\/yoast-seo-wordpress\/ -->\n<title>Navidad en compa\u00f1\u00eda, ning\u00fan mayor solo - MI Ayuntamiento de Caudete<\/title>\n<meta name=\"description\" content=\"P\u00e1gina Oficial del Ayuntamiento de Caudete (Albacete)\" \/>\n<meta name=\"robots\" content=\"index, follow, max-snippet:-1, max-image-preview:large, max-video-preview:-1\" \/>\n<link rel=\"canonical\" href=\"https:\/\/www.caudete.org\/ayuntamiento\/navidad-en-compania-ningun-mayor-solo-2\/\" \/>\n<meta property=\"og:locale\" content=\"es_ES\" \/>\n<meta property=\"og:type\" content=\"article\" \/>\n<meta property=\"og:title\" content=\"Navidad en compa\u00f1\u00eda, ning\u00fan mayor solo - MI Ayuntamiento de Caudete\" \/>\n<meta property=\"og:description\" content=\"P\u00e1gina Oficial del Ayuntamiento de Caudete (Albacete)\" \/>\n<meta property=\"og:url\" content=\"https:\/\/www.caudete.org\/ayuntamiento\/navidad-en-compania-ningun-mayor-solo-2\/\" \/>\n<meta property=\"og:site_name\" content=\"MI Ayuntamiento de Caudete\" \/>\n<meta property=\"article:publisher\" content=\"https:\/\/www.facebook.com\/ayuntamientocaudete\/\" \/>\n<meta property=\"article:published_time\" content=\"2022-12-22T21:03:53+00:00\" \/>\n<meta property=\"og:image\" content=\"https:\/\/www.caudete.org\/ayuntamiento\/wp-content\/uploads\/2022\/12\/IMG-20221215-WA0003-Navidad-Ningun-Mayor-Solo.jpg\" \/>\n\t<meta property=\"og:image:width\" content=\"2048\" \/>\n\t<meta property=\"og:image:height\" content=\"683\" \/>\n\t<meta property=\"og:image:type\" content=\"image\/jpeg\" \/>\n<meta name=\"author\" content=\"alcalde\" \/>\n<meta name=\"twitter:card\" content=\"summary_large_image\" \/>\n<meta name=\"twitter:label1\" content=\"Escrito por\" \/>\n\t<meta name=\"twitter:data1\" content=\"alcalde\" \/>\n\t<meta name=\"twitter:label2\" content=\"Tiempo de lectura\" \/>\n\t<meta name=\"twitter:data2\" content=\"1 minuto\" \/>\n<script type=\"application\/ld+json\" class=\"yoast-schema-graph\">{\"@context\":\"https:\\\/\\\/schema.org\",\"@graph\":[{\"@type\":\"Article\",\"@id\":\"https:\\\/\\\/www.caudete.org\\\/ayuntamiento\\\/navidad-en-compania-ningun-mayor-solo-2\\\/#article\",\"isPartOf\":{\"@id\":\"https:\\\/\\\/www.caudete.org\\\/ayuntamiento\\\/navidad-en-compania-ningun-mayor-solo-2\\\/\"},\"author\":{\"name\":\"alcalde\",\"@id\":\"https:\\\/\\\/www.caudete.org\\\/ayuntamiento\\\/#\\\/schema\\\/person\\\/cc646da9133078ee4d8dd47457947253\"},\"headline\":\"Navidad en compa\u00f1\u00eda, ning\u00fan mayor solo\",\"datePublished\":\"2022-12-22T21:03:53+00:00\",\"mainEntityOfPage\":{\"@id\":\"https:\\\/\\\/www.caudete.org\\\/ayuntamiento\\\/navidad-en-compania-ningun-mayor-solo-2\\\/\"},\"wordCount\":147,\"image\":{\"@id\":\"https:\\\/\\\/www.caudete.org\\\/ayuntamiento\\\/navidad-en-compania-ningun-mayor-solo-2\\\/#primaryimage\"},\"thumbnailUrl\":\"https:\\\/\\\/www.caudete.org\\\/ayuntamiento\\\/wp-content\\\/uploads\\\/2022\\\/12\\\/IMG-20221215-WA0003-Navidad-Ningun-Mayor-Solo.jpg\",\"articleSection\":[\"Bienestar Social\"],\"inLanguage\":\"es\"},{\"@type\":\"WebPage\",\"@id\":\"https:\\\/\\\/www.caudete.org\\\/ayuntamiento\\\/navidad-en-compania-ningun-mayor-solo-2\\\/\",\"url\":\"https:\\\/\\\/www.caudete.org\\\/ayuntamiento\\\/navidad-en-compania-ningun-mayor-solo-2\\\/\",\"name\":\"Navidad en compa\u00f1\u00eda, ning\u00fan mayor solo - MI Ayuntamiento de Caudete\",\"isPartOf\":{\"@id\":\"https:\\\/\\\/www.caudete.org\\\/ayuntamiento\\\/#website\"},\"primaryImageOfPage\":{\"@id\":\"https:\\\/\\\/www.caudete.org\\\/ayuntamiento\\\/navidad-en-compania-ningun-mayor-solo-2\\\/#primaryimage\"},\"image\":{\"@id\":\"https:\\\/\\\/www.caudete.org\\\/ayuntamiento\\\/navidad-en-compania-ningun-mayor-solo-2\\\/#primaryimage\"},\"thumbnailUrl\":\"https:\\\/\\\/www.caudete.org\\\/ayuntamiento\\\/wp-content\\\/uploads\\\/2022\\\/12\\\/IMG-20221215-WA0003-Navidad-Ningun-Mayor-Solo.jpg\",\"datePublished\":\"2022-12-22T21:03:53+00:00\",\"author\":{\"@id\":\"https:\\\/\\\/www.caudete.org\\\/ayuntamiento\\\/#\\\/schema\\\/person\\\/cc646da9133078ee4d8dd47457947253\"},\"description\":\"P\u00e1gina Oficial del Ayuntamiento de Caudete (Albacete)\",\"breadcrumb\":{\"@id\":\"https:\\\/\\\/www.caudete.org\\\/ayuntamiento\\\/navidad-en-compania-ningun-mayor-solo-2\\\/#breadcrumb\"},\"inLanguage\":\"es\",\"potentialAction\":[{\"@type\":\"ReadAction\",\"target\":[\"https:\\\/\\\/www.caudete.org\\\/ayuntamiento\\\/navidad-en-compania-ningun-mayor-solo-2\\\/\"]}]},{\"@type\":\"ImageObject\",\"inLanguage\":\"es\",\"@id\":\"https:\\\/\\\/www.caudete.org\\\/ayuntamiento\\\/navidad-en-compania-ningun-mayor-solo-2\\\/#primaryimage\",\"url\":\"https:\\\/\\\/www.caudete.org\\\/ayuntamiento\\\/wp-content\\\/uploads\\\/2022\\\/12\\\/IMG-20221215-WA0003-Navidad-Ningun-Mayor-Solo.jpg\",\"contentUrl\":\"https:\\\/\\\/www.caudete.org\\\/ayuntamiento\\\/wp-content\\\/uploads\\\/2022\\\/12\\\/IMG-20221215-WA0003-Navidad-Ningun-Mayor-Solo.jpg\",\"width\":2048,\"height\":683},{\"@type\":\"BreadcrumbList\",\"@id\":\"https:\\\/\\\/www.caudete.org\\\/ayuntamiento\\\/navidad-en-compania-ningun-mayor-solo-2\\\/#breadcrumb\",\"itemListElement\":[{\"@type\":\"ListItem\",\"position\":1,\"name\":\"Inicio\",\"item\":\"https:\\\/\\\/www.caudete.org\\\/ayuntamiento\\\/\"},{\"@type\":\"ListItem\",\"position\":2,\"name\":\"Navidad en compa\u00f1\u00eda, ning\u00fan mayor solo\"}]},{\"@type\":\"WebSite\",\"@id\":\"https:\\\/\\\/www.caudete.org\\\/ayuntamiento\\\/#website\",\"url\":\"https:\\\/\\\/www.caudete.org\\\/ayuntamiento\\\/\",\"name\":\"MI Ayuntamiento de Caudete\",\"description\":\"P\u00e1gina Oficial del MI Ayuntamiento de Caudete\",\"potentialAction\":[{\"@type\":\"SearchAction\",\"target\":{\"@type\":\"EntryPoint\",\"urlTemplate\":\"https:\\\/\\\/www.caudete.org\\\/ayuntamiento\\\/?s={search_term_string}\"},\"query-input\":{\"@type\":\"PropertyValueSpecification\",\"valueRequired\":true,\"valueName\":\"search_term_string\"}}],\"inLanguage\":\"es\"},{\"@type\":\"Person\",\"@id\":\"https:\\\/\\\/www.caudete.org\\\/ayuntamiento\\\/#\\\/schema\\\/person\\\/cc646da9133078ee4d8dd47457947253\",\"name\":\"alcalde\",\"image\":{\"@type\":\"ImageObject\",\"inLanguage\":\"es\",\"@id\":\"https:\\\/\\\/secure.gravatar.com\\\/avatar\\\/84a817ba065b29ff08d666b215a215f5c79186a645ccb25b14a663d48a130f77?s=96&d=mm&r=g\",\"url\":\"https:\\\/\\\/secure.gravatar.com\\\/avatar\\\/84a817ba065b29ff08d666b215a215f5c79186a645ccb25b14a663d48a130f77?s=96&d=mm&r=g\",\"contentUrl\":\"https:\\\/\\\/secure.gravatar.com\\\/avatar\\\/84a817ba065b29ff08d666b215a215f5c79186a645ccb25b14a663d48a130f77?s=96&d=mm&r=g\",\"caption\":\"alcalde\"},\"url\":\"https:\\\/\\\/www.caudete.org\\\/ayuntamiento\\\/author\\\/alcalde\\\/\"}]}<\/script>\n<!-- \/ Yoast SEO plugin. -->","yoast_head_json":{"title":"Navidad en compa\u00f1\u00eda, ning\u00fan mayor solo - MI Ayuntamiento de Caudete","description":"P\u00e1gina Oficial del Ayuntamiento de Caudete (Albacete)","robots":{"index":"index","follow":"follow","max-snippet":"max-snippet:-1","max-image-preview":"max-image-preview:large","max-video-preview":"max-video-preview:-1"},"canonical":"https:\/\/www.caudete.org\/ayuntamiento\/navidad-en-compania-ningun-mayor-solo-2\/","og_locale":"es_ES","og_type":"article","og_title":"Navidad en compa\u00f1\u00eda, ning\u00fan mayor solo - MI Ayuntamiento de Caudete","og_description":"P\u00e1gina Oficial del Ayuntamiento de Caudete (Albacete)","og_url":"https:\/\/www.caudete.org\/ayuntamiento\/navidad-en-compania-ningun-mayor-solo-2\/","og_site_name":"MI Ayuntamiento de Caudete","article_publisher":"https:\/\/www.facebook.com\/ayuntamientocaudete\/","article_published_time":"2022-12-22T21:03:53+00:00","og_image":[{"width":2048,"height":683,"url":"https:\/\/www.caudete.org\/ayuntamiento\/wp-content\/uploads\/2022\/12\/IMG-20221215-WA0003-Navidad-Ningun-Mayor-Solo.jpg","type":"image\/jpeg"}],"author":"alcalde","twitter_card":"summary_large_image","twitter_misc":{"Escrito por":"alcalde","Tiempo de lectura":"1 minuto"},"schema":{"@context":"https:\/\/schema.org","@graph":[{"@type":"Article","@id":"https:\/\/www.caudete.org\/ayuntamiento\/navidad-en-compania-ningun-mayor-solo-2\/#article","isPartOf":{"@id":"https:\/\/www.caudete.org\/ayuntamiento\/navidad-en-compania-ningun-mayor-solo-2\/"},"author":{"name":"alcalde","@id":"https:\/\/www.caudete.org\/ayuntamiento\/#\/schema\/person\/cc646da9133078ee4d8dd47457947253"},"headline":"Navidad en compa\u00f1\u00eda, ning\u00fan mayor solo","datePublished":"2022-12-22T21:03:53+00:00","mainEntityOfPage":{"@id":"https:\/\/www.caudete.org\/ayuntamiento\/navidad-en-compania-ningun-mayor-solo-2\/"},"wordCount":147,"image":{"@id":"https:\/\/www.caudete.org\/ayuntamiento\/navidad-en-compania-ningun-mayor-solo-2\/#primaryimage"},"thumbnailUrl":"https:\/\/www.caudete.org\/ayuntamiento\/wp-content\/uploads\/2022\/12\/IMG-20221215-WA0003-Navidad-Ningun-Mayor-Solo.jpg","articleSection":["Bienestar Social"],"inLanguage":"es"},{"@type":"WebPage","@id":"https:\/\/www.caudete.org\/ayuntamiento\/navidad-en-compania-ningun-mayor-solo-2\/","url":"https:\/\/www.caudete.org\/ayuntamiento\/navidad-en-compania-ningun-mayor-solo-2\/","name":"Navidad en compa\u00f1\u00eda, ning\u00fan mayor solo - MI Ayuntamiento de Caudete","isPartOf":{"@id":"https:\/\/www.caudete.org\/ayuntamiento\/#website"},"primaryImageOfPage":{"@id":"https:\/\/www.caudete.org\/ayuntamiento\/navidad-en-compania-ningun-mayor-solo-2\/#primaryimage"},"image":{"@id":"https:\/\/www.caudete.org\/ayuntamiento\/navidad-en-compania-ningun-mayor-solo-2\/#primaryimage"},"thumbnailUrl":"https:\/\/www.caudete.org\/ayuntamiento\/wp-content\/uploads\/2022\/12\/IMG-20221215-WA0003-Navidad-Ningun-Mayor-Solo.jpg","datePublished":"2022-12-22T21:03:53+00:00","author":{"@id":"https:\/\/www.caudete.org\/ayuntamiento\/#\/schema\/person\/cc646da9133078ee4d8dd47457947253"},"description":"P\u00e1gina Oficial del Ayuntamiento de Caudete (Albacete)","breadcrumb":{"@id":"https:\/\/www.caudete.org\/ayuntamiento\/navidad-en-compania-ningun-mayor-solo-2\/#breadcrumb"},"inLanguage":"es","potentialAction":[{"@type":"ReadAction","target":["https:\/\/www.caudete.org\/ayuntamiento\/navidad-en-compania-ningun-mayor-solo-2\/"]}]},{"@type":"ImageObject","inLanguage":"es","@id":"https:\/\/www.caudete.org\/ayuntamiento\/navidad-en-compania-ningun-mayor-solo-2\/#primaryimage","url":"https:\/\/www.caudete.org\/ayuntamiento\/wp-content\/uploads\/2022\/12\/IMG-20221215-WA0003-Navidad-Ningun-Mayor-Solo.jpg","contentUrl":"https:\/\/www.caudete.org\/ayuntamiento\/wp-content\/uploads\/2022\/12\/IMG-20221215-WA0003-Navidad-Ningun-Mayor-Solo.jpg","width":2048,"height":683},{"@type":"BreadcrumbList","@id":"https:\/\/www.caudete.org\/ayuntamiento\/navidad-en-compania-ningun-mayor-solo-2\/#breadcrumb","itemListElement":[{"@type":"ListItem","position":1,"name":"Inicio","item":"https:\/\/www.caudete.org\/ayuntamiento\/"},{"@type":"ListItem","position":2,"name":"Navidad en compa\u00f1\u00eda, ning\u00fan mayor solo"}]},{"@type":"WebSite","@id":"https:\/\/www.caudete.org\/ayuntamiento\/#website","url":"https:\/\/www.caudete.org\/ayuntamiento\/","name":"MI Ayuntamiento de Caudete","description":"P\u00e1gina Oficial del MI Ayuntamiento de Caudete","potentialAction":[{"@type":"SearchAction","target":{"@type":"EntryPoint","urlTemplate":"https:\/\/www.caudete.org\/ayuntamiento\/?s={search_term_string}"},"query-input":{"@type":"PropertyValueSpecification","valueRequired":true,"valueName":"search_term_string"}}],"inLanguage":"es"},{"@type":"Person","@id":"https:\/\/www.caudete.org\/ayuntamiento\/#\/schema\/person\/cc646da9133078ee4d8dd47457947253","name":"alcalde","image":{"@type":"ImageObject","inLanguage":"es","@id":"https:\/\/secure.gravatar.com\/avatar\/84a817ba065b29ff08d666b215a215f5c79186a645ccb25b14a663d48a130f77?s=96&d=mm&r=g","url":"https:\/\/secure.gravatar.com\/avatar\/84a817ba065b29ff08d666b215a215f5c79186a645ccb25b14a663d48a130f77?s=96&d=mm&r=g","contentUrl":"https:\/\/secure.gravatar.com\/avatar\/84a817ba065b29ff08d666b215a215f5c79186a645ccb25b14a663d48a130f77?s=96&d=mm&r=g","caption":"alcalde"},"url":"https:\/\/www.caudete.org\/ayuntamiento\/author\/alcalde\/"}]}},"_links":{"self":[{"href":"https:\/\/www.caudete.org\/ayuntamiento\/wp-json\/wp\/v2\/posts\/20961","targetHints":{"allow":["GET"]}}],"collection":[{"href":"https:\/\/www.caudete.org\/ayuntamiento\/wp-json\/wp\/v2\/posts"}],"about":[{"href":"https:\/\/www.caudete.org\/ayuntamiento\/wp-json\/wp\/v2\/types\/post"}],"author":[{"embeddable":true,"href":"https:\/\/www.caudete.org\/ayuntamiento\/wp-json\/wp\/v2\/users\/3"}],"replies":[{"embeddable":true,"href":"https:\/\/www.caudete.org\/ayuntamiento\/wp-json\/wp\/v2\/comments?post=20961"}],"version-history":[{"count":1,"href":"https:\/\/www.caudete.org\/ayuntamiento\/wp-json\/wp\/v2\/posts\/20961\/revisions"}],"predecessor-version":[{"id":20963,"href":"https:\/\/www.caudete.org\/ayuntamiento\/wp-json\/wp\/v2\/posts\/20961\/revisions\/20963"}],"wp:featuredmedia":[{"embeddable":true,"href":"https:\/\/www.caudete.org\/ayuntamiento\/wp-json\/wp\/v2\/media\/20962"}],"wp:attachment":[{"href":"https:\/\/www.caudete.org\/ayuntamiento\/wp-json\/wp\/v2\/media?parent=20961"}],"wp:term":[{"taxonomy":"category","embeddable":true,"href":"https:\/\/www.caudete.org\/ayuntamiento\/wp-json\/wp\/v2\/categories?post=20961"},{"taxonomy":"post_tag","embeddable":true,"href":"https:\/\/www.caudete.org\/ayuntamiento\/wp-json\/wp\/v2\/tags?post=20961"}],"curies":[{"name":"wp","href":"https:\/\/api.w.org\/{rel}","templated":true}]}}