{"id":20980,"date":"2022-12-28T17:59:25","date_gmt":"2022-12-28T16:59:25","guid":{"rendered":"https:\/\/www.caudete.org\/ayuntamiento\/?p=20980"},"modified":"2022-12-28T17:59:25","modified_gmt":"2022-12-28T16:59:25","slug":"los-177-aspirantes-a-las-5-plazas-de-policia-comenzaran-las-pruebas-el-3-de-enero","status":"publish","type":"post","link":"https:\/\/www.caudete.org\/ayuntamiento\/los-177-aspirantes-a-las-5-plazas-de-policia-comenzaran-las-pruebas-el-3-de-enero\/","title":{"rendered":"Los 177 aspirantes a las 5 plazas de Polic\u00eda comenzar\u00e1n las pruebas el 3 de Enero"},"content":{"rendered":"<p style=\"text-align: justify;\">La Concejal de Recursos Humanos, Mar\u00eda del Mar Requena, ha informado esta ma\u00f1ana sobre la lista definitiva de aspirantes a Polic\u00eda Local enmarcada en la convocatoria que hace unas semanas se realizaba para cubrir 5 plazas de Agente en el cuerpo de la Polic\u00eda Local de Caudete.<\/p>\n<p style=\"text-align: justify;\">Del total inicial de 187 solicitudes registradas, finalmente son 177 los admitidos al proceso selectivo que dar\u00e1 comienzo el d\u00eda 3 de Enero con la realizaci\u00f3n de las pruebas f\u00edsicas, eliminatorias, en la ciudad deportiva de la vecina localidad de Almansa.<\/p>\n<p style=\"text-align: justify;\">El listado definitivo de aspirantes fue publicado el pasado jueves 23 de Diciembre mediante Resoluci\u00f3n n\u00ba3308 (disponible en el Tabl\u00f3n de Anuncios).<\/p>\n<p style=\"text-align: justify;\">La Concejal remarcaba el cumplimiento de uno de los objetivos en materia de Seguridad para el presente mandato por el Gobierno Municipal, donde ampliar los recursos humanos del cuerpo policial era la principal cuesti\u00f3n.<\/p>\n<p style=\"text-align: center;\"><a href=\"https:\/\/caudete.sedipualba.es\/tablondeanuncios\/anuncio.aspx?id=43564\" target=\"_blank\" rel=\"nofollow\">ACCESO TABL\u00d3N<\/a><\/p>\n","protected":false},"excerpt":{"rendered":"<p>La Concejal de Recursos Humanos, Mar\u00eda del Mar Requena, ha informado esta ma\u00f1ana sobre la lista definitiva de aspirantes a Polic\u00eda Local enmarcada en la convocatoria que hace unas semanas se realizaba para cubrir 5 plazas de Agente en el cuerpo de la Polic\u00eda Local de Caudete. Del total inicial de 187 solicitudes registradas, finalmente &hellip;<\/p>\n","protected":false},"author":3,"featured_media":20981,"comment_status":"closed","ping_status":"open","sticky":false,"template":"","format":"standard","meta":{"ngg_post_thumbnail":0,"footnotes":""},"categories":[33],"tags":[],"class_list":["post-20980","post","type-post","status-publish","format-standard","has-post-thumbnail","hentry","category-recursos-humanos"],"yoast_head":"<!-- This site is optimized with the Yoast SEO plugin v27.5 - https:\/\/yoast.com\/product\/yoast-seo-wordpress\/ -->\n<title>Los 177 aspirantes a las 5 plazas de Polic\u00eda comenzar\u00e1n las pruebas el 3 de Enero - MI Ayuntamiento de Caudete<\/title>\n<meta name=\"description\" content=\"P\u00e1gina Oficial del Ayuntamiento de Caudete (Albacete)\" \/>\n<meta name=\"robots\" content=\"index, follow, max-snippet:-1, max-image-preview:large, max-video-preview:-1\" \/>\n<link rel=\"canonical\" href=\"https:\/\/www.caudete.org\/ayuntamiento\/los-177-aspirantes-a-las-5-plazas-de-policia-comenzaran-las-pruebas-el-3-de-enero\/\" \/>\n<meta property=\"og:locale\" content=\"es_ES\" \/>\n<meta property=\"og:type\" content=\"article\" \/>\n<meta property=\"og:title\" content=\"Los 177 aspirantes a las 5 plazas de Polic\u00eda comenzar\u00e1n las pruebas el 3 de Enero - MI Ayuntamiento de Caudete\" \/>\n<meta property=\"og:description\" content=\"P\u00e1gina Oficial del Ayuntamiento de Caudete (Albacete)\" \/>\n<meta property=\"og:url\" content=\"https:\/\/www.caudete.org\/ayuntamiento\/los-177-aspirantes-a-las-5-plazas-de-policia-comenzaran-las-pruebas-el-3-de-enero\/\" \/>\n<meta property=\"og:site_name\" content=\"MI Ayuntamiento de Caudete\" \/>\n<meta property=\"article:publisher\" content=\"https:\/\/www.facebook.com\/ayuntamientocaudete\/\" \/>\n<meta property=\"article:published_time\" content=\"2022-12-28T16:59:25+00:00\" \/>\n<meta property=\"og:image\" content=\"https:\/\/www.caudete.org\/ayuntamiento\/wp-content\/uploads\/2022\/12\/177-ASPIRANTES-POLICIA-LOCAL.jpg\" \/>\n\t<meta property=\"og:image:width\" content=\"841\" \/>\n\t<meta property=\"og:image:height\" content=\"744\" \/>\n\t<meta property=\"og:image:type\" content=\"image\/jpeg\" \/>\n<meta name=\"author\" content=\"alcalde\" \/>\n<meta name=\"twitter:card\" content=\"summary_large_image\" \/>\n<meta name=\"twitter:label1\" content=\"Escrito por\" \/>\n\t<meta name=\"twitter:data1\" content=\"alcalde\" \/>\n\t<meta name=\"twitter:label2\" content=\"Tiempo de lectura\" \/>\n\t<meta name=\"twitter:data2\" content=\"1 minuto\" \/>\n<script type=\"application\/ld+json\" class=\"yoast-schema-graph\">{\"@context\":\"https:\\\/\\\/schema.org\",\"@graph\":[{\"@type\":\"Article\",\"@id\":\"https:\\\/\\\/www.caudete.org\\\/ayuntamiento\\\/los-177-aspirantes-a-las-5-plazas-de-policia-comenzaran-las-pruebas-el-3-de-enero\\\/#article\",\"isPartOf\":{\"@id\":\"https:\\\/\\\/www.caudete.org\\\/ayuntamiento\\\/los-177-aspirantes-a-las-5-plazas-de-policia-comenzaran-las-pruebas-el-3-de-enero\\\/\"},\"author\":{\"name\":\"alcalde\",\"@id\":\"https:\\\/\\\/www.caudete.org\\\/ayuntamiento\\\/#\\\/schema\\\/person\\\/cc646da9133078ee4d8dd47457947253\"},\"headline\":\"Los 177 aspirantes a las 5 plazas de Polic\u00eda comenzar\u00e1n las pruebas el 3 de Enero\",\"datePublished\":\"2022-12-28T16:59:25+00:00\",\"mainEntityOfPage\":{\"@id\":\"https:\\\/\\\/www.caudete.org\\\/ayuntamiento\\\/los-177-aspirantes-a-las-5-plazas-de-policia-comenzaran-las-pruebas-el-3-de-enero\\\/\"},\"wordCount\":167,\"image\":{\"@id\":\"https:\\\/\\\/www.caudete.org\\\/ayuntamiento\\\/los-177-aspirantes-a-las-5-plazas-de-policia-comenzaran-las-pruebas-el-3-de-enero\\\/#primaryimage\"},\"thumbnailUrl\":\"https:\\\/\\\/www.caudete.org\\\/ayuntamiento\\\/wp-content\\\/uploads\\\/2022\\\/12\\\/177-ASPIRANTES-POLICIA-LOCAL.jpg\",\"articleSection\":[\"Recursos Humanos\"],\"inLanguage\":\"es\"},{\"@type\":\"WebPage\",\"@id\":\"https:\\\/\\\/www.caudete.org\\\/ayuntamiento\\\/los-177-aspirantes-a-las-5-plazas-de-policia-comenzaran-las-pruebas-el-3-de-enero\\\/\",\"url\":\"https:\\\/\\\/www.caudete.org\\\/ayuntamiento\\\/los-177-aspirantes-a-las-5-plazas-de-policia-comenzaran-las-pruebas-el-3-de-enero\\\/\",\"name\":\"Los 177 aspirantes a las 5 plazas de Polic\u00eda comenzar\u00e1n las pruebas el 3 de Enero - MI Ayuntamiento de Caudete\",\"isPartOf\":{\"@id\":\"https:\\\/\\\/www.caudete.org\\\/ayuntamiento\\\/#website\"},\"primaryImageOfPage\":{\"@id\":\"https:\\\/\\\/www.caudete.org\\\/ayuntamiento\\\/los-177-aspirantes-a-las-5-plazas-de-policia-comenzaran-las-pruebas-el-3-de-enero\\\/#primaryimage\"},\"image\":{\"@id\":\"https:\\\/\\\/www.caudete.org\\\/ayuntamiento\\\/los-177-aspirantes-a-las-5-plazas-de-policia-comenzaran-las-pruebas-el-3-de-enero\\\/#primaryimage\"},\"thumbnailUrl\":\"https:\\\/\\\/www.caudete.org\\\/ayuntamiento\\\/wp-content\\\/uploads\\\/2022\\\/12\\\/177-ASPIRANTES-POLICIA-LOCAL.jpg\",\"datePublished\":\"2022-12-28T16:59:25+00:00\",\"author\":{\"@id\":\"https:\\\/\\\/www.caudete.org\\\/ayuntamiento\\\/#\\\/schema\\\/person\\\/cc646da9133078ee4d8dd47457947253\"},\"description\":\"P\u00e1gina Oficial del Ayuntamiento de Caudete (Albacete)\",\"breadcrumb\":{\"@id\":\"https:\\\/\\\/www.caudete.org\\\/ayuntamiento\\\/los-177-aspirantes-a-las-5-plazas-de-policia-comenzaran-las-pruebas-el-3-de-enero\\\/#breadcrumb\"},\"inLanguage\":\"es\",\"potentialAction\":[{\"@type\":\"ReadAction\",\"target\":[\"https:\\\/\\\/www.caudete.org\\\/ayuntamiento\\\/los-177-aspirantes-a-las-5-plazas-de-policia-comenzaran-las-pruebas-el-3-de-enero\\\/\"]}]},{\"@type\":\"ImageObject\",\"inLanguage\":\"es\",\"@id\":\"https:\\\/\\\/www.caudete.org\\\/ayuntamiento\\\/los-177-aspirantes-a-las-5-plazas-de-policia-comenzaran-las-pruebas-el-3-de-enero\\\/#primaryimage\",\"url\":\"https:\\\/\\\/www.caudete.org\\\/ayuntamiento\\\/wp-content\\\/uploads\\\/2022\\\/12\\\/177-ASPIRANTES-POLICIA-LOCAL.jpg\",\"contentUrl\":\"https:\\\/\\\/www.caudete.org\\\/ayuntamiento\\\/wp-content\\\/uploads\\\/2022\\\/12\\\/177-ASPIRANTES-POLICIA-LOCAL.jpg\",\"width\":841,\"height\":744},{\"@type\":\"BreadcrumbList\",\"@id\":\"https:\\\/\\\/www.caudete.org\\\/ayuntamiento\\\/los-177-aspirantes-a-las-5-plazas-de-policia-comenzaran-las-pruebas-el-3-de-enero\\\/#breadcrumb\",\"itemListElement\":[{\"@type\":\"ListItem\",\"position\":1,\"name\":\"Inicio\",\"item\":\"https:\\\/\\\/www.caudete.org\\\/ayuntamiento\\\/\"},{\"@type\":\"ListItem\",\"position\":2,\"name\":\"Los 177 aspirantes a las 5 plazas de Polic\u00eda comenzar\u00e1n las pruebas el 3 de Enero\"}]},{\"@type\":\"WebSite\",\"@id\":\"https:\\\/\\\/www.caudete.org\\\/ayuntamiento\\\/#website\",\"url\":\"https:\\\/\\\/www.caudete.org\\\/ayuntamiento\\\/\",\"name\":\"MI Ayuntamiento de Caudete\",\"description\":\"P\u00e1gina Oficial del MI Ayuntamiento de Caudete\",\"potentialAction\":[{\"@type\":\"SearchAction\",\"target\":{\"@type\":\"EntryPoint\",\"urlTemplate\":\"https:\\\/\\\/www.caudete.org\\\/ayuntamiento\\\/?s={search_term_string}\"},\"query-input\":{\"@type\":\"PropertyValueSpecification\",\"valueRequired\":true,\"valueName\":\"search_term_string\"}}],\"inLanguage\":\"es\"},{\"@type\":\"Person\",\"@id\":\"https:\\\/\\\/www.caudete.org\\\/ayuntamiento\\\/#\\\/schema\\\/person\\\/cc646da9133078ee4d8dd47457947253\",\"name\":\"alcalde\",\"image\":{\"@type\":\"ImageObject\",\"inLanguage\":\"es\",\"@id\":\"https:\\\/\\\/secure.gravatar.com\\\/avatar\\\/84a817ba065b29ff08d666b215a215f5c79186a645ccb25b14a663d48a130f77?s=96&d=mm&r=g\",\"url\":\"https:\\\/\\\/secure.gravatar.com\\\/avatar\\\/84a817ba065b29ff08d666b215a215f5c79186a645ccb25b14a663d48a130f77?s=96&d=mm&r=g\",\"contentUrl\":\"https:\\\/\\\/secure.gravatar.com\\\/avatar\\\/84a817ba065b29ff08d666b215a215f5c79186a645ccb25b14a663d48a130f77?s=96&d=mm&r=g\",\"caption\":\"alcalde\"},\"url\":\"https:\\\/\\\/www.caudete.org\\\/ayuntamiento\\\/author\\\/alcalde\\\/\"}]}<\/script>\n<!-- \/ Yoast SEO plugin. -->","yoast_head_json":{"title":"Los 177 aspirantes a las 5 plazas de Polic\u00eda comenzar\u00e1n las pruebas el 3 de Enero - MI Ayuntamiento de Caudete","description":"P\u00e1gina Oficial del Ayuntamiento de Caudete (Albacete)","robots":{"index":"index","follow":"follow","max-snippet":"max-snippet:-1","max-image-preview":"max-image-preview:large","max-video-preview":"max-video-preview:-1"},"canonical":"https:\/\/www.caudete.org\/ayuntamiento\/los-177-aspirantes-a-las-5-plazas-de-policia-comenzaran-las-pruebas-el-3-de-enero\/","og_locale":"es_ES","og_type":"article","og_title":"Los 177 aspirantes a las 5 plazas de Polic\u00eda comenzar\u00e1n las pruebas el 3 de Enero - MI Ayuntamiento de Caudete","og_description":"P\u00e1gina Oficial del Ayuntamiento de Caudete (Albacete)","og_url":"https:\/\/www.caudete.org\/ayuntamiento\/los-177-aspirantes-a-las-5-plazas-de-policia-comenzaran-las-pruebas-el-3-de-enero\/","og_site_name":"MI Ayuntamiento de Caudete","article_publisher":"https:\/\/www.facebook.com\/ayuntamientocaudete\/","article_published_time":"2022-12-28T16:59:25+00:00","og_image":[{"width":841,"height":744,"url":"https:\/\/www.caudete.org\/ayuntamiento\/wp-content\/uploads\/2022\/12\/177-ASPIRANTES-POLICIA-LOCAL.jpg","type":"image\/jpeg"}],"author":"alcalde","twitter_card":"summary_large_image","twitter_misc":{"Escrito por":"alcalde","Tiempo de lectura":"1 minuto"},"schema":{"@context":"https:\/\/schema.org","@graph":[{"@type":"Article","@id":"https:\/\/www.caudete.org\/ayuntamiento\/los-177-aspirantes-a-las-5-plazas-de-policia-comenzaran-las-pruebas-el-3-de-enero\/#article","isPartOf":{"@id":"https:\/\/www.caudete.org\/ayuntamiento\/los-177-aspirantes-a-las-5-plazas-de-policia-comenzaran-las-pruebas-el-3-de-enero\/"},"author":{"name":"alcalde","@id":"https:\/\/www.caudete.org\/ayuntamiento\/#\/schema\/person\/cc646da9133078ee4d8dd47457947253"},"headline":"Los 177 aspirantes a las 5 plazas de Polic\u00eda comenzar\u00e1n las pruebas el 3 de Enero","datePublished":"2022-12-28T16:59:25+00:00","mainEntityOfPage":{"@id":"https:\/\/www.caudete.org\/ayuntamiento\/los-177-aspirantes-a-las-5-plazas-de-policia-comenzaran-las-pruebas-el-3-de-enero\/"},"wordCount":167,"image":{"@id":"https:\/\/www.caudete.org\/ayuntamiento\/los-177-aspirantes-a-las-5-plazas-de-policia-comenzaran-las-pruebas-el-3-de-enero\/#primaryimage"},"thumbnailUrl":"https:\/\/www.caudete.org\/ayuntamiento\/wp-content\/uploads\/2022\/12\/177-ASPIRANTES-POLICIA-LOCAL.jpg","articleSection":["Recursos Humanos"],"inLanguage":"es"},{"@type":"WebPage","@id":"https:\/\/www.caudete.org\/ayuntamiento\/los-177-aspirantes-a-las-5-plazas-de-policia-comenzaran-las-pruebas-el-3-de-enero\/","url":"https:\/\/www.caudete.org\/ayuntamiento\/los-177-aspirantes-a-las-5-plazas-de-policia-comenzaran-las-pruebas-el-3-de-enero\/","name":"Los 177 aspirantes a las 5 plazas de Polic\u00eda comenzar\u00e1n las pruebas el 3 de Enero - MI Ayuntamiento de Caudete","isPartOf":{"@id":"https:\/\/www.caudete.org\/ayuntamiento\/#website"},"primaryImageOfPage":{"@id":"https:\/\/www.caudete.org\/ayuntamiento\/los-177-aspirantes-a-las-5-plazas-de-policia-comenzaran-las-pruebas-el-3-de-enero\/#primaryimage"},"image":{"@id":"https:\/\/www.caudete.org\/ayuntamiento\/los-177-aspirantes-a-las-5-plazas-de-policia-comenzaran-las-pruebas-el-3-de-enero\/#primaryimage"},"thumbnailUrl":"https:\/\/www.caudete.org\/ayuntamiento\/wp-content\/uploads\/2022\/12\/177-ASPIRANTES-POLICIA-LOCAL.jpg","datePublished":"2022-12-28T16:59:25+00:00","author":{"@id":"https:\/\/www.caudete.org\/ayuntamiento\/#\/schema\/person\/cc646da9133078ee4d8dd47457947253"},"description":"P\u00e1gina Oficial del Ayuntamiento de Caudete (Albacete)","breadcrumb":{"@id":"https:\/\/www.caudete.org\/ayuntamiento\/los-177-aspirantes-a-las-5-plazas-de-policia-comenzaran-las-pruebas-el-3-de-enero\/#breadcrumb"},"inLanguage":"es","potentialAction":[{"@type":"ReadAction","target":["https:\/\/www.caudete.org\/ayuntamiento\/los-177-aspirantes-a-las-5-plazas-de-policia-comenzaran-las-pruebas-el-3-de-enero\/"]}]},{"@type":"ImageObject","inLanguage":"es","@id":"https:\/\/www.caudete.org\/ayuntamiento\/los-177-aspirantes-a-las-5-plazas-de-policia-comenzaran-las-pruebas-el-3-de-enero\/#primaryimage","url":"https:\/\/www.caudete.org\/ayuntamiento\/wp-content\/uploads\/2022\/12\/177-ASPIRANTES-POLICIA-LOCAL.jpg","contentUrl":"https:\/\/www.caudete.org\/ayuntamiento\/wp-content\/uploads\/2022\/12\/177-ASPIRANTES-POLICIA-LOCAL.jpg","width":841,"height":744},{"@type":"BreadcrumbList","@id":"https:\/\/www.caudete.org\/ayuntamiento\/los-177-aspirantes-a-las-5-plazas-de-policia-comenzaran-las-pruebas-el-3-de-enero\/#breadcrumb","itemListElement":[{"@type":"ListItem","position":1,"name":"Inicio","item":"https:\/\/www.caudete.org\/ayuntamiento\/"},{"@type":"ListItem","position":2,"name":"Los 177 aspirantes a las 5 plazas de Polic\u00eda comenzar\u00e1n las pruebas el 3 de Enero"}]},{"@type":"WebSite","@id":"https:\/\/www.caudete.org\/ayuntamiento\/#website","url":"https:\/\/www.caudete.org\/ayuntamiento\/","name":"MI Ayuntamiento de Caudete","description":"P\u00e1gina Oficial del MI Ayuntamiento de Caudete","potentialAction":[{"@type":"SearchAction","target":{"@type":"EntryPoint","urlTemplate":"https:\/\/www.caudete.org\/ayuntamiento\/?s={search_term_string}"},"query-input":{"@type":"PropertyValueSpecification","valueRequired":true,"valueName":"search_term_string"}}],"inLanguage":"es"},{"@type":"Person","@id":"https:\/\/www.caudete.org\/ayuntamiento\/#\/schema\/person\/cc646da9133078ee4d8dd47457947253","name":"alcalde","image":{"@type":"ImageObject","inLanguage":"es","@id":"https:\/\/secure.gravatar.com\/avatar\/84a817ba065b29ff08d666b215a215f5c79186a645ccb25b14a663d48a130f77?s=96&d=mm&r=g","url":"https:\/\/secure.gravatar.com\/avatar\/84a817ba065b29ff08d666b215a215f5c79186a645ccb25b14a663d48a130f77?s=96&d=mm&r=g","contentUrl":"https:\/\/secure.gravatar.com\/avatar\/84a817ba065b29ff08d666b215a215f5c79186a645ccb25b14a663d48a130f77?s=96&d=mm&r=g","caption":"alcalde"},"url":"https:\/\/www.caudete.org\/ayuntamiento\/author\/alcalde\/"}]}},"_links":{"self":[{"href":"https:\/\/www.caudete.org\/ayuntamiento\/wp-json\/wp\/v2\/posts\/20980","targetHints":{"allow":["GET"]}}],"collection":[{"href":"https:\/\/www.caudete.org\/ayuntamiento\/wp-json\/wp\/v2\/posts"}],"about":[{"href":"https:\/\/www.caudete.org\/ayuntamiento\/wp-json\/wp\/v2\/types\/post"}],"author":[{"embeddable":true,"href":"https:\/\/www.caudete.org\/ayuntamiento\/wp-json\/wp\/v2\/users\/3"}],"replies":[{"embeddable":true,"href":"https:\/\/www.caudete.org\/ayuntamiento\/wp-json\/wp\/v2\/comments?post=20980"}],"version-history":[{"count":1,"href":"https:\/\/www.caudete.org\/ayuntamiento\/wp-json\/wp\/v2\/posts\/20980\/revisions"}],"predecessor-version":[{"id":20982,"href":"https:\/\/www.caudete.org\/ayuntamiento\/wp-json\/wp\/v2\/posts\/20980\/revisions\/20982"}],"wp:featuredmedia":[{"embeddable":true,"href":"https:\/\/www.caudete.org\/ayuntamiento\/wp-json\/wp\/v2\/media\/20981"}],"wp:attachment":[{"href":"https:\/\/www.caudete.org\/ayuntamiento\/wp-json\/wp\/v2\/media?parent=20980"}],"wp:term":[{"taxonomy":"category","embeddable":true,"href":"https:\/\/www.caudete.org\/ayuntamiento\/wp-json\/wp\/v2\/categories?post=20980"},{"taxonomy":"post_tag","embeddable":true,"href":"https:\/\/www.caudete.org\/ayuntamiento\/wp-json\/wp\/v2\/tags?post=20980"}],"curies":[{"name":"wp","href":"https:\/\/api.w.org\/{rel}","templated":true}]}}