{"id":20986,"date":"2022-12-29T09:33:37","date_gmt":"2022-12-29T08:33:37","guid":{"rendered":"https:\/\/www.caudete.org\/ayuntamiento\/?p=20986"},"modified":"2022-12-29T09:33:37","modified_gmt":"2022-12-29T08:33:37","slug":"el-material-de-prestamo-se-amplia-con-50m-de-escenario-10-carpas-y-1tv-de-65","status":"publish","type":"post","link":"https:\/\/www.caudete.org\/ayuntamiento\/el-material-de-prestamo-se-amplia-con-50m-de-escenario-10-carpas-y-1tv-de-65\/","title":{"rendered":"El material de pr\u00e9stamo se amplia con 50m de Escenario, 10 Carpas y 1TV de 65&#8221;"},"content":{"rendered":"<p style=\"text-align: justify;\">El\u00a0Ayuntamiento de Caudete\u00a0ha adquirido 50 metros cuadrados de escenario (con escalera), 10 carpas plegables con estructura de aluminio y lona impermeable y 1 TV de 65&#8221; con el objetivo de poder mejorar y ampliar el material de pr\u00e9stamo que el Consistorio realiza a asociaciones locales por medio de la Concejal\u00eda de Participaci\u00f3n Ciudadana.<\/p>\n<p style=\"text-align: justify;\">La inversi\u00f3n ha rondado los 18.000 euros, seg\u00fan ha explicado Pilar Egea, concejal de Participaci\u00f3n, quien ha a\u00f1adido que tras las inversiones realizadas en este a\u00f1o 2022, toca ahora reflejar en la Ordenanza las nuevas adquisiciones y las cuestiones que se consideren oportunas.<\/p>\n<p>Las empresas suministradoras, han resultado ser para el escenario Grup Viada Matar\u00f3, S.L., para las carpas Europea de Stands y Carpas S.L. y para la tv Electrodom\u00e9sticos P\u00e9rez, S.L.<\/p>\n<p style=\"text-align: justify;\">Destacaba que en 2022 se han invertido en esta \u00e1rea un total de 30.000 euros, donde a la adquisici\u00f3n ahora anunciada, hay que sumar la presentada hace unas semanas de sillas y mesas.<\/p>\n<p style=\"text-align: justify;\">Con todo ello, se pretende poder atender mejor las m\u00faltiples solicitudes\u00a0para la realizaci\u00f3n de actos o eventos organizados por el tejido asociativo local.<\/p>\n","protected":false},"excerpt":{"rendered":"<p>El\u00a0Ayuntamiento de Caudete\u00a0ha adquirido 50 metros cuadrados de escenario (con escalera), 10 carpas plegables con estructura de aluminio y lona impermeable y 1 TV de 65&#8221; con el objetivo de poder mejorar y ampliar el material de pr\u00e9stamo que el Consistorio realiza a asociaciones locales por medio de la Concejal\u00eda de Participaci\u00f3n Ciudadana. La inversi\u00f3n &hellip;<\/p>\n","protected":false},"author":3,"featured_media":20987,"comment_status":"closed","ping_status":"open","sticky":false,"template":"","format":"standard","meta":{"ngg_post_thumbnail":0,"footnotes":""},"categories":[38],"tags":[],"class_list":["post-20986","post","type-post","status-publish","format-standard","has-post-thumbnail","hentry","category-participacion-ciudadana"],"yoast_head":"<!-- This site is optimized with the Yoast SEO plugin v27.5 - https:\/\/yoast.com\/product\/yoast-seo-wordpress\/ -->\n<title>El material de pr\u00e9stamo se amplia con 50m de Escenario, 10 Carpas y 1TV de 65&#039;&#039; - MI Ayuntamiento de Caudete<\/title>\n<meta name=\"description\" content=\"P\u00e1gina Oficial del Ayuntamiento de Caudete (Albacete)\" \/>\n<meta name=\"robots\" content=\"index, follow, max-snippet:-1, max-image-preview:large, max-video-preview:-1\" \/>\n<link rel=\"canonical\" href=\"https:\/\/www.caudete.org\/ayuntamiento\/el-material-de-prestamo-se-amplia-con-50m-de-escenario-10-carpas-y-1tv-de-65\/\" \/>\n<meta property=\"og:locale\" content=\"es_ES\" \/>\n<meta property=\"og:type\" content=\"article\" \/>\n<meta property=\"og:title\" content=\"El material de pr\u00e9stamo se amplia con 50m de Escenario, 10 Carpas y 1TV de 65&#039;&#039; - MI Ayuntamiento de Caudete\" \/>\n<meta property=\"og:description\" content=\"P\u00e1gina Oficial del Ayuntamiento de Caudete (Albacete)\" \/>\n<meta property=\"og:url\" content=\"https:\/\/www.caudete.org\/ayuntamiento\/el-material-de-prestamo-se-amplia-con-50m-de-escenario-10-carpas-y-1tv-de-65\/\" \/>\n<meta property=\"og:site_name\" content=\"MI Ayuntamiento de Caudete\" \/>\n<meta property=\"article:publisher\" content=\"https:\/\/www.facebook.com\/ayuntamientocaudete\/\" \/>\n<meta property=\"article:published_time\" content=\"2022-12-29T08:33:37+00:00\" \/>\n<meta property=\"og:image\" content=\"https:\/\/www.caudete.org\/ayuntamiento\/wp-content\/uploads\/2022\/12\/ESCENARIO-CARPAS-TV.jpg\" \/>\n\t<meta property=\"og:image:width\" content=\"1056\" \/>\n\t<meta property=\"og:image:height\" content=\"766\" \/>\n\t<meta property=\"og:image:type\" content=\"image\/jpeg\" \/>\n<meta name=\"author\" content=\"alcalde\" \/>\n<meta name=\"twitter:card\" content=\"summary_large_image\" \/>\n<meta name=\"twitter:label1\" content=\"Escrito por\" \/>\n\t<meta name=\"twitter:data1\" content=\"alcalde\" \/>\n\t<meta name=\"twitter:label2\" content=\"Tiempo de lectura\" \/>\n\t<meta name=\"twitter:data2\" content=\"1 minuto\" \/>\n<script type=\"application\/ld+json\" class=\"yoast-schema-graph\">{\"@context\":\"https:\\\/\\\/schema.org\",\"@graph\":[{\"@type\":\"Article\",\"@id\":\"https:\\\/\\\/www.caudete.org\\\/ayuntamiento\\\/el-material-de-prestamo-se-amplia-con-50m-de-escenario-10-carpas-y-1tv-de-65\\\/#article\",\"isPartOf\":{\"@id\":\"https:\\\/\\\/www.caudete.org\\\/ayuntamiento\\\/el-material-de-prestamo-se-amplia-con-50m-de-escenario-10-carpas-y-1tv-de-65\\\/\"},\"author\":{\"name\":\"alcalde\",\"@id\":\"https:\\\/\\\/www.caudete.org\\\/ayuntamiento\\\/#\\\/schema\\\/person\\\/cc646da9133078ee4d8dd47457947253\"},\"headline\":\"El material de pr\u00e9stamo se amplia con 50m de Escenario, 10 Carpas y 1TV de 65&#8221;\",\"datePublished\":\"2022-12-29T08:33:37+00:00\",\"mainEntityOfPage\":{\"@id\":\"https:\\\/\\\/www.caudete.org\\\/ayuntamiento\\\/el-material-de-prestamo-se-amplia-con-50m-de-escenario-10-carpas-y-1tv-de-65\\\/\"},\"wordCount\":207,\"publisher\":{\"@id\":\"https:\\\/\\\/www.caudete.org\\\/ayuntamiento\\\/#organization\"},\"image\":{\"@id\":\"https:\\\/\\\/www.caudete.org\\\/ayuntamiento\\\/el-material-de-prestamo-se-amplia-con-50m-de-escenario-10-carpas-y-1tv-de-65\\\/#primaryimage\"},\"thumbnailUrl\":\"https:\\\/\\\/www.caudete.org\\\/ayuntamiento\\\/wp-content\\\/uploads\\\/2022\\\/12\\\/ESCENARIO-CARPAS-TV.jpg\",\"articleSection\":[\"Participaci\u00f3n Ciudadana\"],\"inLanguage\":\"es\"},{\"@type\":\"WebPage\",\"@id\":\"https:\\\/\\\/www.caudete.org\\\/ayuntamiento\\\/el-material-de-prestamo-se-amplia-con-50m-de-escenario-10-carpas-y-1tv-de-65\\\/\",\"url\":\"https:\\\/\\\/www.caudete.org\\\/ayuntamiento\\\/el-material-de-prestamo-se-amplia-con-50m-de-escenario-10-carpas-y-1tv-de-65\\\/\",\"name\":\"El material de pr\u00e9stamo se amplia con 50m de Escenario, 10 Carpas y 1TV de 65'' - MI Ayuntamiento de Caudete\",\"isPartOf\":{\"@id\":\"https:\\\/\\\/www.caudete.org\\\/ayuntamiento\\\/#website\"},\"primaryImageOfPage\":{\"@id\":\"https:\\\/\\\/www.caudete.org\\\/ayuntamiento\\\/el-material-de-prestamo-se-amplia-con-50m-de-escenario-10-carpas-y-1tv-de-65\\\/#primaryimage\"},\"image\":{\"@id\":\"https:\\\/\\\/www.caudete.org\\\/ayuntamiento\\\/el-material-de-prestamo-se-amplia-con-50m-de-escenario-10-carpas-y-1tv-de-65\\\/#primaryimage\"},\"thumbnailUrl\":\"https:\\\/\\\/www.caudete.org\\\/ayuntamiento\\\/wp-content\\\/uploads\\\/2022\\\/12\\\/ESCENARIO-CARPAS-TV.jpg\",\"datePublished\":\"2022-12-29T08:33:37+00:00\",\"description\":\"P\u00e1gina Oficial del Ayuntamiento de Caudete (Albacete)\",\"breadcrumb\":{\"@id\":\"https:\\\/\\\/www.caudete.org\\\/ayuntamiento\\\/el-material-de-prestamo-se-amplia-con-50m-de-escenario-10-carpas-y-1tv-de-65\\\/#breadcrumb\"},\"inLanguage\":\"es\",\"potentialAction\":[{\"@type\":\"ReadAction\",\"target\":[\"https:\\\/\\\/www.caudete.org\\\/ayuntamiento\\\/el-material-de-prestamo-se-amplia-con-50m-de-escenario-10-carpas-y-1tv-de-65\\\/\"]}]},{\"@type\":\"ImageObject\",\"inLanguage\":\"es\",\"@id\":\"https:\\\/\\\/www.caudete.org\\\/ayuntamiento\\\/el-material-de-prestamo-se-amplia-con-50m-de-escenario-10-carpas-y-1tv-de-65\\\/#primaryimage\",\"url\":\"https:\\\/\\\/www.caudete.org\\\/ayuntamiento\\\/wp-content\\\/uploads\\\/2022\\\/12\\\/ESCENARIO-CARPAS-TV.jpg\",\"contentUrl\":\"https:\\\/\\\/www.caudete.org\\\/ayuntamiento\\\/wp-content\\\/uploads\\\/2022\\\/12\\\/ESCENARIO-CARPAS-TV.jpg\",\"width\":1056,\"height\":766},{\"@type\":\"BreadcrumbList\",\"@id\":\"https:\\\/\\\/www.caudete.org\\\/ayuntamiento\\\/el-material-de-prestamo-se-amplia-con-50m-de-escenario-10-carpas-y-1tv-de-65\\\/#breadcrumb\",\"itemListElement\":[{\"@type\":\"ListItem\",\"position\":1,\"name\":\"Inicio\",\"item\":\"https:\\\/\\\/www.caudete.org\\\/ayuntamiento\\\/\"},{\"@type\":\"ListItem\",\"position\":2,\"name\":\"El material de pr\u00e9stamo se amplia con 50m de Escenario, 10 Carpas y 1TV de 65&#8221;\"}]},{\"@type\":\"WebSite\",\"@id\":\"https:\\\/\\\/www.caudete.org\\\/ayuntamiento\\\/#website\",\"url\":\"https:\\\/\\\/www.caudete.org\\\/ayuntamiento\\\/\",\"name\":\"MI Ayuntamiento de Caudete\",\"description\":\"P\u00e1gina Oficial del MI Ayuntamiento de Caudete\",\"publisher\":{\"@id\":\"https:\\\/\\\/www.caudete.org\\\/ayuntamiento\\\/#organization\"},\"potentialAction\":[{\"@type\":\"SearchAction\",\"target\":{\"@type\":\"EntryPoint\",\"urlTemplate\":\"https:\\\/\\\/www.caudete.org\\\/ayuntamiento\\\/?s={search_term_string}\"},\"query-input\":{\"@type\":\"PropertyValueSpecification\",\"valueRequired\":true,\"valueName\":\"search_term_string\"}}],\"inLanguage\":\"es\"},{\"@type\":\"Organization\",\"@id\":\"https:\\\/\\\/www.caudete.org\\\/ayuntamiento\\\/#organization\",\"name\":\"Ayuntamiento de Caudete\",\"url\":\"https:\\\/\\\/www.caudete.org\\\/ayuntamiento\\\/\",\"logo\":{\"@type\":\"ImageObject\",\"inLanguage\":\"es\",\"@id\":\"https:\\\/\\\/www.caudete.org\\\/ayuntamiento\\\/#\\\/schema\\\/logo\\\/image\\\/\",\"url\":\"https:\\\/\\\/www.caudete.org\\\/ayuntamiento\\\/wp-content\\\/uploads\\\/2020\\\/11\\\/logo_ayuntamiento_caudete.jpg\",\"contentUrl\":\"https:\\\/\\\/www.caudete.org\\\/ayuntamiento\\\/wp-content\\\/uploads\\\/2020\\\/11\\\/logo_ayuntamiento_caudete.jpg\",\"width\":600,\"height\":150,\"caption\":\"Ayuntamiento de Caudete\"},\"image\":{\"@id\":\"https:\\\/\\\/www.caudete.org\\\/ayuntamiento\\\/#\\\/schema\\\/logo\\\/image\\\/\"},\"sameAs\":[\"https:\\\/\\\/www.facebook.com\\\/ayuntamientocaudete\\\/\",\"https:\\\/\\\/www.youtube.com\\\/channel\\\/UC6VztHaooNsGpw-tNoBEFnQ\"]},{\"@type\":\"Person\",\"@id\":\"https:\\\/\\\/www.caudete.org\\\/ayuntamiento\\\/#\\\/schema\\\/person\\\/cc646da9133078ee4d8dd47457947253\",\"name\":\"alcalde\",\"image\":{\"@type\":\"ImageObject\",\"inLanguage\":\"es\",\"@id\":\"https:\\\/\\\/secure.gravatar.com\\\/avatar\\\/84a817ba065b29ff08d666b215a215f5c79186a645ccb25b14a663d48a130f77?s=96&d=mm&r=g\",\"url\":\"https:\\\/\\\/secure.gravatar.com\\\/avatar\\\/84a817ba065b29ff08d666b215a215f5c79186a645ccb25b14a663d48a130f77?s=96&d=mm&r=g\",\"contentUrl\":\"https:\\\/\\\/secure.gravatar.com\\\/avatar\\\/84a817ba065b29ff08d666b215a215f5c79186a645ccb25b14a663d48a130f77?s=96&d=mm&r=g\",\"caption\":\"alcalde\"},\"url\":\"https:\\\/\\\/www.caudete.org\\\/ayuntamiento\\\/author\\\/alcalde\\\/\"}]}<\/script>\n<!-- \/ Yoast SEO plugin. -->","yoast_head_json":{"title":"El material de pr\u00e9stamo se amplia con 50m de Escenario, 10 Carpas y 1TV de 65'' - MI Ayuntamiento de Caudete","description":"P\u00e1gina Oficial del Ayuntamiento de Caudete (Albacete)","robots":{"index":"index","follow":"follow","max-snippet":"max-snippet:-1","max-image-preview":"max-image-preview:large","max-video-preview":"max-video-preview:-1"},"canonical":"https:\/\/www.caudete.org\/ayuntamiento\/el-material-de-prestamo-se-amplia-con-50m-de-escenario-10-carpas-y-1tv-de-65\/","og_locale":"es_ES","og_type":"article","og_title":"El material de pr\u00e9stamo se amplia con 50m de Escenario, 10 Carpas y 1TV de 65'' - MI Ayuntamiento de Caudete","og_description":"P\u00e1gina Oficial del Ayuntamiento de Caudete (Albacete)","og_url":"https:\/\/www.caudete.org\/ayuntamiento\/el-material-de-prestamo-se-amplia-con-50m-de-escenario-10-carpas-y-1tv-de-65\/","og_site_name":"MI Ayuntamiento de Caudete","article_publisher":"https:\/\/www.facebook.com\/ayuntamientocaudete\/","article_published_time":"2022-12-29T08:33:37+00:00","og_image":[{"width":1056,"height":766,"url":"https:\/\/www.caudete.org\/ayuntamiento\/wp-content\/uploads\/2022\/12\/ESCENARIO-CARPAS-TV.jpg","type":"image\/jpeg"}],"author":"alcalde","twitter_card":"summary_large_image","twitter_misc":{"Escrito por":"alcalde","Tiempo de lectura":"1 minuto"},"schema":{"@context":"https:\/\/schema.org","@graph":[{"@type":"Article","@id":"https:\/\/www.caudete.org\/ayuntamiento\/el-material-de-prestamo-se-amplia-con-50m-de-escenario-10-carpas-y-1tv-de-65\/#article","isPartOf":{"@id":"https:\/\/www.caudete.org\/ayuntamiento\/el-material-de-prestamo-se-amplia-con-50m-de-escenario-10-carpas-y-1tv-de-65\/"},"author":{"name":"alcalde","@id":"https:\/\/www.caudete.org\/ayuntamiento\/#\/schema\/person\/cc646da9133078ee4d8dd47457947253"},"headline":"El material de pr\u00e9stamo se amplia con 50m de Escenario, 10 Carpas y 1TV de 65&#8221;","datePublished":"2022-12-29T08:33:37+00:00","mainEntityOfPage":{"@id":"https:\/\/www.caudete.org\/ayuntamiento\/el-material-de-prestamo-se-amplia-con-50m-de-escenario-10-carpas-y-1tv-de-65\/"},"wordCount":207,"publisher":{"@id":"https:\/\/www.caudete.org\/ayuntamiento\/#organization"},"image":{"@id":"https:\/\/www.caudete.org\/ayuntamiento\/el-material-de-prestamo-se-amplia-con-50m-de-escenario-10-carpas-y-1tv-de-65\/#primaryimage"},"thumbnailUrl":"https:\/\/www.caudete.org\/ayuntamiento\/wp-content\/uploads\/2022\/12\/ESCENARIO-CARPAS-TV.jpg","articleSection":["Participaci\u00f3n Ciudadana"],"inLanguage":"es"},{"@type":"WebPage","@id":"https:\/\/www.caudete.org\/ayuntamiento\/el-material-de-prestamo-se-amplia-con-50m-de-escenario-10-carpas-y-1tv-de-65\/","url":"https:\/\/www.caudete.org\/ayuntamiento\/el-material-de-prestamo-se-amplia-con-50m-de-escenario-10-carpas-y-1tv-de-65\/","name":"El material de pr\u00e9stamo se amplia con 50m de Escenario, 10 Carpas y 1TV de 65'' - MI Ayuntamiento de Caudete","isPartOf":{"@id":"https:\/\/www.caudete.org\/ayuntamiento\/#website"},"primaryImageOfPage":{"@id":"https:\/\/www.caudete.org\/ayuntamiento\/el-material-de-prestamo-se-amplia-con-50m-de-escenario-10-carpas-y-1tv-de-65\/#primaryimage"},"image":{"@id":"https:\/\/www.caudete.org\/ayuntamiento\/el-material-de-prestamo-se-amplia-con-50m-de-escenario-10-carpas-y-1tv-de-65\/#primaryimage"},"thumbnailUrl":"https:\/\/www.caudete.org\/ayuntamiento\/wp-content\/uploads\/2022\/12\/ESCENARIO-CARPAS-TV.jpg","datePublished":"2022-12-29T08:33:37+00:00","description":"P\u00e1gina Oficial del Ayuntamiento de Caudete (Albacete)","breadcrumb":{"@id":"https:\/\/www.caudete.org\/ayuntamiento\/el-material-de-prestamo-se-amplia-con-50m-de-escenario-10-carpas-y-1tv-de-65\/#breadcrumb"},"inLanguage":"es","potentialAction":[{"@type":"ReadAction","target":["https:\/\/www.caudete.org\/ayuntamiento\/el-material-de-prestamo-se-amplia-con-50m-de-escenario-10-carpas-y-1tv-de-65\/"]}]},{"@type":"ImageObject","inLanguage":"es","@id":"https:\/\/www.caudete.org\/ayuntamiento\/el-material-de-prestamo-se-amplia-con-50m-de-escenario-10-carpas-y-1tv-de-65\/#primaryimage","url":"https:\/\/www.caudete.org\/ayuntamiento\/wp-content\/uploads\/2022\/12\/ESCENARIO-CARPAS-TV.jpg","contentUrl":"https:\/\/www.caudete.org\/ayuntamiento\/wp-content\/uploads\/2022\/12\/ESCENARIO-CARPAS-TV.jpg","width":1056,"height":766},{"@type":"BreadcrumbList","@id":"https:\/\/www.caudete.org\/ayuntamiento\/el-material-de-prestamo-se-amplia-con-50m-de-escenario-10-carpas-y-1tv-de-65\/#breadcrumb","itemListElement":[{"@type":"ListItem","position":1,"name":"Inicio","item":"https:\/\/www.caudete.org\/ayuntamiento\/"},{"@type":"ListItem","position":2,"name":"El material de pr\u00e9stamo se amplia con 50m de Escenario, 10 Carpas y 1TV de 65&#8221;"}]},{"@type":"WebSite","@id":"https:\/\/www.caudete.org\/ayuntamiento\/#website","url":"https:\/\/www.caudete.org\/ayuntamiento\/","name":"MI Ayuntamiento de Caudete","description":"P\u00e1gina Oficial del MI Ayuntamiento de Caudete","publisher":{"@id":"https:\/\/www.caudete.org\/ayuntamiento\/#organization"},"potentialAction":[{"@type":"SearchAction","target":{"@type":"EntryPoint","urlTemplate":"https:\/\/www.caudete.org\/ayuntamiento\/?s={search_term_string}"},"query-input":{"@type":"PropertyValueSpecification","valueRequired":true,"valueName":"search_term_string"}}],"inLanguage":"es"},{"@type":"Organization","@id":"https:\/\/www.caudete.org\/ayuntamiento\/#organization","name":"Ayuntamiento de Caudete","url":"https:\/\/www.caudete.org\/ayuntamiento\/","logo":{"@type":"ImageObject","inLanguage":"es","@id":"https:\/\/www.caudete.org\/ayuntamiento\/#\/schema\/logo\/image\/","url":"https:\/\/www.caudete.org\/ayuntamiento\/wp-content\/uploads\/2020\/11\/logo_ayuntamiento_caudete.jpg","contentUrl":"https:\/\/www.caudete.org\/ayuntamiento\/wp-content\/uploads\/2020\/11\/logo_ayuntamiento_caudete.jpg","width":600,"height":150,"caption":"Ayuntamiento de Caudete"},"image":{"@id":"https:\/\/www.caudete.org\/ayuntamiento\/#\/schema\/logo\/image\/"},"sameAs":["https:\/\/www.facebook.com\/ayuntamientocaudete\/","https:\/\/www.youtube.com\/channel\/UC6VztHaooNsGpw-tNoBEFnQ"]},{"@type":"Person","@id":"https:\/\/www.caudete.org\/ayuntamiento\/#\/schema\/person\/cc646da9133078ee4d8dd47457947253","name":"alcalde","image":{"@type":"ImageObject","inLanguage":"es","@id":"https:\/\/secure.gravatar.com\/avatar\/84a817ba065b29ff08d666b215a215f5c79186a645ccb25b14a663d48a130f77?s=96&d=mm&r=g","url":"https:\/\/secure.gravatar.com\/avatar\/84a817ba065b29ff08d666b215a215f5c79186a645ccb25b14a663d48a130f77?s=96&d=mm&r=g","contentUrl":"https:\/\/secure.gravatar.com\/avatar\/84a817ba065b29ff08d666b215a215f5c79186a645ccb25b14a663d48a130f77?s=96&d=mm&r=g","caption":"alcalde"},"url":"https:\/\/www.caudete.org\/ayuntamiento\/author\/alcalde\/"}]}},"_links":{"self":[{"href":"https:\/\/www.caudete.org\/ayuntamiento\/wp-json\/wp\/v2\/posts\/20986","targetHints":{"allow":["GET"]}}],"collection":[{"href":"https:\/\/www.caudete.org\/ayuntamiento\/wp-json\/wp\/v2\/posts"}],"about":[{"href":"https:\/\/www.caudete.org\/ayuntamiento\/wp-json\/wp\/v2\/types\/post"}],"author":[{"embeddable":true,"href":"https:\/\/www.caudete.org\/ayuntamiento\/wp-json\/wp\/v2\/users\/3"}],"replies":[{"embeddable":true,"href":"https:\/\/www.caudete.org\/ayuntamiento\/wp-json\/wp\/v2\/comments?post=20986"}],"version-history":[{"count":1,"href":"https:\/\/www.caudete.org\/ayuntamiento\/wp-json\/wp\/v2\/posts\/20986\/revisions"}],"predecessor-version":[{"id":20988,"href":"https:\/\/www.caudete.org\/ayuntamiento\/wp-json\/wp\/v2\/posts\/20986\/revisions\/20988"}],"wp:featuredmedia":[{"embeddable":true,"href":"https:\/\/www.caudete.org\/ayuntamiento\/wp-json\/wp\/v2\/media\/20987"}],"wp:attachment":[{"href":"https:\/\/www.caudete.org\/ayuntamiento\/wp-json\/wp\/v2\/media?parent=20986"}],"wp:term":[{"taxonomy":"category","embeddable":true,"href":"https:\/\/www.caudete.org\/ayuntamiento\/wp-json\/wp\/v2\/categories?post=20986"},{"taxonomy":"post_tag","embeddable":true,"href":"https:\/\/www.caudete.org\/ayuntamiento\/wp-json\/wp\/v2\/tags?post=20986"}],"curies":[{"name":"wp","href":"https:\/\/api.w.org\/{rel}","templated":true}]}}