{"id":20993,"date":"2022-12-30T09:31:37","date_gmt":"2022-12-30T08:31:37","guid":{"rendered":"https:\/\/www.caudete.org\/ayuntamiento\/?p=20993"},"modified":"2022-12-30T09:31:37","modified_gmt":"2022-12-30T08:31:37","slug":"el-ayuntamiento-colaborara-en-la-falla-2023-de-la-asociacion-cultural-valencianista-de-caudete","status":"publish","type":"post","link":"https:\/\/www.caudete.org\/ayuntamiento\/el-ayuntamiento-colaborara-en-la-falla-2023-de-la-asociacion-cultural-valencianista-de-caudete\/","title":{"rendered":"El Ayuntamiento colaborar\u00e1 en la Falla 2023 de la Asociaci\u00f3n Cultural Valencianista de Caudete"},"content":{"rendered":"<p><a href=\"https:\/\/www.caudete.org\/ayuntamiento\/wp-content\/uploads\/2022\/12\/WhatsApp-Image-2022-12-28-at-18.32.19-2.jpeg\" rel='prettyPhoto'><img fetchpriority=\"high\" decoding=\"async\" class=\"aligncenter wp-image-20995 size-medium\" src=\"https:\/\/www.caudete.org\/ayuntamiento\/wp-content\/uploads\/2022\/12\/WhatsApp-Image-2022-12-28-at-18.32.19-2-300x192.jpeg\" alt=\"\" width=\"300\" height=\"192\" srcset=\"https:\/\/www.caudete.org\/ayuntamiento\/wp-content\/uploads\/2022\/12\/WhatsApp-Image-2022-12-28-at-18.32.19-2-300x192.jpeg 300w, https:\/\/www.caudete.org\/ayuntamiento\/wp-content\/uploads\/2022\/12\/WhatsApp-Image-2022-12-28-at-18.32.19-2-768x491.jpeg 768w, https:\/\/www.caudete.org\/ayuntamiento\/wp-content\/uploads\/2022\/12\/WhatsApp-Image-2022-12-28-at-18.32.19-2.jpeg 901w\" sizes=\"(max-width: 300px) 100vw, 300px\" \/><\/a><\/p>\n<p style=\"text-align: justify;\">Hace unos d\u00edas en el despacho de Alcald\u00eda se llevaba a cabo una reuni\u00f3n de trabajo en la cual la Asociaci\u00f3n Cultural Valencianista de Caudete presentaba a las autoridades municipales de forma oficial el proyecto de la Falla 2023 y los actos que en torno a ella realizar\u00e1n en el pr\u00f3ximo mes de Junio.<\/p>\n<p style=\"text-align: justify;\">Durante la misma, y una vez conocidos todos los detalles, desde el Consistorio brindaron la colaboraci\u00f3n necesaria para poder realizar esta actividad de la forma m\u00e1s decorosa y segura, teniendo en cuenta que aglutinar\u00e1 a gran cantidad de personas. Igualmente, y dada la trascendencia y alcance m\u00e1s all\u00e1 del municipio, as\u00ed como la promoci\u00f3n tur\u00edstica que supone para la localidad, el Alcalde les adelant\u00f3 que de forma extraordinaria para el ejercicio 2023 la asociaci\u00f3n contar\u00e1 con una ayuda econ\u00f3mica extraordinaria que permita sufragar parte de este proyecto que sin duda sumar\u00e1 para la promoci\u00f3n del turismo, la cultura y la fiesta caudetana.<\/p>\n<p style=\"text-align: justify;\">Seg\u00fan explicaron desde la propia asociaci\u00f3n, lejos de cualquier tipo de reivindicaci\u00f3n, el proyecto busca promocionar las Fiestas de Moros y Cristianos de la localidad, tem\u00e1tica principal de la Falla, mediante la recuperaci\u00f3n, de forma extraordinaria y para 2023, de aquellas plant\u00e0 de monumento fallero que se realizaron varios a\u00f1os consecutivos en la d\u00e9cada de los a\u00f1os 50 del pasado siglo.<\/p>\n<p style=\"text-align: justify;\">Adem\u00e1s, no ser\u00e1 la \u00fanica actividad que se realizar\u00e1, puesto que forma parte de una Semana Cultural dise\u00f1ada con otros actos como conferencias y exposiciones de las cuales se dar\u00e1 p\u00fablico conocimiento conforme avancen las fechas.<\/p>\n<p><a href=\"https:\/\/www.caudete.org\/ayuntamiento\/wp-content\/uploads\/2022\/12\/WhatsApp-Image-2022-12-28-at-18.32.19-3.jpeg\" rel='prettyPhoto'><img decoding=\"async\" class=\"aligncenter wp-image-20994 size-medium\" src=\"https:\/\/www.caudete.org\/ayuntamiento\/wp-content\/uploads\/2022\/12\/WhatsApp-Image-2022-12-28-at-18.32.19-3-240x300.jpeg\" alt=\"\" width=\"240\" height=\"300\" srcset=\"https:\/\/www.caudete.org\/ayuntamiento\/wp-content\/uploads\/2022\/12\/WhatsApp-Image-2022-12-28-at-18.32.19-3-240x300.jpeg 240w, https:\/\/www.caudete.org\/ayuntamiento\/wp-content\/uploads\/2022\/12\/WhatsApp-Image-2022-12-28-at-18.32.19-3.jpeg 681w\" sizes=\"(max-width: 240px) 100vw, 240px\" \/><\/a><\/p>\n","protected":false},"excerpt":{"rendered":"<p>Hace unos d\u00edas en el despacho de Alcald\u00eda se llevaba a cabo una reuni\u00f3n de trabajo en la cual la Asociaci\u00f3n Cultural Valencianista de Caudete presentaba a las autoridades municipales de forma oficial el proyecto de la Falla 2023 y los actos que en torno a ella realizar\u00e1n en el pr\u00f3ximo mes de Junio. Durante &hellip;<\/p>\n","protected":false},"author":3,"featured_media":20995,"comment_status":"closed","ping_status":"open","sticky":false,"template":"","format":"standard","meta":{"ngg_post_thumbnail":0,"footnotes":""},"categories":[43],"tags":[],"class_list":["post-20993","post","type-post","status-publish","format-standard","has-post-thumbnail","hentry","category-turismo"],"yoast_head":"<!-- This site is optimized with the Yoast SEO plugin v27.5 - https:\/\/yoast.com\/product\/yoast-seo-wordpress\/ -->\n<title>El Ayuntamiento colaborar\u00e1 en la Falla 2023 de la Asociaci\u00f3n Cultural Valencianista de Caudete - MI Ayuntamiento de Caudete<\/title>\n<meta name=\"description\" content=\"P\u00e1gina Oficial del Ayuntamiento de Caudete (Albacete)\" \/>\n<meta name=\"robots\" content=\"index, follow, max-snippet:-1, max-image-preview:large, max-video-preview:-1\" \/>\n<link rel=\"canonical\" href=\"https:\/\/www.caudete.org\/ayuntamiento\/el-ayuntamiento-colaborara-en-la-falla-2023-de-la-asociacion-cultural-valencianista-de-caudete\/\" \/>\n<meta property=\"og:locale\" content=\"es_ES\" \/>\n<meta property=\"og:type\" content=\"article\" \/>\n<meta property=\"og:title\" content=\"El Ayuntamiento colaborar\u00e1 en la Falla 2023 de la Asociaci\u00f3n Cultural Valencianista de Caudete - MI Ayuntamiento de Caudete\" \/>\n<meta property=\"og:description\" content=\"P\u00e1gina Oficial del Ayuntamiento de Caudete (Albacete)\" \/>\n<meta property=\"og:url\" content=\"https:\/\/www.caudete.org\/ayuntamiento\/el-ayuntamiento-colaborara-en-la-falla-2023-de-la-asociacion-cultural-valencianista-de-caudete\/\" \/>\n<meta property=\"og:site_name\" content=\"MI Ayuntamiento de Caudete\" \/>\n<meta property=\"article:publisher\" content=\"https:\/\/www.facebook.com\/ayuntamientocaudete\/\" \/>\n<meta property=\"article:published_time\" content=\"2022-12-30T08:31:37+00:00\" \/>\n<meta property=\"og:image\" content=\"https:\/\/www.caudete.org\/ayuntamiento\/wp-content\/uploads\/2022\/12\/WhatsApp-Image-2022-12-28-at-18.32.19-2.jpeg\" \/>\n\t<meta property=\"og:image:width\" content=\"901\" \/>\n\t<meta property=\"og:image:height\" content=\"576\" \/>\n\t<meta property=\"og:image:type\" content=\"image\/jpeg\" \/>\n<meta name=\"author\" content=\"alcalde\" \/>\n<meta name=\"twitter:card\" content=\"summary_large_image\" \/>\n<meta name=\"twitter:label1\" content=\"Escrito por\" \/>\n\t<meta name=\"twitter:data1\" content=\"alcalde\" \/>\n\t<meta name=\"twitter:label2\" content=\"Tiempo de lectura\" \/>\n\t<meta name=\"twitter:data2\" content=\"2 minutos\" \/>\n<script type=\"application\/ld+json\" class=\"yoast-schema-graph\">{\"@context\":\"https:\\\/\\\/schema.org\",\"@graph\":[{\"@type\":\"Article\",\"@id\":\"https:\\\/\\\/www.caudete.org\\\/ayuntamiento\\\/el-ayuntamiento-colaborara-en-la-falla-2023-de-la-asociacion-cultural-valencianista-de-caudete\\\/#article\",\"isPartOf\":{\"@id\":\"https:\\\/\\\/www.caudete.org\\\/ayuntamiento\\\/el-ayuntamiento-colaborara-en-la-falla-2023-de-la-asociacion-cultural-valencianista-de-caudete\\\/\"},\"author\":{\"name\":\"alcalde\",\"@id\":\"https:\\\/\\\/www.caudete.org\\\/ayuntamiento\\\/#\\\/schema\\\/person\\\/cc646da9133078ee4d8dd47457947253\"},\"headline\":\"El Ayuntamiento colaborar\u00e1 en la Falla 2023 de la Asociaci\u00f3n Cultural Valencianista de Caudete\",\"datePublished\":\"2022-12-30T08:31:37+00:00\",\"mainEntityOfPage\":{\"@id\":\"https:\\\/\\\/www.caudete.org\\\/ayuntamiento\\\/el-ayuntamiento-colaborara-en-la-falla-2023-de-la-asociacion-cultural-valencianista-de-caudete\\\/\"},\"wordCount\":288,\"image\":{\"@id\":\"https:\\\/\\\/www.caudete.org\\\/ayuntamiento\\\/el-ayuntamiento-colaborara-en-la-falla-2023-de-la-asociacion-cultural-valencianista-de-caudete\\\/#primaryimage\"},\"thumbnailUrl\":\"https:\\\/\\\/www.caudete.org\\\/ayuntamiento\\\/wp-content\\\/uploads\\\/2022\\\/12\\\/WhatsApp-Image-2022-12-28-at-18.32.19-2.jpeg\",\"articleSection\":[\"Turismo\"],\"inLanguage\":\"es\"},{\"@type\":\"WebPage\",\"@id\":\"https:\\\/\\\/www.caudete.org\\\/ayuntamiento\\\/el-ayuntamiento-colaborara-en-la-falla-2023-de-la-asociacion-cultural-valencianista-de-caudete\\\/\",\"url\":\"https:\\\/\\\/www.caudete.org\\\/ayuntamiento\\\/el-ayuntamiento-colaborara-en-la-falla-2023-de-la-asociacion-cultural-valencianista-de-caudete\\\/\",\"name\":\"El Ayuntamiento colaborar\u00e1 en la Falla 2023 de la Asociaci\u00f3n Cultural Valencianista de Caudete - MI Ayuntamiento de Caudete\",\"isPartOf\":{\"@id\":\"https:\\\/\\\/www.caudete.org\\\/ayuntamiento\\\/#website\"},\"primaryImageOfPage\":{\"@id\":\"https:\\\/\\\/www.caudete.org\\\/ayuntamiento\\\/el-ayuntamiento-colaborara-en-la-falla-2023-de-la-asociacion-cultural-valencianista-de-caudete\\\/#primaryimage\"},\"image\":{\"@id\":\"https:\\\/\\\/www.caudete.org\\\/ayuntamiento\\\/el-ayuntamiento-colaborara-en-la-falla-2023-de-la-asociacion-cultural-valencianista-de-caudete\\\/#primaryimage\"},\"thumbnailUrl\":\"https:\\\/\\\/www.caudete.org\\\/ayuntamiento\\\/wp-content\\\/uploads\\\/2022\\\/12\\\/WhatsApp-Image-2022-12-28-at-18.32.19-2.jpeg\",\"datePublished\":\"2022-12-30T08:31:37+00:00\",\"author\":{\"@id\":\"https:\\\/\\\/www.caudete.org\\\/ayuntamiento\\\/#\\\/schema\\\/person\\\/cc646da9133078ee4d8dd47457947253\"},\"description\":\"P\u00e1gina Oficial del Ayuntamiento de Caudete (Albacete)\",\"breadcrumb\":{\"@id\":\"https:\\\/\\\/www.caudete.org\\\/ayuntamiento\\\/el-ayuntamiento-colaborara-en-la-falla-2023-de-la-asociacion-cultural-valencianista-de-caudete\\\/#breadcrumb\"},\"inLanguage\":\"es\",\"potentialAction\":[{\"@type\":\"ReadAction\",\"target\":[\"https:\\\/\\\/www.caudete.org\\\/ayuntamiento\\\/el-ayuntamiento-colaborara-en-la-falla-2023-de-la-asociacion-cultural-valencianista-de-caudete\\\/\"]}]},{\"@type\":\"ImageObject\",\"inLanguage\":\"es\",\"@id\":\"https:\\\/\\\/www.caudete.org\\\/ayuntamiento\\\/el-ayuntamiento-colaborara-en-la-falla-2023-de-la-asociacion-cultural-valencianista-de-caudete\\\/#primaryimage\",\"url\":\"https:\\\/\\\/www.caudete.org\\\/ayuntamiento\\\/wp-content\\\/uploads\\\/2022\\\/12\\\/WhatsApp-Image-2022-12-28-at-18.32.19-2.jpeg\",\"contentUrl\":\"https:\\\/\\\/www.caudete.org\\\/ayuntamiento\\\/wp-content\\\/uploads\\\/2022\\\/12\\\/WhatsApp-Image-2022-12-28-at-18.32.19-2.jpeg\",\"width\":901,\"height\":576},{\"@type\":\"BreadcrumbList\",\"@id\":\"https:\\\/\\\/www.caudete.org\\\/ayuntamiento\\\/el-ayuntamiento-colaborara-en-la-falla-2023-de-la-asociacion-cultural-valencianista-de-caudete\\\/#breadcrumb\",\"itemListElement\":[{\"@type\":\"ListItem\",\"position\":1,\"name\":\"Inicio\",\"item\":\"https:\\\/\\\/www.caudete.org\\\/ayuntamiento\\\/\"},{\"@type\":\"ListItem\",\"position\":2,\"name\":\"El Ayuntamiento colaborar\u00e1 en la Falla 2023 de la Asociaci\u00f3n Cultural Valencianista de Caudete\"}]},{\"@type\":\"WebSite\",\"@id\":\"https:\\\/\\\/www.caudete.org\\\/ayuntamiento\\\/#website\",\"url\":\"https:\\\/\\\/www.caudete.org\\\/ayuntamiento\\\/\",\"name\":\"MI Ayuntamiento de Caudete\",\"description\":\"P\u00e1gina Oficial del MI Ayuntamiento de Caudete\",\"potentialAction\":[{\"@type\":\"SearchAction\",\"target\":{\"@type\":\"EntryPoint\",\"urlTemplate\":\"https:\\\/\\\/www.caudete.org\\\/ayuntamiento\\\/?s={search_term_string}\"},\"query-input\":{\"@type\":\"PropertyValueSpecification\",\"valueRequired\":true,\"valueName\":\"search_term_string\"}}],\"inLanguage\":\"es\"},{\"@type\":\"Person\",\"@id\":\"https:\\\/\\\/www.caudete.org\\\/ayuntamiento\\\/#\\\/schema\\\/person\\\/cc646da9133078ee4d8dd47457947253\",\"name\":\"alcalde\",\"image\":{\"@type\":\"ImageObject\",\"inLanguage\":\"es\",\"@id\":\"https:\\\/\\\/secure.gravatar.com\\\/avatar\\\/84a817ba065b29ff08d666b215a215f5c79186a645ccb25b14a663d48a130f77?s=96&d=mm&r=g\",\"url\":\"https:\\\/\\\/secure.gravatar.com\\\/avatar\\\/84a817ba065b29ff08d666b215a215f5c79186a645ccb25b14a663d48a130f77?s=96&d=mm&r=g\",\"contentUrl\":\"https:\\\/\\\/secure.gravatar.com\\\/avatar\\\/84a817ba065b29ff08d666b215a215f5c79186a645ccb25b14a663d48a130f77?s=96&d=mm&r=g\",\"caption\":\"alcalde\"},\"url\":\"https:\\\/\\\/www.caudete.org\\\/ayuntamiento\\\/author\\\/alcalde\\\/\"}]}<\/script>\n<!-- \/ Yoast SEO plugin. -->","yoast_head_json":{"title":"El Ayuntamiento colaborar\u00e1 en la Falla 2023 de la Asociaci\u00f3n Cultural Valencianista de Caudete - MI Ayuntamiento de Caudete","description":"P\u00e1gina Oficial del Ayuntamiento de Caudete (Albacete)","robots":{"index":"index","follow":"follow","max-snippet":"max-snippet:-1","max-image-preview":"max-image-preview:large","max-video-preview":"max-video-preview:-1"},"canonical":"https:\/\/www.caudete.org\/ayuntamiento\/el-ayuntamiento-colaborara-en-la-falla-2023-de-la-asociacion-cultural-valencianista-de-caudete\/","og_locale":"es_ES","og_type":"article","og_title":"El Ayuntamiento colaborar\u00e1 en la Falla 2023 de la Asociaci\u00f3n Cultural Valencianista de Caudete - MI Ayuntamiento de Caudete","og_description":"P\u00e1gina Oficial del Ayuntamiento de Caudete (Albacete)","og_url":"https:\/\/www.caudete.org\/ayuntamiento\/el-ayuntamiento-colaborara-en-la-falla-2023-de-la-asociacion-cultural-valencianista-de-caudete\/","og_site_name":"MI Ayuntamiento de Caudete","article_publisher":"https:\/\/www.facebook.com\/ayuntamientocaudete\/","article_published_time":"2022-12-30T08:31:37+00:00","og_image":[{"width":901,"height":576,"url":"https:\/\/www.caudete.org\/ayuntamiento\/wp-content\/uploads\/2022\/12\/WhatsApp-Image-2022-12-28-at-18.32.19-2.jpeg","type":"image\/jpeg"}],"author":"alcalde","twitter_card":"summary_large_image","twitter_misc":{"Escrito por":"alcalde","Tiempo de lectura":"2 minutos"},"schema":{"@context":"https:\/\/schema.org","@graph":[{"@type":"Article","@id":"https:\/\/www.caudete.org\/ayuntamiento\/el-ayuntamiento-colaborara-en-la-falla-2023-de-la-asociacion-cultural-valencianista-de-caudete\/#article","isPartOf":{"@id":"https:\/\/www.caudete.org\/ayuntamiento\/el-ayuntamiento-colaborara-en-la-falla-2023-de-la-asociacion-cultural-valencianista-de-caudete\/"},"author":{"name":"alcalde","@id":"https:\/\/www.caudete.org\/ayuntamiento\/#\/schema\/person\/cc646da9133078ee4d8dd47457947253"},"headline":"El Ayuntamiento colaborar\u00e1 en la Falla 2023 de la Asociaci\u00f3n Cultural Valencianista de Caudete","datePublished":"2022-12-30T08:31:37+00:00","mainEntityOfPage":{"@id":"https:\/\/www.caudete.org\/ayuntamiento\/el-ayuntamiento-colaborara-en-la-falla-2023-de-la-asociacion-cultural-valencianista-de-caudete\/"},"wordCount":288,"image":{"@id":"https:\/\/www.caudete.org\/ayuntamiento\/el-ayuntamiento-colaborara-en-la-falla-2023-de-la-asociacion-cultural-valencianista-de-caudete\/#primaryimage"},"thumbnailUrl":"https:\/\/www.caudete.org\/ayuntamiento\/wp-content\/uploads\/2022\/12\/WhatsApp-Image-2022-12-28-at-18.32.19-2.jpeg","articleSection":["Turismo"],"inLanguage":"es"},{"@type":"WebPage","@id":"https:\/\/www.caudete.org\/ayuntamiento\/el-ayuntamiento-colaborara-en-la-falla-2023-de-la-asociacion-cultural-valencianista-de-caudete\/","url":"https:\/\/www.caudete.org\/ayuntamiento\/el-ayuntamiento-colaborara-en-la-falla-2023-de-la-asociacion-cultural-valencianista-de-caudete\/","name":"El Ayuntamiento colaborar\u00e1 en la Falla 2023 de la Asociaci\u00f3n Cultural Valencianista de Caudete - MI Ayuntamiento de Caudete","isPartOf":{"@id":"https:\/\/www.caudete.org\/ayuntamiento\/#website"},"primaryImageOfPage":{"@id":"https:\/\/www.caudete.org\/ayuntamiento\/el-ayuntamiento-colaborara-en-la-falla-2023-de-la-asociacion-cultural-valencianista-de-caudete\/#primaryimage"},"image":{"@id":"https:\/\/www.caudete.org\/ayuntamiento\/el-ayuntamiento-colaborara-en-la-falla-2023-de-la-asociacion-cultural-valencianista-de-caudete\/#primaryimage"},"thumbnailUrl":"https:\/\/www.caudete.org\/ayuntamiento\/wp-content\/uploads\/2022\/12\/WhatsApp-Image-2022-12-28-at-18.32.19-2.jpeg","datePublished":"2022-12-30T08:31:37+00:00","author":{"@id":"https:\/\/www.caudete.org\/ayuntamiento\/#\/schema\/person\/cc646da9133078ee4d8dd47457947253"},"description":"P\u00e1gina Oficial del Ayuntamiento de Caudete (Albacete)","breadcrumb":{"@id":"https:\/\/www.caudete.org\/ayuntamiento\/el-ayuntamiento-colaborara-en-la-falla-2023-de-la-asociacion-cultural-valencianista-de-caudete\/#breadcrumb"},"inLanguage":"es","potentialAction":[{"@type":"ReadAction","target":["https:\/\/www.caudete.org\/ayuntamiento\/el-ayuntamiento-colaborara-en-la-falla-2023-de-la-asociacion-cultural-valencianista-de-caudete\/"]}]},{"@type":"ImageObject","inLanguage":"es","@id":"https:\/\/www.caudete.org\/ayuntamiento\/el-ayuntamiento-colaborara-en-la-falla-2023-de-la-asociacion-cultural-valencianista-de-caudete\/#primaryimage","url":"https:\/\/www.caudete.org\/ayuntamiento\/wp-content\/uploads\/2022\/12\/WhatsApp-Image-2022-12-28-at-18.32.19-2.jpeg","contentUrl":"https:\/\/www.caudete.org\/ayuntamiento\/wp-content\/uploads\/2022\/12\/WhatsApp-Image-2022-12-28-at-18.32.19-2.jpeg","width":901,"height":576},{"@type":"BreadcrumbList","@id":"https:\/\/www.caudete.org\/ayuntamiento\/el-ayuntamiento-colaborara-en-la-falla-2023-de-la-asociacion-cultural-valencianista-de-caudete\/#breadcrumb","itemListElement":[{"@type":"ListItem","position":1,"name":"Inicio","item":"https:\/\/www.caudete.org\/ayuntamiento\/"},{"@type":"ListItem","position":2,"name":"El Ayuntamiento colaborar\u00e1 en la Falla 2023 de la Asociaci\u00f3n Cultural Valencianista de Caudete"}]},{"@type":"WebSite","@id":"https:\/\/www.caudete.org\/ayuntamiento\/#website","url":"https:\/\/www.caudete.org\/ayuntamiento\/","name":"MI Ayuntamiento de Caudete","description":"P\u00e1gina Oficial del MI Ayuntamiento de Caudete","potentialAction":[{"@type":"SearchAction","target":{"@type":"EntryPoint","urlTemplate":"https:\/\/www.caudete.org\/ayuntamiento\/?s={search_term_string}"},"query-input":{"@type":"PropertyValueSpecification","valueRequired":true,"valueName":"search_term_string"}}],"inLanguage":"es"},{"@type":"Person","@id":"https:\/\/www.caudete.org\/ayuntamiento\/#\/schema\/person\/cc646da9133078ee4d8dd47457947253","name":"alcalde","image":{"@type":"ImageObject","inLanguage":"es","@id":"https:\/\/secure.gravatar.com\/avatar\/84a817ba065b29ff08d666b215a215f5c79186a645ccb25b14a663d48a130f77?s=96&d=mm&r=g","url":"https:\/\/secure.gravatar.com\/avatar\/84a817ba065b29ff08d666b215a215f5c79186a645ccb25b14a663d48a130f77?s=96&d=mm&r=g","contentUrl":"https:\/\/secure.gravatar.com\/avatar\/84a817ba065b29ff08d666b215a215f5c79186a645ccb25b14a663d48a130f77?s=96&d=mm&r=g","caption":"alcalde"},"url":"https:\/\/www.caudete.org\/ayuntamiento\/author\/alcalde\/"}]}},"_links":{"self":[{"href":"https:\/\/www.caudete.org\/ayuntamiento\/wp-json\/wp\/v2\/posts\/20993","targetHints":{"allow":["GET"]}}],"collection":[{"href":"https:\/\/www.caudete.org\/ayuntamiento\/wp-json\/wp\/v2\/posts"}],"about":[{"href":"https:\/\/www.caudete.org\/ayuntamiento\/wp-json\/wp\/v2\/types\/post"}],"author":[{"embeddable":true,"href":"https:\/\/www.caudete.org\/ayuntamiento\/wp-json\/wp\/v2\/users\/3"}],"replies":[{"embeddable":true,"href":"https:\/\/www.caudete.org\/ayuntamiento\/wp-json\/wp\/v2\/comments?post=20993"}],"version-history":[{"count":1,"href":"https:\/\/www.caudete.org\/ayuntamiento\/wp-json\/wp\/v2\/posts\/20993\/revisions"}],"predecessor-version":[{"id":20996,"href":"https:\/\/www.caudete.org\/ayuntamiento\/wp-json\/wp\/v2\/posts\/20993\/revisions\/20996"}],"wp:featuredmedia":[{"embeddable":true,"href":"https:\/\/www.caudete.org\/ayuntamiento\/wp-json\/wp\/v2\/media\/20995"}],"wp:attachment":[{"href":"https:\/\/www.caudete.org\/ayuntamiento\/wp-json\/wp\/v2\/media?parent=20993"}],"wp:term":[{"taxonomy":"category","embeddable":true,"href":"https:\/\/www.caudete.org\/ayuntamiento\/wp-json\/wp\/v2\/categories?post=20993"},{"taxonomy":"post_tag","embeddable":true,"href":"https:\/\/www.caudete.org\/ayuntamiento\/wp-json\/wp\/v2\/tags?post=20993"}],"curies":[{"name":"wp","href":"https:\/\/api.w.org\/{rel}","templated":true}]}}