{"id":20997,"date":"2022-12-31T09:25:32","date_gmt":"2022-12-31T08:25:32","guid":{"rendered":"https:\/\/www.caudete.org\/ayuntamiento\/?p=20997"},"modified":"2022-12-31T09:25:32","modified_gmt":"2022-12-31T08:25:32","slug":"almudena-uribe-echevarria-sera-la-dama-de-honor-2023-del-ayuntamiento-para-las-fiestas-patronales","status":"publish","type":"post","link":"https:\/\/www.caudete.org\/ayuntamiento\/almudena-uribe-echevarria-sera-la-dama-de-honor-2023-del-ayuntamiento-para-las-fiestas-patronales\/","title":{"rendered":"Almudena Uribe-Echevarr\u00eda ser\u00e1 la DAMA DE HONOR 2023 del Ayuntamiento para las Fiestas Patronales"},"content":{"rendered":"<p><a href=\"https:\/\/www.caudete.org\/ayuntamiento\/wp-content\/uploads\/2022\/12\/WhatsApp-Image-2022-12-30-at-20.38.05.jpeg\" rel='prettyPhoto'><img fetchpriority=\"high\" decoding=\"async\" class=\"aligncenter wp-image-21001 size-medium\" src=\"https:\/\/www.caudete.org\/ayuntamiento\/wp-content\/uploads\/2022\/12\/WhatsApp-Image-2022-12-30-at-20.38.05-300x225.jpeg\" alt=\"\" width=\"300\" height=\"225\" srcset=\"https:\/\/www.caudete.org\/ayuntamiento\/wp-content\/uploads\/2022\/12\/WhatsApp-Image-2022-12-30-at-20.38.05-300x225.jpeg 300w, https:\/\/www.caudete.org\/ayuntamiento\/wp-content\/uploads\/2022\/12\/WhatsApp-Image-2022-12-30-at-20.38.05-1024x768.jpeg 1024w, https:\/\/www.caudete.org\/ayuntamiento\/wp-content\/uploads\/2022\/12\/WhatsApp-Image-2022-12-30-at-20.38.05-768x576.jpeg 768w, https:\/\/www.caudete.org\/ayuntamiento\/wp-content\/uploads\/2022\/12\/WhatsApp-Image-2022-12-30-at-20.38.05-1536x1152.jpeg 1536w, https:\/\/www.caudete.org\/ayuntamiento\/wp-content\/uploads\/2022\/12\/WhatsApp-Image-2022-12-30-at-20.38.05.jpeg 2048w\" sizes=\"(max-width: 300px) 100vw, 300px\" \/><\/a><\/p>\n<p style=\"text-align: justify;\">En la tarde de ayer viernes 30 de Diciembre la Corporaci\u00f3n Municipal, encabezada por su Alcalde Mois\u00e9s L\u00f3pez, procedi\u00f3 a realizar el acto de Pedida de Dama para las pr\u00f3ximas Fiestas Patronales de Septiembre 2023, acompa\u00f1ado de la actual Dama de Honor 2022.<\/p>\n<p style=\"text-align: justify;\">Almudena Uribe-Echevarria Valencia, una joven festera, ha aceptado ostentar el cargo de Dama de Honor 2023 p\u00fablicamente, rodeada de familiares y amigos, ante el ofrecimiento realizado por el Primer Edil.<\/p>\n<p><a href=\"https:\/\/www.caudete.org\/ayuntamiento\/wp-content\/uploads\/2022\/12\/WhatsApp-Image-2022-12-30-at-20.38.09.jpeg\" rel='prettyPhoto'><img decoding=\"async\" class=\"aligncenter wp-image-20998 size-medium\" src=\"https:\/\/www.caudete.org\/ayuntamiento\/wp-content\/uploads\/2022\/12\/WhatsApp-Image-2022-12-30-at-20.38.09-300x225.jpeg\" alt=\"\" width=\"300\" height=\"225\" srcset=\"https:\/\/www.caudete.org\/ayuntamiento\/wp-content\/uploads\/2022\/12\/WhatsApp-Image-2022-12-30-at-20.38.09-300x225.jpeg 300w, https:\/\/www.caudete.org\/ayuntamiento\/wp-content\/uploads\/2022\/12\/WhatsApp-Image-2022-12-30-at-20.38.09-1024x768.jpeg 1024w, https:\/\/www.caudete.org\/ayuntamiento\/wp-content\/uploads\/2022\/12\/WhatsApp-Image-2022-12-30-at-20.38.09-768x576.jpeg 768w, https:\/\/www.caudete.org\/ayuntamiento\/wp-content\/uploads\/2022\/12\/WhatsApp-Image-2022-12-30-at-20.38.09-1536x1152.jpeg 1536w, https:\/\/www.caudete.org\/ayuntamiento\/wp-content\/uploads\/2022\/12\/WhatsApp-Image-2022-12-30-at-20.38.09.jpeg 2048w\" sizes=\"(max-width: 300px) 100vw, 300px\" \/><\/a><\/p>\n<p style=\"text-align: justify;\">Con este acto, el Alcalde reconoc\u00eda ante los asistentes que \u201caun estando inmersos en plena Navidad, los preparativos de los d\u00edas grandes de Caudete, como lo son las Fiestas Patronales, siguen su curso, y lo hacemos con ilusi\u00f3n y esperanza\u201d.<\/p>\n<p style=\"text-align: center;\"><a href=\"https:\/\/www.caudete.org\/ayuntamiento\/wp-content\/uploads\/2022\/12\/WhatsApp-Image-2022-12-30-at-20.38.07.jpeg\" rel='prettyPhoto'><img decoding=\"async\" class=\"alignnone wp-image-21000 size-medium\" src=\"https:\/\/www.caudete.org\/ayuntamiento\/wp-content\/uploads\/2022\/12\/WhatsApp-Image-2022-12-30-at-20.38.07-300x225.jpeg\" alt=\"\" width=\"300\" height=\"225\" srcset=\"https:\/\/www.caudete.org\/ayuntamiento\/wp-content\/uploads\/2022\/12\/WhatsApp-Image-2022-12-30-at-20.38.07-300x225.jpeg 300w, https:\/\/www.caudete.org\/ayuntamiento\/wp-content\/uploads\/2022\/12\/WhatsApp-Image-2022-12-30-at-20.38.07-1024x768.jpeg 1024w, https:\/\/www.caudete.org\/ayuntamiento\/wp-content\/uploads\/2022\/12\/WhatsApp-Image-2022-12-30-at-20.38.07-768x576.jpeg 768w, https:\/\/www.caudete.org\/ayuntamiento\/wp-content\/uploads\/2022\/12\/WhatsApp-Image-2022-12-30-at-20.38.07-1536x1152.jpeg 1536w, https:\/\/www.caudete.org\/ayuntamiento\/wp-content\/uploads\/2022\/12\/WhatsApp-Image-2022-12-30-at-20.38.07.jpeg 2048w\" sizes=\"(max-width: 300px) 100vw, 300px\" \/><\/a><\/p>\n<p style=\"text-align: justify;\">A Almudena le dese\u00f3 vivir un a\u00f1o festero y unas Fiestas inolvidables, diferentes al modo que hasta ahora las ha podido sentir, obsequi\u00e1ndole\u00a0 por parte del Consistorio con un detalle. Igualmente, Felicitaba a la joven Dama por su decisi\u00f3n e implicaci\u00f3n en la Fiesta, as\u00ed como a sus familiares por facilitarles esta oportunidad.<\/p>\n<p><a href=\"https:\/\/www.caudete.org\/ayuntamiento\/wp-content\/uploads\/2022\/12\/WhatsApp-Image-2022-12-30-at-20.38.12.jpeg\" rel='prettyPhoto'><img loading=\"lazy\" decoding=\"async\" class=\"aligncenter wp-image-20999 size-medium\" src=\"https:\/\/www.caudete.org\/ayuntamiento\/wp-content\/uploads\/2022\/12\/WhatsApp-Image-2022-12-30-at-20.38.12-300x225.jpeg\" alt=\"\" width=\"300\" height=\"225\" srcset=\"https:\/\/www.caudete.org\/ayuntamiento\/wp-content\/uploads\/2022\/12\/WhatsApp-Image-2022-12-30-at-20.38.12-300x225.jpeg 300w, https:\/\/www.caudete.org\/ayuntamiento\/wp-content\/uploads\/2022\/12\/WhatsApp-Image-2022-12-30-at-20.38.12-1024x768.jpeg 1024w, https:\/\/www.caudete.org\/ayuntamiento\/wp-content\/uploads\/2022\/12\/WhatsApp-Image-2022-12-30-at-20.38.12-768x576.jpeg 768w, https:\/\/www.caudete.org\/ayuntamiento\/wp-content\/uploads\/2022\/12\/WhatsApp-Image-2022-12-30-at-20.38.12-1536x1152.jpeg 1536w, https:\/\/www.caudete.org\/ayuntamiento\/wp-content\/uploads\/2022\/12\/WhatsApp-Image-2022-12-30-at-20.38.12.jpeg 2048w\" sizes=\"(max-width: 300px) 100vw, 300px\" \/><\/a><\/p>\n<p>&nbsp;<\/p>\n","protected":false},"excerpt":{"rendered":"<p>En la tarde de ayer viernes 30 de Diciembre la Corporaci\u00f3n Municipal, encabezada por su Alcalde Mois\u00e9s L\u00f3pez, procedi\u00f3 a realizar el acto de Pedida de Dama para las pr\u00f3ximas Fiestas Patronales de Septiembre 2023, acompa\u00f1ado de la actual Dama de Honor 2022. Almudena Uribe-Echevarria Valencia, una joven festera, ha aceptado ostentar el cargo de &hellip;<\/p>\n","protected":false},"author":3,"featured_media":21002,"comment_status":"closed","ping_status":"open","sticky":false,"template":"","format":"standard","meta":{"ngg_post_thumbnail":0,"footnotes":""},"categories":[31],"tags":[],"class_list":["post-20997","post","type-post","status-publish","format-standard","has-post-thumbnail","hentry","category-fiestas"],"yoast_head":"<!-- This site is optimized with the Yoast SEO plugin v27.5 - https:\/\/yoast.com\/product\/yoast-seo-wordpress\/ -->\n<title>Almudena Uribe-Echevarr\u00eda ser\u00e1 la DAMA DE HONOR 2023 del Ayuntamiento para las Fiestas Patronales - MI Ayuntamiento de Caudete<\/title>\n<meta name=\"description\" content=\"P\u00e1gina Oficial del Ayuntamiento de Caudete (Albacete)\" \/>\n<meta name=\"robots\" content=\"index, follow, max-snippet:-1, max-image-preview:large, max-video-preview:-1\" \/>\n<link rel=\"canonical\" href=\"https:\/\/www.caudete.org\/ayuntamiento\/almudena-uribe-echevarria-sera-la-dama-de-honor-2023-del-ayuntamiento-para-las-fiestas-patronales\/\" \/>\n<meta property=\"og:locale\" content=\"es_ES\" \/>\n<meta property=\"og:type\" content=\"article\" \/>\n<meta property=\"og:title\" content=\"Almudena Uribe-Echevarr\u00eda ser\u00e1 la DAMA DE HONOR 2023 del Ayuntamiento para las Fiestas Patronales - MI Ayuntamiento de Caudete\" \/>\n<meta property=\"og:description\" content=\"P\u00e1gina Oficial del Ayuntamiento de Caudete (Albacete)\" \/>\n<meta property=\"og:url\" content=\"https:\/\/www.caudete.org\/ayuntamiento\/almudena-uribe-echevarria-sera-la-dama-de-honor-2023-del-ayuntamiento-para-las-fiestas-patronales\/\" \/>\n<meta property=\"og:site_name\" content=\"MI Ayuntamiento de Caudete\" \/>\n<meta property=\"article:publisher\" content=\"https:\/\/www.facebook.com\/ayuntamientocaudete\/\" \/>\n<meta property=\"article:published_time\" content=\"2022-12-31T08:25:32+00:00\" \/>\n<meta property=\"og:image\" content=\"https:\/\/www.caudete.org\/ayuntamiento\/wp-content\/uploads\/2022\/12\/WhatsApp-Image-2022-12-30-at-20.38.06.jpeg\" \/>\n\t<meta property=\"og:image:width\" content=\"2048\" \/>\n\t<meta property=\"og:image:height\" content=\"1536\" \/>\n\t<meta property=\"og:image:type\" content=\"image\/jpeg\" \/>\n<meta name=\"author\" content=\"alcalde\" \/>\n<meta name=\"twitter:card\" content=\"summary_large_image\" \/>\n<meta name=\"twitter:label1\" content=\"Escrito por\" \/>\n\t<meta name=\"twitter:data1\" content=\"alcalde\" \/>\n\t<meta name=\"twitter:label2\" content=\"Tiempo de lectura\" \/>\n\t<meta name=\"twitter:data2\" content=\"2 minutos\" \/>\n<script type=\"application\/ld+json\" class=\"yoast-schema-graph\">{\"@context\":\"https:\\\/\\\/schema.org\",\"@graph\":[{\"@type\":\"Article\",\"@id\":\"https:\\\/\\\/www.caudete.org\\\/ayuntamiento\\\/almudena-uribe-echevarria-sera-la-dama-de-honor-2023-del-ayuntamiento-para-las-fiestas-patronales\\\/#article\",\"isPartOf\":{\"@id\":\"https:\\\/\\\/www.caudete.org\\\/ayuntamiento\\\/almudena-uribe-echevarria-sera-la-dama-de-honor-2023-del-ayuntamiento-para-las-fiestas-patronales\\\/\"},\"author\":{\"name\":\"alcalde\",\"@id\":\"https:\\\/\\\/www.caudete.org\\\/ayuntamiento\\\/#\\\/schema\\\/person\\\/cc646da9133078ee4d8dd47457947253\"},\"headline\":\"Almudena Uribe-Echevarr\u00eda ser\u00e1 la DAMA DE HONOR 2023 del Ayuntamiento para las Fiestas Patronales\",\"datePublished\":\"2022-12-31T08:25:32+00:00\",\"mainEntityOfPage\":{\"@id\":\"https:\\\/\\\/www.caudete.org\\\/ayuntamiento\\\/almudena-uribe-echevarria-sera-la-dama-de-honor-2023-del-ayuntamiento-para-las-fiestas-patronales\\\/\"},\"wordCount\":190,\"image\":{\"@id\":\"https:\\\/\\\/www.caudete.org\\\/ayuntamiento\\\/almudena-uribe-echevarria-sera-la-dama-de-honor-2023-del-ayuntamiento-para-las-fiestas-patronales\\\/#primaryimage\"},\"thumbnailUrl\":\"https:\\\/\\\/www.caudete.org\\\/ayuntamiento\\\/wp-content\\\/uploads\\\/2022\\\/12\\\/WhatsApp-Image-2022-12-30-at-20.38.06.jpeg\",\"articleSection\":[\"Fiestas\"],\"inLanguage\":\"es\"},{\"@type\":\"WebPage\",\"@id\":\"https:\\\/\\\/www.caudete.org\\\/ayuntamiento\\\/almudena-uribe-echevarria-sera-la-dama-de-honor-2023-del-ayuntamiento-para-las-fiestas-patronales\\\/\",\"url\":\"https:\\\/\\\/www.caudete.org\\\/ayuntamiento\\\/almudena-uribe-echevarria-sera-la-dama-de-honor-2023-del-ayuntamiento-para-las-fiestas-patronales\\\/\",\"name\":\"Almudena Uribe-Echevarr\u00eda ser\u00e1 la DAMA DE HONOR 2023 del Ayuntamiento para las Fiestas Patronales - MI Ayuntamiento de Caudete\",\"isPartOf\":{\"@id\":\"https:\\\/\\\/www.caudete.org\\\/ayuntamiento\\\/#website\"},\"primaryImageOfPage\":{\"@id\":\"https:\\\/\\\/www.caudete.org\\\/ayuntamiento\\\/almudena-uribe-echevarria-sera-la-dama-de-honor-2023-del-ayuntamiento-para-las-fiestas-patronales\\\/#primaryimage\"},\"image\":{\"@id\":\"https:\\\/\\\/www.caudete.org\\\/ayuntamiento\\\/almudena-uribe-echevarria-sera-la-dama-de-honor-2023-del-ayuntamiento-para-las-fiestas-patronales\\\/#primaryimage\"},\"thumbnailUrl\":\"https:\\\/\\\/www.caudete.org\\\/ayuntamiento\\\/wp-content\\\/uploads\\\/2022\\\/12\\\/WhatsApp-Image-2022-12-30-at-20.38.06.jpeg\",\"datePublished\":\"2022-12-31T08:25:32+00:00\",\"author\":{\"@id\":\"https:\\\/\\\/www.caudete.org\\\/ayuntamiento\\\/#\\\/schema\\\/person\\\/cc646da9133078ee4d8dd47457947253\"},\"description\":\"P\u00e1gina Oficial del Ayuntamiento de Caudete (Albacete)\",\"breadcrumb\":{\"@id\":\"https:\\\/\\\/www.caudete.org\\\/ayuntamiento\\\/almudena-uribe-echevarria-sera-la-dama-de-honor-2023-del-ayuntamiento-para-las-fiestas-patronales\\\/#breadcrumb\"},\"inLanguage\":\"es\",\"potentialAction\":[{\"@type\":\"ReadAction\",\"target\":[\"https:\\\/\\\/www.caudete.org\\\/ayuntamiento\\\/almudena-uribe-echevarria-sera-la-dama-de-honor-2023-del-ayuntamiento-para-las-fiestas-patronales\\\/\"]}]},{\"@type\":\"ImageObject\",\"inLanguage\":\"es\",\"@id\":\"https:\\\/\\\/www.caudete.org\\\/ayuntamiento\\\/almudena-uribe-echevarria-sera-la-dama-de-honor-2023-del-ayuntamiento-para-las-fiestas-patronales\\\/#primaryimage\",\"url\":\"https:\\\/\\\/www.caudete.org\\\/ayuntamiento\\\/wp-content\\\/uploads\\\/2022\\\/12\\\/WhatsApp-Image-2022-12-30-at-20.38.06.jpeg\",\"contentUrl\":\"https:\\\/\\\/www.caudete.org\\\/ayuntamiento\\\/wp-content\\\/uploads\\\/2022\\\/12\\\/WhatsApp-Image-2022-12-30-at-20.38.06.jpeg\",\"width\":2048,\"height\":1536},{\"@type\":\"BreadcrumbList\",\"@id\":\"https:\\\/\\\/www.caudete.org\\\/ayuntamiento\\\/almudena-uribe-echevarria-sera-la-dama-de-honor-2023-del-ayuntamiento-para-las-fiestas-patronales\\\/#breadcrumb\",\"itemListElement\":[{\"@type\":\"ListItem\",\"position\":1,\"name\":\"Inicio\",\"item\":\"https:\\\/\\\/www.caudete.org\\\/ayuntamiento\\\/\"},{\"@type\":\"ListItem\",\"position\":2,\"name\":\"Almudena Uribe-Echevarr\u00eda ser\u00e1 la DAMA DE HONOR 2023 del Ayuntamiento para las Fiestas Patronales\"}]},{\"@type\":\"WebSite\",\"@id\":\"https:\\\/\\\/www.caudete.org\\\/ayuntamiento\\\/#website\",\"url\":\"https:\\\/\\\/www.caudete.org\\\/ayuntamiento\\\/\",\"name\":\"MI Ayuntamiento de Caudete\",\"description\":\"P\u00e1gina Oficial del MI Ayuntamiento de Caudete\",\"potentialAction\":[{\"@type\":\"SearchAction\",\"target\":{\"@type\":\"EntryPoint\",\"urlTemplate\":\"https:\\\/\\\/www.caudete.org\\\/ayuntamiento\\\/?s={search_term_string}\"},\"query-input\":{\"@type\":\"PropertyValueSpecification\",\"valueRequired\":true,\"valueName\":\"search_term_string\"}}],\"inLanguage\":\"es\"},{\"@type\":\"Person\",\"@id\":\"https:\\\/\\\/www.caudete.org\\\/ayuntamiento\\\/#\\\/schema\\\/person\\\/cc646da9133078ee4d8dd47457947253\",\"name\":\"alcalde\",\"image\":{\"@type\":\"ImageObject\",\"inLanguage\":\"es\",\"@id\":\"https:\\\/\\\/secure.gravatar.com\\\/avatar\\\/84a817ba065b29ff08d666b215a215f5c79186a645ccb25b14a663d48a130f77?s=96&d=mm&r=g\",\"url\":\"https:\\\/\\\/secure.gravatar.com\\\/avatar\\\/84a817ba065b29ff08d666b215a215f5c79186a645ccb25b14a663d48a130f77?s=96&d=mm&r=g\",\"contentUrl\":\"https:\\\/\\\/secure.gravatar.com\\\/avatar\\\/84a817ba065b29ff08d666b215a215f5c79186a645ccb25b14a663d48a130f77?s=96&d=mm&r=g\",\"caption\":\"alcalde\"},\"url\":\"https:\\\/\\\/www.caudete.org\\\/ayuntamiento\\\/author\\\/alcalde\\\/\"}]}<\/script>\n<!-- \/ Yoast SEO plugin. -->","yoast_head_json":{"title":"Almudena Uribe-Echevarr\u00eda ser\u00e1 la DAMA DE HONOR 2023 del Ayuntamiento para las Fiestas Patronales - MI Ayuntamiento de Caudete","description":"P\u00e1gina Oficial del Ayuntamiento de Caudete (Albacete)","robots":{"index":"index","follow":"follow","max-snippet":"max-snippet:-1","max-image-preview":"max-image-preview:large","max-video-preview":"max-video-preview:-1"},"canonical":"https:\/\/www.caudete.org\/ayuntamiento\/almudena-uribe-echevarria-sera-la-dama-de-honor-2023-del-ayuntamiento-para-las-fiestas-patronales\/","og_locale":"es_ES","og_type":"article","og_title":"Almudena Uribe-Echevarr\u00eda ser\u00e1 la DAMA DE HONOR 2023 del Ayuntamiento para las Fiestas Patronales - MI Ayuntamiento de Caudete","og_description":"P\u00e1gina Oficial del Ayuntamiento de Caudete (Albacete)","og_url":"https:\/\/www.caudete.org\/ayuntamiento\/almudena-uribe-echevarria-sera-la-dama-de-honor-2023-del-ayuntamiento-para-las-fiestas-patronales\/","og_site_name":"MI Ayuntamiento de Caudete","article_publisher":"https:\/\/www.facebook.com\/ayuntamientocaudete\/","article_published_time":"2022-12-31T08:25:32+00:00","og_image":[{"width":2048,"height":1536,"url":"https:\/\/www.caudete.org\/ayuntamiento\/wp-content\/uploads\/2022\/12\/WhatsApp-Image-2022-12-30-at-20.38.06.jpeg","type":"image\/jpeg"}],"author":"alcalde","twitter_card":"summary_large_image","twitter_misc":{"Escrito por":"alcalde","Tiempo de lectura":"2 minutos"},"schema":{"@context":"https:\/\/schema.org","@graph":[{"@type":"Article","@id":"https:\/\/www.caudete.org\/ayuntamiento\/almudena-uribe-echevarria-sera-la-dama-de-honor-2023-del-ayuntamiento-para-las-fiestas-patronales\/#article","isPartOf":{"@id":"https:\/\/www.caudete.org\/ayuntamiento\/almudena-uribe-echevarria-sera-la-dama-de-honor-2023-del-ayuntamiento-para-las-fiestas-patronales\/"},"author":{"name":"alcalde","@id":"https:\/\/www.caudete.org\/ayuntamiento\/#\/schema\/person\/cc646da9133078ee4d8dd47457947253"},"headline":"Almudena Uribe-Echevarr\u00eda ser\u00e1 la DAMA DE HONOR 2023 del Ayuntamiento para las Fiestas Patronales","datePublished":"2022-12-31T08:25:32+00:00","mainEntityOfPage":{"@id":"https:\/\/www.caudete.org\/ayuntamiento\/almudena-uribe-echevarria-sera-la-dama-de-honor-2023-del-ayuntamiento-para-las-fiestas-patronales\/"},"wordCount":190,"image":{"@id":"https:\/\/www.caudete.org\/ayuntamiento\/almudena-uribe-echevarria-sera-la-dama-de-honor-2023-del-ayuntamiento-para-las-fiestas-patronales\/#primaryimage"},"thumbnailUrl":"https:\/\/www.caudete.org\/ayuntamiento\/wp-content\/uploads\/2022\/12\/WhatsApp-Image-2022-12-30-at-20.38.06.jpeg","articleSection":["Fiestas"],"inLanguage":"es"},{"@type":"WebPage","@id":"https:\/\/www.caudete.org\/ayuntamiento\/almudena-uribe-echevarria-sera-la-dama-de-honor-2023-del-ayuntamiento-para-las-fiestas-patronales\/","url":"https:\/\/www.caudete.org\/ayuntamiento\/almudena-uribe-echevarria-sera-la-dama-de-honor-2023-del-ayuntamiento-para-las-fiestas-patronales\/","name":"Almudena Uribe-Echevarr\u00eda ser\u00e1 la DAMA DE HONOR 2023 del Ayuntamiento para las Fiestas Patronales - MI Ayuntamiento de Caudete","isPartOf":{"@id":"https:\/\/www.caudete.org\/ayuntamiento\/#website"},"primaryImageOfPage":{"@id":"https:\/\/www.caudete.org\/ayuntamiento\/almudena-uribe-echevarria-sera-la-dama-de-honor-2023-del-ayuntamiento-para-las-fiestas-patronales\/#primaryimage"},"image":{"@id":"https:\/\/www.caudete.org\/ayuntamiento\/almudena-uribe-echevarria-sera-la-dama-de-honor-2023-del-ayuntamiento-para-las-fiestas-patronales\/#primaryimage"},"thumbnailUrl":"https:\/\/www.caudete.org\/ayuntamiento\/wp-content\/uploads\/2022\/12\/WhatsApp-Image-2022-12-30-at-20.38.06.jpeg","datePublished":"2022-12-31T08:25:32+00:00","author":{"@id":"https:\/\/www.caudete.org\/ayuntamiento\/#\/schema\/person\/cc646da9133078ee4d8dd47457947253"},"description":"P\u00e1gina Oficial del Ayuntamiento de Caudete (Albacete)","breadcrumb":{"@id":"https:\/\/www.caudete.org\/ayuntamiento\/almudena-uribe-echevarria-sera-la-dama-de-honor-2023-del-ayuntamiento-para-las-fiestas-patronales\/#breadcrumb"},"inLanguage":"es","potentialAction":[{"@type":"ReadAction","target":["https:\/\/www.caudete.org\/ayuntamiento\/almudena-uribe-echevarria-sera-la-dama-de-honor-2023-del-ayuntamiento-para-las-fiestas-patronales\/"]}]},{"@type":"ImageObject","inLanguage":"es","@id":"https:\/\/www.caudete.org\/ayuntamiento\/almudena-uribe-echevarria-sera-la-dama-de-honor-2023-del-ayuntamiento-para-las-fiestas-patronales\/#primaryimage","url":"https:\/\/www.caudete.org\/ayuntamiento\/wp-content\/uploads\/2022\/12\/WhatsApp-Image-2022-12-30-at-20.38.06.jpeg","contentUrl":"https:\/\/www.caudete.org\/ayuntamiento\/wp-content\/uploads\/2022\/12\/WhatsApp-Image-2022-12-30-at-20.38.06.jpeg","width":2048,"height":1536},{"@type":"BreadcrumbList","@id":"https:\/\/www.caudete.org\/ayuntamiento\/almudena-uribe-echevarria-sera-la-dama-de-honor-2023-del-ayuntamiento-para-las-fiestas-patronales\/#breadcrumb","itemListElement":[{"@type":"ListItem","position":1,"name":"Inicio","item":"https:\/\/www.caudete.org\/ayuntamiento\/"},{"@type":"ListItem","position":2,"name":"Almudena Uribe-Echevarr\u00eda ser\u00e1 la DAMA DE HONOR 2023 del Ayuntamiento para las Fiestas Patronales"}]},{"@type":"WebSite","@id":"https:\/\/www.caudete.org\/ayuntamiento\/#website","url":"https:\/\/www.caudete.org\/ayuntamiento\/","name":"MI Ayuntamiento de Caudete","description":"P\u00e1gina Oficial del MI Ayuntamiento de Caudete","potentialAction":[{"@type":"SearchAction","target":{"@type":"EntryPoint","urlTemplate":"https:\/\/www.caudete.org\/ayuntamiento\/?s={search_term_string}"},"query-input":{"@type":"PropertyValueSpecification","valueRequired":true,"valueName":"search_term_string"}}],"inLanguage":"es"},{"@type":"Person","@id":"https:\/\/www.caudete.org\/ayuntamiento\/#\/schema\/person\/cc646da9133078ee4d8dd47457947253","name":"alcalde","image":{"@type":"ImageObject","inLanguage":"es","@id":"https:\/\/secure.gravatar.com\/avatar\/84a817ba065b29ff08d666b215a215f5c79186a645ccb25b14a663d48a130f77?s=96&d=mm&r=g","url":"https:\/\/secure.gravatar.com\/avatar\/84a817ba065b29ff08d666b215a215f5c79186a645ccb25b14a663d48a130f77?s=96&d=mm&r=g","contentUrl":"https:\/\/secure.gravatar.com\/avatar\/84a817ba065b29ff08d666b215a215f5c79186a645ccb25b14a663d48a130f77?s=96&d=mm&r=g","caption":"alcalde"},"url":"https:\/\/www.caudete.org\/ayuntamiento\/author\/alcalde\/"}]}},"_links":{"self":[{"href":"https:\/\/www.caudete.org\/ayuntamiento\/wp-json\/wp\/v2\/posts\/20997","targetHints":{"allow":["GET"]}}],"collection":[{"href":"https:\/\/www.caudete.org\/ayuntamiento\/wp-json\/wp\/v2\/posts"}],"about":[{"href":"https:\/\/www.caudete.org\/ayuntamiento\/wp-json\/wp\/v2\/types\/post"}],"author":[{"embeddable":true,"href":"https:\/\/www.caudete.org\/ayuntamiento\/wp-json\/wp\/v2\/users\/3"}],"replies":[{"embeddable":true,"href":"https:\/\/www.caudete.org\/ayuntamiento\/wp-json\/wp\/v2\/comments?post=20997"}],"version-history":[{"count":1,"href":"https:\/\/www.caudete.org\/ayuntamiento\/wp-json\/wp\/v2\/posts\/20997\/revisions"}],"predecessor-version":[{"id":21003,"href":"https:\/\/www.caudete.org\/ayuntamiento\/wp-json\/wp\/v2\/posts\/20997\/revisions\/21003"}],"wp:featuredmedia":[{"embeddable":true,"href":"https:\/\/www.caudete.org\/ayuntamiento\/wp-json\/wp\/v2\/media\/21002"}],"wp:attachment":[{"href":"https:\/\/www.caudete.org\/ayuntamiento\/wp-json\/wp\/v2\/media?parent=20997"}],"wp:term":[{"taxonomy":"category","embeddable":true,"href":"https:\/\/www.caudete.org\/ayuntamiento\/wp-json\/wp\/v2\/categories?post=20997"},{"taxonomy":"post_tag","embeddable":true,"href":"https:\/\/www.caudete.org\/ayuntamiento\/wp-json\/wp\/v2\/tags?post=20997"}],"curies":[{"name":"wp","href":"https:\/\/api.w.org\/{rel}","templated":true}]}}