{"id":21018,"date":"2023-01-02T15:18:32","date_gmt":"2023-01-02T14:18:32","guid":{"rendered":"https:\/\/www.caudete.org\/ayuntamiento\/?p=21018"},"modified":"2023-01-02T15:19:52","modified_gmt":"2023-01-02T14:19:52","slug":"juan-herrey-es-nombrado-jefe-de-la-agrupacion-de-voluntarios-de-proteccion-civil","status":"publish","type":"post","link":"https:\/\/www.caudete.org\/ayuntamiento\/juan-herrey-es-nombrado-jefe-de-la-agrupacion-de-voluntarios-de-proteccion-civil\/","title":{"rendered":"Juan Herrey es nombrado Jefe de la Agrupaci\u00f3n de Voluntarios de PROTECCI\u00d3N CIVIL"},"content":{"rendered":"<p style=\"text-align: justify;\"><a href=\"https:\/\/www.caudete.org\/ayuntamiento\/wp-content\/uploads\/2023\/01\/Captura-de-pantalla-2023-01-02-150640.jpg\" rel='prettyPhoto'><img decoding=\"async\" class=\"aligncenter wp-image-21021 size-medium\" src=\"https:\/\/www.caudete.org\/ayuntamiento\/wp-content\/uploads\/2023\/01\/Captura-de-pantalla-2023-01-02-150640-300x115.jpg\" alt=\"\" width=\"300\" height=\"115\" srcset=\"https:\/\/www.caudete.org\/ayuntamiento\/wp-content\/uploads\/2023\/01\/Captura-de-pantalla-2023-01-02-150640-300x115.jpg 300w, https:\/\/www.caudete.org\/ayuntamiento\/wp-content\/uploads\/2023\/01\/Captura-de-pantalla-2023-01-02-150640-768x295.jpg 768w, https:\/\/www.caudete.org\/ayuntamiento\/wp-content\/uploads\/2023\/01\/Captura-de-pantalla-2023-01-02-150640.jpg 891w\" sizes=\"(max-width: 300px) 100vw, 300px\" \/><\/a><\/p>\n<p style=\"text-align: justify;\">Pilar Egea, Concejal de Emergencias presentaba esta ma\u00f1ana en la Sala de Prensa del Ayuntamiento al nuevo Jefe de la Agrupaci\u00f3n de Voluntarios de Protecci\u00f3n Civil, Juan Herrey, quien era SubJefe de la Agrupaci\u00f3n bajo el mandato de Luis Amor\u00f3s, a quien sustituye en los mandos.<\/p>\n<p style=\"text-align: justify;\">Juan Herrey es voluntario de la agrupaci\u00f3n caudetana desde hace varios a\u00f1os, y suma experiencia de voluntario en Protecci\u00f3n Civil en las localidades madrile\u00f1as de San Sebasti\u00e1n de los Reyes y de Algete.<\/p>\n<p style=\"text-align: justify;\">Egea manisfestaba el compromiso que desde su Concejal\u00eda existe con la Agrupaci\u00f3n para realizar un proyecto diferente e ilusionante, que busque la suma de voluntarios, y la labor de ellos entre la ciudadan\u00eda aplicando los valores propios de Portecci\u00f3n Civil, cumpliendo con el objetivo de trabajar por Caudete en las situaciones donde se le requiera.<\/p>\n<p style=\"text-align: justify;\">En ese objetivo, la Concejal manifestaba que una primera fase se ha alcanzado ya con \u00e9xito, figurando la mejora de recursos y medios de la agrupaci\u00f3n para lograr un trabajo m\u00e1s efectivo, lo que en este mandato se ha conseguido de forma notable, quedando para una segunda fase que ahora comienza, el crecimiento en n\u00famero y en actividad de la propia Agrupaci\u00f3n, cuesti\u00f3n confiada en el nuevo Jefe de la Agrupaci\u00f3n.<\/p>\n<p style=\"text-align: justify;\">Juan Herrey ha recibido p\u00fablicamente la felicitaci\u00f3n de la Concejal, quien le deseaba \u00e9xito y acierto en sus gestiones como Jefe de la Agrupaci\u00f3n.<\/p>\n<p style=\"text-align: justify;\">De igual forma, Pilar Egea ha tenido palabras de agradecimiento p\u00fablico por el trabajo y dedicaci\u00f3n altruista a quien ha sido hasta hace unos d\u00edas y durante 6 a\u00f1os Jefe de la Agrupaci\u00f3n, Luis Amor\u00f3s Solera, quien desde ahora y como no pod\u00eda ser de otra forma seguir\u00e1 formando parte de la Agrupaci\u00f3n como voluntario.<\/p>\n<p style=\"text-align: justify;\">Finalizaba la presentaci\u00f3n realizando un llamamiento a los caudetanos que tengan ganas y deseen trabajar por su pueblo, de forma voluntaria, haci\u00e9ndose miembro de la Agrupaci\u00f3n de Voluntarios de Protecci\u00f3n Civil.<\/p>\n<p><a href=\"https:\/\/www.caudete.org\/ayuntamiento\/wp-content\/uploads\/2023\/01\/WhatsApp-Image-2023-01-02-at-15.12.08-1.jpeg\" rel='prettyPhoto'><img fetchpriority=\"high\" decoding=\"async\" class=\"aligncenter wp-image-21022 size-medium\" src=\"https:\/\/www.caudete.org\/ayuntamiento\/wp-content\/uploads\/2023\/01\/WhatsApp-Image-2023-01-02-at-15.12.08-1-300x225.jpeg\" alt=\"\" width=\"300\" height=\"225\" srcset=\"https:\/\/www.caudete.org\/ayuntamiento\/wp-content\/uploads\/2023\/01\/WhatsApp-Image-2023-01-02-at-15.12.08-1-300x225.jpeg 300w, https:\/\/www.caudete.org\/ayuntamiento\/wp-content\/uploads\/2023\/01\/WhatsApp-Image-2023-01-02-at-15.12.08-1-1024x768.jpeg 1024w, https:\/\/www.caudete.org\/ayuntamiento\/wp-content\/uploads\/2023\/01\/WhatsApp-Image-2023-01-02-at-15.12.08-1-768x576.jpeg 768w, https:\/\/www.caudete.org\/ayuntamiento\/wp-content\/uploads\/2023\/01\/WhatsApp-Image-2023-01-02-at-15.12.08-1-1536x1153.jpeg 1536w, https:\/\/www.caudete.org\/ayuntamiento\/wp-content\/uploads\/2023\/01\/WhatsApp-Image-2023-01-02-at-15.12.08-1.jpeg 1599w\" sizes=\"(max-width: 300px) 100vw, 300px\" \/><\/a><\/p>\n","protected":false},"excerpt":{"rendered":"<p>Pilar Egea, Concejal de Emergencias presentaba esta ma\u00f1ana en la Sala de Prensa del Ayuntamiento al nuevo Jefe de la Agrupaci\u00f3n de Voluntarios de Protecci\u00f3n Civil, Juan Herrey, quien era SubJefe de la Agrupaci\u00f3n bajo el mandato de Luis Amor\u00f3s, a quien sustituye en los mandos. Juan Herrey es voluntario de la agrupaci\u00f3n caudetana desde &hellip;<\/p>\n","protected":false},"author":3,"featured_media":21023,"comment_status":"closed","ping_status":"open","sticky":false,"template":"","format":"standard","meta":{"ngg_post_thumbnail":0,"footnotes":""},"categories":[41],"tags":[],"class_list":["post-21018","post","type-post","status-publish","format-standard","has-post-thumbnail","hentry","category-emergencias"],"yoast_head":"<!-- This site is optimized with the Yoast SEO plugin v27.5 - https:\/\/yoast.com\/product\/yoast-seo-wordpress\/ -->\n<title>Juan Herrey es nombrado Jefe de la Agrupaci\u00f3n de Voluntarios de PROTECCI\u00d3N CIVIL - MI Ayuntamiento de Caudete<\/title>\n<meta name=\"description\" content=\"P\u00e1gina Oficial del Ayuntamiento de Caudete (Albacete)\" \/>\n<meta name=\"robots\" content=\"index, follow, max-snippet:-1, max-image-preview:large, max-video-preview:-1\" \/>\n<link rel=\"canonical\" href=\"https:\/\/www.caudete.org\/ayuntamiento\/juan-herrey-es-nombrado-jefe-de-la-agrupacion-de-voluntarios-de-proteccion-civil\/\" \/>\n<meta property=\"og:locale\" content=\"es_ES\" \/>\n<meta property=\"og:type\" content=\"article\" \/>\n<meta property=\"og:title\" content=\"Juan Herrey es nombrado Jefe de la Agrupaci\u00f3n de Voluntarios de PROTECCI\u00d3N CIVIL - MI Ayuntamiento de Caudete\" \/>\n<meta property=\"og:description\" content=\"P\u00e1gina Oficial del Ayuntamiento de Caudete (Albacete)\" \/>\n<meta property=\"og:url\" content=\"https:\/\/www.caudete.org\/ayuntamiento\/juan-herrey-es-nombrado-jefe-de-la-agrupacion-de-voluntarios-de-proteccion-civil\/\" \/>\n<meta property=\"og:site_name\" content=\"MI Ayuntamiento de Caudete\" \/>\n<meta property=\"article:publisher\" content=\"https:\/\/www.facebook.com\/ayuntamientocaudete\/\" \/>\n<meta property=\"article:published_time\" content=\"2023-01-02T14:18:32+00:00\" \/>\n<meta property=\"article:modified_time\" content=\"2023-01-02T14:19:52+00:00\" \/>\n<meta property=\"og:image\" content=\"https:\/\/www.caudete.org\/ayuntamiento\/wp-content\/uploads\/2023\/01\/WhatsApp-Image-2023-01-02-at-15.11.29-1.jpeg\" \/>\n\t<meta property=\"og:image:width\" content=\"1599\" \/>\n\t<meta property=\"og:image:height\" content=\"1200\" \/>\n\t<meta property=\"og:image:type\" content=\"image\/jpeg\" \/>\n<meta name=\"author\" content=\"alcalde\" \/>\n<meta name=\"twitter:card\" content=\"summary_large_image\" \/>\n<meta name=\"twitter:label1\" content=\"Escrito por\" \/>\n\t<meta name=\"twitter:data1\" content=\"alcalde\" \/>\n\t<meta name=\"twitter:label2\" content=\"Tiempo de lectura\" \/>\n\t<meta name=\"twitter:data2\" content=\"2 minutos\" \/>\n<script type=\"application\/ld+json\" class=\"yoast-schema-graph\">{\"@context\":\"https:\\\/\\\/schema.org\",\"@graph\":[{\"@type\":\"Article\",\"@id\":\"https:\\\/\\\/www.caudete.org\\\/ayuntamiento\\\/juan-herrey-es-nombrado-jefe-de-la-agrupacion-de-voluntarios-de-proteccion-civil\\\/#article\",\"isPartOf\":{\"@id\":\"https:\\\/\\\/www.caudete.org\\\/ayuntamiento\\\/juan-herrey-es-nombrado-jefe-de-la-agrupacion-de-voluntarios-de-proteccion-civil\\\/\"},\"author\":{\"name\":\"alcalde\",\"@id\":\"https:\\\/\\\/www.caudete.org\\\/ayuntamiento\\\/#\\\/schema\\\/person\\\/cc646da9133078ee4d8dd47457947253\"},\"headline\":\"Juan Herrey es nombrado Jefe de la Agrupaci\u00f3n de Voluntarios de PROTECCI\u00d3N CIVIL\",\"datePublished\":\"2023-01-02T14:18:32+00:00\",\"dateModified\":\"2023-01-02T14:19:52+00:00\",\"mainEntityOfPage\":{\"@id\":\"https:\\\/\\\/www.caudete.org\\\/ayuntamiento\\\/juan-herrey-es-nombrado-jefe-de-la-agrupacion-de-voluntarios-de-proteccion-civil\\\/\"},\"wordCount\":364,\"publisher\":{\"@id\":\"https:\\\/\\\/www.caudete.org\\\/ayuntamiento\\\/#organization\"},\"image\":{\"@id\":\"https:\\\/\\\/www.caudete.org\\\/ayuntamiento\\\/juan-herrey-es-nombrado-jefe-de-la-agrupacion-de-voluntarios-de-proteccion-civil\\\/#primaryimage\"},\"thumbnailUrl\":\"https:\\\/\\\/www.caudete.org\\\/ayuntamiento\\\/wp-content\\\/uploads\\\/2023\\\/01\\\/WhatsApp-Image-2023-01-02-at-15.11.29-1.jpeg\",\"articleSection\":[\"Emergencias\"],\"inLanguage\":\"es\"},{\"@type\":\"WebPage\",\"@id\":\"https:\\\/\\\/www.caudete.org\\\/ayuntamiento\\\/juan-herrey-es-nombrado-jefe-de-la-agrupacion-de-voluntarios-de-proteccion-civil\\\/\",\"url\":\"https:\\\/\\\/www.caudete.org\\\/ayuntamiento\\\/juan-herrey-es-nombrado-jefe-de-la-agrupacion-de-voluntarios-de-proteccion-civil\\\/\",\"name\":\"Juan Herrey es nombrado Jefe de la Agrupaci\u00f3n de Voluntarios de PROTECCI\u00d3N CIVIL - MI Ayuntamiento de Caudete\",\"isPartOf\":{\"@id\":\"https:\\\/\\\/www.caudete.org\\\/ayuntamiento\\\/#website\"},\"primaryImageOfPage\":{\"@id\":\"https:\\\/\\\/www.caudete.org\\\/ayuntamiento\\\/juan-herrey-es-nombrado-jefe-de-la-agrupacion-de-voluntarios-de-proteccion-civil\\\/#primaryimage\"},\"image\":{\"@id\":\"https:\\\/\\\/www.caudete.org\\\/ayuntamiento\\\/juan-herrey-es-nombrado-jefe-de-la-agrupacion-de-voluntarios-de-proteccion-civil\\\/#primaryimage\"},\"thumbnailUrl\":\"https:\\\/\\\/www.caudete.org\\\/ayuntamiento\\\/wp-content\\\/uploads\\\/2023\\\/01\\\/WhatsApp-Image-2023-01-02-at-15.11.29-1.jpeg\",\"datePublished\":\"2023-01-02T14:18:32+00:00\",\"dateModified\":\"2023-01-02T14:19:52+00:00\",\"description\":\"P\u00e1gina Oficial del Ayuntamiento de Caudete (Albacete)\",\"breadcrumb\":{\"@id\":\"https:\\\/\\\/www.caudete.org\\\/ayuntamiento\\\/juan-herrey-es-nombrado-jefe-de-la-agrupacion-de-voluntarios-de-proteccion-civil\\\/#breadcrumb\"},\"inLanguage\":\"es\",\"potentialAction\":[{\"@type\":\"ReadAction\",\"target\":[\"https:\\\/\\\/www.caudete.org\\\/ayuntamiento\\\/juan-herrey-es-nombrado-jefe-de-la-agrupacion-de-voluntarios-de-proteccion-civil\\\/\"]}]},{\"@type\":\"ImageObject\",\"inLanguage\":\"es\",\"@id\":\"https:\\\/\\\/www.caudete.org\\\/ayuntamiento\\\/juan-herrey-es-nombrado-jefe-de-la-agrupacion-de-voluntarios-de-proteccion-civil\\\/#primaryimage\",\"url\":\"https:\\\/\\\/www.caudete.org\\\/ayuntamiento\\\/wp-content\\\/uploads\\\/2023\\\/01\\\/WhatsApp-Image-2023-01-02-at-15.11.29-1.jpeg\",\"contentUrl\":\"https:\\\/\\\/www.caudete.org\\\/ayuntamiento\\\/wp-content\\\/uploads\\\/2023\\\/01\\\/WhatsApp-Image-2023-01-02-at-15.11.29-1.jpeg\",\"width\":1599,\"height\":1200},{\"@type\":\"BreadcrumbList\",\"@id\":\"https:\\\/\\\/www.caudete.org\\\/ayuntamiento\\\/juan-herrey-es-nombrado-jefe-de-la-agrupacion-de-voluntarios-de-proteccion-civil\\\/#breadcrumb\",\"itemListElement\":[{\"@type\":\"ListItem\",\"position\":1,\"name\":\"Inicio\",\"item\":\"https:\\\/\\\/www.caudete.org\\\/ayuntamiento\\\/\"},{\"@type\":\"ListItem\",\"position\":2,\"name\":\"Juan Herrey es nombrado Jefe de la Agrupaci\u00f3n de Voluntarios de PROTECCI\u00d3N CIVIL\"}]},{\"@type\":\"WebSite\",\"@id\":\"https:\\\/\\\/www.caudete.org\\\/ayuntamiento\\\/#website\",\"url\":\"https:\\\/\\\/www.caudete.org\\\/ayuntamiento\\\/\",\"name\":\"MI Ayuntamiento de Caudete\",\"description\":\"P\u00e1gina Oficial del MI Ayuntamiento de Caudete\",\"publisher\":{\"@id\":\"https:\\\/\\\/www.caudete.org\\\/ayuntamiento\\\/#organization\"},\"potentialAction\":[{\"@type\":\"SearchAction\",\"target\":{\"@type\":\"EntryPoint\",\"urlTemplate\":\"https:\\\/\\\/www.caudete.org\\\/ayuntamiento\\\/?s={search_term_string}\"},\"query-input\":{\"@type\":\"PropertyValueSpecification\",\"valueRequired\":true,\"valueName\":\"search_term_string\"}}],\"inLanguage\":\"es\"},{\"@type\":\"Organization\",\"@id\":\"https:\\\/\\\/www.caudete.org\\\/ayuntamiento\\\/#organization\",\"name\":\"Ayuntamiento de Caudete\",\"url\":\"https:\\\/\\\/www.caudete.org\\\/ayuntamiento\\\/\",\"logo\":{\"@type\":\"ImageObject\",\"inLanguage\":\"es\",\"@id\":\"https:\\\/\\\/www.caudete.org\\\/ayuntamiento\\\/#\\\/schema\\\/logo\\\/image\\\/\",\"url\":\"https:\\\/\\\/www.caudete.org\\\/ayuntamiento\\\/wp-content\\\/uploads\\\/2020\\\/11\\\/logo_ayuntamiento_caudete.jpg\",\"contentUrl\":\"https:\\\/\\\/www.caudete.org\\\/ayuntamiento\\\/wp-content\\\/uploads\\\/2020\\\/11\\\/logo_ayuntamiento_caudete.jpg\",\"width\":600,\"height\":150,\"caption\":\"Ayuntamiento de Caudete\"},\"image\":{\"@id\":\"https:\\\/\\\/www.caudete.org\\\/ayuntamiento\\\/#\\\/schema\\\/logo\\\/image\\\/\"},\"sameAs\":[\"https:\\\/\\\/www.facebook.com\\\/ayuntamientocaudete\\\/\",\"https:\\\/\\\/www.youtube.com\\\/channel\\\/UC6VztHaooNsGpw-tNoBEFnQ\"]},{\"@type\":\"Person\",\"@id\":\"https:\\\/\\\/www.caudete.org\\\/ayuntamiento\\\/#\\\/schema\\\/person\\\/cc646da9133078ee4d8dd47457947253\",\"name\":\"alcalde\",\"image\":{\"@type\":\"ImageObject\",\"inLanguage\":\"es\",\"@id\":\"https:\\\/\\\/secure.gravatar.com\\\/avatar\\\/84a817ba065b29ff08d666b215a215f5c79186a645ccb25b14a663d48a130f77?s=96&d=mm&r=g\",\"url\":\"https:\\\/\\\/secure.gravatar.com\\\/avatar\\\/84a817ba065b29ff08d666b215a215f5c79186a645ccb25b14a663d48a130f77?s=96&d=mm&r=g\",\"contentUrl\":\"https:\\\/\\\/secure.gravatar.com\\\/avatar\\\/84a817ba065b29ff08d666b215a215f5c79186a645ccb25b14a663d48a130f77?s=96&d=mm&r=g\",\"caption\":\"alcalde\"},\"url\":\"https:\\\/\\\/www.caudete.org\\\/ayuntamiento\\\/author\\\/alcalde\\\/\"}]}<\/script>\n<!-- \/ Yoast SEO plugin. -->","yoast_head_json":{"title":"Juan Herrey es nombrado Jefe de la Agrupaci\u00f3n de Voluntarios de PROTECCI\u00d3N CIVIL - MI Ayuntamiento de Caudete","description":"P\u00e1gina Oficial del Ayuntamiento de Caudete (Albacete)","robots":{"index":"index","follow":"follow","max-snippet":"max-snippet:-1","max-image-preview":"max-image-preview:large","max-video-preview":"max-video-preview:-1"},"canonical":"https:\/\/www.caudete.org\/ayuntamiento\/juan-herrey-es-nombrado-jefe-de-la-agrupacion-de-voluntarios-de-proteccion-civil\/","og_locale":"es_ES","og_type":"article","og_title":"Juan Herrey es nombrado Jefe de la Agrupaci\u00f3n de Voluntarios de PROTECCI\u00d3N CIVIL - MI Ayuntamiento de Caudete","og_description":"P\u00e1gina Oficial del Ayuntamiento de Caudete (Albacete)","og_url":"https:\/\/www.caudete.org\/ayuntamiento\/juan-herrey-es-nombrado-jefe-de-la-agrupacion-de-voluntarios-de-proteccion-civil\/","og_site_name":"MI Ayuntamiento de Caudete","article_publisher":"https:\/\/www.facebook.com\/ayuntamientocaudete\/","article_published_time":"2023-01-02T14:18:32+00:00","article_modified_time":"2023-01-02T14:19:52+00:00","og_image":[{"width":1599,"height":1200,"url":"https:\/\/www.caudete.org\/ayuntamiento\/wp-content\/uploads\/2023\/01\/WhatsApp-Image-2023-01-02-at-15.11.29-1.jpeg","type":"image\/jpeg"}],"author":"alcalde","twitter_card":"summary_large_image","twitter_misc":{"Escrito por":"alcalde","Tiempo de lectura":"2 minutos"},"schema":{"@context":"https:\/\/schema.org","@graph":[{"@type":"Article","@id":"https:\/\/www.caudete.org\/ayuntamiento\/juan-herrey-es-nombrado-jefe-de-la-agrupacion-de-voluntarios-de-proteccion-civil\/#article","isPartOf":{"@id":"https:\/\/www.caudete.org\/ayuntamiento\/juan-herrey-es-nombrado-jefe-de-la-agrupacion-de-voluntarios-de-proteccion-civil\/"},"author":{"name":"alcalde","@id":"https:\/\/www.caudete.org\/ayuntamiento\/#\/schema\/person\/cc646da9133078ee4d8dd47457947253"},"headline":"Juan Herrey es nombrado Jefe de la Agrupaci\u00f3n de Voluntarios de PROTECCI\u00d3N CIVIL","datePublished":"2023-01-02T14:18:32+00:00","dateModified":"2023-01-02T14:19:52+00:00","mainEntityOfPage":{"@id":"https:\/\/www.caudete.org\/ayuntamiento\/juan-herrey-es-nombrado-jefe-de-la-agrupacion-de-voluntarios-de-proteccion-civil\/"},"wordCount":364,"publisher":{"@id":"https:\/\/www.caudete.org\/ayuntamiento\/#organization"},"image":{"@id":"https:\/\/www.caudete.org\/ayuntamiento\/juan-herrey-es-nombrado-jefe-de-la-agrupacion-de-voluntarios-de-proteccion-civil\/#primaryimage"},"thumbnailUrl":"https:\/\/www.caudete.org\/ayuntamiento\/wp-content\/uploads\/2023\/01\/WhatsApp-Image-2023-01-02-at-15.11.29-1.jpeg","articleSection":["Emergencias"],"inLanguage":"es"},{"@type":"WebPage","@id":"https:\/\/www.caudete.org\/ayuntamiento\/juan-herrey-es-nombrado-jefe-de-la-agrupacion-de-voluntarios-de-proteccion-civil\/","url":"https:\/\/www.caudete.org\/ayuntamiento\/juan-herrey-es-nombrado-jefe-de-la-agrupacion-de-voluntarios-de-proteccion-civil\/","name":"Juan Herrey es nombrado Jefe de la Agrupaci\u00f3n de Voluntarios de PROTECCI\u00d3N CIVIL - MI Ayuntamiento de Caudete","isPartOf":{"@id":"https:\/\/www.caudete.org\/ayuntamiento\/#website"},"primaryImageOfPage":{"@id":"https:\/\/www.caudete.org\/ayuntamiento\/juan-herrey-es-nombrado-jefe-de-la-agrupacion-de-voluntarios-de-proteccion-civil\/#primaryimage"},"image":{"@id":"https:\/\/www.caudete.org\/ayuntamiento\/juan-herrey-es-nombrado-jefe-de-la-agrupacion-de-voluntarios-de-proteccion-civil\/#primaryimage"},"thumbnailUrl":"https:\/\/www.caudete.org\/ayuntamiento\/wp-content\/uploads\/2023\/01\/WhatsApp-Image-2023-01-02-at-15.11.29-1.jpeg","datePublished":"2023-01-02T14:18:32+00:00","dateModified":"2023-01-02T14:19:52+00:00","description":"P\u00e1gina Oficial del Ayuntamiento de Caudete (Albacete)","breadcrumb":{"@id":"https:\/\/www.caudete.org\/ayuntamiento\/juan-herrey-es-nombrado-jefe-de-la-agrupacion-de-voluntarios-de-proteccion-civil\/#breadcrumb"},"inLanguage":"es","potentialAction":[{"@type":"ReadAction","target":["https:\/\/www.caudete.org\/ayuntamiento\/juan-herrey-es-nombrado-jefe-de-la-agrupacion-de-voluntarios-de-proteccion-civil\/"]}]},{"@type":"ImageObject","inLanguage":"es","@id":"https:\/\/www.caudete.org\/ayuntamiento\/juan-herrey-es-nombrado-jefe-de-la-agrupacion-de-voluntarios-de-proteccion-civil\/#primaryimage","url":"https:\/\/www.caudete.org\/ayuntamiento\/wp-content\/uploads\/2023\/01\/WhatsApp-Image-2023-01-02-at-15.11.29-1.jpeg","contentUrl":"https:\/\/www.caudete.org\/ayuntamiento\/wp-content\/uploads\/2023\/01\/WhatsApp-Image-2023-01-02-at-15.11.29-1.jpeg","width":1599,"height":1200},{"@type":"BreadcrumbList","@id":"https:\/\/www.caudete.org\/ayuntamiento\/juan-herrey-es-nombrado-jefe-de-la-agrupacion-de-voluntarios-de-proteccion-civil\/#breadcrumb","itemListElement":[{"@type":"ListItem","position":1,"name":"Inicio","item":"https:\/\/www.caudete.org\/ayuntamiento\/"},{"@type":"ListItem","position":2,"name":"Juan Herrey es nombrado Jefe de la Agrupaci\u00f3n de Voluntarios de PROTECCI\u00d3N CIVIL"}]},{"@type":"WebSite","@id":"https:\/\/www.caudete.org\/ayuntamiento\/#website","url":"https:\/\/www.caudete.org\/ayuntamiento\/","name":"MI Ayuntamiento de Caudete","description":"P\u00e1gina Oficial del MI Ayuntamiento de Caudete","publisher":{"@id":"https:\/\/www.caudete.org\/ayuntamiento\/#organization"},"potentialAction":[{"@type":"SearchAction","target":{"@type":"EntryPoint","urlTemplate":"https:\/\/www.caudete.org\/ayuntamiento\/?s={search_term_string}"},"query-input":{"@type":"PropertyValueSpecification","valueRequired":true,"valueName":"search_term_string"}}],"inLanguage":"es"},{"@type":"Organization","@id":"https:\/\/www.caudete.org\/ayuntamiento\/#organization","name":"Ayuntamiento de Caudete","url":"https:\/\/www.caudete.org\/ayuntamiento\/","logo":{"@type":"ImageObject","inLanguage":"es","@id":"https:\/\/www.caudete.org\/ayuntamiento\/#\/schema\/logo\/image\/","url":"https:\/\/www.caudete.org\/ayuntamiento\/wp-content\/uploads\/2020\/11\/logo_ayuntamiento_caudete.jpg","contentUrl":"https:\/\/www.caudete.org\/ayuntamiento\/wp-content\/uploads\/2020\/11\/logo_ayuntamiento_caudete.jpg","width":600,"height":150,"caption":"Ayuntamiento de Caudete"},"image":{"@id":"https:\/\/www.caudete.org\/ayuntamiento\/#\/schema\/logo\/image\/"},"sameAs":["https:\/\/www.facebook.com\/ayuntamientocaudete\/","https:\/\/www.youtube.com\/channel\/UC6VztHaooNsGpw-tNoBEFnQ"]},{"@type":"Person","@id":"https:\/\/www.caudete.org\/ayuntamiento\/#\/schema\/person\/cc646da9133078ee4d8dd47457947253","name":"alcalde","image":{"@type":"ImageObject","inLanguage":"es","@id":"https:\/\/secure.gravatar.com\/avatar\/84a817ba065b29ff08d666b215a215f5c79186a645ccb25b14a663d48a130f77?s=96&d=mm&r=g","url":"https:\/\/secure.gravatar.com\/avatar\/84a817ba065b29ff08d666b215a215f5c79186a645ccb25b14a663d48a130f77?s=96&d=mm&r=g","contentUrl":"https:\/\/secure.gravatar.com\/avatar\/84a817ba065b29ff08d666b215a215f5c79186a645ccb25b14a663d48a130f77?s=96&d=mm&r=g","caption":"alcalde"},"url":"https:\/\/www.caudete.org\/ayuntamiento\/author\/alcalde\/"}]}},"_links":{"self":[{"href":"https:\/\/www.caudete.org\/ayuntamiento\/wp-json\/wp\/v2\/posts\/21018","targetHints":{"allow":["GET"]}}],"collection":[{"href":"https:\/\/www.caudete.org\/ayuntamiento\/wp-json\/wp\/v2\/posts"}],"about":[{"href":"https:\/\/www.caudete.org\/ayuntamiento\/wp-json\/wp\/v2\/types\/post"}],"author":[{"embeddable":true,"href":"https:\/\/www.caudete.org\/ayuntamiento\/wp-json\/wp\/v2\/users\/3"}],"replies":[{"embeddable":true,"href":"https:\/\/www.caudete.org\/ayuntamiento\/wp-json\/wp\/v2\/comments?post=21018"}],"version-history":[{"count":1,"href":"https:\/\/www.caudete.org\/ayuntamiento\/wp-json\/wp\/v2\/posts\/21018\/revisions"}],"predecessor-version":[{"id":21024,"href":"https:\/\/www.caudete.org\/ayuntamiento\/wp-json\/wp\/v2\/posts\/21018\/revisions\/21024"}],"wp:featuredmedia":[{"embeddable":true,"href":"https:\/\/www.caudete.org\/ayuntamiento\/wp-json\/wp\/v2\/media\/21023"}],"wp:attachment":[{"href":"https:\/\/www.caudete.org\/ayuntamiento\/wp-json\/wp\/v2\/media?parent=21018"}],"wp:term":[{"taxonomy":"category","embeddable":true,"href":"https:\/\/www.caudete.org\/ayuntamiento\/wp-json\/wp\/v2\/categories?post=21018"},{"taxonomy":"post_tag","embeddable":true,"href":"https:\/\/www.caudete.org\/ayuntamiento\/wp-json\/wp\/v2\/tags?post=21018"}],"curies":[{"name":"wp","href":"https:\/\/api.w.org\/{rel}","templated":true}]}}