{"id":21037,"date":"2023-01-03T11:51:31","date_gmt":"2023-01-03T10:51:31","guid":{"rendered":"https:\/\/www.caudete.org\/ayuntamiento\/?p=21037"},"modified":"2023-01-03T11:53:36","modified_gmt":"2023-01-03T10:53:36","slug":"hogar-de-acogida-alacera-obsequia-al-ayuntamiento-con-un-abeto-navideno-realizado-en-su-taller-de-manualidades","status":"publish","type":"post","link":"https:\/\/www.caudete.org\/ayuntamiento\/hogar-de-acogida-alacera-obsequia-al-ayuntamiento-con-un-abeto-navideno-realizado-en-su-taller-de-manualidades\/","title":{"rendered":"Hogar de Acogida ALACERA obsequia al Ayuntamiento con un abeto navide\u00f1o realizado en su taller de manualidades"},"content":{"rendered":"<p style=\"text-align: justify;\">Hace unas semanas 4 chicos del <strong>Hogar de Acogida \u201cALACERA\u201d<\/strong>\u00a0gestionado por la\u00a0<strong>Fundaci\u00f3n Diagrama<\/strong> entregaban al Alcalde, en compa\u00f1\u00eda de uno de los monitores, y varios Concejales una original Felicitaci\u00f3n de Navidad y A\u00f1o Nuevo, en nombre de todos los integrantes de la misma.<\/p>\n<p style=\"text-align: justify;\">Un obsequio que se ha convertido en fijo de todas las Navidades, como resultado del taller de manualidades donde los j\u00f3venes han estado trabajando con materiales reciclados para confeccionar un \u00e1rbol navide\u00f1o.<\/p>\n<p style=\"text-align: justify;\">Con este, son ya cuatro los a\u00f1os que el Hogar de Acogida felicita la Navidad y el Nuevo A\u00f1o a todos los caudetanos con uno de sus trabajos manuales, como muestra de agradecimiento.<\/p>\n","protected":false},"excerpt":{"rendered":"<p>Hace unas semanas 4 chicos del Hogar de Acogida \u201cALACERA\u201d\u00a0gestionado por la\u00a0Fundaci\u00f3n Diagrama entregaban al Alcalde, en compa\u00f1\u00eda de uno de los monitores, y varios Concejales una original Felicitaci\u00f3n de Navidad y A\u00f1o Nuevo, en nombre de todos los integrantes de la misma. Un obsequio que se ha convertido en fijo de todas las Navidades, &hellip;<\/p>\n","protected":false},"author":3,"featured_media":21038,"comment_status":"closed","ping_status":"open","sticky":false,"template":"","format":"standard","meta":{"ngg_post_thumbnail":0,"footnotes":""},"categories":[51],"tags":[],"class_list":["post-21037","post","type-post","status-publish","format-standard","has-post-thumbnail","hentry","category-bienestar-social"],"yoast_head":"<!-- This site is optimized with the Yoast SEO plugin v27.5 - https:\/\/yoast.com\/product\/yoast-seo-wordpress\/ -->\n<title>Hogar de Acogida ALACERA obsequia al Ayuntamiento con un abeto navide\u00f1o realizado en su taller de manualidades - MI Ayuntamiento de Caudete<\/title>\n<meta name=\"description\" content=\"P\u00e1gina Oficial del Ayuntamiento de Caudete (Albacete)\" \/>\n<meta name=\"robots\" content=\"index, follow, max-snippet:-1, max-image-preview:large, max-video-preview:-1\" \/>\n<link rel=\"canonical\" href=\"https:\/\/www.caudete.org\/ayuntamiento\/hogar-de-acogida-alacera-obsequia-al-ayuntamiento-con-un-abeto-navideno-realizado-en-su-taller-de-manualidades\/\" \/>\n<meta property=\"og:locale\" content=\"es_ES\" \/>\n<meta property=\"og:type\" content=\"article\" \/>\n<meta property=\"og:title\" content=\"Hogar de Acogida ALACERA obsequia al Ayuntamiento con un abeto navide\u00f1o realizado en su taller de manualidades - MI Ayuntamiento de Caudete\" \/>\n<meta property=\"og:description\" content=\"P\u00e1gina Oficial del Ayuntamiento de Caudete (Albacete)\" \/>\n<meta property=\"og:url\" content=\"https:\/\/www.caudete.org\/ayuntamiento\/hogar-de-acogida-alacera-obsequia-al-ayuntamiento-con-un-abeto-navideno-realizado-en-su-taller-de-manualidades\/\" \/>\n<meta property=\"og:site_name\" content=\"MI Ayuntamiento de Caudete\" \/>\n<meta property=\"article:publisher\" content=\"https:\/\/www.facebook.com\/ayuntamientocaudete\/\" \/>\n<meta property=\"article:published_time\" content=\"2023-01-03T10:51:31+00:00\" \/>\n<meta property=\"article:modified_time\" content=\"2023-01-03T10:53:36+00:00\" \/>\n<meta property=\"og:image\" content=\"https:\/\/www.caudete.org\/ayuntamiento\/wp-content\/uploads\/2023\/01\/WhatsApp-Image-2023-01-03-at-11.36.34.jpeg\" \/>\n\t<meta property=\"og:image:width\" content=\"1600\" \/>\n\t<meta property=\"og:image:height\" content=\"900\" \/>\n\t<meta property=\"og:image:type\" content=\"image\/jpeg\" \/>\n<meta name=\"author\" content=\"alcalde\" \/>\n<meta name=\"twitter:card\" content=\"summary_large_image\" \/>\n<meta name=\"twitter:label1\" content=\"Escrito por\" \/>\n\t<meta name=\"twitter:data1\" content=\"alcalde\" \/>\n\t<meta name=\"twitter:label2\" content=\"Tiempo de lectura\" \/>\n\t<meta name=\"twitter:data2\" content=\"1 minuto\" \/>\n<script type=\"application\/ld+json\" class=\"yoast-schema-graph\">{\"@context\":\"https:\\\/\\\/schema.org\",\"@graph\":[{\"@type\":\"Article\",\"@id\":\"https:\\\/\\\/www.caudete.org\\\/ayuntamiento\\\/hogar-de-acogida-alacera-obsequia-al-ayuntamiento-con-un-abeto-navideno-realizado-en-su-taller-de-manualidades\\\/#article\",\"isPartOf\":{\"@id\":\"https:\\\/\\\/www.caudete.org\\\/ayuntamiento\\\/hogar-de-acogida-alacera-obsequia-al-ayuntamiento-con-un-abeto-navideno-realizado-en-su-taller-de-manualidades\\\/\"},\"author\":{\"name\":\"alcalde\",\"@id\":\"https:\\\/\\\/www.caudete.org\\\/ayuntamiento\\\/#\\\/schema\\\/person\\\/cc646da9133078ee4d8dd47457947253\"},\"headline\":\"Hogar de Acogida ALACERA obsequia al Ayuntamiento con un abeto navide\u00f1o realizado en su taller de manualidades\",\"datePublished\":\"2023-01-03T10:51:31+00:00\",\"dateModified\":\"2023-01-03T10:53:36+00:00\",\"mainEntityOfPage\":{\"@id\":\"https:\\\/\\\/www.caudete.org\\\/ayuntamiento\\\/hogar-de-acogida-alacera-obsequia-al-ayuntamiento-con-un-abeto-navideno-realizado-en-su-taller-de-manualidades\\\/\"},\"wordCount\":135,\"image\":{\"@id\":\"https:\\\/\\\/www.caudete.org\\\/ayuntamiento\\\/hogar-de-acogida-alacera-obsequia-al-ayuntamiento-con-un-abeto-navideno-realizado-en-su-taller-de-manualidades\\\/#primaryimage\"},\"thumbnailUrl\":\"https:\\\/\\\/www.caudete.org\\\/ayuntamiento\\\/wp-content\\\/uploads\\\/2023\\\/01\\\/WhatsApp-Image-2023-01-03-at-11.36.34.jpeg\",\"articleSection\":[\"Bienestar Social\"],\"inLanguage\":\"es\"},{\"@type\":\"WebPage\",\"@id\":\"https:\\\/\\\/www.caudete.org\\\/ayuntamiento\\\/hogar-de-acogida-alacera-obsequia-al-ayuntamiento-con-un-abeto-navideno-realizado-en-su-taller-de-manualidades\\\/\",\"url\":\"https:\\\/\\\/www.caudete.org\\\/ayuntamiento\\\/hogar-de-acogida-alacera-obsequia-al-ayuntamiento-con-un-abeto-navideno-realizado-en-su-taller-de-manualidades\\\/\",\"name\":\"Hogar de Acogida ALACERA obsequia al Ayuntamiento con un abeto navide\u00f1o realizado en su taller de manualidades - MI Ayuntamiento de Caudete\",\"isPartOf\":{\"@id\":\"https:\\\/\\\/www.caudete.org\\\/ayuntamiento\\\/#website\"},\"primaryImageOfPage\":{\"@id\":\"https:\\\/\\\/www.caudete.org\\\/ayuntamiento\\\/hogar-de-acogida-alacera-obsequia-al-ayuntamiento-con-un-abeto-navideno-realizado-en-su-taller-de-manualidades\\\/#primaryimage\"},\"image\":{\"@id\":\"https:\\\/\\\/www.caudete.org\\\/ayuntamiento\\\/hogar-de-acogida-alacera-obsequia-al-ayuntamiento-con-un-abeto-navideno-realizado-en-su-taller-de-manualidades\\\/#primaryimage\"},\"thumbnailUrl\":\"https:\\\/\\\/www.caudete.org\\\/ayuntamiento\\\/wp-content\\\/uploads\\\/2023\\\/01\\\/WhatsApp-Image-2023-01-03-at-11.36.34.jpeg\",\"datePublished\":\"2023-01-03T10:51:31+00:00\",\"dateModified\":\"2023-01-03T10:53:36+00:00\",\"author\":{\"@id\":\"https:\\\/\\\/www.caudete.org\\\/ayuntamiento\\\/#\\\/schema\\\/person\\\/cc646da9133078ee4d8dd47457947253\"},\"description\":\"P\u00e1gina Oficial del Ayuntamiento de Caudete (Albacete)\",\"breadcrumb\":{\"@id\":\"https:\\\/\\\/www.caudete.org\\\/ayuntamiento\\\/hogar-de-acogida-alacera-obsequia-al-ayuntamiento-con-un-abeto-navideno-realizado-en-su-taller-de-manualidades\\\/#breadcrumb\"},\"inLanguage\":\"es\",\"potentialAction\":[{\"@type\":\"ReadAction\",\"target\":[\"https:\\\/\\\/www.caudete.org\\\/ayuntamiento\\\/hogar-de-acogida-alacera-obsequia-al-ayuntamiento-con-un-abeto-navideno-realizado-en-su-taller-de-manualidades\\\/\"]}]},{\"@type\":\"ImageObject\",\"inLanguage\":\"es\",\"@id\":\"https:\\\/\\\/www.caudete.org\\\/ayuntamiento\\\/hogar-de-acogida-alacera-obsequia-al-ayuntamiento-con-un-abeto-navideno-realizado-en-su-taller-de-manualidades\\\/#primaryimage\",\"url\":\"https:\\\/\\\/www.caudete.org\\\/ayuntamiento\\\/wp-content\\\/uploads\\\/2023\\\/01\\\/WhatsApp-Image-2023-01-03-at-11.36.34.jpeg\",\"contentUrl\":\"https:\\\/\\\/www.caudete.org\\\/ayuntamiento\\\/wp-content\\\/uploads\\\/2023\\\/01\\\/WhatsApp-Image-2023-01-03-at-11.36.34.jpeg\",\"width\":1600,\"height\":900},{\"@type\":\"BreadcrumbList\",\"@id\":\"https:\\\/\\\/www.caudete.org\\\/ayuntamiento\\\/hogar-de-acogida-alacera-obsequia-al-ayuntamiento-con-un-abeto-navideno-realizado-en-su-taller-de-manualidades\\\/#breadcrumb\",\"itemListElement\":[{\"@type\":\"ListItem\",\"position\":1,\"name\":\"Inicio\",\"item\":\"https:\\\/\\\/www.caudete.org\\\/ayuntamiento\\\/\"},{\"@type\":\"ListItem\",\"position\":2,\"name\":\"Hogar de Acogida ALACERA obsequia al Ayuntamiento con un abeto navide\u00f1o realizado en su taller de manualidades\"}]},{\"@type\":\"WebSite\",\"@id\":\"https:\\\/\\\/www.caudete.org\\\/ayuntamiento\\\/#website\",\"url\":\"https:\\\/\\\/www.caudete.org\\\/ayuntamiento\\\/\",\"name\":\"MI Ayuntamiento de Caudete\",\"description\":\"P\u00e1gina Oficial del MI Ayuntamiento de Caudete\",\"potentialAction\":[{\"@type\":\"SearchAction\",\"target\":{\"@type\":\"EntryPoint\",\"urlTemplate\":\"https:\\\/\\\/www.caudete.org\\\/ayuntamiento\\\/?s={search_term_string}\"},\"query-input\":{\"@type\":\"PropertyValueSpecification\",\"valueRequired\":true,\"valueName\":\"search_term_string\"}}],\"inLanguage\":\"es\"},{\"@type\":\"Person\",\"@id\":\"https:\\\/\\\/www.caudete.org\\\/ayuntamiento\\\/#\\\/schema\\\/person\\\/cc646da9133078ee4d8dd47457947253\",\"name\":\"alcalde\",\"image\":{\"@type\":\"ImageObject\",\"inLanguage\":\"es\",\"@id\":\"https:\\\/\\\/secure.gravatar.com\\\/avatar\\\/84a817ba065b29ff08d666b215a215f5c79186a645ccb25b14a663d48a130f77?s=96&d=mm&r=g\",\"url\":\"https:\\\/\\\/secure.gravatar.com\\\/avatar\\\/84a817ba065b29ff08d666b215a215f5c79186a645ccb25b14a663d48a130f77?s=96&d=mm&r=g\",\"contentUrl\":\"https:\\\/\\\/secure.gravatar.com\\\/avatar\\\/84a817ba065b29ff08d666b215a215f5c79186a645ccb25b14a663d48a130f77?s=96&d=mm&r=g\",\"caption\":\"alcalde\"},\"url\":\"https:\\\/\\\/www.caudete.org\\\/ayuntamiento\\\/author\\\/alcalde\\\/\"}]}<\/script>\n<!-- \/ Yoast SEO plugin. -->","yoast_head_json":{"title":"Hogar de Acogida ALACERA obsequia al Ayuntamiento con un abeto navide\u00f1o realizado en su taller de manualidades - MI Ayuntamiento de Caudete","description":"P\u00e1gina Oficial del Ayuntamiento de Caudete (Albacete)","robots":{"index":"index","follow":"follow","max-snippet":"max-snippet:-1","max-image-preview":"max-image-preview:large","max-video-preview":"max-video-preview:-1"},"canonical":"https:\/\/www.caudete.org\/ayuntamiento\/hogar-de-acogida-alacera-obsequia-al-ayuntamiento-con-un-abeto-navideno-realizado-en-su-taller-de-manualidades\/","og_locale":"es_ES","og_type":"article","og_title":"Hogar de Acogida ALACERA obsequia al Ayuntamiento con un abeto navide\u00f1o realizado en su taller de manualidades - MI Ayuntamiento de Caudete","og_description":"P\u00e1gina Oficial del Ayuntamiento de Caudete (Albacete)","og_url":"https:\/\/www.caudete.org\/ayuntamiento\/hogar-de-acogida-alacera-obsequia-al-ayuntamiento-con-un-abeto-navideno-realizado-en-su-taller-de-manualidades\/","og_site_name":"MI Ayuntamiento de Caudete","article_publisher":"https:\/\/www.facebook.com\/ayuntamientocaudete\/","article_published_time":"2023-01-03T10:51:31+00:00","article_modified_time":"2023-01-03T10:53:36+00:00","og_image":[{"width":1600,"height":900,"url":"https:\/\/www.caudete.org\/ayuntamiento\/wp-content\/uploads\/2023\/01\/WhatsApp-Image-2023-01-03-at-11.36.34.jpeg","type":"image\/jpeg"}],"author":"alcalde","twitter_card":"summary_large_image","twitter_misc":{"Escrito por":"alcalde","Tiempo de lectura":"1 minuto"},"schema":{"@context":"https:\/\/schema.org","@graph":[{"@type":"Article","@id":"https:\/\/www.caudete.org\/ayuntamiento\/hogar-de-acogida-alacera-obsequia-al-ayuntamiento-con-un-abeto-navideno-realizado-en-su-taller-de-manualidades\/#article","isPartOf":{"@id":"https:\/\/www.caudete.org\/ayuntamiento\/hogar-de-acogida-alacera-obsequia-al-ayuntamiento-con-un-abeto-navideno-realizado-en-su-taller-de-manualidades\/"},"author":{"name":"alcalde","@id":"https:\/\/www.caudete.org\/ayuntamiento\/#\/schema\/person\/cc646da9133078ee4d8dd47457947253"},"headline":"Hogar de Acogida ALACERA obsequia al Ayuntamiento con un abeto navide\u00f1o realizado en su taller de manualidades","datePublished":"2023-01-03T10:51:31+00:00","dateModified":"2023-01-03T10:53:36+00:00","mainEntityOfPage":{"@id":"https:\/\/www.caudete.org\/ayuntamiento\/hogar-de-acogida-alacera-obsequia-al-ayuntamiento-con-un-abeto-navideno-realizado-en-su-taller-de-manualidades\/"},"wordCount":135,"image":{"@id":"https:\/\/www.caudete.org\/ayuntamiento\/hogar-de-acogida-alacera-obsequia-al-ayuntamiento-con-un-abeto-navideno-realizado-en-su-taller-de-manualidades\/#primaryimage"},"thumbnailUrl":"https:\/\/www.caudete.org\/ayuntamiento\/wp-content\/uploads\/2023\/01\/WhatsApp-Image-2023-01-03-at-11.36.34.jpeg","articleSection":["Bienestar Social"],"inLanguage":"es"},{"@type":"WebPage","@id":"https:\/\/www.caudete.org\/ayuntamiento\/hogar-de-acogida-alacera-obsequia-al-ayuntamiento-con-un-abeto-navideno-realizado-en-su-taller-de-manualidades\/","url":"https:\/\/www.caudete.org\/ayuntamiento\/hogar-de-acogida-alacera-obsequia-al-ayuntamiento-con-un-abeto-navideno-realizado-en-su-taller-de-manualidades\/","name":"Hogar de Acogida ALACERA obsequia al Ayuntamiento con un abeto navide\u00f1o realizado en su taller de manualidades - MI Ayuntamiento de Caudete","isPartOf":{"@id":"https:\/\/www.caudete.org\/ayuntamiento\/#website"},"primaryImageOfPage":{"@id":"https:\/\/www.caudete.org\/ayuntamiento\/hogar-de-acogida-alacera-obsequia-al-ayuntamiento-con-un-abeto-navideno-realizado-en-su-taller-de-manualidades\/#primaryimage"},"image":{"@id":"https:\/\/www.caudete.org\/ayuntamiento\/hogar-de-acogida-alacera-obsequia-al-ayuntamiento-con-un-abeto-navideno-realizado-en-su-taller-de-manualidades\/#primaryimage"},"thumbnailUrl":"https:\/\/www.caudete.org\/ayuntamiento\/wp-content\/uploads\/2023\/01\/WhatsApp-Image-2023-01-03-at-11.36.34.jpeg","datePublished":"2023-01-03T10:51:31+00:00","dateModified":"2023-01-03T10:53:36+00:00","author":{"@id":"https:\/\/www.caudete.org\/ayuntamiento\/#\/schema\/person\/cc646da9133078ee4d8dd47457947253"},"description":"P\u00e1gina Oficial del Ayuntamiento de Caudete (Albacete)","breadcrumb":{"@id":"https:\/\/www.caudete.org\/ayuntamiento\/hogar-de-acogida-alacera-obsequia-al-ayuntamiento-con-un-abeto-navideno-realizado-en-su-taller-de-manualidades\/#breadcrumb"},"inLanguage":"es","potentialAction":[{"@type":"ReadAction","target":["https:\/\/www.caudete.org\/ayuntamiento\/hogar-de-acogida-alacera-obsequia-al-ayuntamiento-con-un-abeto-navideno-realizado-en-su-taller-de-manualidades\/"]}]},{"@type":"ImageObject","inLanguage":"es","@id":"https:\/\/www.caudete.org\/ayuntamiento\/hogar-de-acogida-alacera-obsequia-al-ayuntamiento-con-un-abeto-navideno-realizado-en-su-taller-de-manualidades\/#primaryimage","url":"https:\/\/www.caudete.org\/ayuntamiento\/wp-content\/uploads\/2023\/01\/WhatsApp-Image-2023-01-03-at-11.36.34.jpeg","contentUrl":"https:\/\/www.caudete.org\/ayuntamiento\/wp-content\/uploads\/2023\/01\/WhatsApp-Image-2023-01-03-at-11.36.34.jpeg","width":1600,"height":900},{"@type":"BreadcrumbList","@id":"https:\/\/www.caudete.org\/ayuntamiento\/hogar-de-acogida-alacera-obsequia-al-ayuntamiento-con-un-abeto-navideno-realizado-en-su-taller-de-manualidades\/#breadcrumb","itemListElement":[{"@type":"ListItem","position":1,"name":"Inicio","item":"https:\/\/www.caudete.org\/ayuntamiento\/"},{"@type":"ListItem","position":2,"name":"Hogar de Acogida ALACERA obsequia al Ayuntamiento con un abeto navide\u00f1o realizado en su taller de manualidades"}]},{"@type":"WebSite","@id":"https:\/\/www.caudete.org\/ayuntamiento\/#website","url":"https:\/\/www.caudete.org\/ayuntamiento\/","name":"MI Ayuntamiento de Caudete","description":"P\u00e1gina Oficial del MI Ayuntamiento de Caudete","potentialAction":[{"@type":"SearchAction","target":{"@type":"EntryPoint","urlTemplate":"https:\/\/www.caudete.org\/ayuntamiento\/?s={search_term_string}"},"query-input":{"@type":"PropertyValueSpecification","valueRequired":true,"valueName":"search_term_string"}}],"inLanguage":"es"},{"@type":"Person","@id":"https:\/\/www.caudete.org\/ayuntamiento\/#\/schema\/person\/cc646da9133078ee4d8dd47457947253","name":"alcalde","image":{"@type":"ImageObject","inLanguage":"es","@id":"https:\/\/secure.gravatar.com\/avatar\/84a817ba065b29ff08d666b215a215f5c79186a645ccb25b14a663d48a130f77?s=96&d=mm&r=g","url":"https:\/\/secure.gravatar.com\/avatar\/84a817ba065b29ff08d666b215a215f5c79186a645ccb25b14a663d48a130f77?s=96&d=mm&r=g","contentUrl":"https:\/\/secure.gravatar.com\/avatar\/84a817ba065b29ff08d666b215a215f5c79186a645ccb25b14a663d48a130f77?s=96&d=mm&r=g","caption":"alcalde"},"url":"https:\/\/www.caudete.org\/ayuntamiento\/author\/alcalde\/"}]}},"_links":{"self":[{"href":"https:\/\/www.caudete.org\/ayuntamiento\/wp-json\/wp\/v2\/posts\/21037","targetHints":{"allow":["GET"]}}],"collection":[{"href":"https:\/\/www.caudete.org\/ayuntamiento\/wp-json\/wp\/v2\/posts"}],"about":[{"href":"https:\/\/www.caudete.org\/ayuntamiento\/wp-json\/wp\/v2\/types\/post"}],"author":[{"embeddable":true,"href":"https:\/\/www.caudete.org\/ayuntamiento\/wp-json\/wp\/v2\/users\/3"}],"replies":[{"embeddable":true,"href":"https:\/\/www.caudete.org\/ayuntamiento\/wp-json\/wp\/v2\/comments?post=21037"}],"version-history":[{"count":3,"href":"https:\/\/www.caudete.org\/ayuntamiento\/wp-json\/wp\/v2\/posts\/21037\/revisions"}],"predecessor-version":[{"id":21041,"href":"https:\/\/www.caudete.org\/ayuntamiento\/wp-json\/wp\/v2\/posts\/21037\/revisions\/21041"}],"wp:featuredmedia":[{"embeddable":true,"href":"https:\/\/www.caudete.org\/ayuntamiento\/wp-json\/wp\/v2\/media\/21038"}],"wp:attachment":[{"href":"https:\/\/www.caudete.org\/ayuntamiento\/wp-json\/wp\/v2\/media?parent=21037"}],"wp:term":[{"taxonomy":"category","embeddable":true,"href":"https:\/\/www.caudete.org\/ayuntamiento\/wp-json\/wp\/v2\/categories?post=21037"},{"taxonomy":"post_tag","embeddable":true,"href":"https:\/\/www.caudete.org\/ayuntamiento\/wp-json\/wp\/v2\/tags?post=21037"}],"curies":[{"name":"wp","href":"https:\/\/api.w.org\/{rel}","templated":true}]}}