{"id":21049,"date":"2023-01-09T10:36:22","date_gmt":"2023-01-09T09:36:22","guid":{"rendered":"https:\/\/www.caudete.org\/ayuntamiento\/?p=21049"},"modified":"2023-01-09T10:36:22","modified_gmt":"2023-01-09T09:36:22","slug":"arranca-2023-con-la-prevision-de-plantar-100-arboles-en-zona-urbana","status":"publish","type":"post","link":"https:\/\/www.caudete.org\/ayuntamiento\/arranca-2023-con-la-prevision-de-plantar-100-arboles-en-zona-urbana\/","title":{"rendered":"Arranca 2023 con la previsi\u00f3n de plantar 100 \u00e1rboles en zona urbana"},"content":{"rendered":"<p style=\"text-align: justify;\"><span style=\"font-weight: 400;\">Desde la Concejal\u00eda de Medio Ambiente con su concejal al frente Joaqu\u00edn Pag\u00e1n queremos iniciar el a\u00f1o la plantaci\u00f3n de 100 \u00e1rboles. Una de las actividades m\u00e1s agradecidas que hay en la concejal\u00eda de Medio Ambiente es plantar \u00e1rboles, ver c\u00f3mo a\u00f1o tras a\u00f1o van creciendo, formando parte de nuestro entorno y espacios verdes.<\/span><\/p>\n<p style=\"text-align: justify;\"><span style=\"font-weight: 400;\">Los primeros 5 \u00e1rboles, 3 catalpas y 2 jacarandas, los hemos ubicado en la zona de la Ciudad Deportiva. Como han visto en este recinto, concretamente la zona donde est\u00e1 la Calistenia ha sufrido una transformaci\u00f3n, tras derribar la antigua valla se ha creado un talud de tierra donde el personal de Parques y Jardines ha realizado los trabajos de plantaci\u00f3n de \u00e1rboles y arbustos, y riego por goteo.<\/span><\/p>\n<p style=\"text-align: justify;\"><span style=\"font-weight: 400;\">El segundo punto es la carretera de Villena, hemos continuado con la alineaci\u00f3n de \u00e1rboles del lado izquierdo en direcci\u00f3n a Villena. En total son 20 \u00e1rboles entre las variedades de Melias, Fresnos y Robinias.<\/span><\/p>\n<p style=\"text-align: justify;\"><span style=\"font-weight: 400;\">La alineaci\u00f3n de \u00e1rboles de la carretera de Villena se dej\u00f3 preparada hace un escaso mes la instalaci\u00f3n de riego por goteo mediante los trabajadores del PEEZRD (plan de empleo de zonas rurales). Igualmente se dispuso goteo en la alineaci\u00f3n de \u00e1rboles de la Avenida Miguel \u00c1ngel Blanco.<\/span><\/p>\n<p style=\"text-align: justify;\"><span style=\"font-weight: 400;\">La tercera ubicaci\u00f3n es la nueva zona habilitada para Estacionamiento de Autocaravanas, situada en la Calle Bret\u00f3n de los Herreros en la cercan\u00eda de la Plaza de Toros. Aqu\u00ed se van a plantar 20 moreras.\u00a0 Los calibres de los \u00e1rboles est\u00e1n entre 12-15 cm, y en pocos a\u00f1os tendremos una zona de caravanas con sombra.<\/span><\/p>\n<p style=\"text-align: justify;\"><span style=\"font-weight: 400;\">Y nos quedan todav\u00eda 55 \u00e1rboles que iremos viendo de cubrir faltas de \u00e1rboles en diferentes ubicaciones de la poblaci\u00f3n.<\/span><\/p>\n<p style=\"text-align: justify;\"><span style=\"font-weight: 400;\">\u00a0<\/span><\/p>\n<p style=\"text-align: justify;\"><span style=\"font-weight: 400;\">\u00c1rboles y arbustos adquiridos para plantaci\u00f3n 2023<\/span><\/p>\n<p style=\"text-align: justify;\"><span style=\"font-weight: 400;\">&#8211; 10 Uds <\/span><i><span style=\"font-weight: 400;\">Fraxinus angustifolia<\/span><\/i><span style=\"font-weight: 400;\"> 12\/14 cep.o r.d.<\/span><\/p>\n<p style=\"text-align: justify;\"><span style=\"font-weight: 400;\">&#8211; 15 Uds <\/span><i><span style=\"font-weight: 400;\">Melia azedarach<\/span><\/i><span style=\"font-weight: 400;\"> 12\/14 cep.<\/span><\/p>\n<p style=\"text-align: justify;\"><i><span style=\"font-weight: 400;\">&#8211; <\/span><\/i><span style=\"font-weight: 400;\">5 Uds<\/span><i><span style=\"font-weight: 400;\"> Robinia &#8220;Casque Rouge&#8221; <\/span><\/i><span style=\"font-weight: 400;\">10\/12 r.d.<\/span><\/p>\n<p style=\"text-align: justify;\"><span style=\"font-weight: 400;\">&#8211; 10 Uds Robinia pseudoacacia 10\/12 r.d.<\/span><\/p>\n<p style=\"text-align: justify;\"><span style=\"font-weight: 400;\">&#8211; 30 Uds <\/span><i><span style=\"font-weight: 400;\">Morus Fruitless<\/span><\/i><span style=\"font-weight: 400;\"> 14\/16 r.d<\/span><\/p>\n<p style=\"text-align: justify;\"><span style=\"font-weight: 400;\">&#8211; 17 Uds <\/span><i><span style=\"font-weight: 400;\">Catalpa bignonioides <\/span><\/i><span style=\"font-weight: 400;\">12\/14 r.d.<\/span><\/p>\n<p style=\"text-align: justify;\"><span style=\"font-weight: 400;\">&#8211;\u00a0 5 Uds <\/span><i><span style=\"font-weight: 400;\">Populus simonii <\/span><\/i><span style=\"font-weight: 400;\">14\/16 r.d.<\/span><\/p>\n<p style=\"text-align: justify;\"><span style=\"font-weight: 400;\">&#8211;\u00a0 2 Uds <\/span><i><span style=\"font-weight: 400;\">Albizia julibrissin<\/span><\/i><span style=\"font-weight: 400;\"> 12\/14 cep.<\/span><\/p>\n<p style=\"text-align: justify;\"><span style=\"font-weight: 400;\">&#8211;\u00a0 2 Uds <\/span><i><span style=\"font-weight: 400;\">Jacaranda mimosifolia<\/span><\/i><span style=\"font-weight: 400;\"> 12\/14 cep.<\/span><\/p>\n<p style=\"text-align: justify;\"><span style=\"font-weight: 400;\">&#8211;\u00a0 3 Uds <\/span><i><span style=\"font-weight: 400;\">Brachychiton acerifolia<\/span><\/i><span style=\"font-weight: 400;\"> 12\/14 cep.<\/span><\/p>\n<p style=\"text-align: justify;\"><span style=\"font-weight: 400;\">&#8211;\u00a0 1 Ud <\/span><i><span style=\"font-weight: 400;\">Tamarix gallica<\/span><\/i><span style=\"font-weight: 400;\"> copa 10\/12\u00a0 maceta<\/span><\/p>\n<p style=\"text-align: justify;\"><span style=\"font-weight: 400;\">&#8211; 40 Uds<\/span><i><span style=\"font-weight: 400;\"> Juniperus &#8220;Old Gold&#8221; <\/span><\/i><span style=\"font-weight: 400;\">M-17<\/span><\/p>\n<p style=\"text-align: justify;\"><span style=\"font-weight: 400;\">&#8211; 64 Uds <\/span><i><span style=\"font-weight: 400;\">Cotoneaster lacteus<\/span><\/i><span style=\"font-weight: 400;\"> M-17<\/span><\/p>\n<p style=\"text-align: justify;\"><span style=\"font-weight: 400;\">&#8211; 24 Uds <\/span><i><span style=\"font-weight: 400;\">Abelia grandiflora &#8220;Prostrata&#8221;<\/span><\/i><span style=\"font-weight: 400;\"> M-20<\/span><\/p>\n","protected":false},"excerpt":{"rendered":"<p>Desde la Concejal\u00eda de Medio Ambiente con su concejal al frente Joaqu\u00edn Pag\u00e1n queremos iniciar el a\u00f1o la plantaci\u00f3n de 100 \u00e1rboles. Una de las actividades m\u00e1s agradecidas que hay en la concejal\u00eda de Medio Ambiente es plantar \u00e1rboles, ver c\u00f3mo a\u00f1o tras a\u00f1o van creciendo, formando parte de nuestro entorno y espacios verdes. Los &hellip;<\/p>\n","protected":false},"author":3,"featured_media":21050,"comment_status":"closed","ping_status":"open","sticky":false,"template":"","format":"standard","meta":{"ngg_post_thumbnail":0,"footnotes":""},"categories":[29],"tags":[],"class_list":["post-21049","post","type-post","status-publish","format-standard","has-post-thumbnail","hentry","category-medio-ambiente"],"yoast_head":"<!-- This site is optimized with the Yoast SEO plugin v27.5 - https:\/\/yoast.com\/product\/yoast-seo-wordpress\/ -->\n<title>Arranca 2023 con la previsi\u00f3n de plantar 100 \u00e1rboles en zona urbana - MI Ayuntamiento de Caudete<\/title>\n<meta name=\"description\" content=\"P\u00e1gina Oficial del Ayuntamiento de Caudete (Albacete)\" \/>\n<meta name=\"robots\" content=\"index, follow, max-snippet:-1, max-image-preview:large, max-video-preview:-1\" \/>\n<link rel=\"canonical\" href=\"https:\/\/www.caudete.org\/ayuntamiento\/arranca-2023-con-la-prevision-de-plantar-100-arboles-en-zona-urbana\/\" \/>\n<meta property=\"og:locale\" content=\"es_ES\" \/>\n<meta property=\"og:type\" content=\"article\" \/>\n<meta property=\"og:title\" content=\"Arranca 2023 con la previsi\u00f3n de plantar 100 \u00e1rboles en zona urbana - MI Ayuntamiento de Caudete\" \/>\n<meta property=\"og:description\" content=\"P\u00e1gina Oficial del Ayuntamiento de Caudete (Albacete)\" \/>\n<meta property=\"og:url\" content=\"https:\/\/www.caudete.org\/ayuntamiento\/arranca-2023-con-la-prevision-de-plantar-100-arboles-en-zona-urbana\/\" \/>\n<meta property=\"og:site_name\" content=\"MI Ayuntamiento de Caudete\" \/>\n<meta property=\"article:publisher\" content=\"https:\/\/www.facebook.com\/ayuntamientocaudete\/\" \/>\n<meta property=\"article:published_time\" content=\"2023-01-09T09:36:22+00:00\" \/>\n<meta property=\"og:image\" content=\"https:\/\/www.caudete.org\/ayuntamiento\/wp-content\/uploads\/2023\/01\/WhatsApp-Image-2023-01-03-at-19.38.48.jpeg\" \/>\n\t<meta property=\"og:image:width\" content=\"1296\" \/>\n\t<meta property=\"og:image:height\" content=\"803\" \/>\n\t<meta property=\"og:image:type\" content=\"image\/jpeg\" \/>\n<meta name=\"author\" content=\"alcalde\" \/>\n<meta name=\"twitter:card\" content=\"summary_large_image\" \/>\n<meta name=\"twitter:label1\" content=\"Escrito por\" \/>\n\t<meta name=\"twitter:data1\" content=\"alcalde\" \/>\n\t<meta name=\"twitter:label2\" content=\"Tiempo de lectura\" \/>\n\t<meta name=\"twitter:data2\" content=\"2 minutos\" \/>\n<script type=\"application\/ld+json\" class=\"yoast-schema-graph\">{\"@context\":\"https:\\\/\\\/schema.org\",\"@graph\":[{\"@type\":\"Article\",\"@id\":\"https:\\\/\\\/www.caudete.org\\\/ayuntamiento\\\/arranca-2023-con-la-prevision-de-plantar-100-arboles-en-zona-urbana\\\/#article\",\"isPartOf\":{\"@id\":\"https:\\\/\\\/www.caudete.org\\\/ayuntamiento\\\/arranca-2023-con-la-prevision-de-plantar-100-arboles-en-zona-urbana\\\/\"},\"author\":{\"name\":\"alcalde\",\"@id\":\"https:\\\/\\\/www.caudete.org\\\/ayuntamiento\\\/#\\\/schema\\\/person\\\/cc646da9133078ee4d8dd47457947253\"},\"headline\":\"Arranca 2023 con la previsi\u00f3n de plantar 100 \u00e1rboles en zona urbana\",\"datePublished\":\"2023-01-09T09:36:22+00:00\",\"mainEntityOfPage\":{\"@id\":\"https:\\\/\\\/www.caudete.org\\\/ayuntamiento\\\/arranca-2023-con-la-prevision-de-plantar-100-arboles-en-zona-urbana\\\/\"},\"wordCount\":398,\"image\":{\"@id\":\"https:\\\/\\\/www.caudete.org\\\/ayuntamiento\\\/arranca-2023-con-la-prevision-de-plantar-100-arboles-en-zona-urbana\\\/#primaryimage\"},\"thumbnailUrl\":\"https:\\\/\\\/www.caudete.org\\\/ayuntamiento\\\/wp-content\\\/uploads\\\/2023\\\/01\\\/WhatsApp-Image-2023-01-03-at-19.38.48.jpeg\",\"articleSection\":[\"Medio Ambiente\"],\"inLanguage\":\"es\"},{\"@type\":\"WebPage\",\"@id\":\"https:\\\/\\\/www.caudete.org\\\/ayuntamiento\\\/arranca-2023-con-la-prevision-de-plantar-100-arboles-en-zona-urbana\\\/\",\"url\":\"https:\\\/\\\/www.caudete.org\\\/ayuntamiento\\\/arranca-2023-con-la-prevision-de-plantar-100-arboles-en-zona-urbana\\\/\",\"name\":\"Arranca 2023 con la previsi\u00f3n de plantar 100 \u00e1rboles en zona urbana - MI Ayuntamiento de Caudete\",\"isPartOf\":{\"@id\":\"https:\\\/\\\/www.caudete.org\\\/ayuntamiento\\\/#website\"},\"primaryImageOfPage\":{\"@id\":\"https:\\\/\\\/www.caudete.org\\\/ayuntamiento\\\/arranca-2023-con-la-prevision-de-plantar-100-arboles-en-zona-urbana\\\/#primaryimage\"},\"image\":{\"@id\":\"https:\\\/\\\/www.caudete.org\\\/ayuntamiento\\\/arranca-2023-con-la-prevision-de-plantar-100-arboles-en-zona-urbana\\\/#primaryimage\"},\"thumbnailUrl\":\"https:\\\/\\\/www.caudete.org\\\/ayuntamiento\\\/wp-content\\\/uploads\\\/2023\\\/01\\\/WhatsApp-Image-2023-01-03-at-19.38.48.jpeg\",\"datePublished\":\"2023-01-09T09:36:22+00:00\",\"author\":{\"@id\":\"https:\\\/\\\/www.caudete.org\\\/ayuntamiento\\\/#\\\/schema\\\/person\\\/cc646da9133078ee4d8dd47457947253\"},\"description\":\"P\u00e1gina Oficial del Ayuntamiento de Caudete (Albacete)\",\"breadcrumb\":{\"@id\":\"https:\\\/\\\/www.caudete.org\\\/ayuntamiento\\\/arranca-2023-con-la-prevision-de-plantar-100-arboles-en-zona-urbana\\\/#breadcrumb\"},\"inLanguage\":\"es\",\"potentialAction\":[{\"@type\":\"ReadAction\",\"target\":[\"https:\\\/\\\/www.caudete.org\\\/ayuntamiento\\\/arranca-2023-con-la-prevision-de-plantar-100-arboles-en-zona-urbana\\\/\"]}]},{\"@type\":\"ImageObject\",\"inLanguage\":\"es\",\"@id\":\"https:\\\/\\\/www.caudete.org\\\/ayuntamiento\\\/arranca-2023-con-la-prevision-de-plantar-100-arboles-en-zona-urbana\\\/#primaryimage\",\"url\":\"https:\\\/\\\/www.caudete.org\\\/ayuntamiento\\\/wp-content\\\/uploads\\\/2023\\\/01\\\/WhatsApp-Image-2023-01-03-at-19.38.48.jpeg\",\"contentUrl\":\"https:\\\/\\\/www.caudete.org\\\/ayuntamiento\\\/wp-content\\\/uploads\\\/2023\\\/01\\\/WhatsApp-Image-2023-01-03-at-19.38.48.jpeg\",\"width\":1296,\"height\":803},{\"@type\":\"BreadcrumbList\",\"@id\":\"https:\\\/\\\/www.caudete.org\\\/ayuntamiento\\\/arranca-2023-con-la-prevision-de-plantar-100-arboles-en-zona-urbana\\\/#breadcrumb\",\"itemListElement\":[{\"@type\":\"ListItem\",\"position\":1,\"name\":\"Inicio\",\"item\":\"https:\\\/\\\/www.caudete.org\\\/ayuntamiento\\\/\"},{\"@type\":\"ListItem\",\"position\":2,\"name\":\"Arranca 2023 con la previsi\u00f3n de plantar 100 \u00e1rboles en zona urbana\"}]},{\"@type\":\"WebSite\",\"@id\":\"https:\\\/\\\/www.caudete.org\\\/ayuntamiento\\\/#website\",\"url\":\"https:\\\/\\\/www.caudete.org\\\/ayuntamiento\\\/\",\"name\":\"MI Ayuntamiento de Caudete\",\"description\":\"P\u00e1gina Oficial del MI Ayuntamiento de Caudete\",\"potentialAction\":[{\"@type\":\"SearchAction\",\"target\":{\"@type\":\"EntryPoint\",\"urlTemplate\":\"https:\\\/\\\/www.caudete.org\\\/ayuntamiento\\\/?s={search_term_string}\"},\"query-input\":{\"@type\":\"PropertyValueSpecification\",\"valueRequired\":true,\"valueName\":\"search_term_string\"}}],\"inLanguage\":\"es\"},{\"@type\":\"Person\",\"@id\":\"https:\\\/\\\/www.caudete.org\\\/ayuntamiento\\\/#\\\/schema\\\/person\\\/cc646da9133078ee4d8dd47457947253\",\"name\":\"alcalde\",\"image\":{\"@type\":\"ImageObject\",\"inLanguage\":\"es\",\"@id\":\"https:\\\/\\\/secure.gravatar.com\\\/avatar\\\/84a817ba065b29ff08d666b215a215f5c79186a645ccb25b14a663d48a130f77?s=96&d=mm&r=g\",\"url\":\"https:\\\/\\\/secure.gravatar.com\\\/avatar\\\/84a817ba065b29ff08d666b215a215f5c79186a645ccb25b14a663d48a130f77?s=96&d=mm&r=g\",\"contentUrl\":\"https:\\\/\\\/secure.gravatar.com\\\/avatar\\\/84a817ba065b29ff08d666b215a215f5c79186a645ccb25b14a663d48a130f77?s=96&d=mm&r=g\",\"caption\":\"alcalde\"},\"url\":\"https:\\\/\\\/www.caudete.org\\\/ayuntamiento\\\/author\\\/alcalde\\\/\"}]}<\/script>\n<!-- \/ Yoast SEO plugin. -->","yoast_head_json":{"title":"Arranca 2023 con la previsi\u00f3n de plantar 100 \u00e1rboles en zona urbana - MI Ayuntamiento de Caudete","description":"P\u00e1gina Oficial del Ayuntamiento de Caudete (Albacete)","robots":{"index":"index","follow":"follow","max-snippet":"max-snippet:-1","max-image-preview":"max-image-preview:large","max-video-preview":"max-video-preview:-1"},"canonical":"https:\/\/www.caudete.org\/ayuntamiento\/arranca-2023-con-la-prevision-de-plantar-100-arboles-en-zona-urbana\/","og_locale":"es_ES","og_type":"article","og_title":"Arranca 2023 con la previsi\u00f3n de plantar 100 \u00e1rboles en zona urbana - MI Ayuntamiento de Caudete","og_description":"P\u00e1gina Oficial del Ayuntamiento de Caudete (Albacete)","og_url":"https:\/\/www.caudete.org\/ayuntamiento\/arranca-2023-con-la-prevision-de-plantar-100-arboles-en-zona-urbana\/","og_site_name":"MI Ayuntamiento de Caudete","article_publisher":"https:\/\/www.facebook.com\/ayuntamientocaudete\/","article_published_time":"2023-01-09T09:36:22+00:00","og_image":[{"width":1296,"height":803,"url":"https:\/\/www.caudete.org\/ayuntamiento\/wp-content\/uploads\/2023\/01\/WhatsApp-Image-2023-01-03-at-19.38.48.jpeg","type":"image\/jpeg"}],"author":"alcalde","twitter_card":"summary_large_image","twitter_misc":{"Escrito por":"alcalde","Tiempo de lectura":"2 minutos"},"schema":{"@context":"https:\/\/schema.org","@graph":[{"@type":"Article","@id":"https:\/\/www.caudete.org\/ayuntamiento\/arranca-2023-con-la-prevision-de-plantar-100-arboles-en-zona-urbana\/#article","isPartOf":{"@id":"https:\/\/www.caudete.org\/ayuntamiento\/arranca-2023-con-la-prevision-de-plantar-100-arboles-en-zona-urbana\/"},"author":{"name":"alcalde","@id":"https:\/\/www.caudete.org\/ayuntamiento\/#\/schema\/person\/cc646da9133078ee4d8dd47457947253"},"headline":"Arranca 2023 con la previsi\u00f3n de plantar 100 \u00e1rboles en zona urbana","datePublished":"2023-01-09T09:36:22+00:00","mainEntityOfPage":{"@id":"https:\/\/www.caudete.org\/ayuntamiento\/arranca-2023-con-la-prevision-de-plantar-100-arboles-en-zona-urbana\/"},"wordCount":398,"image":{"@id":"https:\/\/www.caudete.org\/ayuntamiento\/arranca-2023-con-la-prevision-de-plantar-100-arboles-en-zona-urbana\/#primaryimage"},"thumbnailUrl":"https:\/\/www.caudete.org\/ayuntamiento\/wp-content\/uploads\/2023\/01\/WhatsApp-Image-2023-01-03-at-19.38.48.jpeg","articleSection":["Medio Ambiente"],"inLanguage":"es"},{"@type":"WebPage","@id":"https:\/\/www.caudete.org\/ayuntamiento\/arranca-2023-con-la-prevision-de-plantar-100-arboles-en-zona-urbana\/","url":"https:\/\/www.caudete.org\/ayuntamiento\/arranca-2023-con-la-prevision-de-plantar-100-arboles-en-zona-urbana\/","name":"Arranca 2023 con la previsi\u00f3n de plantar 100 \u00e1rboles en zona urbana - MI Ayuntamiento de Caudete","isPartOf":{"@id":"https:\/\/www.caudete.org\/ayuntamiento\/#website"},"primaryImageOfPage":{"@id":"https:\/\/www.caudete.org\/ayuntamiento\/arranca-2023-con-la-prevision-de-plantar-100-arboles-en-zona-urbana\/#primaryimage"},"image":{"@id":"https:\/\/www.caudete.org\/ayuntamiento\/arranca-2023-con-la-prevision-de-plantar-100-arboles-en-zona-urbana\/#primaryimage"},"thumbnailUrl":"https:\/\/www.caudete.org\/ayuntamiento\/wp-content\/uploads\/2023\/01\/WhatsApp-Image-2023-01-03-at-19.38.48.jpeg","datePublished":"2023-01-09T09:36:22+00:00","author":{"@id":"https:\/\/www.caudete.org\/ayuntamiento\/#\/schema\/person\/cc646da9133078ee4d8dd47457947253"},"description":"P\u00e1gina Oficial del Ayuntamiento de Caudete (Albacete)","breadcrumb":{"@id":"https:\/\/www.caudete.org\/ayuntamiento\/arranca-2023-con-la-prevision-de-plantar-100-arboles-en-zona-urbana\/#breadcrumb"},"inLanguage":"es","potentialAction":[{"@type":"ReadAction","target":["https:\/\/www.caudete.org\/ayuntamiento\/arranca-2023-con-la-prevision-de-plantar-100-arboles-en-zona-urbana\/"]}]},{"@type":"ImageObject","inLanguage":"es","@id":"https:\/\/www.caudete.org\/ayuntamiento\/arranca-2023-con-la-prevision-de-plantar-100-arboles-en-zona-urbana\/#primaryimage","url":"https:\/\/www.caudete.org\/ayuntamiento\/wp-content\/uploads\/2023\/01\/WhatsApp-Image-2023-01-03-at-19.38.48.jpeg","contentUrl":"https:\/\/www.caudete.org\/ayuntamiento\/wp-content\/uploads\/2023\/01\/WhatsApp-Image-2023-01-03-at-19.38.48.jpeg","width":1296,"height":803},{"@type":"BreadcrumbList","@id":"https:\/\/www.caudete.org\/ayuntamiento\/arranca-2023-con-la-prevision-de-plantar-100-arboles-en-zona-urbana\/#breadcrumb","itemListElement":[{"@type":"ListItem","position":1,"name":"Inicio","item":"https:\/\/www.caudete.org\/ayuntamiento\/"},{"@type":"ListItem","position":2,"name":"Arranca 2023 con la previsi\u00f3n de plantar 100 \u00e1rboles en zona urbana"}]},{"@type":"WebSite","@id":"https:\/\/www.caudete.org\/ayuntamiento\/#website","url":"https:\/\/www.caudete.org\/ayuntamiento\/","name":"MI Ayuntamiento de Caudete","description":"P\u00e1gina Oficial del MI Ayuntamiento de Caudete","potentialAction":[{"@type":"SearchAction","target":{"@type":"EntryPoint","urlTemplate":"https:\/\/www.caudete.org\/ayuntamiento\/?s={search_term_string}"},"query-input":{"@type":"PropertyValueSpecification","valueRequired":true,"valueName":"search_term_string"}}],"inLanguage":"es"},{"@type":"Person","@id":"https:\/\/www.caudete.org\/ayuntamiento\/#\/schema\/person\/cc646da9133078ee4d8dd47457947253","name":"alcalde","image":{"@type":"ImageObject","inLanguage":"es","@id":"https:\/\/secure.gravatar.com\/avatar\/84a817ba065b29ff08d666b215a215f5c79186a645ccb25b14a663d48a130f77?s=96&d=mm&r=g","url":"https:\/\/secure.gravatar.com\/avatar\/84a817ba065b29ff08d666b215a215f5c79186a645ccb25b14a663d48a130f77?s=96&d=mm&r=g","contentUrl":"https:\/\/secure.gravatar.com\/avatar\/84a817ba065b29ff08d666b215a215f5c79186a645ccb25b14a663d48a130f77?s=96&d=mm&r=g","caption":"alcalde"},"url":"https:\/\/www.caudete.org\/ayuntamiento\/author\/alcalde\/"}]}},"_links":{"self":[{"href":"https:\/\/www.caudete.org\/ayuntamiento\/wp-json\/wp\/v2\/posts\/21049","targetHints":{"allow":["GET"]}}],"collection":[{"href":"https:\/\/www.caudete.org\/ayuntamiento\/wp-json\/wp\/v2\/posts"}],"about":[{"href":"https:\/\/www.caudete.org\/ayuntamiento\/wp-json\/wp\/v2\/types\/post"}],"author":[{"embeddable":true,"href":"https:\/\/www.caudete.org\/ayuntamiento\/wp-json\/wp\/v2\/users\/3"}],"replies":[{"embeddable":true,"href":"https:\/\/www.caudete.org\/ayuntamiento\/wp-json\/wp\/v2\/comments?post=21049"}],"version-history":[{"count":1,"href":"https:\/\/www.caudete.org\/ayuntamiento\/wp-json\/wp\/v2\/posts\/21049\/revisions"}],"predecessor-version":[{"id":21051,"href":"https:\/\/www.caudete.org\/ayuntamiento\/wp-json\/wp\/v2\/posts\/21049\/revisions\/21051"}],"wp:featuredmedia":[{"embeddable":true,"href":"https:\/\/www.caudete.org\/ayuntamiento\/wp-json\/wp\/v2\/media\/21050"}],"wp:attachment":[{"href":"https:\/\/www.caudete.org\/ayuntamiento\/wp-json\/wp\/v2\/media?parent=21049"}],"wp:term":[{"taxonomy":"category","embeddable":true,"href":"https:\/\/www.caudete.org\/ayuntamiento\/wp-json\/wp\/v2\/categories?post=21049"},{"taxonomy":"post_tag","embeddable":true,"href":"https:\/\/www.caudete.org\/ayuntamiento\/wp-json\/wp\/v2\/tags?post=21049"}],"curies":[{"name":"wp","href":"https:\/\/api.w.org\/{rel}","templated":true}]}}