{"id":21090,"date":"2023-01-16T09:00:41","date_gmt":"2023-01-16T08:00:41","guid":{"rendered":"https:\/\/www.caudete.org\/ayuntamiento\/?p=21090"},"modified":"2023-01-15T20:21:00","modified_gmt":"2023-01-15T19:21:00","slug":"al-colegio-mejor-sin-coche-campana-de-seguridad-vial-y-movilidad-urbana","status":"publish","type":"post","link":"https:\/\/www.caudete.org\/ayuntamiento\/al-colegio-mejor-sin-coche-campana-de-seguridad-vial-y-movilidad-urbana\/","title":{"rendered":"&#8220;AL COLEGIO, MEJOR SIN COCHE&#8221; campa\u00f1a de Seguridad Vial y Movilidad Urbana"},"content":{"rendered":"<p style=\"text-align: justify;\"><span style=\"font-weight: 400;\">Desde la Concejal\u00eda de Movilidad Urbana con su Concejal Joaqu\u00edn Pag\u00e1n al frente lanza el Consistorio una campa\u00f1a nueva de concienciaci\u00f3n para mejorar el problema de la alta presencia y circulaci\u00f3n de veh\u00edculos en las inmediaciones de los diferentes Colegios de la localidad.<\/span><\/p>\n<p style=\"text-align: justify;\"><span style=\"font-weight: 400;\">La entrada y salida a los colegios suele ser un momento cr\u00edtico y a veces peligroso desde el punto de vista de compatibilidad entre coches y viandantes.<\/span><\/p>\n<p style=\"text-align: justify;\"><span style=\"font-weight: 400;\">En Caudete son 4 colegios y 6 puntos de entrada y salida, si contamos con la entrada a Infantil por la Avenida de las Jornetas para el Alc\u00e1zar y Serrano, y por C\/La Nieve en el caso del Gloria Fuertes. La polic\u00eda Local solo dispone de 2 o 3 agentes durante el turno de ma\u00f1ana, y se suelen alternar los Colegios que m\u00e1s necesitan un control por parte de un Agente de la Polic\u00eda Local para ordenar el tr\u00e1fico de veh\u00edculos y viandantes.<\/span><\/p>\n<p style=\"text-align: justify;\"><span style=\"font-weight: 400;\">La Avenida Virgen de Gracia no necesita ese apoyo de Polic\u00eda Local, ya que est\u00e1 prohibido circular veh\u00edculos por esta v\u00eda, salvo los ciudadanos residentes en la misma, al tratarse de una v\u00eda peatonal. <\/span><span style=\"font-weight: 400;\">Sin embargo, se observa que a la hora de entrada y salida al Colegio muchos padres circulan por esta v\u00eda hasta la misma puerta del Alc\u00e1zar y Serrano o del Amor de Dios. Incluso en direcci\u00f3n contraria, circulando entre peatones.<\/span><\/p>\n<p style=\"text-align: justify;\"><span style=\"font-weight: 400;\">Igualmente, en la zona de la Avenida de las Jornetas se circula y se estaciona en zonas prohibidas, como tambi\u00e9n ocurre con la C\/La Nieve y la Avda. de Valencia.<\/span><\/p>\n<p style=\"text-align: justify;\"><span style=\"font-weight: 400;\">Todo ello, <\/span><span style=\"font-weight: 400;\">adem\u00e1s de una imprudencia, es una falta de responsabilidad, e incluso claramente una infracci\u00f3n de tr\u00e1fico tipificada en la Ordenanza Municipal de Tr\u00e1fico.<\/span><\/p>\n<p style=\"text-align: justify;\"><span style=\"font-weight: 400;\">A tal fin, se tiene previsto que todas las semanas la Polic\u00eda Local se persone en la zona y sancione cualquier conducta o infracci\u00f3n que no respete la normativa vigente.<\/span><\/p>\n<p style=\"text-align: justify;\"><span style=\"font-weight: 400;\">Animamos a todos los padres y madres que acompa\u00f1an a sus hijos al Colegio, que en la medida que sea posible lo realicen paseando, que adem\u00e1s de ser muy saludable, los ni\u00f1os aprenden normas de comportamiento. \u00a0 Y en todo caso estacionen lo m\u00e1s lejos posible de las entradas a los Colegios.<\/span><\/p>\n<p style=\"text-align: justify;\">\n","protected":false},"excerpt":{"rendered":"<p>Desde la Concejal\u00eda de Movilidad Urbana con su Concejal Joaqu\u00edn Pag\u00e1n al frente lanza el Consistorio una campa\u00f1a nueva de concienciaci\u00f3n para mejorar el problema de la alta presencia y circulaci\u00f3n de veh\u00edculos en las inmediaciones de los diferentes Colegios de la localidad. La entrada y salida a los colegios suele ser un momento cr\u00edtico &hellip;<\/p>\n","protected":false},"author":3,"featured_media":21091,"comment_status":"closed","ping_status":"open","sticky":false,"template":"","format":"standard","meta":{"ngg_post_thumbnail":0,"footnotes":""},"categories":[46],"tags":[],"class_list":["post-21090","post","type-post","status-publish","format-standard","has-post-thumbnail","hentry","category-movilidad-urbana"],"yoast_head":"<!-- This site is optimized with the Yoast SEO plugin v27.5 - https:\/\/yoast.com\/product\/yoast-seo-wordpress\/ -->\n<title>&quot;AL COLEGIO, MEJOR SIN COCHE&quot; campa\u00f1a de Seguridad Vial y Movilidad Urbana - MI Ayuntamiento de Caudete<\/title>\n<meta name=\"description\" content=\"P\u00e1gina Oficial del Ayuntamiento de Caudete (Albacete)\" \/>\n<meta name=\"robots\" content=\"index, follow, max-snippet:-1, max-image-preview:large, max-video-preview:-1\" \/>\n<link rel=\"canonical\" href=\"https:\/\/www.caudete.org\/ayuntamiento\/al-colegio-mejor-sin-coche-campana-de-seguridad-vial-y-movilidad-urbana\/\" \/>\n<meta property=\"og:locale\" content=\"es_ES\" \/>\n<meta property=\"og:type\" content=\"article\" \/>\n<meta property=\"og:title\" content=\"&quot;AL COLEGIO, MEJOR SIN COCHE&quot; campa\u00f1a de Seguridad Vial y Movilidad Urbana - MI Ayuntamiento de Caudete\" \/>\n<meta property=\"og:description\" content=\"P\u00e1gina Oficial del Ayuntamiento de Caudete (Albacete)\" \/>\n<meta property=\"og:url\" content=\"https:\/\/www.caudete.org\/ayuntamiento\/al-colegio-mejor-sin-coche-campana-de-seguridad-vial-y-movilidad-urbana\/\" \/>\n<meta property=\"og:site_name\" content=\"MI Ayuntamiento de Caudete\" \/>\n<meta property=\"article:publisher\" content=\"https:\/\/www.facebook.com\/ayuntamientocaudete\/\" \/>\n<meta property=\"article:published_time\" content=\"2023-01-16T08:00:41+00:00\" \/>\n<meta property=\"og:image\" content=\"https:\/\/www.caudete.org\/ayuntamiento\/wp-content\/uploads\/2023\/01\/Captura-de-pantalla-2023-01-15-194657.jpg\" \/>\n\t<meta property=\"og:image:width\" content=\"931\" \/>\n\t<meta property=\"og:image:height\" content=\"593\" \/>\n\t<meta property=\"og:image:type\" content=\"image\/jpeg\" \/>\n<meta name=\"author\" content=\"alcalde\" \/>\n<meta name=\"twitter:card\" content=\"summary_large_image\" \/>\n<meta name=\"twitter:label1\" content=\"Escrito por\" \/>\n\t<meta name=\"twitter:data1\" content=\"alcalde\" \/>\n\t<meta name=\"twitter:label2\" content=\"Tiempo de lectura\" \/>\n\t<meta name=\"twitter:data2\" content=\"2 minutos\" \/>\n<script type=\"application\/ld+json\" class=\"yoast-schema-graph\">{\"@context\":\"https:\\\/\\\/schema.org\",\"@graph\":[{\"@type\":\"Article\",\"@id\":\"https:\\\/\\\/www.caudete.org\\\/ayuntamiento\\\/al-colegio-mejor-sin-coche-campana-de-seguridad-vial-y-movilidad-urbana\\\/#article\",\"isPartOf\":{\"@id\":\"https:\\\/\\\/www.caudete.org\\\/ayuntamiento\\\/al-colegio-mejor-sin-coche-campana-de-seguridad-vial-y-movilidad-urbana\\\/\"},\"author\":{\"name\":\"alcalde\",\"@id\":\"https:\\\/\\\/www.caudete.org\\\/ayuntamiento\\\/#\\\/schema\\\/person\\\/cc646da9133078ee4d8dd47457947253\"},\"headline\":\"&#8220;AL COLEGIO, MEJOR SIN COCHE&#8221; campa\u00f1a de Seguridad Vial y Movilidad Urbana\",\"datePublished\":\"2023-01-16T08:00:41+00:00\",\"mainEntityOfPage\":{\"@id\":\"https:\\\/\\\/www.caudete.org\\\/ayuntamiento\\\/al-colegio-mejor-sin-coche-campana-de-seguridad-vial-y-movilidad-urbana\\\/\"},\"wordCount\":407,\"image\":{\"@id\":\"https:\\\/\\\/www.caudete.org\\\/ayuntamiento\\\/al-colegio-mejor-sin-coche-campana-de-seguridad-vial-y-movilidad-urbana\\\/#primaryimage\"},\"thumbnailUrl\":\"https:\\\/\\\/www.caudete.org\\\/ayuntamiento\\\/wp-content\\\/uploads\\\/2023\\\/01\\\/Captura-de-pantalla-2023-01-15-194657.jpg\",\"articleSection\":[\"Movilidad Urbana\"],\"inLanguage\":\"es\"},{\"@type\":\"WebPage\",\"@id\":\"https:\\\/\\\/www.caudete.org\\\/ayuntamiento\\\/al-colegio-mejor-sin-coche-campana-de-seguridad-vial-y-movilidad-urbana\\\/\",\"url\":\"https:\\\/\\\/www.caudete.org\\\/ayuntamiento\\\/al-colegio-mejor-sin-coche-campana-de-seguridad-vial-y-movilidad-urbana\\\/\",\"name\":\"\\\"AL COLEGIO, MEJOR SIN COCHE\\\" campa\u00f1a de Seguridad Vial y Movilidad Urbana - MI Ayuntamiento de Caudete\",\"isPartOf\":{\"@id\":\"https:\\\/\\\/www.caudete.org\\\/ayuntamiento\\\/#website\"},\"primaryImageOfPage\":{\"@id\":\"https:\\\/\\\/www.caudete.org\\\/ayuntamiento\\\/al-colegio-mejor-sin-coche-campana-de-seguridad-vial-y-movilidad-urbana\\\/#primaryimage\"},\"image\":{\"@id\":\"https:\\\/\\\/www.caudete.org\\\/ayuntamiento\\\/al-colegio-mejor-sin-coche-campana-de-seguridad-vial-y-movilidad-urbana\\\/#primaryimage\"},\"thumbnailUrl\":\"https:\\\/\\\/www.caudete.org\\\/ayuntamiento\\\/wp-content\\\/uploads\\\/2023\\\/01\\\/Captura-de-pantalla-2023-01-15-194657.jpg\",\"datePublished\":\"2023-01-16T08:00:41+00:00\",\"author\":{\"@id\":\"https:\\\/\\\/www.caudete.org\\\/ayuntamiento\\\/#\\\/schema\\\/person\\\/cc646da9133078ee4d8dd47457947253\"},\"description\":\"P\u00e1gina Oficial del Ayuntamiento de Caudete (Albacete)\",\"breadcrumb\":{\"@id\":\"https:\\\/\\\/www.caudete.org\\\/ayuntamiento\\\/al-colegio-mejor-sin-coche-campana-de-seguridad-vial-y-movilidad-urbana\\\/#breadcrumb\"},\"inLanguage\":\"es\",\"potentialAction\":[{\"@type\":\"ReadAction\",\"target\":[\"https:\\\/\\\/www.caudete.org\\\/ayuntamiento\\\/al-colegio-mejor-sin-coche-campana-de-seguridad-vial-y-movilidad-urbana\\\/\"]}]},{\"@type\":\"ImageObject\",\"inLanguage\":\"es\",\"@id\":\"https:\\\/\\\/www.caudete.org\\\/ayuntamiento\\\/al-colegio-mejor-sin-coche-campana-de-seguridad-vial-y-movilidad-urbana\\\/#primaryimage\",\"url\":\"https:\\\/\\\/www.caudete.org\\\/ayuntamiento\\\/wp-content\\\/uploads\\\/2023\\\/01\\\/Captura-de-pantalla-2023-01-15-194657.jpg\",\"contentUrl\":\"https:\\\/\\\/www.caudete.org\\\/ayuntamiento\\\/wp-content\\\/uploads\\\/2023\\\/01\\\/Captura-de-pantalla-2023-01-15-194657.jpg\",\"width\":931,\"height\":593},{\"@type\":\"BreadcrumbList\",\"@id\":\"https:\\\/\\\/www.caudete.org\\\/ayuntamiento\\\/al-colegio-mejor-sin-coche-campana-de-seguridad-vial-y-movilidad-urbana\\\/#breadcrumb\",\"itemListElement\":[{\"@type\":\"ListItem\",\"position\":1,\"name\":\"Inicio\",\"item\":\"https:\\\/\\\/www.caudete.org\\\/ayuntamiento\\\/\"},{\"@type\":\"ListItem\",\"position\":2,\"name\":\"&#8220;AL COLEGIO, MEJOR SIN COCHE&#8221; campa\u00f1a de Seguridad Vial y Movilidad Urbana\"}]},{\"@type\":\"WebSite\",\"@id\":\"https:\\\/\\\/www.caudete.org\\\/ayuntamiento\\\/#website\",\"url\":\"https:\\\/\\\/www.caudete.org\\\/ayuntamiento\\\/\",\"name\":\"MI Ayuntamiento de Caudete\",\"description\":\"P\u00e1gina Oficial del MI Ayuntamiento de Caudete\",\"potentialAction\":[{\"@type\":\"SearchAction\",\"target\":{\"@type\":\"EntryPoint\",\"urlTemplate\":\"https:\\\/\\\/www.caudete.org\\\/ayuntamiento\\\/?s={search_term_string}\"},\"query-input\":{\"@type\":\"PropertyValueSpecification\",\"valueRequired\":true,\"valueName\":\"search_term_string\"}}],\"inLanguage\":\"es\"},{\"@type\":\"Person\",\"@id\":\"https:\\\/\\\/www.caudete.org\\\/ayuntamiento\\\/#\\\/schema\\\/person\\\/cc646da9133078ee4d8dd47457947253\",\"name\":\"alcalde\",\"image\":{\"@type\":\"ImageObject\",\"inLanguage\":\"es\",\"@id\":\"https:\\\/\\\/secure.gravatar.com\\\/avatar\\\/84a817ba065b29ff08d666b215a215f5c79186a645ccb25b14a663d48a130f77?s=96&d=mm&r=g\",\"url\":\"https:\\\/\\\/secure.gravatar.com\\\/avatar\\\/84a817ba065b29ff08d666b215a215f5c79186a645ccb25b14a663d48a130f77?s=96&d=mm&r=g\",\"contentUrl\":\"https:\\\/\\\/secure.gravatar.com\\\/avatar\\\/84a817ba065b29ff08d666b215a215f5c79186a645ccb25b14a663d48a130f77?s=96&d=mm&r=g\",\"caption\":\"alcalde\"},\"url\":\"https:\\\/\\\/www.caudete.org\\\/ayuntamiento\\\/author\\\/alcalde\\\/\"}]}<\/script>\n<!-- \/ Yoast SEO plugin. -->","yoast_head_json":{"title":"\"AL COLEGIO, MEJOR SIN COCHE\" campa\u00f1a de Seguridad Vial y Movilidad Urbana - MI Ayuntamiento de Caudete","description":"P\u00e1gina Oficial del Ayuntamiento de Caudete (Albacete)","robots":{"index":"index","follow":"follow","max-snippet":"max-snippet:-1","max-image-preview":"max-image-preview:large","max-video-preview":"max-video-preview:-1"},"canonical":"https:\/\/www.caudete.org\/ayuntamiento\/al-colegio-mejor-sin-coche-campana-de-seguridad-vial-y-movilidad-urbana\/","og_locale":"es_ES","og_type":"article","og_title":"\"AL COLEGIO, MEJOR SIN COCHE\" campa\u00f1a de Seguridad Vial y Movilidad Urbana - MI Ayuntamiento de Caudete","og_description":"P\u00e1gina Oficial del Ayuntamiento de Caudete (Albacete)","og_url":"https:\/\/www.caudete.org\/ayuntamiento\/al-colegio-mejor-sin-coche-campana-de-seguridad-vial-y-movilidad-urbana\/","og_site_name":"MI Ayuntamiento de Caudete","article_publisher":"https:\/\/www.facebook.com\/ayuntamientocaudete\/","article_published_time":"2023-01-16T08:00:41+00:00","og_image":[{"width":931,"height":593,"url":"https:\/\/www.caudete.org\/ayuntamiento\/wp-content\/uploads\/2023\/01\/Captura-de-pantalla-2023-01-15-194657.jpg","type":"image\/jpeg"}],"author":"alcalde","twitter_card":"summary_large_image","twitter_misc":{"Escrito por":"alcalde","Tiempo de lectura":"2 minutos"},"schema":{"@context":"https:\/\/schema.org","@graph":[{"@type":"Article","@id":"https:\/\/www.caudete.org\/ayuntamiento\/al-colegio-mejor-sin-coche-campana-de-seguridad-vial-y-movilidad-urbana\/#article","isPartOf":{"@id":"https:\/\/www.caudete.org\/ayuntamiento\/al-colegio-mejor-sin-coche-campana-de-seguridad-vial-y-movilidad-urbana\/"},"author":{"name":"alcalde","@id":"https:\/\/www.caudete.org\/ayuntamiento\/#\/schema\/person\/cc646da9133078ee4d8dd47457947253"},"headline":"&#8220;AL COLEGIO, MEJOR SIN COCHE&#8221; campa\u00f1a de Seguridad Vial y Movilidad Urbana","datePublished":"2023-01-16T08:00:41+00:00","mainEntityOfPage":{"@id":"https:\/\/www.caudete.org\/ayuntamiento\/al-colegio-mejor-sin-coche-campana-de-seguridad-vial-y-movilidad-urbana\/"},"wordCount":407,"image":{"@id":"https:\/\/www.caudete.org\/ayuntamiento\/al-colegio-mejor-sin-coche-campana-de-seguridad-vial-y-movilidad-urbana\/#primaryimage"},"thumbnailUrl":"https:\/\/www.caudete.org\/ayuntamiento\/wp-content\/uploads\/2023\/01\/Captura-de-pantalla-2023-01-15-194657.jpg","articleSection":["Movilidad Urbana"],"inLanguage":"es"},{"@type":"WebPage","@id":"https:\/\/www.caudete.org\/ayuntamiento\/al-colegio-mejor-sin-coche-campana-de-seguridad-vial-y-movilidad-urbana\/","url":"https:\/\/www.caudete.org\/ayuntamiento\/al-colegio-mejor-sin-coche-campana-de-seguridad-vial-y-movilidad-urbana\/","name":"\"AL COLEGIO, MEJOR SIN COCHE\" campa\u00f1a de Seguridad Vial y Movilidad Urbana - MI Ayuntamiento de Caudete","isPartOf":{"@id":"https:\/\/www.caudete.org\/ayuntamiento\/#website"},"primaryImageOfPage":{"@id":"https:\/\/www.caudete.org\/ayuntamiento\/al-colegio-mejor-sin-coche-campana-de-seguridad-vial-y-movilidad-urbana\/#primaryimage"},"image":{"@id":"https:\/\/www.caudete.org\/ayuntamiento\/al-colegio-mejor-sin-coche-campana-de-seguridad-vial-y-movilidad-urbana\/#primaryimage"},"thumbnailUrl":"https:\/\/www.caudete.org\/ayuntamiento\/wp-content\/uploads\/2023\/01\/Captura-de-pantalla-2023-01-15-194657.jpg","datePublished":"2023-01-16T08:00:41+00:00","author":{"@id":"https:\/\/www.caudete.org\/ayuntamiento\/#\/schema\/person\/cc646da9133078ee4d8dd47457947253"},"description":"P\u00e1gina Oficial del Ayuntamiento de Caudete (Albacete)","breadcrumb":{"@id":"https:\/\/www.caudete.org\/ayuntamiento\/al-colegio-mejor-sin-coche-campana-de-seguridad-vial-y-movilidad-urbana\/#breadcrumb"},"inLanguage":"es","potentialAction":[{"@type":"ReadAction","target":["https:\/\/www.caudete.org\/ayuntamiento\/al-colegio-mejor-sin-coche-campana-de-seguridad-vial-y-movilidad-urbana\/"]}]},{"@type":"ImageObject","inLanguage":"es","@id":"https:\/\/www.caudete.org\/ayuntamiento\/al-colegio-mejor-sin-coche-campana-de-seguridad-vial-y-movilidad-urbana\/#primaryimage","url":"https:\/\/www.caudete.org\/ayuntamiento\/wp-content\/uploads\/2023\/01\/Captura-de-pantalla-2023-01-15-194657.jpg","contentUrl":"https:\/\/www.caudete.org\/ayuntamiento\/wp-content\/uploads\/2023\/01\/Captura-de-pantalla-2023-01-15-194657.jpg","width":931,"height":593},{"@type":"BreadcrumbList","@id":"https:\/\/www.caudete.org\/ayuntamiento\/al-colegio-mejor-sin-coche-campana-de-seguridad-vial-y-movilidad-urbana\/#breadcrumb","itemListElement":[{"@type":"ListItem","position":1,"name":"Inicio","item":"https:\/\/www.caudete.org\/ayuntamiento\/"},{"@type":"ListItem","position":2,"name":"&#8220;AL COLEGIO, MEJOR SIN COCHE&#8221; campa\u00f1a de Seguridad Vial y Movilidad Urbana"}]},{"@type":"WebSite","@id":"https:\/\/www.caudete.org\/ayuntamiento\/#website","url":"https:\/\/www.caudete.org\/ayuntamiento\/","name":"MI Ayuntamiento de Caudete","description":"P\u00e1gina Oficial del MI Ayuntamiento de Caudete","potentialAction":[{"@type":"SearchAction","target":{"@type":"EntryPoint","urlTemplate":"https:\/\/www.caudete.org\/ayuntamiento\/?s={search_term_string}"},"query-input":{"@type":"PropertyValueSpecification","valueRequired":true,"valueName":"search_term_string"}}],"inLanguage":"es"},{"@type":"Person","@id":"https:\/\/www.caudete.org\/ayuntamiento\/#\/schema\/person\/cc646da9133078ee4d8dd47457947253","name":"alcalde","image":{"@type":"ImageObject","inLanguage":"es","@id":"https:\/\/secure.gravatar.com\/avatar\/84a817ba065b29ff08d666b215a215f5c79186a645ccb25b14a663d48a130f77?s=96&d=mm&r=g","url":"https:\/\/secure.gravatar.com\/avatar\/84a817ba065b29ff08d666b215a215f5c79186a645ccb25b14a663d48a130f77?s=96&d=mm&r=g","contentUrl":"https:\/\/secure.gravatar.com\/avatar\/84a817ba065b29ff08d666b215a215f5c79186a645ccb25b14a663d48a130f77?s=96&d=mm&r=g","caption":"alcalde"},"url":"https:\/\/www.caudete.org\/ayuntamiento\/author\/alcalde\/"}]}},"_links":{"self":[{"href":"https:\/\/www.caudete.org\/ayuntamiento\/wp-json\/wp\/v2\/posts\/21090","targetHints":{"allow":["GET"]}}],"collection":[{"href":"https:\/\/www.caudete.org\/ayuntamiento\/wp-json\/wp\/v2\/posts"}],"about":[{"href":"https:\/\/www.caudete.org\/ayuntamiento\/wp-json\/wp\/v2\/types\/post"}],"author":[{"embeddable":true,"href":"https:\/\/www.caudete.org\/ayuntamiento\/wp-json\/wp\/v2\/users\/3"}],"replies":[{"embeddable":true,"href":"https:\/\/www.caudete.org\/ayuntamiento\/wp-json\/wp\/v2\/comments?post=21090"}],"version-history":[{"count":1,"href":"https:\/\/www.caudete.org\/ayuntamiento\/wp-json\/wp\/v2\/posts\/21090\/revisions"}],"predecessor-version":[{"id":21092,"href":"https:\/\/www.caudete.org\/ayuntamiento\/wp-json\/wp\/v2\/posts\/21090\/revisions\/21092"}],"wp:featuredmedia":[{"embeddable":true,"href":"https:\/\/www.caudete.org\/ayuntamiento\/wp-json\/wp\/v2\/media\/21091"}],"wp:attachment":[{"href":"https:\/\/www.caudete.org\/ayuntamiento\/wp-json\/wp\/v2\/media?parent=21090"}],"wp:term":[{"taxonomy":"category","embeddable":true,"href":"https:\/\/www.caudete.org\/ayuntamiento\/wp-json\/wp\/v2\/categories?post=21090"},{"taxonomy":"post_tag","embeddable":true,"href":"https:\/\/www.caudete.org\/ayuntamiento\/wp-json\/wp\/v2\/tags?post=21090"}],"curies":[{"name":"wp","href":"https:\/\/api.w.org\/{rel}","templated":true}]}}