{"id":21138,"date":"2023-01-20T15:53:03","date_gmt":"2023-01-20T14:53:03","guid":{"rendered":"https:\/\/www.caudete.org\/ayuntamiento\/?p=21138"},"modified":"2023-01-20T15:56:33","modified_gmt":"2023-01-20T14:56:33","slug":"finaliza-la-renovacion-completa-de-la-red-de-agua-en-c-san-francisco","status":"publish","type":"post","link":"https:\/\/www.caudete.org\/ayuntamiento\/finaliza-la-renovacion-completa-de-la-red-de-agua-en-c-san-francisco\/","title":{"rendered":"Finaliza la renovaci\u00f3n completa de la Red de Agua en C\/San Francisco"},"content":{"rendered":"<p><a href=\"https:\/\/www.caudete.org\/ayuntamiento\/wp-content\/uploads\/2023\/01\/WhatsApp-Image-2023-01-19-at-13.50.15.jpeg\" rel='prettyPhoto'><img fetchpriority=\"high\" decoding=\"async\" class=\"wp-image-21143 size-medium aligncenter\" src=\"https:\/\/www.caudete.org\/ayuntamiento\/wp-content\/uploads\/2023\/01\/WhatsApp-Image-2023-01-19-at-13.50.15-300x225.jpeg\" alt=\"\" width=\"300\" height=\"225\" srcset=\"https:\/\/www.caudete.org\/ayuntamiento\/wp-content\/uploads\/2023\/01\/WhatsApp-Image-2023-01-19-at-13.50.15-300x225.jpeg 300w, https:\/\/www.caudete.org\/ayuntamiento\/wp-content\/uploads\/2023\/01\/WhatsApp-Image-2023-01-19-at-13.50.15-1024x768.jpeg 1024w, https:\/\/www.caudete.org\/ayuntamiento\/wp-content\/uploads\/2023\/01\/WhatsApp-Image-2023-01-19-at-13.50.15-768x576.jpeg 768w, https:\/\/www.caudete.org\/ayuntamiento\/wp-content\/uploads\/2023\/01\/WhatsApp-Image-2023-01-19-at-13.50.15-1536x1152.jpeg 1536w, https:\/\/www.caudete.org\/ayuntamiento\/wp-content\/uploads\/2023\/01\/WhatsApp-Image-2023-01-19-at-13.50.15.jpeg 2048w\" sizes=\"(max-width: 300px) 100vw, 300px\" \/><\/a><\/p>\n<p style=\"text-align: justify;\">Durante la presente semana, la Brigada de Obras del Ayuntamiento, encargada de los trabajos de reparaci\u00f3n de la Red de Agua Potable, han estado realizando una actuaci\u00f3n integral de la misma en la Calle San Francisco.<\/p>\n<p style=\"text-align: justify;\">Esta v\u00eda, ha presentado en los \u00faltimos meses varias roturas puntuales, por agotamiento prematuro del material que conforma las canalizaciones (de polietileno), un hecho que no es aislado en la Red Municipal sino que tambi\u00e9n se da en otras sociedades de agua privadas del municipio.<\/p>\n<p><a href=\"https:\/\/www.caudete.org\/ayuntamiento\/wp-content\/uploads\/2023\/01\/WhatsApp-Image-2023-01-18-at-14.32.36.jpeg\" rel='prettyPhoto'><img decoding=\"async\" class=\"aligncenter wp-image-21142 size-medium\" src=\"https:\/\/www.caudete.org\/ayuntamiento\/wp-content\/uploads\/2023\/01\/WhatsApp-Image-2023-01-18-at-14.32.36-300x225.jpeg\" alt=\"\" width=\"300\" height=\"225\" srcset=\"https:\/\/www.caudete.org\/ayuntamiento\/wp-content\/uploads\/2023\/01\/WhatsApp-Image-2023-01-18-at-14.32.36-300x225.jpeg 300w, https:\/\/www.caudete.org\/ayuntamiento\/wp-content\/uploads\/2023\/01\/WhatsApp-Image-2023-01-18-at-14.32.36-1024x768.jpeg 1024w, https:\/\/www.caudete.org\/ayuntamiento\/wp-content\/uploads\/2023\/01\/WhatsApp-Image-2023-01-18-at-14.32.36-768x576.jpeg 768w, https:\/\/www.caudete.org\/ayuntamiento\/wp-content\/uploads\/2023\/01\/WhatsApp-Image-2023-01-18-at-14.32.36.jpeg 1320w\" sizes=\"(max-width: 300px) 100vw, 300px\" \/><\/a><\/p>\n<p style=\"text-align: justify;\">Para evitar nuevas situaciones y p\u00e9rdidas de agua innecesarias, se tom\u00f3 la decisi\u00f3n de proceder a la sustituci\u00f3n de la red en dicha Calle, teniendo que actuar tambi\u00e9n con las 13 tomas que ella contiene para dar servicio a los inmuebles que suministra, lo que se ha ejecutado de forma programada y de forma ordinaria.<\/p>\n<p><a href=\"https:\/\/www.caudete.org\/ayuntamiento\/wp-content\/uploads\/2023\/01\/WhatsApp-Image-2023-01-18-at-14.33.49.jpeg\" rel='prettyPhoto'><img decoding=\"async\" class=\"aligncenter wp-image-21139 size-medium\" src=\"https:\/\/www.caudete.org\/ayuntamiento\/wp-content\/uploads\/2023\/01\/WhatsApp-Image-2023-01-18-at-14.33.49-300x225.jpeg\" alt=\"\" width=\"300\" height=\"225\" srcset=\"https:\/\/www.caudete.org\/ayuntamiento\/wp-content\/uploads\/2023\/01\/WhatsApp-Image-2023-01-18-at-14.33.49-300x225.jpeg 300w, https:\/\/www.caudete.org\/ayuntamiento\/wp-content\/uploads\/2023\/01\/WhatsApp-Image-2023-01-18-at-14.33.49-1024x768.jpeg 1024w, https:\/\/www.caudete.org\/ayuntamiento\/wp-content\/uploads\/2023\/01\/WhatsApp-Image-2023-01-18-at-14.33.49-768x576.jpeg 768w, https:\/\/www.caudete.org\/ayuntamiento\/wp-content\/uploads\/2023\/01\/WhatsApp-Image-2023-01-18-at-14.33.49.jpeg 1320w\" sizes=\"(max-width: 300px) 100vw, 300px\" \/><\/a><\/p>\n<p style=\"text-align: justify;\">No obstante, el Alcalde ha manifestado a los medios que &#8220;<em>las roturas acaecidas en esta calle, en todo momento han sido atendidas con total profesionalidad y diligencia por los operarios encargados<\/em>&#8221; y que al igual que ahora ha sido la Calle San Francisco la que ha necesitado invertir para cambiar un tramo problem\u00e1tico, en otro momento ha sido el tramo de Calle o V\u00eda que lo ha requerido.<\/p>\n<p style=\"text-align: justify;\">A este respecto, recordaba el Primer Edil que el Equipo de Gobierno, ha invertido en los \u00faltimos a\u00f1os gran cantidad de dinero en Agua, tanto en la Red de distribuci\u00f3n, como en la captaci\u00f3n y potabilizaci\u00f3n, asegurando el consumo de agua a los caudetanos y dot\u00e1ndola de mejores sistemas de potabilizaci\u00f3n. De hecho, ejemplificaba en la necesidad de compra de terrenos donde se ubica el actual pozo que suministra el agua a la poblaci\u00f3n, o la puesta en marcha de un nuevo pozo con vistas a un futuro a medio plazo.<\/p>\n<p><a href=\"https:\/\/www.caudete.org\/ayuntamiento\/wp-content\/uploads\/2023\/01\/WhatsApp-Image-2023-01-18-at-14.31.42.jpeg\" rel='prettyPhoto'><img loading=\"lazy\" decoding=\"async\" class=\"aligncenter wp-image-21141 size-medium\" src=\"https:\/\/www.caudete.org\/ayuntamiento\/wp-content\/uploads\/2023\/01\/WhatsApp-Image-2023-01-18-at-14.31.42-300x225.jpeg\" alt=\"\" width=\"300\" height=\"225\" srcset=\"https:\/\/www.caudete.org\/ayuntamiento\/wp-content\/uploads\/2023\/01\/WhatsApp-Image-2023-01-18-at-14.31.42-300x225.jpeg 300w, https:\/\/www.caudete.org\/ayuntamiento\/wp-content\/uploads\/2023\/01\/WhatsApp-Image-2023-01-18-at-14.31.42-1024x768.jpeg 1024w, https:\/\/www.caudete.org\/ayuntamiento\/wp-content\/uploads\/2023\/01\/WhatsApp-Image-2023-01-18-at-14.31.42-768x576.jpeg 768w, https:\/\/www.caudete.org\/ayuntamiento\/wp-content\/uploads\/2023\/01\/WhatsApp-Image-2023-01-18-at-14.31.42.jpeg 1320w\" sizes=\"(max-width: 300px) 100vw, 300px\" \/><\/a><\/p>\n","protected":false},"excerpt":{"rendered":"<p>Durante la presente semana, la Brigada de Obras del Ayuntamiento, encargada de los trabajos de reparaci\u00f3n de la Red de Agua Potable, han estado realizando una actuaci\u00f3n integral de la misma en la Calle San Francisco. Esta v\u00eda, ha presentado en los \u00faltimos meses varias roturas puntuales, por agotamiento prematuro del material que conforma las &hellip;<\/p>\n","protected":false},"author":3,"featured_media":21145,"comment_status":"closed","ping_status":"open","sticky":false,"template":"","format":"standard","meta":{"ngg_post_thumbnail":0,"footnotes":""},"categories":[49],"tags":[],"class_list":["post-21138","post","type-post","status-publish","format-standard","has-post-thumbnail","hentry","category-ciclo-integral-del-agua"],"yoast_head":"<!-- This site is optimized with the Yoast SEO plugin v27.5 - https:\/\/yoast.com\/product\/yoast-seo-wordpress\/ -->\n<title>Finaliza la renovaci\u00f3n completa de la Red de Agua en C\/San Francisco - MI Ayuntamiento de Caudete<\/title>\n<meta name=\"description\" content=\"P\u00e1gina Oficial del Ayuntamiento de Caudete (Albacete)\" \/>\n<meta name=\"robots\" content=\"index, follow, max-snippet:-1, max-image-preview:large, max-video-preview:-1\" \/>\n<link rel=\"canonical\" href=\"https:\/\/www.caudete.org\/ayuntamiento\/finaliza-la-renovacion-completa-de-la-red-de-agua-en-c-san-francisco\/\" \/>\n<meta property=\"og:locale\" content=\"es_ES\" \/>\n<meta property=\"og:type\" content=\"article\" \/>\n<meta property=\"og:title\" content=\"Finaliza la renovaci\u00f3n completa de la Red de Agua en C\/San Francisco - MI Ayuntamiento de Caudete\" \/>\n<meta property=\"og:description\" content=\"P\u00e1gina Oficial del Ayuntamiento de Caudete (Albacete)\" \/>\n<meta property=\"og:url\" content=\"https:\/\/www.caudete.org\/ayuntamiento\/finaliza-la-renovacion-completa-de-la-red-de-agua-en-c-san-francisco\/\" \/>\n<meta property=\"og:site_name\" content=\"MI Ayuntamiento de Caudete\" \/>\n<meta property=\"article:publisher\" content=\"https:\/\/www.facebook.com\/ayuntamientocaudete\/\" \/>\n<meta property=\"article:published_time\" content=\"2023-01-20T14:53:03+00:00\" \/>\n<meta property=\"article:modified_time\" content=\"2023-01-20T14:56:33+00:00\" \/>\n<meta property=\"og:image\" content=\"https:\/\/www.caudete.org\/ayuntamiento\/wp-content\/uploads\/2023\/01\/Captura-de-pantalla-2023-01-20-155421.jpg\" \/>\n\t<meta property=\"og:image:width\" content=\"1275\" \/>\n\t<meta property=\"og:image:height\" content=\"848\" \/>\n\t<meta property=\"og:image:type\" content=\"image\/jpeg\" \/>\n<meta name=\"author\" content=\"alcalde\" \/>\n<meta name=\"twitter:card\" content=\"summary_large_image\" \/>\n<meta name=\"twitter:label1\" content=\"Escrito por\" \/>\n\t<meta name=\"twitter:data1\" content=\"alcalde\" \/>\n\t<meta name=\"twitter:label2\" content=\"Tiempo de lectura\" \/>\n\t<meta name=\"twitter:data2\" content=\"3 minutos\" \/>\n<script type=\"application\/ld+json\" class=\"yoast-schema-graph\">{\"@context\":\"https:\\\/\\\/schema.org\",\"@graph\":[{\"@type\":\"Article\",\"@id\":\"https:\\\/\\\/www.caudete.org\\\/ayuntamiento\\\/finaliza-la-renovacion-completa-de-la-red-de-agua-en-c-san-francisco\\\/#article\",\"isPartOf\":{\"@id\":\"https:\\\/\\\/www.caudete.org\\\/ayuntamiento\\\/finaliza-la-renovacion-completa-de-la-red-de-agua-en-c-san-francisco\\\/\"},\"author\":{\"name\":\"alcalde\",\"@id\":\"https:\\\/\\\/www.caudete.org\\\/ayuntamiento\\\/#\\\/schema\\\/person\\\/cc646da9133078ee4d8dd47457947253\"},\"headline\":\"Finaliza la renovaci\u00f3n completa de la Red de Agua en C\\\/San Francisco\",\"datePublished\":\"2023-01-20T14:53:03+00:00\",\"dateModified\":\"2023-01-20T14:56:33+00:00\",\"mainEntityOfPage\":{\"@id\":\"https:\\\/\\\/www.caudete.org\\\/ayuntamiento\\\/finaliza-la-renovacion-completa-de-la-red-de-agua-en-c-san-francisco\\\/\"},\"wordCount\":325,\"image\":{\"@id\":\"https:\\\/\\\/www.caudete.org\\\/ayuntamiento\\\/finaliza-la-renovacion-completa-de-la-red-de-agua-en-c-san-francisco\\\/#primaryimage\"},\"thumbnailUrl\":\"https:\\\/\\\/www.caudete.org\\\/ayuntamiento\\\/wp-content\\\/uploads\\\/2023\\\/01\\\/Captura-de-pantalla-2023-01-20-155421.jpg\",\"articleSection\":[\"Ciclo Integral del Agua\"],\"inLanguage\":\"es\"},{\"@type\":\"WebPage\",\"@id\":\"https:\\\/\\\/www.caudete.org\\\/ayuntamiento\\\/finaliza-la-renovacion-completa-de-la-red-de-agua-en-c-san-francisco\\\/\",\"url\":\"https:\\\/\\\/www.caudete.org\\\/ayuntamiento\\\/finaliza-la-renovacion-completa-de-la-red-de-agua-en-c-san-francisco\\\/\",\"name\":\"Finaliza la renovaci\u00f3n completa de la Red de Agua en C\\\/San Francisco - MI Ayuntamiento de Caudete\",\"isPartOf\":{\"@id\":\"https:\\\/\\\/www.caudete.org\\\/ayuntamiento\\\/#website\"},\"primaryImageOfPage\":{\"@id\":\"https:\\\/\\\/www.caudete.org\\\/ayuntamiento\\\/finaliza-la-renovacion-completa-de-la-red-de-agua-en-c-san-francisco\\\/#primaryimage\"},\"image\":{\"@id\":\"https:\\\/\\\/www.caudete.org\\\/ayuntamiento\\\/finaliza-la-renovacion-completa-de-la-red-de-agua-en-c-san-francisco\\\/#primaryimage\"},\"thumbnailUrl\":\"https:\\\/\\\/www.caudete.org\\\/ayuntamiento\\\/wp-content\\\/uploads\\\/2023\\\/01\\\/Captura-de-pantalla-2023-01-20-155421.jpg\",\"datePublished\":\"2023-01-20T14:53:03+00:00\",\"dateModified\":\"2023-01-20T14:56:33+00:00\",\"author\":{\"@id\":\"https:\\\/\\\/www.caudete.org\\\/ayuntamiento\\\/#\\\/schema\\\/person\\\/cc646da9133078ee4d8dd47457947253\"},\"description\":\"P\u00e1gina Oficial del Ayuntamiento de Caudete (Albacete)\",\"breadcrumb\":{\"@id\":\"https:\\\/\\\/www.caudete.org\\\/ayuntamiento\\\/finaliza-la-renovacion-completa-de-la-red-de-agua-en-c-san-francisco\\\/#breadcrumb\"},\"inLanguage\":\"es\",\"potentialAction\":[{\"@type\":\"ReadAction\",\"target\":[\"https:\\\/\\\/www.caudete.org\\\/ayuntamiento\\\/finaliza-la-renovacion-completa-de-la-red-de-agua-en-c-san-francisco\\\/\"]}]},{\"@type\":\"ImageObject\",\"inLanguage\":\"es\",\"@id\":\"https:\\\/\\\/www.caudete.org\\\/ayuntamiento\\\/finaliza-la-renovacion-completa-de-la-red-de-agua-en-c-san-francisco\\\/#primaryimage\",\"url\":\"https:\\\/\\\/www.caudete.org\\\/ayuntamiento\\\/wp-content\\\/uploads\\\/2023\\\/01\\\/Captura-de-pantalla-2023-01-20-155421.jpg\",\"contentUrl\":\"https:\\\/\\\/www.caudete.org\\\/ayuntamiento\\\/wp-content\\\/uploads\\\/2023\\\/01\\\/Captura-de-pantalla-2023-01-20-155421.jpg\",\"width\":1275,\"height\":848},{\"@type\":\"BreadcrumbList\",\"@id\":\"https:\\\/\\\/www.caudete.org\\\/ayuntamiento\\\/finaliza-la-renovacion-completa-de-la-red-de-agua-en-c-san-francisco\\\/#breadcrumb\",\"itemListElement\":[{\"@type\":\"ListItem\",\"position\":1,\"name\":\"Inicio\",\"item\":\"https:\\\/\\\/www.caudete.org\\\/ayuntamiento\\\/\"},{\"@type\":\"ListItem\",\"position\":2,\"name\":\"Finaliza la renovaci\u00f3n completa de la Red de Agua en C\\\/San Francisco\"}]},{\"@type\":\"WebSite\",\"@id\":\"https:\\\/\\\/www.caudete.org\\\/ayuntamiento\\\/#website\",\"url\":\"https:\\\/\\\/www.caudete.org\\\/ayuntamiento\\\/\",\"name\":\"MI Ayuntamiento de Caudete\",\"description\":\"P\u00e1gina Oficial del MI Ayuntamiento de Caudete\",\"potentialAction\":[{\"@type\":\"SearchAction\",\"target\":{\"@type\":\"EntryPoint\",\"urlTemplate\":\"https:\\\/\\\/www.caudete.org\\\/ayuntamiento\\\/?s={search_term_string}\"},\"query-input\":{\"@type\":\"PropertyValueSpecification\",\"valueRequired\":true,\"valueName\":\"search_term_string\"}}],\"inLanguage\":\"es\"},{\"@type\":\"Person\",\"@id\":\"https:\\\/\\\/www.caudete.org\\\/ayuntamiento\\\/#\\\/schema\\\/person\\\/cc646da9133078ee4d8dd47457947253\",\"name\":\"alcalde\",\"image\":{\"@type\":\"ImageObject\",\"inLanguage\":\"es\",\"@id\":\"https:\\\/\\\/secure.gravatar.com\\\/avatar\\\/84a817ba065b29ff08d666b215a215f5c79186a645ccb25b14a663d48a130f77?s=96&d=mm&r=g\",\"url\":\"https:\\\/\\\/secure.gravatar.com\\\/avatar\\\/84a817ba065b29ff08d666b215a215f5c79186a645ccb25b14a663d48a130f77?s=96&d=mm&r=g\",\"contentUrl\":\"https:\\\/\\\/secure.gravatar.com\\\/avatar\\\/84a817ba065b29ff08d666b215a215f5c79186a645ccb25b14a663d48a130f77?s=96&d=mm&r=g\",\"caption\":\"alcalde\"},\"url\":\"https:\\\/\\\/www.caudete.org\\\/ayuntamiento\\\/author\\\/alcalde\\\/\"}]}<\/script>\n<!-- \/ Yoast SEO plugin. -->","yoast_head_json":{"title":"Finaliza la renovaci\u00f3n completa de la Red de Agua en C\/San Francisco - MI Ayuntamiento de Caudete","description":"P\u00e1gina Oficial del Ayuntamiento de Caudete (Albacete)","robots":{"index":"index","follow":"follow","max-snippet":"max-snippet:-1","max-image-preview":"max-image-preview:large","max-video-preview":"max-video-preview:-1"},"canonical":"https:\/\/www.caudete.org\/ayuntamiento\/finaliza-la-renovacion-completa-de-la-red-de-agua-en-c-san-francisco\/","og_locale":"es_ES","og_type":"article","og_title":"Finaliza la renovaci\u00f3n completa de la Red de Agua en C\/San Francisco - MI Ayuntamiento de Caudete","og_description":"P\u00e1gina Oficial del Ayuntamiento de Caudete (Albacete)","og_url":"https:\/\/www.caudete.org\/ayuntamiento\/finaliza-la-renovacion-completa-de-la-red-de-agua-en-c-san-francisco\/","og_site_name":"MI Ayuntamiento de Caudete","article_publisher":"https:\/\/www.facebook.com\/ayuntamientocaudete\/","article_published_time":"2023-01-20T14:53:03+00:00","article_modified_time":"2023-01-20T14:56:33+00:00","og_image":[{"width":1275,"height":848,"url":"https:\/\/www.caudete.org\/ayuntamiento\/wp-content\/uploads\/2023\/01\/Captura-de-pantalla-2023-01-20-155421.jpg","type":"image\/jpeg"}],"author":"alcalde","twitter_card":"summary_large_image","twitter_misc":{"Escrito por":"alcalde","Tiempo de lectura":"3 minutos"},"schema":{"@context":"https:\/\/schema.org","@graph":[{"@type":"Article","@id":"https:\/\/www.caudete.org\/ayuntamiento\/finaliza-la-renovacion-completa-de-la-red-de-agua-en-c-san-francisco\/#article","isPartOf":{"@id":"https:\/\/www.caudete.org\/ayuntamiento\/finaliza-la-renovacion-completa-de-la-red-de-agua-en-c-san-francisco\/"},"author":{"name":"alcalde","@id":"https:\/\/www.caudete.org\/ayuntamiento\/#\/schema\/person\/cc646da9133078ee4d8dd47457947253"},"headline":"Finaliza la renovaci\u00f3n completa de la Red de Agua en C\/San Francisco","datePublished":"2023-01-20T14:53:03+00:00","dateModified":"2023-01-20T14:56:33+00:00","mainEntityOfPage":{"@id":"https:\/\/www.caudete.org\/ayuntamiento\/finaliza-la-renovacion-completa-de-la-red-de-agua-en-c-san-francisco\/"},"wordCount":325,"image":{"@id":"https:\/\/www.caudete.org\/ayuntamiento\/finaliza-la-renovacion-completa-de-la-red-de-agua-en-c-san-francisco\/#primaryimage"},"thumbnailUrl":"https:\/\/www.caudete.org\/ayuntamiento\/wp-content\/uploads\/2023\/01\/Captura-de-pantalla-2023-01-20-155421.jpg","articleSection":["Ciclo Integral del Agua"],"inLanguage":"es"},{"@type":"WebPage","@id":"https:\/\/www.caudete.org\/ayuntamiento\/finaliza-la-renovacion-completa-de-la-red-de-agua-en-c-san-francisco\/","url":"https:\/\/www.caudete.org\/ayuntamiento\/finaliza-la-renovacion-completa-de-la-red-de-agua-en-c-san-francisco\/","name":"Finaliza la renovaci\u00f3n completa de la Red de Agua en C\/San Francisco - MI Ayuntamiento de Caudete","isPartOf":{"@id":"https:\/\/www.caudete.org\/ayuntamiento\/#website"},"primaryImageOfPage":{"@id":"https:\/\/www.caudete.org\/ayuntamiento\/finaliza-la-renovacion-completa-de-la-red-de-agua-en-c-san-francisco\/#primaryimage"},"image":{"@id":"https:\/\/www.caudete.org\/ayuntamiento\/finaliza-la-renovacion-completa-de-la-red-de-agua-en-c-san-francisco\/#primaryimage"},"thumbnailUrl":"https:\/\/www.caudete.org\/ayuntamiento\/wp-content\/uploads\/2023\/01\/Captura-de-pantalla-2023-01-20-155421.jpg","datePublished":"2023-01-20T14:53:03+00:00","dateModified":"2023-01-20T14:56:33+00:00","author":{"@id":"https:\/\/www.caudete.org\/ayuntamiento\/#\/schema\/person\/cc646da9133078ee4d8dd47457947253"},"description":"P\u00e1gina Oficial del Ayuntamiento de Caudete (Albacete)","breadcrumb":{"@id":"https:\/\/www.caudete.org\/ayuntamiento\/finaliza-la-renovacion-completa-de-la-red-de-agua-en-c-san-francisco\/#breadcrumb"},"inLanguage":"es","potentialAction":[{"@type":"ReadAction","target":["https:\/\/www.caudete.org\/ayuntamiento\/finaliza-la-renovacion-completa-de-la-red-de-agua-en-c-san-francisco\/"]}]},{"@type":"ImageObject","inLanguage":"es","@id":"https:\/\/www.caudete.org\/ayuntamiento\/finaliza-la-renovacion-completa-de-la-red-de-agua-en-c-san-francisco\/#primaryimage","url":"https:\/\/www.caudete.org\/ayuntamiento\/wp-content\/uploads\/2023\/01\/Captura-de-pantalla-2023-01-20-155421.jpg","contentUrl":"https:\/\/www.caudete.org\/ayuntamiento\/wp-content\/uploads\/2023\/01\/Captura-de-pantalla-2023-01-20-155421.jpg","width":1275,"height":848},{"@type":"BreadcrumbList","@id":"https:\/\/www.caudete.org\/ayuntamiento\/finaliza-la-renovacion-completa-de-la-red-de-agua-en-c-san-francisco\/#breadcrumb","itemListElement":[{"@type":"ListItem","position":1,"name":"Inicio","item":"https:\/\/www.caudete.org\/ayuntamiento\/"},{"@type":"ListItem","position":2,"name":"Finaliza la renovaci\u00f3n completa de la Red de Agua en C\/San Francisco"}]},{"@type":"WebSite","@id":"https:\/\/www.caudete.org\/ayuntamiento\/#website","url":"https:\/\/www.caudete.org\/ayuntamiento\/","name":"MI Ayuntamiento de Caudete","description":"P\u00e1gina Oficial del MI Ayuntamiento de Caudete","potentialAction":[{"@type":"SearchAction","target":{"@type":"EntryPoint","urlTemplate":"https:\/\/www.caudete.org\/ayuntamiento\/?s={search_term_string}"},"query-input":{"@type":"PropertyValueSpecification","valueRequired":true,"valueName":"search_term_string"}}],"inLanguage":"es"},{"@type":"Person","@id":"https:\/\/www.caudete.org\/ayuntamiento\/#\/schema\/person\/cc646da9133078ee4d8dd47457947253","name":"alcalde","image":{"@type":"ImageObject","inLanguage":"es","@id":"https:\/\/secure.gravatar.com\/avatar\/84a817ba065b29ff08d666b215a215f5c79186a645ccb25b14a663d48a130f77?s=96&d=mm&r=g","url":"https:\/\/secure.gravatar.com\/avatar\/84a817ba065b29ff08d666b215a215f5c79186a645ccb25b14a663d48a130f77?s=96&d=mm&r=g","contentUrl":"https:\/\/secure.gravatar.com\/avatar\/84a817ba065b29ff08d666b215a215f5c79186a645ccb25b14a663d48a130f77?s=96&d=mm&r=g","caption":"alcalde"},"url":"https:\/\/www.caudete.org\/ayuntamiento\/author\/alcalde\/"}]}},"_links":{"self":[{"href":"https:\/\/www.caudete.org\/ayuntamiento\/wp-json\/wp\/v2\/posts\/21138","targetHints":{"allow":["GET"]}}],"collection":[{"href":"https:\/\/www.caudete.org\/ayuntamiento\/wp-json\/wp\/v2\/posts"}],"about":[{"href":"https:\/\/www.caudete.org\/ayuntamiento\/wp-json\/wp\/v2\/types\/post"}],"author":[{"embeddable":true,"href":"https:\/\/www.caudete.org\/ayuntamiento\/wp-json\/wp\/v2\/users\/3"}],"replies":[{"embeddable":true,"href":"https:\/\/www.caudete.org\/ayuntamiento\/wp-json\/wp\/v2\/comments?post=21138"}],"version-history":[{"count":1,"href":"https:\/\/www.caudete.org\/ayuntamiento\/wp-json\/wp\/v2\/posts\/21138\/revisions"}],"predecessor-version":[{"id":21144,"href":"https:\/\/www.caudete.org\/ayuntamiento\/wp-json\/wp\/v2\/posts\/21138\/revisions\/21144"}],"wp:featuredmedia":[{"embeddable":true,"href":"https:\/\/www.caudete.org\/ayuntamiento\/wp-json\/wp\/v2\/media\/21145"}],"wp:attachment":[{"href":"https:\/\/www.caudete.org\/ayuntamiento\/wp-json\/wp\/v2\/media?parent=21138"}],"wp:term":[{"taxonomy":"category","embeddable":true,"href":"https:\/\/www.caudete.org\/ayuntamiento\/wp-json\/wp\/v2\/categories?post=21138"},{"taxonomy":"post_tag","embeddable":true,"href":"https:\/\/www.caudete.org\/ayuntamiento\/wp-json\/wp\/v2\/tags?post=21138"}],"curies":[{"name":"wp","href":"https:\/\/api.w.org\/{rel}","templated":true}]}}