{"id":21151,"date":"2023-01-21T11:34:10","date_gmt":"2023-01-21T10:34:10","guid":{"rendered":"https:\/\/www.caudete.org\/ayuntamiento\/?p=21151"},"modified":"2023-01-21T11:34:10","modified_gmt":"2023-01-21T10:34:10","slug":"40-nuevos-contenedores-grises-para-fraccion-resto-que-sustituiran-a-los-verdes","status":"publish","type":"post","link":"https:\/\/www.caudete.org\/ayuntamiento\/40-nuevos-contenedores-grises-para-fraccion-resto-que-sustituiran-a-los-verdes\/","title":{"rendered":"40 nuevos contenedores GRISES, para fracci\u00f3n resto, que sustituir\u00e1n a los VERDES"},"content":{"rendered":"<p><a href=\"https:\/\/www.caudete.org\/ayuntamiento\/wp-content\/uploads\/2023\/01\/esquema-basura.jpg\" rel='prettyPhoto'><img decoding=\"async\" class=\"aligncenter wp-image-21153 size-medium\" src=\"https:\/\/www.caudete.org\/ayuntamiento\/wp-content\/uploads\/2023\/01\/esquema-basura-300x144.jpg\" alt=\"\" width=\"300\" height=\"144\" srcset=\"https:\/\/www.caudete.org\/ayuntamiento\/wp-content\/uploads\/2023\/01\/esquema-basura-300x144.jpg 300w, https:\/\/www.caudete.org\/ayuntamiento\/wp-content\/uploads\/2023\/01\/esquema-basura-768x369.jpg 768w, https:\/\/www.caudete.org\/ayuntamiento\/wp-content\/uploads\/2023\/01\/esquema-basura.jpg 972w\" sizes=\"(max-width: 300px) 100vw, 300px\" \/><\/a><\/p>\n<p><span style=\"font-weight: 400;\">Desde la concejal\u00eda de Servicios su Concejal Joaqu\u00edn Pag\u00e1n informa de la adquisici\u00f3n de 40 contenedores de 800 litros de color GRIS destinado a los residuos tipo RESTO por un valor de 11.083 \u20ac, para cubrir las bajas producidas durante el a\u00f1o 2022 por la oleada de actos vand\u00e1licos que causo la quema de 50 contenedores.<\/span><\/p>\n<p><span style=\"font-weight: 400;\">Dentro del programa de comunicaci\u00f3n e informaci\u00f3n sobre el RECICLADO queremos seguir dando pasos y avances en la direcci\u00f3n de aumentar la separaci\u00f3n de residuos. Como saben, actualmente en CAUDETE para la fracci\u00f3n RESTO disponemos de contenedores de 800 litros de color verde. Con el fin de seguir el mismo criterio que el resto de las poblaciones, se van a ir sustituyendo por contenedores de color GRIS de forma escalada, ya que es el color identificativo para estos residuos.<\/span><\/p>\n<p><a href=\"https:\/\/www.caudete.org\/ayuntamiento\/wp-content\/uploads\/2023\/01\/tabla-contenedores.jpg\" rel='prettyPhoto'><img decoding=\"async\" class=\"aligncenter wp-image-21154 size-medium\" src=\"https:\/\/www.caudete.org\/ayuntamiento\/wp-content\/uploads\/2023\/01\/tabla-contenedores-300x122.jpg\" alt=\"\" width=\"300\" height=\"122\" srcset=\"https:\/\/www.caudete.org\/ayuntamiento\/wp-content\/uploads\/2023\/01\/tabla-contenedores-300x122.jpg 300w, https:\/\/www.caudete.org\/ayuntamiento\/wp-content\/uploads\/2023\/01\/tabla-contenedores.jpg 728w\" sizes=\"(max-width: 300px) 100vw, 300px\" \/><\/a><\/p>\n<p><span style=\"font-weight: 400;\">Esta adquisici\u00f3n ha sido posible en parte a la concesi\u00f3n de una subvenci\u00f3n por parte de la Excma. Diputaci\u00f3n Provincial de Albacete dentro del programa de ayudas DIPUALBA EMERGENCIAS, destinado a gastos ocasionados por acontecimientos de fuerza mayor.\u00a0 La subvenci\u00f3n concedida a Caudete asciende a la cantidad de\u00a0 7.758\u20ac<\/span><\/p>\n<p>&nbsp;<\/p>\n","protected":false},"excerpt":{"rendered":"<p>Desde la concejal\u00eda de Servicios su Concejal Joaqu\u00edn Pag\u00e1n informa de la adquisici\u00f3n de 40 contenedores de 800 litros de color GRIS destinado a los residuos tipo RESTO por un valor de 11.083 \u20ac, para cubrir las bajas producidas durante el a\u00f1o 2022 por la oleada de actos vand\u00e1licos que causo la quema de 50 &hellip;<\/p>\n","protected":false},"author":3,"featured_media":21152,"comment_status":"closed","ping_status":"open","sticky":false,"template":"","format":"standard","meta":{"ngg_post_thumbnail":0,"footnotes":""},"categories":[270],"tags":[],"class_list":["post-21151","post","type-post","status-publish","format-standard","has-post-thumbnail","hentry","category-servicios"],"yoast_head":"<!-- This site is optimized with the Yoast SEO plugin v27.5 - https:\/\/yoast.com\/product\/yoast-seo-wordpress\/ -->\n<title>40 nuevos contenedores GRISES, para fracci\u00f3n resto, que sustituir\u00e1n a los VERDES - MI Ayuntamiento de Caudete<\/title>\n<meta name=\"description\" content=\"P\u00e1gina Oficial del Ayuntamiento de Caudete (Albacete)\" \/>\n<meta name=\"robots\" content=\"index, follow, max-snippet:-1, max-image-preview:large, max-video-preview:-1\" \/>\n<link rel=\"canonical\" href=\"https:\/\/www.caudete.org\/ayuntamiento\/40-nuevos-contenedores-grises-para-fraccion-resto-que-sustituiran-a-los-verdes\/\" \/>\n<meta property=\"og:locale\" content=\"es_ES\" \/>\n<meta property=\"og:type\" content=\"article\" \/>\n<meta property=\"og:title\" content=\"40 nuevos contenedores GRISES, para fracci\u00f3n resto, que sustituir\u00e1n a los VERDES - MI Ayuntamiento de Caudete\" \/>\n<meta property=\"og:description\" content=\"P\u00e1gina Oficial del Ayuntamiento de Caudete (Albacete)\" \/>\n<meta property=\"og:url\" content=\"https:\/\/www.caudete.org\/ayuntamiento\/40-nuevos-contenedores-grises-para-fraccion-resto-que-sustituiran-a-los-verdes\/\" \/>\n<meta property=\"og:site_name\" content=\"MI Ayuntamiento de Caudete\" \/>\n<meta property=\"article:publisher\" content=\"https:\/\/www.facebook.com\/ayuntamientocaudete\/\" \/>\n<meta property=\"article:published_time\" content=\"2023-01-21T10:34:10+00:00\" \/>\n<meta property=\"og:image\" content=\"https:\/\/www.caudete.org\/ayuntamiento\/wp-content\/uploads\/2023\/01\/contenedor-gris-joaquin.jpg\" \/>\n\t<meta property=\"og:image:width\" content=\"931\" \/>\n\t<meta property=\"og:image:height\" content=\"615\" \/>\n\t<meta property=\"og:image:type\" content=\"image\/jpeg\" \/>\n<meta name=\"author\" content=\"alcalde\" \/>\n<meta name=\"twitter:card\" content=\"summary_large_image\" \/>\n<meta name=\"twitter:label1\" content=\"Escrito por\" \/>\n\t<meta name=\"twitter:data1\" content=\"alcalde\" \/>\n\t<meta name=\"twitter:label2\" content=\"Tiempo de lectura\" \/>\n\t<meta name=\"twitter:data2\" content=\"2 minutos\" \/>\n<script type=\"application\/ld+json\" class=\"yoast-schema-graph\">{\"@context\":\"https:\\\/\\\/schema.org\",\"@graph\":[{\"@type\":\"Article\",\"@id\":\"https:\\\/\\\/www.caudete.org\\\/ayuntamiento\\\/40-nuevos-contenedores-grises-para-fraccion-resto-que-sustituiran-a-los-verdes\\\/#article\",\"isPartOf\":{\"@id\":\"https:\\\/\\\/www.caudete.org\\\/ayuntamiento\\\/40-nuevos-contenedores-grises-para-fraccion-resto-que-sustituiran-a-los-verdes\\\/\"},\"author\":{\"name\":\"alcalde\",\"@id\":\"https:\\\/\\\/www.caudete.org\\\/ayuntamiento\\\/#\\\/schema\\\/person\\\/cc646da9133078ee4d8dd47457947253\"},\"headline\":\"40 nuevos contenedores GRISES, para fracci\u00f3n resto, que sustituir\u00e1n a los VERDES\",\"datePublished\":\"2023-01-21T10:34:10+00:00\",\"mainEntityOfPage\":{\"@id\":\"https:\\\/\\\/www.caudete.org\\\/ayuntamiento\\\/40-nuevos-contenedores-grises-para-fraccion-resto-que-sustituiran-a-los-verdes\\\/\"},\"wordCount\":206,\"publisher\":{\"@id\":\"https:\\\/\\\/www.caudete.org\\\/ayuntamiento\\\/#organization\"},\"image\":{\"@id\":\"https:\\\/\\\/www.caudete.org\\\/ayuntamiento\\\/40-nuevos-contenedores-grises-para-fraccion-resto-que-sustituiran-a-los-verdes\\\/#primaryimage\"},\"thumbnailUrl\":\"https:\\\/\\\/www.caudete.org\\\/ayuntamiento\\\/wp-content\\\/uploads\\\/2023\\\/01\\\/contenedor-gris-joaquin.jpg\",\"articleSection\":[\"Servicios\"],\"inLanguage\":\"es\"},{\"@type\":\"WebPage\",\"@id\":\"https:\\\/\\\/www.caudete.org\\\/ayuntamiento\\\/40-nuevos-contenedores-grises-para-fraccion-resto-que-sustituiran-a-los-verdes\\\/\",\"url\":\"https:\\\/\\\/www.caudete.org\\\/ayuntamiento\\\/40-nuevos-contenedores-grises-para-fraccion-resto-que-sustituiran-a-los-verdes\\\/\",\"name\":\"40 nuevos contenedores GRISES, para fracci\u00f3n resto, que sustituir\u00e1n a los VERDES - MI Ayuntamiento de Caudete\",\"isPartOf\":{\"@id\":\"https:\\\/\\\/www.caudete.org\\\/ayuntamiento\\\/#website\"},\"primaryImageOfPage\":{\"@id\":\"https:\\\/\\\/www.caudete.org\\\/ayuntamiento\\\/40-nuevos-contenedores-grises-para-fraccion-resto-que-sustituiran-a-los-verdes\\\/#primaryimage\"},\"image\":{\"@id\":\"https:\\\/\\\/www.caudete.org\\\/ayuntamiento\\\/40-nuevos-contenedores-grises-para-fraccion-resto-que-sustituiran-a-los-verdes\\\/#primaryimage\"},\"thumbnailUrl\":\"https:\\\/\\\/www.caudete.org\\\/ayuntamiento\\\/wp-content\\\/uploads\\\/2023\\\/01\\\/contenedor-gris-joaquin.jpg\",\"datePublished\":\"2023-01-21T10:34:10+00:00\",\"description\":\"P\u00e1gina Oficial del Ayuntamiento de Caudete (Albacete)\",\"breadcrumb\":{\"@id\":\"https:\\\/\\\/www.caudete.org\\\/ayuntamiento\\\/40-nuevos-contenedores-grises-para-fraccion-resto-que-sustituiran-a-los-verdes\\\/#breadcrumb\"},\"inLanguage\":\"es\",\"potentialAction\":[{\"@type\":\"ReadAction\",\"target\":[\"https:\\\/\\\/www.caudete.org\\\/ayuntamiento\\\/40-nuevos-contenedores-grises-para-fraccion-resto-que-sustituiran-a-los-verdes\\\/\"]}]},{\"@type\":\"ImageObject\",\"inLanguage\":\"es\",\"@id\":\"https:\\\/\\\/www.caudete.org\\\/ayuntamiento\\\/40-nuevos-contenedores-grises-para-fraccion-resto-que-sustituiran-a-los-verdes\\\/#primaryimage\",\"url\":\"https:\\\/\\\/www.caudete.org\\\/ayuntamiento\\\/wp-content\\\/uploads\\\/2023\\\/01\\\/contenedor-gris-joaquin.jpg\",\"contentUrl\":\"https:\\\/\\\/www.caudete.org\\\/ayuntamiento\\\/wp-content\\\/uploads\\\/2023\\\/01\\\/contenedor-gris-joaquin.jpg\",\"width\":931,\"height\":615},{\"@type\":\"BreadcrumbList\",\"@id\":\"https:\\\/\\\/www.caudete.org\\\/ayuntamiento\\\/40-nuevos-contenedores-grises-para-fraccion-resto-que-sustituiran-a-los-verdes\\\/#breadcrumb\",\"itemListElement\":[{\"@type\":\"ListItem\",\"position\":1,\"name\":\"Inicio\",\"item\":\"https:\\\/\\\/www.caudete.org\\\/ayuntamiento\\\/\"},{\"@type\":\"ListItem\",\"position\":2,\"name\":\"40 nuevos contenedores GRISES, para fracci\u00f3n resto, que sustituir\u00e1n a los VERDES\"}]},{\"@type\":\"WebSite\",\"@id\":\"https:\\\/\\\/www.caudete.org\\\/ayuntamiento\\\/#website\",\"url\":\"https:\\\/\\\/www.caudete.org\\\/ayuntamiento\\\/\",\"name\":\"MI Ayuntamiento de Caudete\",\"description\":\"P\u00e1gina Oficial del MI Ayuntamiento de Caudete\",\"publisher\":{\"@id\":\"https:\\\/\\\/www.caudete.org\\\/ayuntamiento\\\/#organization\"},\"potentialAction\":[{\"@type\":\"SearchAction\",\"target\":{\"@type\":\"EntryPoint\",\"urlTemplate\":\"https:\\\/\\\/www.caudete.org\\\/ayuntamiento\\\/?s={search_term_string}\"},\"query-input\":{\"@type\":\"PropertyValueSpecification\",\"valueRequired\":true,\"valueName\":\"search_term_string\"}}],\"inLanguage\":\"es\"},{\"@type\":\"Organization\",\"@id\":\"https:\\\/\\\/www.caudete.org\\\/ayuntamiento\\\/#organization\",\"name\":\"Ayuntamiento de Caudete\",\"url\":\"https:\\\/\\\/www.caudete.org\\\/ayuntamiento\\\/\",\"logo\":{\"@type\":\"ImageObject\",\"inLanguage\":\"es\",\"@id\":\"https:\\\/\\\/www.caudete.org\\\/ayuntamiento\\\/#\\\/schema\\\/logo\\\/image\\\/\",\"url\":\"https:\\\/\\\/www.caudete.org\\\/ayuntamiento\\\/wp-content\\\/uploads\\\/2020\\\/11\\\/logo_ayuntamiento_caudete.jpg\",\"contentUrl\":\"https:\\\/\\\/www.caudete.org\\\/ayuntamiento\\\/wp-content\\\/uploads\\\/2020\\\/11\\\/logo_ayuntamiento_caudete.jpg\",\"width\":600,\"height\":150,\"caption\":\"Ayuntamiento de Caudete\"},\"image\":{\"@id\":\"https:\\\/\\\/www.caudete.org\\\/ayuntamiento\\\/#\\\/schema\\\/logo\\\/image\\\/\"},\"sameAs\":[\"https:\\\/\\\/www.facebook.com\\\/ayuntamientocaudete\\\/\",\"https:\\\/\\\/www.youtube.com\\\/channel\\\/UC6VztHaooNsGpw-tNoBEFnQ\"]},{\"@type\":\"Person\",\"@id\":\"https:\\\/\\\/www.caudete.org\\\/ayuntamiento\\\/#\\\/schema\\\/person\\\/cc646da9133078ee4d8dd47457947253\",\"name\":\"alcalde\",\"image\":{\"@type\":\"ImageObject\",\"inLanguage\":\"es\",\"@id\":\"https:\\\/\\\/secure.gravatar.com\\\/avatar\\\/84a817ba065b29ff08d666b215a215f5c79186a645ccb25b14a663d48a130f77?s=96&d=mm&r=g\",\"url\":\"https:\\\/\\\/secure.gravatar.com\\\/avatar\\\/84a817ba065b29ff08d666b215a215f5c79186a645ccb25b14a663d48a130f77?s=96&d=mm&r=g\",\"contentUrl\":\"https:\\\/\\\/secure.gravatar.com\\\/avatar\\\/84a817ba065b29ff08d666b215a215f5c79186a645ccb25b14a663d48a130f77?s=96&d=mm&r=g\",\"caption\":\"alcalde\"},\"url\":\"https:\\\/\\\/www.caudete.org\\\/ayuntamiento\\\/author\\\/alcalde\\\/\"}]}<\/script>\n<!-- \/ Yoast SEO plugin. -->","yoast_head_json":{"title":"40 nuevos contenedores GRISES, para fracci\u00f3n resto, que sustituir\u00e1n a los VERDES - MI Ayuntamiento de Caudete","description":"P\u00e1gina Oficial del Ayuntamiento de Caudete (Albacete)","robots":{"index":"index","follow":"follow","max-snippet":"max-snippet:-1","max-image-preview":"max-image-preview:large","max-video-preview":"max-video-preview:-1"},"canonical":"https:\/\/www.caudete.org\/ayuntamiento\/40-nuevos-contenedores-grises-para-fraccion-resto-que-sustituiran-a-los-verdes\/","og_locale":"es_ES","og_type":"article","og_title":"40 nuevos contenedores GRISES, para fracci\u00f3n resto, que sustituir\u00e1n a los VERDES - MI Ayuntamiento de Caudete","og_description":"P\u00e1gina Oficial del Ayuntamiento de Caudete (Albacete)","og_url":"https:\/\/www.caudete.org\/ayuntamiento\/40-nuevos-contenedores-grises-para-fraccion-resto-que-sustituiran-a-los-verdes\/","og_site_name":"MI Ayuntamiento de Caudete","article_publisher":"https:\/\/www.facebook.com\/ayuntamientocaudete\/","article_published_time":"2023-01-21T10:34:10+00:00","og_image":[{"width":931,"height":615,"url":"https:\/\/www.caudete.org\/ayuntamiento\/wp-content\/uploads\/2023\/01\/contenedor-gris-joaquin.jpg","type":"image\/jpeg"}],"author":"alcalde","twitter_card":"summary_large_image","twitter_misc":{"Escrito por":"alcalde","Tiempo de lectura":"2 minutos"},"schema":{"@context":"https:\/\/schema.org","@graph":[{"@type":"Article","@id":"https:\/\/www.caudete.org\/ayuntamiento\/40-nuevos-contenedores-grises-para-fraccion-resto-que-sustituiran-a-los-verdes\/#article","isPartOf":{"@id":"https:\/\/www.caudete.org\/ayuntamiento\/40-nuevos-contenedores-grises-para-fraccion-resto-que-sustituiran-a-los-verdes\/"},"author":{"name":"alcalde","@id":"https:\/\/www.caudete.org\/ayuntamiento\/#\/schema\/person\/cc646da9133078ee4d8dd47457947253"},"headline":"40 nuevos contenedores GRISES, para fracci\u00f3n resto, que sustituir\u00e1n a los VERDES","datePublished":"2023-01-21T10:34:10+00:00","mainEntityOfPage":{"@id":"https:\/\/www.caudete.org\/ayuntamiento\/40-nuevos-contenedores-grises-para-fraccion-resto-que-sustituiran-a-los-verdes\/"},"wordCount":206,"publisher":{"@id":"https:\/\/www.caudete.org\/ayuntamiento\/#organization"},"image":{"@id":"https:\/\/www.caudete.org\/ayuntamiento\/40-nuevos-contenedores-grises-para-fraccion-resto-que-sustituiran-a-los-verdes\/#primaryimage"},"thumbnailUrl":"https:\/\/www.caudete.org\/ayuntamiento\/wp-content\/uploads\/2023\/01\/contenedor-gris-joaquin.jpg","articleSection":["Servicios"],"inLanguage":"es"},{"@type":"WebPage","@id":"https:\/\/www.caudete.org\/ayuntamiento\/40-nuevos-contenedores-grises-para-fraccion-resto-que-sustituiran-a-los-verdes\/","url":"https:\/\/www.caudete.org\/ayuntamiento\/40-nuevos-contenedores-grises-para-fraccion-resto-que-sustituiran-a-los-verdes\/","name":"40 nuevos contenedores GRISES, para fracci\u00f3n resto, que sustituir\u00e1n a los VERDES - MI Ayuntamiento de Caudete","isPartOf":{"@id":"https:\/\/www.caudete.org\/ayuntamiento\/#website"},"primaryImageOfPage":{"@id":"https:\/\/www.caudete.org\/ayuntamiento\/40-nuevos-contenedores-grises-para-fraccion-resto-que-sustituiran-a-los-verdes\/#primaryimage"},"image":{"@id":"https:\/\/www.caudete.org\/ayuntamiento\/40-nuevos-contenedores-grises-para-fraccion-resto-que-sustituiran-a-los-verdes\/#primaryimage"},"thumbnailUrl":"https:\/\/www.caudete.org\/ayuntamiento\/wp-content\/uploads\/2023\/01\/contenedor-gris-joaquin.jpg","datePublished":"2023-01-21T10:34:10+00:00","description":"P\u00e1gina Oficial del Ayuntamiento de Caudete (Albacete)","breadcrumb":{"@id":"https:\/\/www.caudete.org\/ayuntamiento\/40-nuevos-contenedores-grises-para-fraccion-resto-que-sustituiran-a-los-verdes\/#breadcrumb"},"inLanguage":"es","potentialAction":[{"@type":"ReadAction","target":["https:\/\/www.caudete.org\/ayuntamiento\/40-nuevos-contenedores-grises-para-fraccion-resto-que-sustituiran-a-los-verdes\/"]}]},{"@type":"ImageObject","inLanguage":"es","@id":"https:\/\/www.caudete.org\/ayuntamiento\/40-nuevos-contenedores-grises-para-fraccion-resto-que-sustituiran-a-los-verdes\/#primaryimage","url":"https:\/\/www.caudete.org\/ayuntamiento\/wp-content\/uploads\/2023\/01\/contenedor-gris-joaquin.jpg","contentUrl":"https:\/\/www.caudete.org\/ayuntamiento\/wp-content\/uploads\/2023\/01\/contenedor-gris-joaquin.jpg","width":931,"height":615},{"@type":"BreadcrumbList","@id":"https:\/\/www.caudete.org\/ayuntamiento\/40-nuevos-contenedores-grises-para-fraccion-resto-que-sustituiran-a-los-verdes\/#breadcrumb","itemListElement":[{"@type":"ListItem","position":1,"name":"Inicio","item":"https:\/\/www.caudete.org\/ayuntamiento\/"},{"@type":"ListItem","position":2,"name":"40 nuevos contenedores GRISES, para fracci\u00f3n resto, que sustituir\u00e1n a los VERDES"}]},{"@type":"WebSite","@id":"https:\/\/www.caudete.org\/ayuntamiento\/#website","url":"https:\/\/www.caudete.org\/ayuntamiento\/","name":"MI Ayuntamiento de Caudete","description":"P\u00e1gina Oficial del MI Ayuntamiento de Caudete","publisher":{"@id":"https:\/\/www.caudete.org\/ayuntamiento\/#organization"},"potentialAction":[{"@type":"SearchAction","target":{"@type":"EntryPoint","urlTemplate":"https:\/\/www.caudete.org\/ayuntamiento\/?s={search_term_string}"},"query-input":{"@type":"PropertyValueSpecification","valueRequired":true,"valueName":"search_term_string"}}],"inLanguage":"es"},{"@type":"Organization","@id":"https:\/\/www.caudete.org\/ayuntamiento\/#organization","name":"Ayuntamiento de Caudete","url":"https:\/\/www.caudete.org\/ayuntamiento\/","logo":{"@type":"ImageObject","inLanguage":"es","@id":"https:\/\/www.caudete.org\/ayuntamiento\/#\/schema\/logo\/image\/","url":"https:\/\/www.caudete.org\/ayuntamiento\/wp-content\/uploads\/2020\/11\/logo_ayuntamiento_caudete.jpg","contentUrl":"https:\/\/www.caudete.org\/ayuntamiento\/wp-content\/uploads\/2020\/11\/logo_ayuntamiento_caudete.jpg","width":600,"height":150,"caption":"Ayuntamiento de Caudete"},"image":{"@id":"https:\/\/www.caudete.org\/ayuntamiento\/#\/schema\/logo\/image\/"},"sameAs":["https:\/\/www.facebook.com\/ayuntamientocaudete\/","https:\/\/www.youtube.com\/channel\/UC6VztHaooNsGpw-tNoBEFnQ"]},{"@type":"Person","@id":"https:\/\/www.caudete.org\/ayuntamiento\/#\/schema\/person\/cc646da9133078ee4d8dd47457947253","name":"alcalde","image":{"@type":"ImageObject","inLanguage":"es","@id":"https:\/\/secure.gravatar.com\/avatar\/84a817ba065b29ff08d666b215a215f5c79186a645ccb25b14a663d48a130f77?s=96&d=mm&r=g","url":"https:\/\/secure.gravatar.com\/avatar\/84a817ba065b29ff08d666b215a215f5c79186a645ccb25b14a663d48a130f77?s=96&d=mm&r=g","contentUrl":"https:\/\/secure.gravatar.com\/avatar\/84a817ba065b29ff08d666b215a215f5c79186a645ccb25b14a663d48a130f77?s=96&d=mm&r=g","caption":"alcalde"},"url":"https:\/\/www.caudete.org\/ayuntamiento\/author\/alcalde\/"}]}},"_links":{"self":[{"href":"https:\/\/www.caudete.org\/ayuntamiento\/wp-json\/wp\/v2\/posts\/21151","targetHints":{"allow":["GET"]}}],"collection":[{"href":"https:\/\/www.caudete.org\/ayuntamiento\/wp-json\/wp\/v2\/posts"}],"about":[{"href":"https:\/\/www.caudete.org\/ayuntamiento\/wp-json\/wp\/v2\/types\/post"}],"author":[{"embeddable":true,"href":"https:\/\/www.caudete.org\/ayuntamiento\/wp-json\/wp\/v2\/users\/3"}],"replies":[{"embeddable":true,"href":"https:\/\/www.caudete.org\/ayuntamiento\/wp-json\/wp\/v2\/comments?post=21151"}],"version-history":[{"count":1,"href":"https:\/\/www.caudete.org\/ayuntamiento\/wp-json\/wp\/v2\/posts\/21151\/revisions"}],"predecessor-version":[{"id":21155,"href":"https:\/\/www.caudete.org\/ayuntamiento\/wp-json\/wp\/v2\/posts\/21151\/revisions\/21155"}],"wp:featuredmedia":[{"embeddable":true,"href":"https:\/\/www.caudete.org\/ayuntamiento\/wp-json\/wp\/v2\/media\/21152"}],"wp:attachment":[{"href":"https:\/\/www.caudete.org\/ayuntamiento\/wp-json\/wp\/v2\/media?parent=21151"}],"wp:term":[{"taxonomy":"category","embeddable":true,"href":"https:\/\/www.caudete.org\/ayuntamiento\/wp-json\/wp\/v2\/categories?post=21151"},{"taxonomy":"post_tag","embeddable":true,"href":"https:\/\/www.caudete.org\/ayuntamiento\/wp-json\/wp\/v2\/tags?post=21151"}],"curies":[{"name":"wp","href":"https:\/\/api.w.org\/{rel}","templated":true}]}}