{"id":21167,"date":"2023-01-21T14:00:43","date_gmt":"2023-01-21T13:00:43","guid":{"rendered":"https:\/\/www.caudete.org\/ayuntamiento\/?p=21167"},"modified":"2023-01-21T14:00:43","modified_gmt":"2023-01-21T13:00:43","slug":"en-la-sierra-del-cuchillo-no-habra-calicata-ni-cantera","status":"publish","type":"post","link":"https:\/\/www.caudete.org\/ayuntamiento\/en-la-sierra-del-cuchillo-no-habra-calicata-ni-cantera\/","title":{"rendered":"En la Sierra del Cuchillo, no habr\u00e1 Calicata ni Cantera"},"content":{"rendered":"<p style=\"text-align: justify;\">El pasado martes, el Alcalde Mois\u00e9s L\u00f3pez acompa\u00f1ado del Concejal de Medio Ambiente Joaqu\u00edn Pag\u00e1n manten\u00edan una vez m\u00e1s en Albacete una reuni\u00f3n con Llanos Valero, la Delegada Provincial de Desarrollo Sostenible, acerca de la situaci\u00f3n actual del permiso de investigaci\u00f3n n\u00famero 1.941 Tanit Tres (expediente PRO-AB-16-0638), situado en el t\u00e9rmino municipal de Caudete (Albacete), cuyo promotor es Explotaci\u00f3n de Canteras Tanit SL.<\/p>\n<p style=\"text-align: justify;\">La Delegaci\u00f3n mostr\u00f3 a los representantes municipales la caducidad del Informe de Impacto Ambiental, documento que condiciona la continuidad del proyecto, y que con ello, asegura la finalizaci\u00f3n de dicho permiso, cuesti\u00f3n que junto a las consecuencias de su incumplimiento notificar\u00edan a la mercantil, y al Ayuntamiento como parte interesada del proceso.<\/p>\n<p style=\"text-align: justify;\">Por su parte, el Alcalde le traslad\u00f3 a la Delegada que tras realizar inspecci\u00f3n urban\u00edstica a la parcela 48 del pol\u00edgono 10, el pasado 15 de Diciembre, por la presencia de estacas en la parcela que ocupa el permiso de investigaci\u00f3n, se levant\u00f3 acta y se ha solicitado incoaci\u00f3n de expediente ante la posibilidad de infracci\u00f3n urban\u00edstica.<\/p>\n<p style=\"text-align: justify;\">Igualmente, le traslad\u00f3 que el Ayuntamiento iba a proceder a la formulaci\u00f3n de alegaciones ante la Sentencia 128, de 20 de junio de 2022 y Auto de aclaraci\u00f3n de 23 de junio de 2022, por la que obliga al Ayuntamiento a conceder Licencia de Obras a la mercantil. Dichas alegaciones, quedaron presentadas en el d\u00eda de ayer por el letrado del Ayuntamiento.<\/p>\n<p style=\"text-align: justify;\">Adem\u00e1s de todo ello, el Alcalde les expuso tanto la modificaci\u00f3n de las NNSS en las que est\u00e1 trabajando el Consistorio, con el apoyo t\u00e9cnico de una consultora externa, para \u201cblindar\u201d el medio natural de este tipo de acciones, como del acotamiento e interpretaci\u00f3n de las zonas protegidas actualmente por las\u00a0 NNSS. Toda esta documentaci\u00f3n se est\u00e1 ultimando para lograr con \u00e9xito su aprobaci\u00f3n por las administraciones competentes.<\/p>\n<p style=\"text-align: justify;\">No obstante, la noticia de mayor calado se produjo hace dos d\u00edas. El pasado jueves, el Registro General del Ayuntamiento recib\u00eda notificaci\u00f3n de la Delegaci\u00f3n Provincial con copia de la enviada a la mercantil Explotaci\u00f3n de Canteras Tanit S.L., en el que claramente le dice \u201c<strong>se pone en su conocimiento que el informe de impacto ambiental del proyecto: Permiso de investigaci\u00f3n n\u00famero 1.941 Tanit Tres (expediente PRO-AB-16-0638), situado en el t\u00e9rmino municipal de Caudete (Albacete), cuyo promotor es Explotaci\u00f3n de Canteras Tanit SL ha caducado con fecha 20 de noviembre de 2022<\/strong>\u201d<\/p>\n<p style=\"text-align: justify;\">Incide la Delegaci\u00f3n en dicha caducidad a la mercantil al quedar igualmente manifiesto en dicha notificaci\u00f3n que \u201c<strong><em>debe de abstenerse de realizar ning\u00fan trabajo en el terreno, advirti\u00e9ndole de que en caso de ser as\u00ed podr\u00e1 iniciarse un expediente sancionador en su contra por vulneraci\u00f3n de la legislaci\u00f3n en materia de evaluaci\u00f3n ambiental<\/em><\/strong>\u201d.<\/p>\n<p style=\"text-align: justify;\">Con ello, Tanit Tres, en palabras del Alcalde \u201c<em>tiene que olvidarse de Caudete y de la Sierra del Cuchillo, y atenerse al cumplimiento de la legislaci\u00f3n en todo momento<\/em>\u201d. Remarcaba que \u201c<em>desde el primer momento, hemos defendido legalmente con la Justicia los intereses de Caudete y la preservaci\u00f3n de nuestra Sierra del Cuchillo, pese a los que intentan decir lo contrario<\/em>\u201d.<\/p>\n<p style=\"text-align: justify;\">Continuaba el Primer Edil con que \u201c<em>espera contar con el apoyo de todos los grupos pol\u00edticos para defender con unanimidad y criterio \u00fanico la Sierra del Cuchillo y dem\u00e1s entornos naturales en la modificaci\u00f3n de las NNSS que se est\u00e1n ultimando<\/em>\u201d y terminaba diciendo \u201c<em>lamento que este tema tan sensible, y en el que todos estamos en el mismo barco, sea utilizado como arma pol\u00edtica<\/em>\u201d.<\/p>\n","protected":false},"excerpt":{"rendered":"<p>El pasado martes, el Alcalde Mois\u00e9s L\u00f3pez acompa\u00f1ado del Concejal de Medio Ambiente Joaqu\u00edn Pag\u00e1n manten\u00edan una vez m\u00e1s en Albacete una reuni\u00f3n con Llanos Valero, la Delegada Provincial de Desarrollo Sostenible, acerca de la situaci\u00f3n actual del permiso de investigaci\u00f3n n\u00famero 1.941 Tanit Tres (expediente PRO-AB-16-0638), situado en el t\u00e9rmino municipal de Caudete (Albacete), &hellip;<\/p>\n","protected":false},"author":3,"featured_media":21168,"comment_status":"closed","ping_status":"open","sticky":false,"template":"","format":"standard","meta":{"ngg_post_thumbnail":0,"footnotes":""},"categories":[29],"tags":[],"class_list":["post-21167","post","type-post","status-publish","format-standard","has-post-thumbnail","hentry","category-medio-ambiente"],"yoast_head":"<!-- This site is optimized with the Yoast SEO plugin v27.5 - https:\/\/yoast.com\/product\/yoast-seo-wordpress\/ -->\n<title>En la Sierra del Cuchillo, no habr\u00e1 Calicata ni Cantera - MI Ayuntamiento de Caudete<\/title>\n<meta name=\"description\" content=\"P\u00e1gina Oficial del Ayuntamiento de Caudete (Albacete)\" \/>\n<meta name=\"robots\" content=\"index, follow, max-snippet:-1, max-image-preview:large, max-video-preview:-1\" \/>\n<link rel=\"canonical\" href=\"https:\/\/www.caudete.org\/ayuntamiento\/en-la-sierra-del-cuchillo-no-habra-calicata-ni-cantera\/\" \/>\n<meta property=\"og:locale\" content=\"es_ES\" \/>\n<meta property=\"og:type\" content=\"article\" \/>\n<meta property=\"og:title\" content=\"En la Sierra del Cuchillo, no habr\u00e1 Calicata ni Cantera - MI Ayuntamiento de Caudete\" \/>\n<meta property=\"og:description\" content=\"P\u00e1gina Oficial del Ayuntamiento de Caudete (Albacete)\" \/>\n<meta property=\"og:url\" content=\"https:\/\/www.caudete.org\/ayuntamiento\/en-la-sierra-del-cuchillo-no-habra-calicata-ni-cantera\/\" \/>\n<meta property=\"og:site_name\" content=\"MI Ayuntamiento de Caudete\" \/>\n<meta property=\"article:publisher\" content=\"https:\/\/www.facebook.com\/ayuntamientocaudete\/\" \/>\n<meta property=\"article:published_time\" content=\"2023-01-21T13:00:43+00:00\" \/>\n<meta property=\"og:image\" content=\"https:\/\/www.caudete.org\/ayuntamiento\/wp-content\/uploads\/2023\/01\/sierra_cuchillo_caudete_digital.jpg\" \/>\n\t<meta property=\"og:image:width\" content=\"780\" \/>\n\t<meta property=\"og:image:height\" content=\"354\" \/>\n\t<meta property=\"og:image:type\" content=\"image\/jpeg\" \/>\n<meta name=\"author\" content=\"alcalde\" \/>\n<meta name=\"twitter:card\" content=\"summary_large_image\" \/>\n<meta name=\"twitter:label1\" content=\"Escrito por\" \/>\n\t<meta name=\"twitter:data1\" content=\"alcalde\" \/>\n\t<meta name=\"twitter:label2\" content=\"Tiempo de lectura\" \/>\n\t<meta name=\"twitter:data2\" content=\"3 minutos\" \/>\n<script type=\"application\/ld+json\" class=\"yoast-schema-graph\">{\"@context\":\"https:\\\/\\\/schema.org\",\"@graph\":[{\"@type\":\"Article\",\"@id\":\"https:\\\/\\\/www.caudete.org\\\/ayuntamiento\\\/en-la-sierra-del-cuchillo-no-habra-calicata-ni-cantera\\\/#article\",\"isPartOf\":{\"@id\":\"https:\\\/\\\/www.caudete.org\\\/ayuntamiento\\\/en-la-sierra-del-cuchillo-no-habra-calicata-ni-cantera\\\/\"},\"author\":{\"name\":\"alcalde\",\"@id\":\"https:\\\/\\\/www.caudete.org\\\/ayuntamiento\\\/#\\\/schema\\\/person\\\/cc646da9133078ee4d8dd47457947253\"},\"headline\":\"En la Sierra del Cuchillo, no habr\u00e1 Calicata ni Cantera\",\"datePublished\":\"2023-01-21T13:00:43+00:00\",\"mainEntityOfPage\":{\"@id\":\"https:\\\/\\\/www.caudete.org\\\/ayuntamiento\\\/en-la-sierra-del-cuchillo-no-habra-calicata-ni-cantera\\\/\"},\"wordCount\":630,\"image\":{\"@id\":\"https:\\\/\\\/www.caudete.org\\\/ayuntamiento\\\/en-la-sierra-del-cuchillo-no-habra-calicata-ni-cantera\\\/#primaryimage\"},\"thumbnailUrl\":\"https:\\\/\\\/www.caudete.org\\\/ayuntamiento\\\/wp-content\\\/uploads\\\/2023\\\/01\\\/sierra_cuchillo_caudete_digital.jpg\",\"articleSection\":[\"Medio Ambiente\"],\"inLanguage\":\"es\"},{\"@type\":\"WebPage\",\"@id\":\"https:\\\/\\\/www.caudete.org\\\/ayuntamiento\\\/en-la-sierra-del-cuchillo-no-habra-calicata-ni-cantera\\\/\",\"url\":\"https:\\\/\\\/www.caudete.org\\\/ayuntamiento\\\/en-la-sierra-del-cuchillo-no-habra-calicata-ni-cantera\\\/\",\"name\":\"En la Sierra del Cuchillo, no habr\u00e1 Calicata ni Cantera - MI Ayuntamiento de Caudete\",\"isPartOf\":{\"@id\":\"https:\\\/\\\/www.caudete.org\\\/ayuntamiento\\\/#website\"},\"primaryImageOfPage\":{\"@id\":\"https:\\\/\\\/www.caudete.org\\\/ayuntamiento\\\/en-la-sierra-del-cuchillo-no-habra-calicata-ni-cantera\\\/#primaryimage\"},\"image\":{\"@id\":\"https:\\\/\\\/www.caudete.org\\\/ayuntamiento\\\/en-la-sierra-del-cuchillo-no-habra-calicata-ni-cantera\\\/#primaryimage\"},\"thumbnailUrl\":\"https:\\\/\\\/www.caudete.org\\\/ayuntamiento\\\/wp-content\\\/uploads\\\/2023\\\/01\\\/sierra_cuchillo_caudete_digital.jpg\",\"datePublished\":\"2023-01-21T13:00:43+00:00\",\"author\":{\"@id\":\"https:\\\/\\\/www.caudete.org\\\/ayuntamiento\\\/#\\\/schema\\\/person\\\/cc646da9133078ee4d8dd47457947253\"},\"description\":\"P\u00e1gina Oficial del Ayuntamiento de Caudete (Albacete)\",\"breadcrumb\":{\"@id\":\"https:\\\/\\\/www.caudete.org\\\/ayuntamiento\\\/en-la-sierra-del-cuchillo-no-habra-calicata-ni-cantera\\\/#breadcrumb\"},\"inLanguage\":\"es\",\"potentialAction\":[{\"@type\":\"ReadAction\",\"target\":[\"https:\\\/\\\/www.caudete.org\\\/ayuntamiento\\\/en-la-sierra-del-cuchillo-no-habra-calicata-ni-cantera\\\/\"]}]},{\"@type\":\"ImageObject\",\"inLanguage\":\"es\",\"@id\":\"https:\\\/\\\/www.caudete.org\\\/ayuntamiento\\\/en-la-sierra-del-cuchillo-no-habra-calicata-ni-cantera\\\/#primaryimage\",\"url\":\"https:\\\/\\\/www.caudete.org\\\/ayuntamiento\\\/wp-content\\\/uploads\\\/2023\\\/01\\\/sierra_cuchillo_caudete_digital.jpg\",\"contentUrl\":\"https:\\\/\\\/www.caudete.org\\\/ayuntamiento\\\/wp-content\\\/uploads\\\/2023\\\/01\\\/sierra_cuchillo_caudete_digital.jpg\",\"width\":780,\"height\":354},{\"@type\":\"BreadcrumbList\",\"@id\":\"https:\\\/\\\/www.caudete.org\\\/ayuntamiento\\\/en-la-sierra-del-cuchillo-no-habra-calicata-ni-cantera\\\/#breadcrumb\",\"itemListElement\":[{\"@type\":\"ListItem\",\"position\":1,\"name\":\"Inicio\",\"item\":\"https:\\\/\\\/www.caudete.org\\\/ayuntamiento\\\/\"},{\"@type\":\"ListItem\",\"position\":2,\"name\":\"En la Sierra del Cuchillo, no habr\u00e1 Calicata ni Cantera\"}]},{\"@type\":\"WebSite\",\"@id\":\"https:\\\/\\\/www.caudete.org\\\/ayuntamiento\\\/#website\",\"url\":\"https:\\\/\\\/www.caudete.org\\\/ayuntamiento\\\/\",\"name\":\"MI Ayuntamiento de Caudete\",\"description\":\"P\u00e1gina Oficial del MI Ayuntamiento de Caudete\",\"potentialAction\":[{\"@type\":\"SearchAction\",\"target\":{\"@type\":\"EntryPoint\",\"urlTemplate\":\"https:\\\/\\\/www.caudete.org\\\/ayuntamiento\\\/?s={search_term_string}\"},\"query-input\":{\"@type\":\"PropertyValueSpecification\",\"valueRequired\":true,\"valueName\":\"search_term_string\"}}],\"inLanguage\":\"es\"},{\"@type\":\"Person\",\"@id\":\"https:\\\/\\\/www.caudete.org\\\/ayuntamiento\\\/#\\\/schema\\\/person\\\/cc646da9133078ee4d8dd47457947253\",\"name\":\"alcalde\",\"image\":{\"@type\":\"ImageObject\",\"inLanguage\":\"es\",\"@id\":\"https:\\\/\\\/secure.gravatar.com\\\/avatar\\\/84a817ba065b29ff08d666b215a215f5c79186a645ccb25b14a663d48a130f77?s=96&d=mm&r=g\",\"url\":\"https:\\\/\\\/secure.gravatar.com\\\/avatar\\\/84a817ba065b29ff08d666b215a215f5c79186a645ccb25b14a663d48a130f77?s=96&d=mm&r=g\",\"contentUrl\":\"https:\\\/\\\/secure.gravatar.com\\\/avatar\\\/84a817ba065b29ff08d666b215a215f5c79186a645ccb25b14a663d48a130f77?s=96&d=mm&r=g\",\"caption\":\"alcalde\"},\"url\":\"https:\\\/\\\/www.caudete.org\\\/ayuntamiento\\\/author\\\/alcalde\\\/\"}]}<\/script>\n<!-- \/ Yoast SEO plugin. -->","yoast_head_json":{"title":"En la Sierra del Cuchillo, no habr\u00e1 Calicata ni Cantera - MI Ayuntamiento de Caudete","description":"P\u00e1gina Oficial del Ayuntamiento de Caudete (Albacete)","robots":{"index":"index","follow":"follow","max-snippet":"max-snippet:-1","max-image-preview":"max-image-preview:large","max-video-preview":"max-video-preview:-1"},"canonical":"https:\/\/www.caudete.org\/ayuntamiento\/en-la-sierra-del-cuchillo-no-habra-calicata-ni-cantera\/","og_locale":"es_ES","og_type":"article","og_title":"En la Sierra del Cuchillo, no habr\u00e1 Calicata ni Cantera - MI Ayuntamiento de Caudete","og_description":"P\u00e1gina Oficial del Ayuntamiento de Caudete (Albacete)","og_url":"https:\/\/www.caudete.org\/ayuntamiento\/en-la-sierra-del-cuchillo-no-habra-calicata-ni-cantera\/","og_site_name":"MI Ayuntamiento de Caudete","article_publisher":"https:\/\/www.facebook.com\/ayuntamientocaudete\/","article_published_time":"2023-01-21T13:00:43+00:00","og_image":[{"width":780,"height":354,"url":"https:\/\/www.caudete.org\/ayuntamiento\/wp-content\/uploads\/2023\/01\/sierra_cuchillo_caudete_digital.jpg","type":"image\/jpeg"}],"author":"alcalde","twitter_card":"summary_large_image","twitter_misc":{"Escrito por":"alcalde","Tiempo de lectura":"3 minutos"},"schema":{"@context":"https:\/\/schema.org","@graph":[{"@type":"Article","@id":"https:\/\/www.caudete.org\/ayuntamiento\/en-la-sierra-del-cuchillo-no-habra-calicata-ni-cantera\/#article","isPartOf":{"@id":"https:\/\/www.caudete.org\/ayuntamiento\/en-la-sierra-del-cuchillo-no-habra-calicata-ni-cantera\/"},"author":{"name":"alcalde","@id":"https:\/\/www.caudete.org\/ayuntamiento\/#\/schema\/person\/cc646da9133078ee4d8dd47457947253"},"headline":"En la Sierra del Cuchillo, no habr\u00e1 Calicata ni Cantera","datePublished":"2023-01-21T13:00:43+00:00","mainEntityOfPage":{"@id":"https:\/\/www.caudete.org\/ayuntamiento\/en-la-sierra-del-cuchillo-no-habra-calicata-ni-cantera\/"},"wordCount":630,"image":{"@id":"https:\/\/www.caudete.org\/ayuntamiento\/en-la-sierra-del-cuchillo-no-habra-calicata-ni-cantera\/#primaryimage"},"thumbnailUrl":"https:\/\/www.caudete.org\/ayuntamiento\/wp-content\/uploads\/2023\/01\/sierra_cuchillo_caudete_digital.jpg","articleSection":["Medio Ambiente"],"inLanguage":"es"},{"@type":"WebPage","@id":"https:\/\/www.caudete.org\/ayuntamiento\/en-la-sierra-del-cuchillo-no-habra-calicata-ni-cantera\/","url":"https:\/\/www.caudete.org\/ayuntamiento\/en-la-sierra-del-cuchillo-no-habra-calicata-ni-cantera\/","name":"En la Sierra del Cuchillo, no habr\u00e1 Calicata ni Cantera - MI Ayuntamiento de Caudete","isPartOf":{"@id":"https:\/\/www.caudete.org\/ayuntamiento\/#website"},"primaryImageOfPage":{"@id":"https:\/\/www.caudete.org\/ayuntamiento\/en-la-sierra-del-cuchillo-no-habra-calicata-ni-cantera\/#primaryimage"},"image":{"@id":"https:\/\/www.caudete.org\/ayuntamiento\/en-la-sierra-del-cuchillo-no-habra-calicata-ni-cantera\/#primaryimage"},"thumbnailUrl":"https:\/\/www.caudete.org\/ayuntamiento\/wp-content\/uploads\/2023\/01\/sierra_cuchillo_caudete_digital.jpg","datePublished":"2023-01-21T13:00:43+00:00","author":{"@id":"https:\/\/www.caudete.org\/ayuntamiento\/#\/schema\/person\/cc646da9133078ee4d8dd47457947253"},"description":"P\u00e1gina Oficial del Ayuntamiento de Caudete (Albacete)","breadcrumb":{"@id":"https:\/\/www.caudete.org\/ayuntamiento\/en-la-sierra-del-cuchillo-no-habra-calicata-ni-cantera\/#breadcrumb"},"inLanguage":"es","potentialAction":[{"@type":"ReadAction","target":["https:\/\/www.caudete.org\/ayuntamiento\/en-la-sierra-del-cuchillo-no-habra-calicata-ni-cantera\/"]}]},{"@type":"ImageObject","inLanguage":"es","@id":"https:\/\/www.caudete.org\/ayuntamiento\/en-la-sierra-del-cuchillo-no-habra-calicata-ni-cantera\/#primaryimage","url":"https:\/\/www.caudete.org\/ayuntamiento\/wp-content\/uploads\/2023\/01\/sierra_cuchillo_caudete_digital.jpg","contentUrl":"https:\/\/www.caudete.org\/ayuntamiento\/wp-content\/uploads\/2023\/01\/sierra_cuchillo_caudete_digital.jpg","width":780,"height":354},{"@type":"BreadcrumbList","@id":"https:\/\/www.caudete.org\/ayuntamiento\/en-la-sierra-del-cuchillo-no-habra-calicata-ni-cantera\/#breadcrumb","itemListElement":[{"@type":"ListItem","position":1,"name":"Inicio","item":"https:\/\/www.caudete.org\/ayuntamiento\/"},{"@type":"ListItem","position":2,"name":"En la Sierra del Cuchillo, no habr\u00e1 Calicata ni Cantera"}]},{"@type":"WebSite","@id":"https:\/\/www.caudete.org\/ayuntamiento\/#website","url":"https:\/\/www.caudete.org\/ayuntamiento\/","name":"MI Ayuntamiento de Caudete","description":"P\u00e1gina Oficial del MI Ayuntamiento de Caudete","potentialAction":[{"@type":"SearchAction","target":{"@type":"EntryPoint","urlTemplate":"https:\/\/www.caudete.org\/ayuntamiento\/?s={search_term_string}"},"query-input":{"@type":"PropertyValueSpecification","valueRequired":true,"valueName":"search_term_string"}}],"inLanguage":"es"},{"@type":"Person","@id":"https:\/\/www.caudete.org\/ayuntamiento\/#\/schema\/person\/cc646da9133078ee4d8dd47457947253","name":"alcalde","image":{"@type":"ImageObject","inLanguage":"es","@id":"https:\/\/secure.gravatar.com\/avatar\/84a817ba065b29ff08d666b215a215f5c79186a645ccb25b14a663d48a130f77?s=96&d=mm&r=g","url":"https:\/\/secure.gravatar.com\/avatar\/84a817ba065b29ff08d666b215a215f5c79186a645ccb25b14a663d48a130f77?s=96&d=mm&r=g","contentUrl":"https:\/\/secure.gravatar.com\/avatar\/84a817ba065b29ff08d666b215a215f5c79186a645ccb25b14a663d48a130f77?s=96&d=mm&r=g","caption":"alcalde"},"url":"https:\/\/www.caudete.org\/ayuntamiento\/author\/alcalde\/"}]}},"_links":{"self":[{"href":"https:\/\/www.caudete.org\/ayuntamiento\/wp-json\/wp\/v2\/posts\/21167","targetHints":{"allow":["GET"]}}],"collection":[{"href":"https:\/\/www.caudete.org\/ayuntamiento\/wp-json\/wp\/v2\/posts"}],"about":[{"href":"https:\/\/www.caudete.org\/ayuntamiento\/wp-json\/wp\/v2\/types\/post"}],"author":[{"embeddable":true,"href":"https:\/\/www.caudete.org\/ayuntamiento\/wp-json\/wp\/v2\/users\/3"}],"replies":[{"embeddable":true,"href":"https:\/\/www.caudete.org\/ayuntamiento\/wp-json\/wp\/v2\/comments?post=21167"}],"version-history":[{"count":1,"href":"https:\/\/www.caudete.org\/ayuntamiento\/wp-json\/wp\/v2\/posts\/21167\/revisions"}],"predecessor-version":[{"id":21169,"href":"https:\/\/www.caudete.org\/ayuntamiento\/wp-json\/wp\/v2\/posts\/21167\/revisions\/21169"}],"wp:featuredmedia":[{"embeddable":true,"href":"https:\/\/www.caudete.org\/ayuntamiento\/wp-json\/wp\/v2\/media\/21168"}],"wp:attachment":[{"href":"https:\/\/www.caudete.org\/ayuntamiento\/wp-json\/wp\/v2\/media?parent=21167"}],"wp:term":[{"taxonomy":"category","embeddable":true,"href":"https:\/\/www.caudete.org\/ayuntamiento\/wp-json\/wp\/v2\/categories?post=21167"},{"taxonomy":"post_tag","embeddable":true,"href":"https:\/\/www.caudete.org\/ayuntamiento\/wp-json\/wp\/v2\/tags?post=21167"}],"curies":[{"name":"wp","href":"https:\/\/api.w.org\/{rel}","templated":true}]}}