{"id":21173,"date":"2023-01-23T08:46:54","date_gmt":"2023-01-23T07:46:54","guid":{"rendered":"https:\/\/www.caudete.org\/ayuntamiento\/?p=21173"},"modified":"2023-01-23T08:46:54","modified_gmt":"2023-01-23T07:46:54","slug":"la-bolsa-de-trabajadores-sociales-queda-constituida-tras-el-proceso-de-concurso-llevado-a-cabo","status":"publish","type":"post","link":"https:\/\/www.caudete.org\/ayuntamiento\/la-bolsa-de-trabajadores-sociales-queda-constituida-tras-el-proceso-de-concurso-llevado-a-cabo\/","title":{"rendered":"La Bolsa de Trabajadores Sociales queda constituida tras el proceso de concurso llevado a cabo"},"content":{"rendered":"<p style=\"text-align: justify;\">La Concejal de Recursos Humanos, Mar\u00eda del Mar Requena, ha rubricado el Decreto de 20\/01\/2023 por el que aprueba la constituci\u00f3n de la bolsa de trabajo para la contrataci\u00f3n, en r\u00e9gimen laboral de car\u00e1cter temporal, de trabajadores sociales destinados a prestar servicios en el Ayuntamiento de Caudete, tras un proceso de concurso llevado a cabo al producirse una baja en dicho puesto.<\/p>\n<p style=\"text-align: justify;\">Las bases que rigieron el procedimiento fueron aprobadas por la Junta de Gobierno Local de fecha 5 de Agosto de 2022, y el acta de calificaci\u00f3n del Tribunal del proceso fue fechada a 1 de Diciembre de 2022, la cual arroja un total de 69 aspirantes que constituyen dicha bolsa, la cual puede consultarse en el Tabl\u00f3n de Anuncios.<\/p>\n","protected":false},"excerpt":{"rendered":"<p>La Concejal de Recursos Humanos, Mar\u00eda del Mar Requena, ha rubricado el Decreto de 20\/01\/2023 por el que aprueba la constituci\u00f3n de la bolsa de trabajo para la contrataci\u00f3n, en r\u00e9gimen laboral de car\u00e1cter temporal, de trabajadores sociales destinados a prestar servicios en el Ayuntamiento de Caudete, tras un proceso de concurso llevado a cabo &hellip;<\/p>\n","protected":false},"author":3,"featured_media":15535,"comment_status":"closed","ping_status":"open","sticky":false,"template":"","format":"standard","meta":{"ngg_post_thumbnail":0,"footnotes":""},"categories":[33],"tags":[],"class_list":["post-21173","post","type-post","status-publish","format-standard","has-post-thumbnail","hentry","category-recursos-humanos"],"yoast_head":"<!-- This site is optimized with the Yoast SEO plugin v27.5 - https:\/\/yoast.com\/product\/yoast-seo-wordpress\/ -->\n<title>La Bolsa de Trabajadores Sociales queda constituida tras el proceso de concurso llevado a cabo - MI Ayuntamiento de Caudete<\/title>\n<meta name=\"description\" content=\"P\u00e1gina Oficial del Ayuntamiento de Caudete (Albacete)\" \/>\n<meta name=\"robots\" content=\"index, follow, max-snippet:-1, max-image-preview:large, max-video-preview:-1\" \/>\n<link rel=\"canonical\" href=\"https:\/\/www.caudete.org\/ayuntamiento\/la-bolsa-de-trabajadores-sociales-queda-constituida-tras-el-proceso-de-concurso-llevado-a-cabo\/\" \/>\n<meta property=\"og:locale\" content=\"es_ES\" \/>\n<meta property=\"og:type\" content=\"article\" \/>\n<meta property=\"og:title\" content=\"La Bolsa de Trabajadores Sociales queda constituida tras el proceso de concurso llevado a cabo - MI Ayuntamiento de Caudete\" \/>\n<meta property=\"og:description\" content=\"P\u00e1gina Oficial del Ayuntamiento de Caudete (Albacete)\" \/>\n<meta property=\"og:url\" content=\"https:\/\/www.caudete.org\/ayuntamiento\/la-bolsa-de-trabajadores-sociales-queda-constituida-tras-el-proceso-de-concurso-llevado-a-cabo\/\" \/>\n<meta property=\"og:site_name\" content=\"MI Ayuntamiento de Caudete\" \/>\n<meta property=\"article:publisher\" content=\"https:\/\/www.facebook.com\/ayuntamientocaudete\/\" \/>\n<meta property=\"article:published_time\" content=\"2023-01-23T07:46:54+00:00\" \/>\n<meta property=\"og:image\" content=\"https:\/\/www.caudete.org\/ayuntamiento\/wp-content\/uploads\/2021\/07\/centro_servicios_sociales.jpg\" \/>\n\t<meta property=\"og:image:width\" content=\"800\" \/>\n\t<meta property=\"og:image:height\" content=\"389\" \/>\n\t<meta property=\"og:image:type\" content=\"image\/jpeg\" \/>\n<meta name=\"author\" content=\"alcalde\" \/>\n<meta name=\"twitter:card\" content=\"summary_large_image\" \/>\n<meta name=\"twitter:label1\" content=\"Escrito por\" \/>\n\t<meta name=\"twitter:data1\" content=\"alcalde\" \/>\n\t<meta name=\"twitter:label2\" content=\"Tiempo de lectura\" \/>\n\t<meta name=\"twitter:data2\" content=\"1 minuto\" \/>\n<script type=\"application\/ld+json\" class=\"yoast-schema-graph\">{\"@context\":\"https:\\\/\\\/schema.org\",\"@graph\":[{\"@type\":\"Article\",\"@id\":\"https:\\\/\\\/www.caudete.org\\\/ayuntamiento\\\/la-bolsa-de-trabajadores-sociales-queda-constituida-tras-el-proceso-de-concurso-llevado-a-cabo\\\/#article\",\"isPartOf\":{\"@id\":\"https:\\\/\\\/www.caudete.org\\\/ayuntamiento\\\/la-bolsa-de-trabajadores-sociales-queda-constituida-tras-el-proceso-de-concurso-llevado-a-cabo\\\/\"},\"author\":{\"name\":\"alcalde\",\"@id\":\"https:\\\/\\\/www.caudete.org\\\/ayuntamiento\\\/#\\\/schema\\\/person\\\/cc646da9133078ee4d8dd47457947253\"},\"headline\":\"La Bolsa de Trabajadores Sociales queda constituida tras el proceso de concurso llevado a cabo\",\"datePublished\":\"2023-01-23T07:46:54+00:00\",\"mainEntityOfPage\":{\"@id\":\"https:\\\/\\\/www.caudete.org\\\/ayuntamiento\\\/la-bolsa-de-trabajadores-sociales-queda-constituida-tras-el-proceso-de-concurso-llevado-a-cabo\\\/\"},\"wordCount\":137,\"image\":{\"@id\":\"https:\\\/\\\/www.caudete.org\\\/ayuntamiento\\\/la-bolsa-de-trabajadores-sociales-queda-constituida-tras-el-proceso-de-concurso-llevado-a-cabo\\\/#primaryimage\"},\"thumbnailUrl\":\"https:\\\/\\\/www.caudete.org\\\/ayuntamiento\\\/wp-content\\\/uploads\\\/2021\\\/07\\\/centro_servicios_sociales.jpg\",\"articleSection\":[\"Recursos Humanos\"],\"inLanguage\":\"es\"},{\"@type\":\"WebPage\",\"@id\":\"https:\\\/\\\/www.caudete.org\\\/ayuntamiento\\\/la-bolsa-de-trabajadores-sociales-queda-constituida-tras-el-proceso-de-concurso-llevado-a-cabo\\\/\",\"url\":\"https:\\\/\\\/www.caudete.org\\\/ayuntamiento\\\/la-bolsa-de-trabajadores-sociales-queda-constituida-tras-el-proceso-de-concurso-llevado-a-cabo\\\/\",\"name\":\"La Bolsa de Trabajadores Sociales queda constituida tras el proceso de concurso llevado a cabo - MI Ayuntamiento de Caudete\",\"isPartOf\":{\"@id\":\"https:\\\/\\\/www.caudete.org\\\/ayuntamiento\\\/#website\"},\"primaryImageOfPage\":{\"@id\":\"https:\\\/\\\/www.caudete.org\\\/ayuntamiento\\\/la-bolsa-de-trabajadores-sociales-queda-constituida-tras-el-proceso-de-concurso-llevado-a-cabo\\\/#primaryimage\"},\"image\":{\"@id\":\"https:\\\/\\\/www.caudete.org\\\/ayuntamiento\\\/la-bolsa-de-trabajadores-sociales-queda-constituida-tras-el-proceso-de-concurso-llevado-a-cabo\\\/#primaryimage\"},\"thumbnailUrl\":\"https:\\\/\\\/www.caudete.org\\\/ayuntamiento\\\/wp-content\\\/uploads\\\/2021\\\/07\\\/centro_servicios_sociales.jpg\",\"datePublished\":\"2023-01-23T07:46:54+00:00\",\"author\":{\"@id\":\"https:\\\/\\\/www.caudete.org\\\/ayuntamiento\\\/#\\\/schema\\\/person\\\/cc646da9133078ee4d8dd47457947253\"},\"description\":\"P\u00e1gina Oficial del Ayuntamiento de Caudete (Albacete)\",\"breadcrumb\":{\"@id\":\"https:\\\/\\\/www.caudete.org\\\/ayuntamiento\\\/la-bolsa-de-trabajadores-sociales-queda-constituida-tras-el-proceso-de-concurso-llevado-a-cabo\\\/#breadcrumb\"},\"inLanguage\":\"es\",\"potentialAction\":[{\"@type\":\"ReadAction\",\"target\":[\"https:\\\/\\\/www.caudete.org\\\/ayuntamiento\\\/la-bolsa-de-trabajadores-sociales-queda-constituida-tras-el-proceso-de-concurso-llevado-a-cabo\\\/\"]}]},{\"@type\":\"ImageObject\",\"inLanguage\":\"es\",\"@id\":\"https:\\\/\\\/www.caudete.org\\\/ayuntamiento\\\/la-bolsa-de-trabajadores-sociales-queda-constituida-tras-el-proceso-de-concurso-llevado-a-cabo\\\/#primaryimage\",\"url\":\"https:\\\/\\\/www.caudete.org\\\/ayuntamiento\\\/wp-content\\\/uploads\\\/2021\\\/07\\\/centro_servicios_sociales.jpg\",\"contentUrl\":\"https:\\\/\\\/www.caudete.org\\\/ayuntamiento\\\/wp-content\\\/uploads\\\/2021\\\/07\\\/centro_servicios_sociales.jpg\",\"width\":800,\"height\":389},{\"@type\":\"BreadcrumbList\",\"@id\":\"https:\\\/\\\/www.caudete.org\\\/ayuntamiento\\\/la-bolsa-de-trabajadores-sociales-queda-constituida-tras-el-proceso-de-concurso-llevado-a-cabo\\\/#breadcrumb\",\"itemListElement\":[{\"@type\":\"ListItem\",\"position\":1,\"name\":\"Inicio\",\"item\":\"https:\\\/\\\/www.caudete.org\\\/ayuntamiento\\\/\"},{\"@type\":\"ListItem\",\"position\":2,\"name\":\"La Bolsa de Trabajadores Sociales queda constituida tras el proceso de concurso llevado a cabo\"}]},{\"@type\":\"WebSite\",\"@id\":\"https:\\\/\\\/www.caudete.org\\\/ayuntamiento\\\/#website\",\"url\":\"https:\\\/\\\/www.caudete.org\\\/ayuntamiento\\\/\",\"name\":\"MI Ayuntamiento de Caudete\",\"description\":\"P\u00e1gina Oficial del MI Ayuntamiento de Caudete\",\"potentialAction\":[{\"@type\":\"SearchAction\",\"target\":{\"@type\":\"EntryPoint\",\"urlTemplate\":\"https:\\\/\\\/www.caudete.org\\\/ayuntamiento\\\/?s={search_term_string}\"},\"query-input\":{\"@type\":\"PropertyValueSpecification\",\"valueRequired\":true,\"valueName\":\"search_term_string\"}}],\"inLanguage\":\"es\"},{\"@type\":\"Person\",\"@id\":\"https:\\\/\\\/www.caudete.org\\\/ayuntamiento\\\/#\\\/schema\\\/person\\\/cc646da9133078ee4d8dd47457947253\",\"name\":\"alcalde\",\"image\":{\"@type\":\"ImageObject\",\"inLanguage\":\"es\",\"@id\":\"https:\\\/\\\/secure.gravatar.com\\\/avatar\\\/84a817ba065b29ff08d666b215a215f5c79186a645ccb25b14a663d48a130f77?s=96&d=mm&r=g\",\"url\":\"https:\\\/\\\/secure.gravatar.com\\\/avatar\\\/84a817ba065b29ff08d666b215a215f5c79186a645ccb25b14a663d48a130f77?s=96&d=mm&r=g\",\"contentUrl\":\"https:\\\/\\\/secure.gravatar.com\\\/avatar\\\/84a817ba065b29ff08d666b215a215f5c79186a645ccb25b14a663d48a130f77?s=96&d=mm&r=g\",\"caption\":\"alcalde\"},\"url\":\"https:\\\/\\\/www.caudete.org\\\/ayuntamiento\\\/author\\\/alcalde\\\/\"}]}<\/script>\n<!-- \/ Yoast SEO plugin. -->","yoast_head_json":{"title":"La Bolsa de Trabajadores Sociales queda constituida tras el proceso de concurso llevado a cabo - MI Ayuntamiento de Caudete","description":"P\u00e1gina Oficial del Ayuntamiento de Caudete (Albacete)","robots":{"index":"index","follow":"follow","max-snippet":"max-snippet:-1","max-image-preview":"max-image-preview:large","max-video-preview":"max-video-preview:-1"},"canonical":"https:\/\/www.caudete.org\/ayuntamiento\/la-bolsa-de-trabajadores-sociales-queda-constituida-tras-el-proceso-de-concurso-llevado-a-cabo\/","og_locale":"es_ES","og_type":"article","og_title":"La Bolsa de Trabajadores Sociales queda constituida tras el proceso de concurso llevado a cabo - MI Ayuntamiento de Caudete","og_description":"P\u00e1gina Oficial del Ayuntamiento de Caudete (Albacete)","og_url":"https:\/\/www.caudete.org\/ayuntamiento\/la-bolsa-de-trabajadores-sociales-queda-constituida-tras-el-proceso-de-concurso-llevado-a-cabo\/","og_site_name":"MI Ayuntamiento de Caudete","article_publisher":"https:\/\/www.facebook.com\/ayuntamientocaudete\/","article_published_time":"2023-01-23T07:46:54+00:00","og_image":[{"width":800,"height":389,"url":"https:\/\/www.caudete.org\/ayuntamiento\/wp-content\/uploads\/2021\/07\/centro_servicios_sociales.jpg","type":"image\/jpeg"}],"author":"alcalde","twitter_card":"summary_large_image","twitter_misc":{"Escrito por":"alcalde","Tiempo de lectura":"1 minuto"},"schema":{"@context":"https:\/\/schema.org","@graph":[{"@type":"Article","@id":"https:\/\/www.caudete.org\/ayuntamiento\/la-bolsa-de-trabajadores-sociales-queda-constituida-tras-el-proceso-de-concurso-llevado-a-cabo\/#article","isPartOf":{"@id":"https:\/\/www.caudete.org\/ayuntamiento\/la-bolsa-de-trabajadores-sociales-queda-constituida-tras-el-proceso-de-concurso-llevado-a-cabo\/"},"author":{"name":"alcalde","@id":"https:\/\/www.caudete.org\/ayuntamiento\/#\/schema\/person\/cc646da9133078ee4d8dd47457947253"},"headline":"La Bolsa de Trabajadores Sociales queda constituida tras el proceso de concurso llevado a cabo","datePublished":"2023-01-23T07:46:54+00:00","mainEntityOfPage":{"@id":"https:\/\/www.caudete.org\/ayuntamiento\/la-bolsa-de-trabajadores-sociales-queda-constituida-tras-el-proceso-de-concurso-llevado-a-cabo\/"},"wordCount":137,"image":{"@id":"https:\/\/www.caudete.org\/ayuntamiento\/la-bolsa-de-trabajadores-sociales-queda-constituida-tras-el-proceso-de-concurso-llevado-a-cabo\/#primaryimage"},"thumbnailUrl":"https:\/\/www.caudete.org\/ayuntamiento\/wp-content\/uploads\/2021\/07\/centro_servicios_sociales.jpg","articleSection":["Recursos Humanos"],"inLanguage":"es"},{"@type":"WebPage","@id":"https:\/\/www.caudete.org\/ayuntamiento\/la-bolsa-de-trabajadores-sociales-queda-constituida-tras-el-proceso-de-concurso-llevado-a-cabo\/","url":"https:\/\/www.caudete.org\/ayuntamiento\/la-bolsa-de-trabajadores-sociales-queda-constituida-tras-el-proceso-de-concurso-llevado-a-cabo\/","name":"La Bolsa de Trabajadores Sociales queda constituida tras el proceso de concurso llevado a cabo - MI Ayuntamiento de Caudete","isPartOf":{"@id":"https:\/\/www.caudete.org\/ayuntamiento\/#website"},"primaryImageOfPage":{"@id":"https:\/\/www.caudete.org\/ayuntamiento\/la-bolsa-de-trabajadores-sociales-queda-constituida-tras-el-proceso-de-concurso-llevado-a-cabo\/#primaryimage"},"image":{"@id":"https:\/\/www.caudete.org\/ayuntamiento\/la-bolsa-de-trabajadores-sociales-queda-constituida-tras-el-proceso-de-concurso-llevado-a-cabo\/#primaryimage"},"thumbnailUrl":"https:\/\/www.caudete.org\/ayuntamiento\/wp-content\/uploads\/2021\/07\/centro_servicios_sociales.jpg","datePublished":"2023-01-23T07:46:54+00:00","author":{"@id":"https:\/\/www.caudete.org\/ayuntamiento\/#\/schema\/person\/cc646da9133078ee4d8dd47457947253"},"description":"P\u00e1gina Oficial del Ayuntamiento de Caudete (Albacete)","breadcrumb":{"@id":"https:\/\/www.caudete.org\/ayuntamiento\/la-bolsa-de-trabajadores-sociales-queda-constituida-tras-el-proceso-de-concurso-llevado-a-cabo\/#breadcrumb"},"inLanguage":"es","potentialAction":[{"@type":"ReadAction","target":["https:\/\/www.caudete.org\/ayuntamiento\/la-bolsa-de-trabajadores-sociales-queda-constituida-tras-el-proceso-de-concurso-llevado-a-cabo\/"]}]},{"@type":"ImageObject","inLanguage":"es","@id":"https:\/\/www.caudete.org\/ayuntamiento\/la-bolsa-de-trabajadores-sociales-queda-constituida-tras-el-proceso-de-concurso-llevado-a-cabo\/#primaryimage","url":"https:\/\/www.caudete.org\/ayuntamiento\/wp-content\/uploads\/2021\/07\/centro_servicios_sociales.jpg","contentUrl":"https:\/\/www.caudete.org\/ayuntamiento\/wp-content\/uploads\/2021\/07\/centro_servicios_sociales.jpg","width":800,"height":389},{"@type":"BreadcrumbList","@id":"https:\/\/www.caudete.org\/ayuntamiento\/la-bolsa-de-trabajadores-sociales-queda-constituida-tras-el-proceso-de-concurso-llevado-a-cabo\/#breadcrumb","itemListElement":[{"@type":"ListItem","position":1,"name":"Inicio","item":"https:\/\/www.caudete.org\/ayuntamiento\/"},{"@type":"ListItem","position":2,"name":"La Bolsa de Trabajadores Sociales queda constituida tras el proceso de concurso llevado a cabo"}]},{"@type":"WebSite","@id":"https:\/\/www.caudete.org\/ayuntamiento\/#website","url":"https:\/\/www.caudete.org\/ayuntamiento\/","name":"MI Ayuntamiento de Caudete","description":"P\u00e1gina Oficial del MI Ayuntamiento de Caudete","potentialAction":[{"@type":"SearchAction","target":{"@type":"EntryPoint","urlTemplate":"https:\/\/www.caudete.org\/ayuntamiento\/?s={search_term_string}"},"query-input":{"@type":"PropertyValueSpecification","valueRequired":true,"valueName":"search_term_string"}}],"inLanguage":"es"},{"@type":"Person","@id":"https:\/\/www.caudete.org\/ayuntamiento\/#\/schema\/person\/cc646da9133078ee4d8dd47457947253","name":"alcalde","image":{"@type":"ImageObject","inLanguage":"es","@id":"https:\/\/secure.gravatar.com\/avatar\/84a817ba065b29ff08d666b215a215f5c79186a645ccb25b14a663d48a130f77?s=96&d=mm&r=g","url":"https:\/\/secure.gravatar.com\/avatar\/84a817ba065b29ff08d666b215a215f5c79186a645ccb25b14a663d48a130f77?s=96&d=mm&r=g","contentUrl":"https:\/\/secure.gravatar.com\/avatar\/84a817ba065b29ff08d666b215a215f5c79186a645ccb25b14a663d48a130f77?s=96&d=mm&r=g","caption":"alcalde"},"url":"https:\/\/www.caudete.org\/ayuntamiento\/author\/alcalde\/"}]}},"_links":{"self":[{"href":"https:\/\/www.caudete.org\/ayuntamiento\/wp-json\/wp\/v2\/posts\/21173","targetHints":{"allow":["GET"]}}],"collection":[{"href":"https:\/\/www.caudete.org\/ayuntamiento\/wp-json\/wp\/v2\/posts"}],"about":[{"href":"https:\/\/www.caudete.org\/ayuntamiento\/wp-json\/wp\/v2\/types\/post"}],"author":[{"embeddable":true,"href":"https:\/\/www.caudete.org\/ayuntamiento\/wp-json\/wp\/v2\/users\/3"}],"replies":[{"embeddable":true,"href":"https:\/\/www.caudete.org\/ayuntamiento\/wp-json\/wp\/v2\/comments?post=21173"}],"version-history":[{"count":1,"href":"https:\/\/www.caudete.org\/ayuntamiento\/wp-json\/wp\/v2\/posts\/21173\/revisions"}],"predecessor-version":[{"id":21174,"href":"https:\/\/www.caudete.org\/ayuntamiento\/wp-json\/wp\/v2\/posts\/21173\/revisions\/21174"}],"wp:featuredmedia":[{"embeddable":true,"href":"https:\/\/www.caudete.org\/ayuntamiento\/wp-json\/wp\/v2\/media\/15535"}],"wp:attachment":[{"href":"https:\/\/www.caudete.org\/ayuntamiento\/wp-json\/wp\/v2\/media?parent=21173"}],"wp:term":[{"taxonomy":"category","embeddable":true,"href":"https:\/\/www.caudete.org\/ayuntamiento\/wp-json\/wp\/v2\/categories?post=21173"},{"taxonomy":"post_tag","embeddable":true,"href":"https:\/\/www.caudete.org\/ayuntamiento\/wp-json\/wp\/v2\/tags?post=21173"}],"curies":[{"name":"wp","href":"https:\/\/api.w.org\/{rel}","templated":true}]}}