{"id":21204,"date":"2023-01-24T17:43:30","date_gmt":"2023-01-24T16:43:30","guid":{"rendered":"https:\/\/www.caudete.org\/ayuntamiento\/?p=21204"},"modified":"2023-01-26T14:12:49","modified_gmt":"2023-01-26T13:12:49","slug":"esta-tarde-a-las-19-30h-conferencia-de-arqueologia-sobre-el-castillo-y-el-real","status":"publish","type":"post","link":"https:\/\/www.caudete.org\/ayuntamiento\/esta-tarde-a-las-19-30h-conferencia-de-arqueologia-sobre-el-castillo-y-el-real\/","title":{"rendered":"Conferencia de Arqueolog\u00eda sobre El Castillo y El Real, martes 24 de enero a las 19.30h"},"content":{"rendered":"<p style=\"text-align: justify;\">El Museo de Acuarela &#8220;Rafael Requena&#8221; acoge la tercera sesi\u00f3n de las I Jornadas de Estudios Locales, con la arqueolog\u00eda como centro, y que abordar\u00e1 las intervenciones de El Castillo y de El Real.<\/p>\n<p style=\"text-align: justify;\">Bajo el t\u00edtulo &#8220;<em>\u00daltimas intervenciones en el patrimonio arqueol\u00f3gico local: El Real y El Castillo de Caudete<\/em>&#8221; los arque\u00f3logos Gabriel Segura Herrero y Daniel Azor\u00edn Juan, coodirectores de las campa\u00f1as arqueol\u00f3gicas nos detallar\u00e1n el punto de partida, avances y resultados de las dos expediciones realizadas en la fortaleza caudetana en 2021 y 2022, y la llevada tambi\u00e9n en 2021 en El Real.<\/p>\n<p style=\"text-align: justify;\">Durante la jornada, se aprovechar\u00e1 para entregar los diplomas a los voluntarios que durante las mismas participaron dentro del equipo de profesionales.<\/p>\n","protected":false},"excerpt":{"rendered":"<p>El Museo de Acuarela &#8220;Rafael Requena&#8221; acoge la tercera sesi\u00f3n de las I Jornadas de Estudios Locales, con la arqueolog\u00eda como centro, y que abordar\u00e1 las intervenciones de El Castillo y de El Real. Bajo el t\u00edtulo &#8220;\u00daltimas intervenciones en el patrimonio arqueol\u00f3gico local: El Real y El Castillo de Caudete&#8221; los arque\u00f3logos Gabriel Segura &hellip;<\/p>\n","protected":false},"author":3,"featured_media":21205,"comment_status":"closed","ping_status":"open","sticky":false,"template":"","format":"standard","meta":{"ngg_post_thumbnail":0,"footnotes":""},"categories":[45],"tags":[],"class_list":["post-21204","post","type-post","status-publish","format-standard","has-post-thumbnail","hentry","category-patrimonio"],"yoast_head":"<!-- This site is optimized with the Yoast SEO plugin v27.5 - https:\/\/yoast.com\/product\/yoast-seo-wordpress\/ -->\n<title>Conferencia de Arqueolog\u00eda sobre El Castillo y El Real, martes 24 de enero a las 19.30h - MI Ayuntamiento de Caudete<\/title>\n<meta name=\"description\" content=\"P\u00e1gina Oficial del Ayuntamiento de Caudete (Albacete)\" \/>\n<meta name=\"robots\" content=\"index, follow, max-snippet:-1, max-image-preview:large, max-video-preview:-1\" \/>\n<link rel=\"canonical\" href=\"https:\/\/www.caudete.org\/ayuntamiento\/esta-tarde-a-las-19-30h-conferencia-de-arqueologia-sobre-el-castillo-y-el-real\/\" \/>\n<meta property=\"og:locale\" content=\"es_ES\" \/>\n<meta property=\"og:type\" content=\"article\" \/>\n<meta property=\"og:title\" content=\"Conferencia de Arqueolog\u00eda sobre El Castillo y El Real, martes 24 de enero a las 19.30h - MI Ayuntamiento de Caudete\" \/>\n<meta property=\"og:description\" content=\"P\u00e1gina Oficial del Ayuntamiento de Caudete (Albacete)\" \/>\n<meta property=\"og:url\" content=\"https:\/\/www.caudete.org\/ayuntamiento\/esta-tarde-a-las-19-30h-conferencia-de-arqueologia-sobre-el-castillo-y-el-real\/\" \/>\n<meta property=\"og:site_name\" content=\"MI Ayuntamiento de Caudete\" \/>\n<meta property=\"article:publisher\" content=\"https:\/\/www.facebook.com\/ayuntamientocaudete\/\" \/>\n<meta property=\"article:published_time\" content=\"2023-01-24T16:43:30+00:00\" \/>\n<meta property=\"article:modified_time\" content=\"2023-01-26T13:12:49+00:00\" \/>\n<meta property=\"og:image\" content=\"https:\/\/www.caudete.org\/ayuntamiento\/wp-content\/uploads\/2023\/01\/INVITACION-CONFERENCIA-ARQUEOLOGIA.jpg\" \/>\n\t<meta property=\"og:image:width\" content=\"906\" \/>\n\t<meta property=\"og:image:height\" content=\"625\" \/>\n\t<meta property=\"og:image:type\" content=\"image\/jpeg\" \/>\n<meta name=\"author\" content=\"alcalde\" \/>\n<meta name=\"twitter:card\" content=\"summary_large_image\" \/>\n<meta name=\"twitter:label1\" content=\"Escrito por\" \/>\n\t<meta name=\"twitter:data1\" content=\"alcalde\" \/>\n\t<meta name=\"twitter:label2\" content=\"Tiempo de lectura\" \/>\n\t<meta name=\"twitter:data2\" content=\"1 minuto\" \/>\n<script type=\"application\/ld+json\" class=\"yoast-schema-graph\">{\"@context\":\"https:\\\/\\\/schema.org\",\"@graph\":[{\"@type\":\"Article\",\"@id\":\"https:\\\/\\\/www.caudete.org\\\/ayuntamiento\\\/esta-tarde-a-las-19-30h-conferencia-de-arqueologia-sobre-el-castillo-y-el-real\\\/#article\",\"isPartOf\":{\"@id\":\"https:\\\/\\\/www.caudete.org\\\/ayuntamiento\\\/esta-tarde-a-las-19-30h-conferencia-de-arqueologia-sobre-el-castillo-y-el-real\\\/\"},\"author\":{\"name\":\"alcalde\",\"@id\":\"https:\\\/\\\/www.caudete.org\\\/ayuntamiento\\\/#\\\/schema\\\/person\\\/cc646da9133078ee4d8dd47457947253\"},\"headline\":\"Conferencia de Arqueolog\u00eda sobre El Castillo y El Real, martes 24 de enero a las 19.30h\",\"datePublished\":\"2023-01-24T16:43:30+00:00\",\"dateModified\":\"2023-01-26T13:12:49+00:00\",\"mainEntityOfPage\":{\"@id\":\"https:\\\/\\\/www.caudete.org\\\/ayuntamiento\\\/esta-tarde-a-las-19-30h-conferencia-de-arqueologia-sobre-el-castillo-y-el-real\\\/\"},\"wordCount\":141,\"image\":{\"@id\":\"https:\\\/\\\/www.caudete.org\\\/ayuntamiento\\\/esta-tarde-a-las-19-30h-conferencia-de-arqueologia-sobre-el-castillo-y-el-real\\\/#primaryimage\"},\"thumbnailUrl\":\"https:\\\/\\\/www.caudete.org\\\/ayuntamiento\\\/wp-content\\\/uploads\\\/2023\\\/01\\\/INVITACION-CONFERENCIA-ARQUEOLOGIA.jpg\",\"articleSection\":[\"Patrimonio\"],\"inLanguage\":\"es\"},{\"@type\":\"WebPage\",\"@id\":\"https:\\\/\\\/www.caudete.org\\\/ayuntamiento\\\/esta-tarde-a-las-19-30h-conferencia-de-arqueologia-sobre-el-castillo-y-el-real\\\/\",\"url\":\"https:\\\/\\\/www.caudete.org\\\/ayuntamiento\\\/esta-tarde-a-las-19-30h-conferencia-de-arqueologia-sobre-el-castillo-y-el-real\\\/\",\"name\":\"Conferencia de Arqueolog\u00eda sobre El Castillo y El Real, martes 24 de enero a las 19.30h - MI Ayuntamiento de Caudete\",\"isPartOf\":{\"@id\":\"https:\\\/\\\/www.caudete.org\\\/ayuntamiento\\\/#website\"},\"primaryImageOfPage\":{\"@id\":\"https:\\\/\\\/www.caudete.org\\\/ayuntamiento\\\/esta-tarde-a-las-19-30h-conferencia-de-arqueologia-sobre-el-castillo-y-el-real\\\/#primaryimage\"},\"image\":{\"@id\":\"https:\\\/\\\/www.caudete.org\\\/ayuntamiento\\\/esta-tarde-a-las-19-30h-conferencia-de-arqueologia-sobre-el-castillo-y-el-real\\\/#primaryimage\"},\"thumbnailUrl\":\"https:\\\/\\\/www.caudete.org\\\/ayuntamiento\\\/wp-content\\\/uploads\\\/2023\\\/01\\\/INVITACION-CONFERENCIA-ARQUEOLOGIA.jpg\",\"datePublished\":\"2023-01-24T16:43:30+00:00\",\"dateModified\":\"2023-01-26T13:12:49+00:00\",\"author\":{\"@id\":\"https:\\\/\\\/www.caudete.org\\\/ayuntamiento\\\/#\\\/schema\\\/person\\\/cc646da9133078ee4d8dd47457947253\"},\"description\":\"P\u00e1gina Oficial del Ayuntamiento de Caudete (Albacete)\",\"breadcrumb\":{\"@id\":\"https:\\\/\\\/www.caudete.org\\\/ayuntamiento\\\/esta-tarde-a-las-19-30h-conferencia-de-arqueologia-sobre-el-castillo-y-el-real\\\/#breadcrumb\"},\"inLanguage\":\"es\",\"potentialAction\":[{\"@type\":\"ReadAction\",\"target\":[\"https:\\\/\\\/www.caudete.org\\\/ayuntamiento\\\/esta-tarde-a-las-19-30h-conferencia-de-arqueologia-sobre-el-castillo-y-el-real\\\/\"]}]},{\"@type\":\"ImageObject\",\"inLanguage\":\"es\",\"@id\":\"https:\\\/\\\/www.caudete.org\\\/ayuntamiento\\\/esta-tarde-a-las-19-30h-conferencia-de-arqueologia-sobre-el-castillo-y-el-real\\\/#primaryimage\",\"url\":\"https:\\\/\\\/www.caudete.org\\\/ayuntamiento\\\/wp-content\\\/uploads\\\/2023\\\/01\\\/INVITACION-CONFERENCIA-ARQUEOLOGIA.jpg\",\"contentUrl\":\"https:\\\/\\\/www.caudete.org\\\/ayuntamiento\\\/wp-content\\\/uploads\\\/2023\\\/01\\\/INVITACION-CONFERENCIA-ARQUEOLOGIA.jpg\",\"width\":906,\"height\":625},{\"@type\":\"BreadcrumbList\",\"@id\":\"https:\\\/\\\/www.caudete.org\\\/ayuntamiento\\\/esta-tarde-a-las-19-30h-conferencia-de-arqueologia-sobre-el-castillo-y-el-real\\\/#breadcrumb\",\"itemListElement\":[{\"@type\":\"ListItem\",\"position\":1,\"name\":\"Inicio\",\"item\":\"https:\\\/\\\/www.caudete.org\\\/ayuntamiento\\\/\"},{\"@type\":\"ListItem\",\"position\":2,\"name\":\"Conferencia de Arqueolog\u00eda sobre El Castillo y El Real, martes 24 de enero a las 19.30h\"}]},{\"@type\":\"WebSite\",\"@id\":\"https:\\\/\\\/www.caudete.org\\\/ayuntamiento\\\/#website\",\"url\":\"https:\\\/\\\/www.caudete.org\\\/ayuntamiento\\\/\",\"name\":\"MI Ayuntamiento de Caudete\",\"description\":\"P\u00e1gina Oficial del MI Ayuntamiento de Caudete\",\"potentialAction\":[{\"@type\":\"SearchAction\",\"target\":{\"@type\":\"EntryPoint\",\"urlTemplate\":\"https:\\\/\\\/www.caudete.org\\\/ayuntamiento\\\/?s={search_term_string}\"},\"query-input\":{\"@type\":\"PropertyValueSpecification\",\"valueRequired\":true,\"valueName\":\"search_term_string\"}}],\"inLanguage\":\"es\"},{\"@type\":\"Person\",\"@id\":\"https:\\\/\\\/www.caudete.org\\\/ayuntamiento\\\/#\\\/schema\\\/person\\\/cc646da9133078ee4d8dd47457947253\",\"name\":\"alcalde\",\"image\":{\"@type\":\"ImageObject\",\"inLanguage\":\"es\",\"@id\":\"https:\\\/\\\/secure.gravatar.com\\\/avatar\\\/84a817ba065b29ff08d666b215a215f5c79186a645ccb25b14a663d48a130f77?s=96&d=mm&r=g\",\"url\":\"https:\\\/\\\/secure.gravatar.com\\\/avatar\\\/84a817ba065b29ff08d666b215a215f5c79186a645ccb25b14a663d48a130f77?s=96&d=mm&r=g\",\"contentUrl\":\"https:\\\/\\\/secure.gravatar.com\\\/avatar\\\/84a817ba065b29ff08d666b215a215f5c79186a645ccb25b14a663d48a130f77?s=96&d=mm&r=g\",\"caption\":\"alcalde\"},\"url\":\"https:\\\/\\\/www.caudete.org\\\/ayuntamiento\\\/author\\\/alcalde\\\/\"}]}<\/script>\n<!-- \/ Yoast SEO plugin. -->","yoast_head_json":{"title":"Conferencia de Arqueolog\u00eda sobre El Castillo y El Real, martes 24 de enero a las 19.30h - MI Ayuntamiento de Caudete","description":"P\u00e1gina Oficial del Ayuntamiento de Caudete (Albacete)","robots":{"index":"index","follow":"follow","max-snippet":"max-snippet:-1","max-image-preview":"max-image-preview:large","max-video-preview":"max-video-preview:-1"},"canonical":"https:\/\/www.caudete.org\/ayuntamiento\/esta-tarde-a-las-19-30h-conferencia-de-arqueologia-sobre-el-castillo-y-el-real\/","og_locale":"es_ES","og_type":"article","og_title":"Conferencia de Arqueolog\u00eda sobre El Castillo y El Real, martes 24 de enero a las 19.30h - MI Ayuntamiento de Caudete","og_description":"P\u00e1gina Oficial del Ayuntamiento de Caudete (Albacete)","og_url":"https:\/\/www.caudete.org\/ayuntamiento\/esta-tarde-a-las-19-30h-conferencia-de-arqueologia-sobre-el-castillo-y-el-real\/","og_site_name":"MI Ayuntamiento de Caudete","article_publisher":"https:\/\/www.facebook.com\/ayuntamientocaudete\/","article_published_time":"2023-01-24T16:43:30+00:00","article_modified_time":"2023-01-26T13:12:49+00:00","og_image":[{"width":906,"height":625,"url":"https:\/\/www.caudete.org\/ayuntamiento\/wp-content\/uploads\/2023\/01\/INVITACION-CONFERENCIA-ARQUEOLOGIA.jpg","type":"image\/jpeg"}],"author":"alcalde","twitter_card":"summary_large_image","twitter_misc":{"Escrito por":"alcalde","Tiempo de lectura":"1 minuto"},"schema":{"@context":"https:\/\/schema.org","@graph":[{"@type":"Article","@id":"https:\/\/www.caudete.org\/ayuntamiento\/esta-tarde-a-las-19-30h-conferencia-de-arqueologia-sobre-el-castillo-y-el-real\/#article","isPartOf":{"@id":"https:\/\/www.caudete.org\/ayuntamiento\/esta-tarde-a-las-19-30h-conferencia-de-arqueologia-sobre-el-castillo-y-el-real\/"},"author":{"name":"alcalde","@id":"https:\/\/www.caudete.org\/ayuntamiento\/#\/schema\/person\/cc646da9133078ee4d8dd47457947253"},"headline":"Conferencia de Arqueolog\u00eda sobre El Castillo y El Real, martes 24 de enero a las 19.30h","datePublished":"2023-01-24T16:43:30+00:00","dateModified":"2023-01-26T13:12:49+00:00","mainEntityOfPage":{"@id":"https:\/\/www.caudete.org\/ayuntamiento\/esta-tarde-a-las-19-30h-conferencia-de-arqueologia-sobre-el-castillo-y-el-real\/"},"wordCount":141,"image":{"@id":"https:\/\/www.caudete.org\/ayuntamiento\/esta-tarde-a-las-19-30h-conferencia-de-arqueologia-sobre-el-castillo-y-el-real\/#primaryimage"},"thumbnailUrl":"https:\/\/www.caudete.org\/ayuntamiento\/wp-content\/uploads\/2023\/01\/INVITACION-CONFERENCIA-ARQUEOLOGIA.jpg","articleSection":["Patrimonio"],"inLanguage":"es"},{"@type":"WebPage","@id":"https:\/\/www.caudete.org\/ayuntamiento\/esta-tarde-a-las-19-30h-conferencia-de-arqueologia-sobre-el-castillo-y-el-real\/","url":"https:\/\/www.caudete.org\/ayuntamiento\/esta-tarde-a-las-19-30h-conferencia-de-arqueologia-sobre-el-castillo-y-el-real\/","name":"Conferencia de Arqueolog\u00eda sobre El Castillo y El Real, martes 24 de enero a las 19.30h - MI Ayuntamiento de Caudete","isPartOf":{"@id":"https:\/\/www.caudete.org\/ayuntamiento\/#website"},"primaryImageOfPage":{"@id":"https:\/\/www.caudete.org\/ayuntamiento\/esta-tarde-a-las-19-30h-conferencia-de-arqueologia-sobre-el-castillo-y-el-real\/#primaryimage"},"image":{"@id":"https:\/\/www.caudete.org\/ayuntamiento\/esta-tarde-a-las-19-30h-conferencia-de-arqueologia-sobre-el-castillo-y-el-real\/#primaryimage"},"thumbnailUrl":"https:\/\/www.caudete.org\/ayuntamiento\/wp-content\/uploads\/2023\/01\/INVITACION-CONFERENCIA-ARQUEOLOGIA.jpg","datePublished":"2023-01-24T16:43:30+00:00","dateModified":"2023-01-26T13:12:49+00:00","author":{"@id":"https:\/\/www.caudete.org\/ayuntamiento\/#\/schema\/person\/cc646da9133078ee4d8dd47457947253"},"description":"P\u00e1gina Oficial del Ayuntamiento de Caudete (Albacete)","breadcrumb":{"@id":"https:\/\/www.caudete.org\/ayuntamiento\/esta-tarde-a-las-19-30h-conferencia-de-arqueologia-sobre-el-castillo-y-el-real\/#breadcrumb"},"inLanguage":"es","potentialAction":[{"@type":"ReadAction","target":["https:\/\/www.caudete.org\/ayuntamiento\/esta-tarde-a-las-19-30h-conferencia-de-arqueologia-sobre-el-castillo-y-el-real\/"]}]},{"@type":"ImageObject","inLanguage":"es","@id":"https:\/\/www.caudete.org\/ayuntamiento\/esta-tarde-a-las-19-30h-conferencia-de-arqueologia-sobre-el-castillo-y-el-real\/#primaryimage","url":"https:\/\/www.caudete.org\/ayuntamiento\/wp-content\/uploads\/2023\/01\/INVITACION-CONFERENCIA-ARQUEOLOGIA.jpg","contentUrl":"https:\/\/www.caudete.org\/ayuntamiento\/wp-content\/uploads\/2023\/01\/INVITACION-CONFERENCIA-ARQUEOLOGIA.jpg","width":906,"height":625},{"@type":"BreadcrumbList","@id":"https:\/\/www.caudete.org\/ayuntamiento\/esta-tarde-a-las-19-30h-conferencia-de-arqueologia-sobre-el-castillo-y-el-real\/#breadcrumb","itemListElement":[{"@type":"ListItem","position":1,"name":"Inicio","item":"https:\/\/www.caudete.org\/ayuntamiento\/"},{"@type":"ListItem","position":2,"name":"Conferencia de Arqueolog\u00eda sobre El Castillo y El Real, martes 24 de enero a las 19.30h"}]},{"@type":"WebSite","@id":"https:\/\/www.caudete.org\/ayuntamiento\/#website","url":"https:\/\/www.caudete.org\/ayuntamiento\/","name":"MI Ayuntamiento de Caudete","description":"P\u00e1gina Oficial del MI Ayuntamiento de Caudete","potentialAction":[{"@type":"SearchAction","target":{"@type":"EntryPoint","urlTemplate":"https:\/\/www.caudete.org\/ayuntamiento\/?s={search_term_string}"},"query-input":{"@type":"PropertyValueSpecification","valueRequired":true,"valueName":"search_term_string"}}],"inLanguage":"es"},{"@type":"Person","@id":"https:\/\/www.caudete.org\/ayuntamiento\/#\/schema\/person\/cc646da9133078ee4d8dd47457947253","name":"alcalde","image":{"@type":"ImageObject","inLanguage":"es","@id":"https:\/\/secure.gravatar.com\/avatar\/84a817ba065b29ff08d666b215a215f5c79186a645ccb25b14a663d48a130f77?s=96&d=mm&r=g","url":"https:\/\/secure.gravatar.com\/avatar\/84a817ba065b29ff08d666b215a215f5c79186a645ccb25b14a663d48a130f77?s=96&d=mm&r=g","contentUrl":"https:\/\/secure.gravatar.com\/avatar\/84a817ba065b29ff08d666b215a215f5c79186a645ccb25b14a663d48a130f77?s=96&d=mm&r=g","caption":"alcalde"},"url":"https:\/\/www.caudete.org\/ayuntamiento\/author\/alcalde\/"}]}},"_links":{"self":[{"href":"https:\/\/www.caudete.org\/ayuntamiento\/wp-json\/wp\/v2\/posts\/21204","targetHints":{"allow":["GET"]}}],"collection":[{"href":"https:\/\/www.caudete.org\/ayuntamiento\/wp-json\/wp\/v2\/posts"}],"about":[{"href":"https:\/\/www.caudete.org\/ayuntamiento\/wp-json\/wp\/v2\/types\/post"}],"author":[{"embeddable":true,"href":"https:\/\/www.caudete.org\/ayuntamiento\/wp-json\/wp\/v2\/users\/3"}],"replies":[{"embeddable":true,"href":"https:\/\/www.caudete.org\/ayuntamiento\/wp-json\/wp\/v2\/comments?post=21204"}],"version-history":[{"count":2,"href":"https:\/\/www.caudete.org\/ayuntamiento\/wp-json\/wp\/v2\/posts\/21204\/revisions"}],"predecessor-version":[{"id":21207,"href":"https:\/\/www.caudete.org\/ayuntamiento\/wp-json\/wp\/v2\/posts\/21204\/revisions\/21207"}],"wp:featuredmedia":[{"embeddable":true,"href":"https:\/\/www.caudete.org\/ayuntamiento\/wp-json\/wp\/v2\/media\/21205"}],"wp:attachment":[{"href":"https:\/\/www.caudete.org\/ayuntamiento\/wp-json\/wp\/v2\/media?parent=21204"}],"wp:term":[{"taxonomy":"category","embeddable":true,"href":"https:\/\/www.caudete.org\/ayuntamiento\/wp-json\/wp\/v2\/categories?post=21204"},{"taxonomy":"post_tag","embeddable":true,"href":"https:\/\/www.caudete.org\/ayuntamiento\/wp-json\/wp\/v2\/tags?post=21204"}],"curies":[{"name":"wp","href":"https:\/\/api.w.org\/{rel}","templated":true}]}}