{"id":21240,"date":"2023-02-01T09:08:05","date_gmt":"2023-02-01T08:08:05","guid":{"rendered":"https:\/\/www.caudete.org\/ayuntamiento\/?p=21240"},"modified":"2023-02-01T09:08:05","modified_gmt":"2023-02-01T08:08:05","slug":"abierta-la-inscripcion-al-dual-formacionempleo-de-gestion-de-residuos-urbanos-e-industriales","status":"publish","type":"post","link":"https:\/\/www.caudete.org\/ayuntamiento\/abierta-la-inscripcion-al-dual-formacionempleo-de-gestion-de-residuos-urbanos-e-industriales\/","title":{"rendered":"Abierta la inscripci\u00f3n al DUAL Formaci\u00f3n+Empleo de &#8220;Gesti\u00f3n de residuos urbanos e industriales&#8221;"},"content":{"rendered":"<p style=\"text-align: justify;\">La Concejal de Formaci\u00f3n y Empleo M\u00aadel Mar Requena ha informado que hasta el pr\u00f3ximo martes 7 de Febrero se encuentra abierto el plazo para poder realizar las inscripciones al nuevo curso formativo DUAL que el Ayuntamiento de Caudete, en colaboraci\u00f3n con la empresa Fobesa realizar\u00e1n en el municipio, con el objetivo de formar y emplear a sus alumnos.<\/p>\n<p style=\"text-align: justify;\">El curso, que tiene previsto su inicio el 15 de Febrero finalizar\u00e1 el proximo 4 de Agosto, en modalidad presencial y con un total de 270 horas que permitir\u00e1n la obtenci\u00f3n de un Certificado de Profesionalidad habilitante para el desarrollo de estas acciones en la empresa privada. La dedicaci\u00f3n es un 35% de la jornada dedicada a la actividad formativa, y el 65% restante al trabajo efectivo mediante la empresa que presta el servicio de recogida de residuos en el municipio. Todo ello, con el complemento de estar retribuida la acci\u00f3n seg\u00fan convenio colectivo.<\/p>\n<p style=\"text-align: justify;\">Las solicitudes han de realizarse de forma telem\u00e1tica, en el siguiente enlace:\u00a0<a href=\"https:\/\/e-empleo.jccm.es\/formacion\/jsp\/solicitudes\/busquedaGrupos.jsp\" target=\"_blank\" rel=\"nofollow\">CLICK AQUI<\/a><\/p>\n<p style=\"text-align: justify;\">No obstante, desde el Consistorio se brinda la opci\u00f3n para aquellas personas que no dispongan de medios suficientes el asesoramiento, para lo cual deber\u00e1n asistir al SAC en horario de apertura y dentro del plazo de inscripci\u00f3n.<\/p>\n","protected":false},"excerpt":{"rendered":"<p>La Concejal de Formaci\u00f3n y Empleo M\u00aadel Mar Requena ha informado que hasta el pr\u00f3ximo martes 7 de Febrero se encuentra abierto el plazo para poder realizar las inscripciones al nuevo curso formativo DUAL que el Ayuntamiento de Caudete, en colaboraci\u00f3n con la empresa Fobesa realizar\u00e1n en el municipio, con el objetivo de formar y &hellip;<\/p>\n","protected":false},"author":3,"featured_media":21241,"comment_status":"closed","ping_status":"open","sticky":false,"template":"","format":"standard","meta":{"ngg_post_thumbnail":0,"footnotes":""},"categories":[37],"tags":[],"class_list":["post-21240","post","type-post","status-publish","format-standard","has-post-thumbnail","hentry","category-empleo-y-formacion"],"yoast_head":"<!-- This site is optimized with the Yoast SEO plugin v27.4 - https:\/\/yoast.com\/product\/yoast-seo-wordpress\/ -->\n<title>Abierta la inscripci\u00f3n al DUAL Formaci\u00f3n+Empleo de &quot;Gesti\u00f3n de residuos urbanos e industriales&quot; - MI Ayuntamiento de Caudete<\/title>\n<meta name=\"description\" content=\"P\u00e1gina Oficial del Ayuntamiento de Caudete (Albacete)\" \/>\n<meta name=\"robots\" content=\"index, follow, max-snippet:-1, max-image-preview:large, max-video-preview:-1\" \/>\n<link rel=\"canonical\" href=\"https:\/\/www.caudete.org\/ayuntamiento\/abierta-la-inscripcion-al-dual-formacionempleo-de-gestion-de-residuos-urbanos-e-industriales\/\" \/>\n<meta property=\"og:locale\" content=\"es_ES\" \/>\n<meta property=\"og:type\" content=\"article\" \/>\n<meta property=\"og:title\" content=\"Abierta la inscripci\u00f3n al DUAL Formaci\u00f3n+Empleo de &quot;Gesti\u00f3n de residuos urbanos e industriales&quot; - MI Ayuntamiento de Caudete\" \/>\n<meta property=\"og:description\" content=\"P\u00e1gina Oficial del Ayuntamiento de Caudete (Albacete)\" \/>\n<meta property=\"og:url\" content=\"https:\/\/www.caudete.org\/ayuntamiento\/abierta-la-inscripcion-al-dual-formacionempleo-de-gestion-de-residuos-urbanos-e-industriales\/\" \/>\n<meta property=\"og:site_name\" content=\"MI Ayuntamiento de Caudete\" \/>\n<meta property=\"article:publisher\" content=\"https:\/\/www.facebook.com\/ayuntamientocaudete\/\" \/>\n<meta property=\"article:published_time\" content=\"2023-02-01T08:08:05+00:00\" \/>\n<meta property=\"og:image\" content=\"https:\/\/www.caudete.org\/ayuntamiento\/wp-content\/uploads\/2023\/02\/BASURA-DUAL.jpeg\" \/>\n\t<meta property=\"og:image:width\" content=\"1600\" \/>\n\t<meta property=\"og:image:height\" content=\"1200\" \/>\n\t<meta property=\"og:image:type\" content=\"image\/jpeg\" \/>\n<meta name=\"author\" content=\"alcalde\" \/>\n<meta name=\"twitter:card\" content=\"summary_large_image\" \/>\n<meta name=\"twitter:label1\" content=\"Escrito por\" \/>\n\t<meta name=\"twitter:data1\" content=\"alcalde\" \/>\n\t<meta name=\"twitter:label2\" content=\"Tiempo de lectura\" \/>\n\t<meta name=\"twitter:data2\" content=\"1 minuto\" \/>\n<script type=\"application\/ld+json\" class=\"yoast-schema-graph\">{\"@context\":\"https:\\\/\\\/schema.org\",\"@graph\":[{\"@type\":\"Article\",\"@id\":\"https:\\\/\\\/www.caudete.org\\\/ayuntamiento\\\/abierta-la-inscripcion-al-dual-formacionempleo-de-gestion-de-residuos-urbanos-e-industriales\\\/#article\",\"isPartOf\":{\"@id\":\"https:\\\/\\\/www.caudete.org\\\/ayuntamiento\\\/abierta-la-inscripcion-al-dual-formacionempleo-de-gestion-de-residuos-urbanos-e-industriales\\\/\"},\"author\":{\"name\":\"alcalde\",\"@id\":\"https:\\\/\\\/www.caudete.org\\\/ayuntamiento\\\/#\\\/schema\\\/person\\\/cc646da9133078ee4d8dd47457947253\"},\"headline\":\"Abierta la inscripci\u00f3n al DUAL Formaci\u00f3n+Empleo de &#8220;Gesti\u00f3n de residuos urbanos e industriales&#8221;\",\"datePublished\":\"2023-02-01T08:08:05+00:00\",\"mainEntityOfPage\":{\"@id\":\"https:\\\/\\\/www.caudete.org\\\/ayuntamiento\\\/abierta-la-inscripcion-al-dual-formacionempleo-de-gestion-de-residuos-urbanos-e-industriales\\\/\"},\"wordCount\":229,\"publisher\":{\"@id\":\"https:\\\/\\\/www.caudete.org\\\/ayuntamiento\\\/#organization\"},\"image\":{\"@id\":\"https:\\\/\\\/www.caudete.org\\\/ayuntamiento\\\/abierta-la-inscripcion-al-dual-formacionempleo-de-gestion-de-residuos-urbanos-e-industriales\\\/#primaryimage\"},\"thumbnailUrl\":\"https:\\\/\\\/www.caudete.org\\\/ayuntamiento\\\/wp-content\\\/uploads\\\/2023\\\/02\\\/BASURA-DUAL.jpeg\",\"articleSection\":[\"Empleo y Formaci\u00f3n\"],\"inLanguage\":\"es\"},{\"@type\":\"WebPage\",\"@id\":\"https:\\\/\\\/www.caudete.org\\\/ayuntamiento\\\/abierta-la-inscripcion-al-dual-formacionempleo-de-gestion-de-residuos-urbanos-e-industriales\\\/\",\"url\":\"https:\\\/\\\/www.caudete.org\\\/ayuntamiento\\\/abierta-la-inscripcion-al-dual-formacionempleo-de-gestion-de-residuos-urbanos-e-industriales\\\/\",\"name\":\"Abierta la inscripci\u00f3n al DUAL Formaci\u00f3n+Empleo de \\\"Gesti\u00f3n de residuos urbanos e industriales\\\" - MI Ayuntamiento de Caudete\",\"isPartOf\":{\"@id\":\"https:\\\/\\\/www.caudete.org\\\/ayuntamiento\\\/#website\"},\"primaryImageOfPage\":{\"@id\":\"https:\\\/\\\/www.caudete.org\\\/ayuntamiento\\\/abierta-la-inscripcion-al-dual-formacionempleo-de-gestion-de-residuos-urbanos-e-industriales\\\/#primaryimage\"},\"image\":{\"@id\":\"https:\\\/\\\/www.caudete.org\\\/ayuntamiento\\\/abierta-la-inscripcion-al-dual-formacionempleo-de-gestion-de-residuos-urbanos-e-industriales\\\/#primaryimage\"},\"thumbnailUrl\":\"https:\\\/\\\/www.caudete.org\\\/ayuntamiento\\\/wp-content\\\/uploads\\\/2023\\\/02\\\/BASURA-DUAL.jpeg\",\"datePublished\":\"2023-02-01T08:08:05+00:00\",\"description\":\"P\u00e1gina Oficial del Ayuntamiento de Caudete (Albacete)\",\"breadcrumb\":{\"@id\":\"https:\\\/\\\/www.caudete.org\\\/ayuntamiento\\\/abierta-la-inscripcion-al-dual-formacionempleo-de-gestion-de-residuos-urbanos-e-industriales\\\/#breadcrumb\"},\"inLanguage\":\"es\",\"potentialAction\":[{\"@type\":\"ReadAction\",\"target\":[\"https:\\\/\\\/www.caudete.org\\\/ayuntamiento\\\/abierta-la-inscripcion-al-dual-formacionempleo-de-gestion-de-residuos-urbanos-e-industriales\\\/\"]}]},{\"@type\":\"ImageObject\",\"inLanguage\":\"es\",\"@id\":\"https:\\\/\\\/www.caudete.org\\\/ayuntamiento\\\/abierta-la-inscripcion-al-dual-formacionempleo-de-gestion-de-residuos-urbanos-e-industriales\\\/#primaryimage\",\"url\":\"https:\\\/\\\/www.caudete.org\\\/ayuntamiento\\\/wp-content\\\/uploads\\\/2023\\\/02\\\/BASURA-DUAL.jpeg\",\"contentUrl\":\"https:\\\/\\\/www.caudete.org\\\/ayuntamiento\\\/wp-content\\\/uploads\\\/2023\\\/02\\\/BASURA-DUAL.jpeg\",\"width\":1600,\"height\":1200},{\"@type\":\"BreadcrumbList\",\"@id\":\"https:\\\/\\\/www.caudete.org\\\/ayuntamiento\\\/abierta-la-inscripcion-al-dual-formacionempleo-de-gestion-de-residuos-urbanos-e-industriales\\\/#breadcrumb\",\"itemListElement\":[{\"@type\":\"ListItem\",\"position\":1,\"name\":\"Inicio\",\"item\":\"https:\\\/\\\/www.caudete.org\\\/ayuntamiento\\\/\"},{\"@type\":\"ListItem\",\"position\":2,\"name\":\"Abierta la inscripci\u00f3n al DUAL Formaci\u00f3n+Empleo de &#8220;Gesti\u00f3n de residuos urbanos e industriales&#8221;\"}]},{\"@type\":\"WebSite\",\"@id\":\"https:\\\/\\\/www.caudete.org\\\/ayuntamiento\\\/#website\",\"url\":\"https:\\\/\\\/www.caudete.org\\\/ayuntamiento\\\/\",\"name\":\"MI Ayuntamiento de Caudete\",\"description\":\"P\u00e1gina Oficial del MI Ayuntamiento de Caudete\",\"publisher\":{\"@id\":\"https:\\\/\\\/www.caudete.org\\\/ayuntamiento\\\/#organization\"},\"potentialAction\":[{\"@type\":\"SearchAction\",\"target\":{\"@type\":\"EntryPoint\",\"urlTemplate\":\"https:\\\/\\\/www.caudete.org\\\/ayuntamiento\\\/?s={search_term_string}\"},\"query-input\":{\"@type\":\"PropertyValueSpecification\",\"valueRequired\":true,\"valueName\":\"search_term_string\"}}],\"inLanguage\":\"es\"},{\"@type\":\"Organization\",\"@id\":\"https:\\\/\\\/www.caudete.org\\\/ayuntamiento\\\/#organization\",\"name\":\"Ayuntamiento de Caudete\",\"url\":\"https:\\\/\\\/www.caudete.org\\\/ayuntamiento\\\/\",\"logo\":{\"@type\":\"ImageObject\",\"inLanguage\":\"es\",\"@id\":\"https:\\\/\\\/www.caudete.org\\\/ayuntamiento\\\/#\\\/schema\\\/logo\\\/image\\\/\",\"url\":\"https:\\\/\\\/www.caudete.org\\\/ayuntamiento\\\/wp-content\\\/uploads\\\/2020\\\/11\\\/logo_ayuntamiento_caudete.jpg\",\"contentUrl\":\"https:\\\/\\\/www.caudete.org\\\/ayuntamiento\\\/wp-content\\\/uploads\\\/2020\\\/11\\\/logo_ayuntamiento_caudete.jpg\",\"width\":600,\"height\":150,\"caption\":\"Ayuntamiento de Caudete\"},\"image\":{\"@id\":\"https:\\\/\\\/www.caudete.org\\\/ayuntamiento\\\/#\\\/schema\\\/logo\\\/image\\\/\"},\"sameAs\":[\"https:\\\/\\\/www.facebook.com\\\/ayuntamientocaudete\\\/\",\"https:\\\/\\\/www.youtube.com\\\/channel\\\/UC6VztHaooNsGpw-tNoBEFnQ\"]},{\"@type\":\"Person\",\"@id\":\"https:\\\/\\\/www.caudete.org\\\/ayuntamiento\\\/#\\\/schema\\\/person\\\/cc646da9133078ee4d8dd47457947253\",\"name\":\"alcalde\",\"image\":{\"@type\":\"ImageObject\",\"inLanguage\":\"es\",\"@id\":\"https:\\\/\\\/secure.gravatar.com\\\/avatar\\\/84a817ba065b29ff08d666b215a215f5c79186a645ccb25b14a663d48a130f77?s=96&d=mm&r=g\",\"url\":\"https:\\\/\\\/secure.gravatar.com\\\/avatar\\\/84a817ba065b29ff08d666b215a215f5c79186a645ccb25b14a663d48a130f77?s=96&d=mm&r=g\",\"contentUrl\":\"https:\\\/\\\/secure.gravatar.com\\\/avatar\\\/84a817ba065b29ff08d666b215a215f5c79186a645ccb25b14a663d48a130f77?s=96&d=mm&r=g\",\"caption\":\"alcalde\"},\"url\":\"https:\\\/\\\/www.caudete.org\\\/ayuntamiento\\\/author\\\/alcalde\\\/\"}]}<\/script>\n<!-- \/ Yoast SEO plugin. -->","yoast_head_json":{"title":"Abierta la inscripci\u00f3n al DUAL Formaci\u00f3n+Empleo de \"Gesti\u00f3n de residuos urbanos e industriales\" - MI Ayuntamiento de Caudete","description":"P\u00e1gina Oficial del Ayuntamiento de Caudete (Albacete)","robots":{"index":"index","follow":"follow","max-snippet":"max-snippet:-1","max-image-preview":"max-image-preview:large","max-video-preview":"max-video-preview:-1"},"canonical":"https:\/\/www.caudete.org\/ayuntamiento\/abierta-la-inscripcion-al-dual-formacionempleo-de-gestion-de-residuos-urbanos-e-industriales\/","og_locale":"es_ES","og_type":"article","og_title":"Abierta la inscripci\u00f3n al DUAL Formaci\u00f3n+Empleo de \"Gesti\u00f3n de residuos urbanos e industriales\" - MI Ayuntamiento de Caudete","og_description":"P\u00e1gina Oficial del Ayuntamiento de Caudete (Albacete)","og_url":"https:\/\/www.caudete.org\/ayuntamiento\/abierta-la-inscripcion-al-dual-formacionempleo-de-gestion-de-residuos-urbanos-e-industriales\/","og_site_name":"MI Ayuntamiento de Caudete","article_publisher":"https:\/\/www.facebook.com\/ayuntamientocaudete\/","article_published_time":"2023-02-01T08:08:05+00:00","og_image":[{"width":1600,"height":1200,"url":"https:\/\/www.caudete.org\/ayuntamiento\/wp-content\/uploads\/2023\/02\/BASURA-DUAL.jpeg","type":"image\/jpeg"}],"author":"alcalde","twitter_card":"summary_large_image","twitter_misc":{"Escrito por":"alcalde","Tiempo de lectura":"1 minuto"},"schema":{"@context":"https:\/\/schema.org","@graph":[{"@type":"Article","@id":"https:\/\/www.caudete.org\/ayuntamiento\/abierta-la-inscripcion-al-dual-formacionempleo-de-gestion-de-residuos-urbanos-e-industriales\/#article","isPartOf":{"@id":"https:\/\/www.caudete.org\/ayuntamiento\/abierta-la-inscripcion-al-dual-formacionempleo-de-gestion-de-residuos-urbanos-e-industriales\/"},"author":{"name":"alcalde","@id":"https:\/\/www.caudete.org\/ayuntamiento\/#\/schema\/person\/cc646da9133078ee4d8dd47457947253"},"headline":"Abierta la inscripci\u00f3n al DUAL Formaci\u00f3n+Empleo de &#8220;Gesti\u00f3n de residuos urbanos e industriales&#8221;","datePublished":"2023-02-01T08:08:05+00:00","mainEntityOfPage":{"@id":"https:\/\/www.caudete.org\/ayuntamiento\/abierta-la-inscripcion-al-dual-formacionempleo-de-gestion-de-residuos-urbanos-e-industriales\/"},"wordCount":229,"publisher":{"@id":"https:\/\/www.caudete.org\/ayuntamiento\/#organization"},"image":{"@id":"https:\/\/www.caudete.org\/ayuntamiento\/abierta-la-inscripcion-al-dual-formacionempleo-de-gestion-de-residuos-urbanos-e-industriales\/#primaryimage"},"thumbnailUrl":"https:\/\/www.caudete.org\/ayuntamiento\/wp-content\/uploads\/2023\/02\/BASURA-DUAL.jpeg","articleSection":["Empleo y Formaci\u00f3n"],"inLanguage":"es"},{"@type":"WebPage","@id":"https:\/\/www.caudete.org\/ayuntamiento\/abierta-la-inscripcion-al-dual-formacionempleo-de-gestion-de-residuos-urbanos-e-industriales\/","url":"https:\/\/www.caudete.org\/ayuntamiento\/abierta-la-inscripcion-al-dual-formacionempleo-de-gestion-de-residuos-urbanos-e-industriales\/","name":"Abierta la inscripci\u00f3n al DUAL Formaci\u00f3n+Empleo de \"Gesti\u00f3n de residuos urbanos e industriales\" - MI Ayuntamiento de Caudete","isPartOf":{"@id":"https:\/\/www.caudete.org\/ayuntamiento\/#website"},"primaryImageOfPage":{"@id":"https:\/\/www.caudete.org\/ayuntamiento\/abierta-la-inscripcion-al-dual-formacionempleo-de-gestion-de-residuos-urbanos-e-industriales\/#primaryimage"},"image":{"@id":"https:\/\/www.caudete.org\/ayuntamiento\/abierta-la-inscripcion-al-dual-formacionempleo-de-gestion-de-residuos-urbanos-e-industriales\/#primaryimage"},"thumbnailUrl":"https:\/\/www.caudete.org\/ayuntamiento\/wp-content\/uploads\/2023\/02\/BASURA-DUAL.jpeg","datePublished":"2023-02-01T08:08:05+00:00","description":"P\u00e1gina Oficial del Ayuntamiento de Caudete (Albacete)","breadcrumb":{"@id":"https:\/\/www.caudete.org\/ayuntamiento\/abierta-la-inscripcion-al-dual-formacionempleo-de-gestion-de-residuos-urbanos-e-industriales\/#breadcrumb"},"inLanguage":"es","potentialAction":[{"@type":"ReadAction","target":["https:\/\/www.caudete.org\/ayuntamiento\/abierta-la-inscripcion-al-dual-formacionempleo-de-gestion-de-residuos-urbanos-e-industriales\/"]}]},{"@type":"ImageObject","inLanguage":"es","@id":"https:\/\/www.caudete.org\/ayuntamiento\/abierta-la-inscripcion-al-dual-formacionempleo-de-gestion-de-residuos-urbanos-e-industriales\/#primaryimage","url":"https:\/\/www.caudete.org\/ayuntamiento\/wp-content\/uploads\/2023\/02\/BASURA-DUAL.jpeg","contentUrl":"https:\/\/www.caudete.org\/ayuntamiento\/wp-content\/uploads\/2023\/02\/BASURA-DUAL.jpeg","width":1600,"height":1200},{"@type":"BreadcrumbList","@id":"https:\/\/www.caudete.org\/ayuntamiento\/abierta-la-inscripcion-al-dual-formacionempleo-de-gestion-de-residuos-urbanos-e-industriales\/#breadcrumb","itemListElement":[{"@type":"ListItem","position":1,"name":"Inicio","item":"https:\/\/www.caudete.org\/ayuntamiento\/"},{"@type":"ListItem","position":2,"name":"Abierta la inscripci\u00f3n al DUAL Formaci\u00f3n+Empleo de &#8220;Gesti\u00f3n de residuos urbanos e industriales&#8221;"}]},{"@type":"WebSite","@id":"https:\/\/www.caudete.org\/ayuntamiento\/#website","url":"https:\/\/www.caudete.org\/ayuntamiento\/","name":"MI Ayuntamiento de Caudete","description":"P\u00e1gina Oficial del MI Ayuntamiento de Caudete","publisher":{"@id":"https:\/\/www.caudete.org\/ayuntamiento\/#organization"},"potentialAction":[{"@type":"SearchAction","target":{"@type":"EntryPoint","urlTemplate":"https:\/\/www.caudete.org\/ayuntamiento\/?s={search_term_string}"},"query-input":{"@type":"PropertyValueSpecification","valueRequired":true,"valueName":"search_term_string"}}],"inLanguage":"es"},{"@type":"Organization","@id":"https:\/\/www.caudete.org\/ayuntamiento\/#organization","name":"Ayuntamiento de Caudete","url":"https:\/\/www.caudete.org\/ayuntamiento\/","logo":{"@type":"ImageObject","inLanguage":"es","@id":"https:\/\/www.caudete.org\/ayuntamiento\/#\/schema\/logo\/image\/","url":"https:\/\/www.caudete.org\/ayuntamiento\/wp-content\/uploads\/2020\/11\/logo_ayuntamiento_caudete.jpg","contentUrl":"https:\/\/www.caudete.org\/ayuntamiento\/wp-content\/uploads\/2020\/11\/logo_ayuntamiento_caudete.jpg","width":600,"height":150,"caption":"Ayuntamiento de Caudete"},"image":{"@id":"https:\/\/www.caudete.org\/ayuntamiento\/#\/schema\/logo\/image\/"},"sameAs":["https:\/\/www.facebook.com\/ayuntamientocaudete\/","https:\/\/www.youtube.com\/channel\/UC6VztHaooNsGpw-tNoBEFnQ"]},{"@type":"Person","@id":"https:\/\/www.caudete.org\/ayuntamiento\/#\/schema\/person\/cc646da9133078ee4d8dd47457947253","name":"alcalde","image":{"@type":"ImageObject","inLanguage":"es","@id":"https:\/\/secure.gravatar.com\/avatar\/84a817ba065b29ff08d666b215a215f5c79186a645ccb25b14a663d48a130f77?s=96&d=mm&r=g","url":"https:\/\/secure.gravatar.com\/avatar\/84a817ba065b29ff08d666b215a215f5c79186a645ccb25b14a663d48a130f77?s=96&d=mm&r=g","contentUrl":"https:\/\/secure.gravatar.com\/avatar\/84a817ba065b29ff08d666b215a215f5c79186a645ccb25b14a663d48a130f77?s=96&d=mm&r=g","caption":"alcalde"},"url":"https:\/\/www.caudete.org\/ayuntamiento\/author\/alcalde\/"}]}},"_links":{"self":[{"href":"https:\/\/www.caudete.org\/ayuntamiento\/wp-json\/wp\/v2\/posts\/21240","targetHints":{"allow":["GET"]}}],"collection":[{"href":"https:\/\/www.caudete.org\/ayuntamiento\/wp-json\/wp\/v2\/posts"}],"about":[{"href":"https:\/\/www.caudete.org\/ayuntamiento\/wp-json\/wp\/v2\/types\/post"}],"author":[{"embeddable":true,"href":"https:\/\/www.caudete.org\/ayuntamiento\/wp-json\/wp\/v2\/users\/3"}],"replies":[{"embeddable":true,"href":"https:\/\/www.caudete.org\/ayuntamiento\/wp-json\/wp\/v2\/comments?post=21240"}],"version-history":[{"count":1,"href":"https:\/\/www.caudete.org\/ayuntamiento\/wp-json\/wp\/v2\/posts\/21240\/revisions"}],"predecessor-version":[{"id":21242,"href":"https:\/\/www.caudete.org\/ayuntamiento\/wp-json\/wp\/v2\/posts\/21240\/revisions\/21242"}],"wp:featuredmedia":[{"embeddable":true,"href":"https:\/\/www.caudete.org\/ayuntamiento\/wp-json\/wp\/v2\/media\/21241"}],"wp:attachment":[{"href":"https:\/\/www.caudete.org\/ayuntamiento\/wp-json\/wp\/v2\/media?parent=21240"}],"wp:term":[{"taxonomy":"category","embeddable":true,"href":"https:\/\/www.caudete.org\/ayuntamiento\/wp-json\/wp\/v2\/categories?post=21240"},{"taxonomy":"post_tag","embeddable":true,"href":"https:\/\/www.caudete.org\/ayuntamiento\/wp-json\/wp\/v2\/tags?post=21240"}],"curies":[{"name":"wp","href":"https:\/\/api.w.org\/{rel}","templated":true}]}}