{"id":21243,"date":"2023-02-02T21:27:54","date_gmt":"2023-02-02T20:27:54","guid":{"rendered":"https:\/\/www.caudete.org\/ayuntamiento\/?p=21243"},"modified":"2023-02-03T12:07:31","modified_gmt":"2023-02-03T11:07:31","slug":"caudeteneuropa-castleblayney-y-caudete-continuan-su-colaboracion-en-el-marco-del-programa-erasmus","status":"publish","type":"post","link":"https:\/\/www.caudete.org\/ayuntamiento\/caudeteneuropa-castleblayney-y-caudete-continuan-su-colaboracion-en-el-marco-del-programa-erasmus\/","title":{"rendered":"CaudetEnEuropa: Castleblayney y Caudete contin\u00faan su colaboraci\u00f3n en el marco del programa Erasmus+"},"content":{"rendered":"<p style=\"text-align: justify;\"><b>CaudetEnEuropa, Acreditaci\u00f3n Erasmus+ Educaci\u00f3n Adultos. Actividades de Observaci\u00f3n de pr\u00e1cticas de trabajo en bibliotecas y centros culturales en Castleblayney, condado de Monaghan, Irlanda. <\/b><\/p>\n<p style=\"text-align: justify;\">La Concejal de Empleo y Formaci\u00f3n, Mar\u00eda del Mar Requena Moll\u00e1, informa de los positivos resultados de las dos actividades de Job-Shadowing (Observaci\u00f3n de pr\u00e1cticas de trabajo) que durante los d\u00edas 25 y 26 de enero han realizado Mar\u00eda S\u00e1nchez L\u00f3pez y Mar\u00eda Jos\u00e9 Moreno Fern\u00e1ndez, Directoras de Casa de Cultura y Biblioteca Municipal &#8220;Ana Mar\u00eda Matute&#8221; de Caudete, respectivamente.<\/p>\n<p style=\"text-align: justify;\">Durante su estancia en el Condado de Monaghan y municipio de Castleblayney (Irlanda), pudieron conocer la red de bibliotecas del Condado dependientes de la Monaghan County Council Library y sus programas formativos, como los proyectos en el \u00e1rea de Salud o la ense\u00f1anza de ingl\u00e9s para la comunidad rumana acogida, los proyectos dirigidos a familias o a personas con disfuncionalidad sensorial, o programas culturales como Creative Ireland, o la Noche Cultural, de \u00e1mbito nacional. Asimismo, conocieron el Centro Europe Direct ubicado en la biblioteca central del condado.<\/p>\n<p style=\"text-align: justify;\">La actividad de la directora de la Casa de Cultura permiti\u00f3 conocer las actividades e instalaciones del Iontas Arts, Theatre &amp; Community Centre, centro comunitario de promoci\u00f3n de todo tipo de actividades de educaci\u00f3n no formal para la poblaci\u00f3n adulta. Se mantuvieron reuniones con el personal directivo del centro, con el profesorado y responsables de los talleres de pintura y con las personas voluntarias que organizan a nivel local el Festival de Teatro Amateur, que forma parte de una red de festivales a nivel nacional, con buenas pr\u00e1cticas muy relevantes que poder trasladar a nuestro contexto y \u00e1mbito de trabajo.<\/p>\n<p style=\"text-align: justify;\">Adem\u00e1s, el personal del Ayuntamiento de Caudete pudo conocer ejemplos de recuperaci\u00f3n del patrimonio hist\u00f3rico local por la iniciativa vecinal organizada en comit\u00e9s de voluntarios implicados en diferentes proyectos culturales, como la Iglesia de Hojalata de Laragh (Laragh Tin Church) o el Centro cultural Patrick Kavanagh, antigua iglesia convertida en museo y centro cultural polivalente en torno a la figura de uno de los poetas m\u00e1s relevantes del siglo XX en Irlanda.<\/p>\n<p style=\"text-align: justify;\">En estas actividades tambi\u00e9n particip\u00f3 la t\u00e9cnico de Desarrollo Local, Elia Lac\u00e1rcel, que ofreci\u00f3 informaci\u00f3n a las entidades de acogida sobre las posibilidades de colaboraci\u00f3n en el marco del programa Erasmus+, en el que el Ayuntamiento de Castleblayney-Carrickmacross quiere iniciarse, contando con el Ayuntamiento de Caudete como socio, y aprovechando las oportunidades que el programa ofrece en el sector de la educaci\u00f3n no formal de adultos, ya que a partir de este a\u00f1o 2023, cualquier persona adulta en formaci\u00f3n, puede realizar actividades de movilidad con fines de formaci\u00f3n.<\/p>\n<p style=\"text-align: justify;\">Las t\u00e9cnicos municipales tuvieron ocasi\u00f3n de intercambiar impresiones durante la actividad con el europarlamentario irland\u00e9s Colm Markey, vinculado a la comunidad local, y que nos traslad\u00f3 su visi\u00f3n del programa Erasmus+ como una herramienta para que la ciudadan\u00eda europea se conozca y trabaje de forma conjunta, y que ha sido muy activamente defendido y apoyado por la instituci\u00f3n europea de la que forma parte.<\/p>\n<p style=\"text-align: justify;\">El personal del ayuntamieno hizo entrega al europarlamentario y a otros miembros del personal de nuestra organizaci\u00f3n de acogida de cat\u00e1logos de la VI Bienal de Acuarela de Caudete, habiendo despertado nuestro evento cultural un gran inter\u00e9s en la comunidad cultural local irlandesa.<\/p>\n<p style=\"text-align: justify;\">Agradecemos desde el Ayuntamiento a Castleblayney Community Enterprise su apoyo para organizar estas actividades y, en particular, a Aidan Campbell, Tommy McGuire, Deirdriu McQuaid, Helen Cunnigham, Helen Duffy, Breda Moore, David Maine, Rita Connell, Darren McCreesh, y a todo el resto de personal y voluntarios de la comunidad local, con la que seguiremos colaborando en el marco del programa para que la poblaci\u00f3n adulta en formaci\u00f3n de ambas comunidades locales pueda beneficiarse de este enriquecedor aprendizaje de la mano de Erasmus+.<\/p>\n<p><a href=\"https:\/\/www.caudete.org\/ayuntamiento\/wp-content\/uploads\/2023\/02\/irl16.jpg\" rel='prettyPhoto'><img fetchpriority=\"high\" decoding=\"async\" class=\"alignnone wp-image-21268 size-medium\" src=\"https:\/\/www.caudete.org\/ayuntamiento\/wp-content\/uploads\/2023\/02\/irl16-300x225.jpg\" alt=\"\" width=\"300\" height=\"225\" srcset=\"https:\/\/www.caudete.org\/ayuntamiento\/wp-content\/uploads\/2023\/02\/irl16-300x225.jpg 300w, https:\/\/www.caudete.org\/ayuntamiento\/wp-content\/uploads\/2023\/02\/irl16-1024x768.jpg 1024w, https:\/\/www.caudete.org\/ayuntamiento\/wp-content\/uploads\/2023\/02\/irl16-768x576.jpg 768w, https:\/\/www.caudete.org\/ayuntamiento\/wp-content\/uploads\/2023\/02\/irl16-1536x1152.jpg 1536w, https:\/\/www.caudete.org\/ayuntamiento\/wp-content\/uploads\/2023\/02\/irl16.jpg 2048w\" sizes=\"(max-width: 300px) 100vw, 300px\" \/><\/a> <img decoding=\"async\" class=\"alignnone size-medium wp-image-21267\" src=\"https:\/\/www.caudete.org\/ayuntamiento\/wp-content\/uploads\/2023\/02\/irl15-300x225.jpg\" alt=\"\" width=\"300\" height=\"225\" srcset=\"https:\/\/www.caudete.org\/ayuntamiento\/wp-content\/uploads\/2023\/02\/irl15-300x225.jpg 300w, https:\/\/www.caudete.org\/ayuntamiento\/wp-content\/uploads\/2023\/02\/irl15-1024x768.jpg 1024w, https:\/\/www.caudete.org\/ayuntamiento\/wp-content\/uploads\/2023\/02\/irl15-768x576.jpg 768w, https:\/\/www.caudete.org\/ayuntamiento\/wp-content\/uploads\/2023\/02\/irl15-1536x1152.jpg 1536w, https:\/\/www.caudete.org\/ayuntamiento\/wp-content\/uploads\/2023\/02\/irl15.jpg 1600w\" sizes=\"(max-width: 300px) 100vw, 300px\" \/> <img decoding=\"async\" class=\"alignnone size-medium wp-image-21266\" src=\"https:\/\/www.caudete.org\/ayuntamiento\/wp-content\/uploads\/2023\/02\/irl14-300x225.jpg\" alt=\"\" width=\"300\" height=\"225\" srcset=\"https:\/\/www.caudete.org\/ayuntamiento\/wp-content\/uploads\/2023\/02\/irl14-300x225.jpg 300w, https:\/\/www.caudete.org\/ayuntamiento\/wp-content\/uploads\/2023\/02\/irl14-768x576.jpg 768w, https:\/\/www.caudete.org\/ayuntamiento\/wp-content\/uploads\/2023\/02\/irl14.jpg 1024w\" sizes=\"(max-width: 300px) 100vw, 300px\" \/> <img loading=\"lazy\" decoding=\"async\" class=\"alignnone size-medium wp-image-21265\" src=\"https:\/\/www.caudete.org\/ayuntamiento\/wp-content\/uploads\/2023\/02\/irl13-300x225.jpg\" alt=\"\" width=\"300\" height=\"225\" srcset=\"https:\/\/www.caudete.org\/ayuntamiento\/wp-content\/uploads\/2023\/02\/irl13-300x225.jpg 300w, https:\/\/www.caudete.org\/ayuntamiento\/wp-content\/uploads\/2023\/02\/irl13-1024x768.jpg 1024w, https:\/\/www.caudete.org\/ayuntamiento\/wp-content\/uploads\/2023\/02\/irl13-768x576.jpg 768w, https:\/\/www.caudete.org\/ayuntamiento\/wp-content\/uploads\/2023\/02\/irl13-1536x1152.jpg 1536w, https:\/\/www.caudete.org\/ayuntamiento\/wp-content\/uploads\/2023\/02\/irl13.jpg 1600w\" sizes=\"(max-width: 300px) 100vw, 300px\" \/> <img loading=\"lazy\" decoding=\"async\" class=\"alignnone size-medium wp-image-21264\" src=\"https:\/\/www.caudete.org\/ayuntamiento\/wp-content\/uploads\/2023\/02\/irl11-225x300.jpg\" alt=\"\" width=\"225\" height=\"300\" srcset=\"https:\/\/www.caudete.org\/ayuntamiento\/wp-content\/uploads\/2023\/02\/irl11-225x300.jpg 225w, https:\/\/www.caudete.org\/ayuntamiento\/wp-content\/uploads\/2023\/02\/irl11-768x1024.jpg 768w, https:\/\/www.caudete.org\/ayuntamiento\/wp-content\/uploads\/2023\/02\/irl11-1152x1536.jpg 1152w, https:\/\/www.caudete.org\/ayuntamiento\/wp-content\/uploads\/2023\/02\/irl11.jpg 1536w\" sizes=\"(max-width: 225px) 100vw, 225px\" \/> <img loading=\"lazy\" decoding=\"async\" class=\"alignnone size-medium wp-image-21263\" src=\"https:\/\/www.caudete.org\/ayuntamiento\/wp-content\/uploads\/2023\/02\/irl8-300x225.jpg\" alt=\"\" width=\"300\" height=\"225\" srcset=\"https:\/\/www.caudete.org\/ayuntamiento\/wp-content\/uploads\/2023\/02\/irl8-300x225.jpg 300w, https:\/\/www.caudete.org\/ayuntamiento\/wp-content\/uploads\/2023\/02\/irl8-1024x768.jpg 1024w, https:\/\/www.caudete.org\/ayuntamiento\/wp-content\/uploads\/2023\/02\/irl8-768x576.jpg 768w, https:\/\/www.caudete.org\/ayuntamiento\/wp-content\/uploads\/2023\/02\/irl8-1536x1152.jpg 1536w, https:\/\/www.caudete.org\/ayuntamiento\/wp-content\/uploads\/2023\/02\/irl8.jpg 1600w\" sizes=\"(max-width: 300px) 100vw, 300px\" \/> <img loading=\"lazy\" decoding=\"async\" class=\"alignnone size-medium wp-image-21262\" src=\"https:\/\/www.caudete.org\/ayuntamiento\/wp-content\/uploads\/2023\/02\/irl7-300x225.jpg\" alt=\"\" width=\"300\" height=\"225\" srcset=\"https:\/\/www.caudete.org\/ayuntamiento\/wp-content\/uploads\/2023\/02\/irl7-300x225.jpg 300w, https:\/\/www.caudete.org\/ayuntamiento\/wp-content\/uploads\/2023\/02\/irl7-1024x768.jpg 1024w, https:\/\/www.caudete.org\/ayuntamiento\/wp-content\/uploads\/2023\/02\/irl7-768x576.jpg 768w, https:\/\/www.caudete.org\/ayuntamiento\/wp-content\/uploads\/2023\/02\/irl7-1536x1152.jpg 1536w, https:\/\/www.caudete.org\/ayuntamiento\/wp-content\/uploads\/2023\/02\/irl7.jpg 1600w\" sizes=\"(max-width: 300px) 100vw, 300px\" \/> <img loading=\"lazy\" decoding=\"async\" class=\"alignnone size-medium wp-image-21260\" src=\"https:\/\/www.caudete.org\/ayuntamiento\/wp-content\/uploads\/2023\/02\/irl3-300x225.jpg\" alt=\"\" width=\"300\" height=\"225\" srcset=\"https:\/\/www.caudete.org\/ayuntamiento\/wp-content\/uploads\/2023\/02\/irl3-300x225.jpg 300w, https:\/\/www.caudete.org\/ayuntamiento\/wp-content\/uploads\/2023\/02\/irl3-768x576.jpg 768w, https:\/\/www.caudete.org\/ayuntamiento\/wp-content\/uploads\/2023\/02\/irl3.jpg 1024w\" sizes=\"(max-width: 300px) 100vw, 300px\" \/> <img loading=\"lazy\" decoding=\"async\" class=\"alignnone size-medium wp-image-21259\" src=\"https:\/\/www.caudete.org\/ayuntamiento\/wp-content\/uploads\/2023\/02\/irl1-225x300.jpg\" alt=\"\" width=\"225\" height=\"300\" srcset=\"https:\/\/www.caudete.org\/ayuntamiento\/wp-content\/uploads\/2023\/02\/irl1-225x300.jpg 225w, https:\/\/www.caudete.org\/ayuntamiento\/wp-content\/uploads\/2023\/02\/irl1-768x1024.jpg 768w, https:\/\/www.caudete.org\/ayuntamiento\/wp-content\/uploads\/2023\/02\/irl1-1152x1536.jpg 1152w, https:\/\/www.caudete.org\/ayuntamiento\/wp-content\/uploads\/2023\/02\/irl1-rotated.jpg 1512w\" sizes=\"(max-width: 225px) 100vw, 225px\" \/><\/p>\n","protected":false},"excerpt":{"rendered":"<p>CaudetEnEuropa, Acreditaci\u00f3n Erasmus+ Educaci\u00f3n Adultos. Actividades de Observaci\u00f3n de pr\u00e1cticas de trabajo en bibliotecas y centros culturales en Castleblayney, condado de Monaghan, Irlanda. La Concejal de Empleo y Formaci\u00f3n, Mar\u00eda del Mar Requena Moll\u00e1, informa de los positivos resultados de las dos actividades de Job-Shadowing (Observaci\u00f3n de pr\u00e1cticas de trabajo) que durante los d\u00edas 25 &hellip;<\/p>\n","protected":false},"author":3,"featured_media":21261,"comment_status":"closed","ping_status":"open","sticky":false,"template":"","format":"standard","meta":{"ngg_post_thumbnail":0,"footnotes":""},"categories":[37],"tags":[],"class_list":["post-21243","post","type-post","status-publish","format-standard","has-post-thumbnail","hentry","category-empleo-y-formacion"],"yoast_head":"<!-- This site is optimized with the Yoast SEO plugin v27.4 - https:\/\/yoast.com\/product\/yoast-seo-wordpress\/ -->\n<title>CaudetEnEuropa: Castleblayney y Caudete contin\u00faan su colaboraci\u00f3n en el marco del programa Erasmus+ - MI Ayuntamiento de Caudete<\/title>\n<meta name=\"description\" content=\"P\u00e1gina Oficial del Ayuntamiento de Caudete (Albacete)\" \/>\n<meta name=\"robots\" content=\"index, follow, max-snippet:-1, max-image-preview:large, max-video-preview:-1\" \/>\n<link rel=\"canonical\" href=\"https:\/\/www.caudete.org\/ayuntamiento\/caudeteneuropa-castleblayney-y-caudete-continuan-su-colaboracion-en-el-marco-del-programa-erasmus\/\" \/>\n<meta property=\"og:locale\" content=\"es_ES\" \/>\n<meta property=\"og:type\" content=\"article\" \/>\n<meta property=\"og:title\" content=\"CaudetEnEuropa: Castleblayney y Caudete contin\u00faan su colaboraci\u00f3n en el marco del programa Erasmus+ - MI Ayuntamiento de Caudete\" \/>\n<meta property=\"og:description\" content=\"P\u00e1gina Oficial del Ayuntamiento de Caudete (Albacete)\" \/>\n<meta property=\"og:url\" content=\"https:\/\/www.caudete.org\/ayuntamiento\/caudeteneuropa-castleblayney-y-caudete-continuan-su-colaboracion-en-el-marco-del-programa-erasmus\/\" \/>\n<meta property=\"og:site_name\" content=\"MI Ayuntamiento de Caudete\" \/>\n<meta property=\"article:publisher\" content=\"https:\/\/www.facebook.com\/ayuntamientocaudete\/\" \/>\n<meta property=\"article:published_time\" content=\"2023-02-02T20:27:54+00:00\" \/>\n<meta property=\"article:modified_time\" content=\"2023-02-03T11:07:31+00:00\" \/>\n<meta property=\"og:image\" content=\"https:\/\/www.caudete.org\/ayuntamiento\/wp-content\/uploads\/2023\/02\/irl4.jpg\" \/>\n\t<meta property=\"og:image:width\" content=\"1024\" \/>\n\t<meta property=\"og:image:height\" content=\"768\" \/>\n\t<meta property=\"og:image:type\" content=\"image\/jpeg\" \/>\n<meta name=\"author\" content=\"alcalde\" \/>\n<meta name=\"twitter:card\" content=\"summary_large_image\" \/>\n<meta name=\"twitter:label1\" content=\"Escrito por\" \/>\n\t<meta name=\"twitter:data1\" content=\"alcalde\" \/>\n\t<meta name=\"twitter:label2\" content=\"Tiempo de lectura\" \/>\n\t<meta name=\"twitter:data2\" content=\"5 minutos\" \/>\n<script type=\"application\/ld+json\" class=\"yoast-schema-graph\">{\"@context\":\"https:\\\/\\\/schema.org\",\"@graph\":[{\"@type\":\"Article\",\"@id\":\"https:\\\/\\\/www.caudete.org\\\/ayuntamiento\\\/caudeteneuropa-castleblayney-y-caudete-continuan-su-colaboracion-en-el-marco-del-programa-erasmus\\\/#article\",\"isPartOf\":{\"@id\":\"https:\\\/\\\/www.caudete.org\\\/ayuntamiento\\\/caudeteneuropa-castleblayney-y-caudete-continuan-su-colaboracion-en-el-marco-del-programa-erasmus\\\/\"},\"author\":{\"name\":\"alcalde\",\"@id\":\"https:\\\/\\\/www.caudete.org\\\/ayuntamiento\\\/#\\\/schema\\\/person\\\/cc646da9133078ee4d8dd47457947253\"},\"headline\":\"CaudetEnEuropa: Castleblayney y Caudete contin\u00faan su colaboraci\u00f3n en el marco del programa Erasmus+\",\"datePublished\":\"2023-02-02T20:27:54+00:00\",\"dateModified\":\"2023-02-03T11:07:31+00:00\",\"mainEntityOfPage\":{\"@id\":\"https:\\\/\\\/www.caudete.org\\\/ayuntamiento\\\/caudeteneuropa-castleblayney-y-caudete-continuan-su-colaboracion-en-el-marco-del-programa-erasmus\\\/\"},\"wordCount\":676,\"publisher\":{\"@id\":\"https:\\\/\\\/www.caudete.org\\\/ayuntamiento\\\/#organization\"},\"image\":{\"@id\":\"https:\\\/\\\/www.caudete.org\\\/ayuntamiento\\\/caudeteneuropa-castleblayney-y-caudete-continuan-su-colaboracion-en-el-marco-del-programa-erasmus\\\/#primaryimage\"},\"thumbnailUrl\":\"https:\\\/\\\/www.caudete.org\\\/ayuntamiento\\\/wp-content\\\/uploads\\\/2023\\\/02\\\/irl4.jpg\",\"articleSection\":[\"Empleo y Formaci\u00f3n\"],\"inLanguage\":\"es\"},{\"@type\":\"WebPage\",\"@id\":\"https:\\\/\\\/www.caudete.org\\\/ayuntamiento\\\/caudeteneuropa-castleblayney-y-caudete-continuan-su-colaboracion-en-el-marco-del-programa-erasmus\\\/\",\"url\":\"https:\\\/\\\/www.caudete.org\\\/ayuntamiento\\\/caudeteneuropa-castleblayney-y-caudete-continuan-su-colaboracion-en-el-marco-del-programa-erasmus\\\/\",\"name\":\"CaudetEnEuropa: Castleblayney y Caudete contin\u00faan su colaboraci\u00f3n en el marco del programa Erasmus+ - MI Ayuntamiento de Caudete\",\"isPartOf\":{\"@id\":\"https:\\\/\\\/www.caudete.org\\\/ayuntamiento\\\/#website\"},\"primaryImageOfPage\":{\"@id\":\"https:\\\/\\\/www.caudete.org\\\/ayuntamiento\\\/caudeteneuropa-castleblayney-y-caudete-continuan-su-colaboracion-en-el-marco-del-programa-erasmus\\\/#primaryimage\"},\"image\":{\"@id\":\"https:\\\/\\\/www.caudete.org\\\/ayuntamiento\\\/caudeteneuropa-castleblayney-y-caudete-continuan-su-colaboracion-en-el-marco-del-programa-erasmus\\\/#primaryimage\"},\"thumbnailUrl\":\"https:\\\/\\\/www.caudete.org\\\/ayuntamiento\\\/wp-content\\\/uploads\\\/2023\\\/02\\\/irl4.jpg\",\"datePublished\":\"2023-02-02T20:27:54+00:00\",\"dateModified\":\"2023-02-03T11:07:31+00:00\",\"description\":\"P\u00e1gina Oficial del Ayuntamiento de Caudete (Albacete)\",\"breadcrumb\":{\"@id\":\"https:\\\/\\\/www.caudete.org\\\/ayuntamiento\\\/caudeteneuropa-castleblayney-y-caudete-continuan-su-colaboracion-en-el-marco-del-programa-erasmus\\\/#breadcrumb\"},\"inLanguage\":\"es\",\"potentialAction\":[{\"@type\":\"ReadAction\",\"target\":[\"https:\\\/\\\/www.caudete.org\\\/ayuntamiento\\\/caudeteneuropa-castleblayney-y-caudete-continuan-su-colaboracion-en-el-marco-del-programa-erasmus\\\/\"]}]},{\"@type\":\"ImageObject\",\"inLanguage\":\"es\",\"@id\":\"https:\\\/\\\/www.caudete.org\\\/ayuntamiento\\\/caudeteneuropa-castleblayney-y-caudete-continuan-su-colaboracion-en-el-marco-del-programa-erasmus\\\/#primaryimage\",\"url\":\"https:\\\/\\\/www.caudete.org\\\/ayuntamiento\\\/wp-content\\\/uploads\\\/2023\\\/02\\\/irl4.jpg\",\"contentUrl\":\"https:\\\/\\\/www.caudete.org\\\/ayuntamiento\\\/wp-content\\\/uploads\\\/2023\\\/02\\\/irl4.jpg\",\"width\":1024,\"height\":768},{\"@type\":\"BreadcrumbList\",\"@id\":\"https:\\\/\\\/www.caudete.org\\\/ayuntamiento\\\/caudeteneuropa-castleblayney-y-caudete-continuan-su-colaboracion-en-el-marco-del-programa-erasmus\\\/#breadcrumb\",\"itemListElement\":[{\"@type\":\"ListItem\",\"position\":1,\"name\":\"Inicio\",\"item\":\"https:\\\/\\\/www.caudete.org\\\/ayuntamiento\\\/\"},{\"@type\":\"ListItem\",\"position\":2,\"name\":\"CaudetEnEuropa: Castleblayney y Caudete contin\u00faan su colaboraci\u00f3n en el marco del programa Erasmus+\"}]},{\"@type\":\"WebSite\",\"@id\":\"https:\\\/\\\/www.caudete.org\\\/ayuntamiento\\\/#website\",\"url\":\"https:\\\/\\\/www.caudete.org\\\/ayuntamiento\\\/\",\"name\":\"MI Ayuntamiento de Caudete\",\"description\":\"P\u00e1gina Oficial del MI Ayuntamiento de Caudete\",\"publisher\":{\"@id\":\"https:\\\/\\\/www.caudete.org\\\/ayuntamiento\\\/#organization\"},\"potentialAction\":[{\"@type\":\"SearchAction\",\"target\":{\"@type\":\"EntryPoint\",\"urlTemplate\":\"https:\\\/\\\/www.caudete.org\\\/ayuntamiento\\\/?s={search_term_string}\"},\"query-input\":{\"@type\":\"PropertyValueSpecification\",\"valueRequired\":true,\"valueName\":\"search_term_string\"}}],\"inLanguage\":\"es\"},{\"@type\":\"Organization\",\"@id\":\"https:\\\/\\\/www.caudete.org\\\/ayuntamiento\\\/#organization\",\"name\":\"Ayuntamiento de Caudete\",\"url\":\"https:\\\/\\\/www.caudete.org\\\/ayuntamiento\\\/\",\"logo\":{\"@type\":\"ImageObject\",\"inLanguage\":\"es\",\"@id\":\"https:\\\/\\\/www.caudete.org\\\/ayuntamiento\\\/#\\\/schema\\\/logo\\\/image\\\/\",\"url\":\"https:\\\/\\\/www.caudete.org\\\/ayuntamiento\\\/wp-content\\\/uploads\\\/2020\\\/11\\\/logo_ayuntamiento_caudete.jpg\",\"contentUrl\":\"https:\\\/\\\/www.caudete.org\\\/ayuntamiento\\\/wp-content\\\/uploads\\\/2020\\\/11\\\/logo_ayuntamiento_caudete.jpg\",\"width\":600,\"height\":150,\"caption\":\"Ayuntamiento de Caudete\"},\"image\":{\"@id\":\"https:\\\/\\\/www.caudete.org\\\/ayuntamiento\\\/#\\\/schema\\\/logo\\\/image\\\/\"},\"sameAs\":[\"https:\\\/\\\/www.facebook.com\\\/ayuntamientocaudete\\\/\",\"https:\\\/\\\/www.youtube.com\\\/channel\\\/UC6VztHaooNsGpw-tNoBEFnQ\"]},{\"@type\":\"Person\",\"@id\":\"https:\\\/\\\/www.caudete.org\\\/ayuntamiento\\\/#\\\/schema\\\/person\\\/cc646da9133078ee4d8dd47457947253\",\"name\":\"alcalde\",\"image\":{\"@type\":\"ImageObject\",\"inLanguage\":\"es\",\"@id\":\"https:\\\/\\\/secure.gravatar.com\\\/avatar\\\/84a817ba065b29ff08d666b215a215f5c79186a645ccb25b14a663d48a130f77?s=96&d=mm&r=g\",\"url\":\"https:\\\/\\\/secure.gravatar.com\\\/avatar\\\/84a817ba065b29ff08d666b215a215f5c79186a645ccb25b14a663d48a130f77?s=96&d=mm&r=g\",\"contentUrl\":\"https:\\\/\\\/secure.gravatar.com\\\/avatar\\\/84a817ba065b29ff08d666b215a215f5c79186a645ccb25b14a663d48a130f77?s=96&d=mm&r=g\",\"caption\":\"alcalde\"},\"url\":\"https:\\\/\\\/www.caudete.org\\\/ayuntamiento\\\/author\\\/alcalde\\\/\"}]}<\/script>\n<!-- \/ Yoast SEO plugin. -->","yoast_head_json":{"title":"CaudetEnEuropa: Castleblayney y Caudete contin\u00faan su colaboraci\u00f3n en el marco del programa Erasmus+ - MI Ayuntamiento de Caudete","description":"P\u00e1gina Oficial del Ayuntamiento de Caudete (Albacete)","robots":{"index":"index","follow":"follow","max-snippet":"max-snippet:-1","max-image-preview":"max-image-preview:large","max-video-preview":"max-video-preview:-1"},"canonical":"https:\/\/www.caudete.org\/ayuntamiento\/caudeteneuropa-castleblayney-y-caudete-continuan-su-colaboracion-en-el-marco-del-programa-erasmus\/","og_locale":"es_ES","og_type":"article","og_title":"CaudetEnEuropa: Castleblayney y Caudete contin\u00faan su colaboraci\u00f3n en el marco del programa Erasmus+ - MI Ayuntamiento de Caudete","og_description":"P\u00e1gina Oficial del Ayuntamiento de Caudete (Albacete)","og_url":"https:\/\/www.caudete.org\/ayuntamiento\/caudeteneuropa-castleblayney-y-caudete-continuan-su-colaboracion-en-el-marco-del-programa-erasmus\/","og_site_name":"MI Ayuntamiento de Caudete","article_publisher":"https:\/\/www.facebook.com\/ayuntamientocaudete\/","article_published_time":"2023-02-02T20:27:54+00:00","article_modified_time":"2023-02-03T11:07:31+00:00","og_image":[{"width":1024,"height":768,"url":"https:\/\/www.caudete.org\/ayuntamiento\/wp-content\/uploads\/2023\/02\/irl4.jpg","type":"image\/jpeg"}],"author":"alcalde","twitter_card":"summary_large_image","twitter_misc":{"Escrito por":"alcalde","Tiempo de lectura":"5 minutos"},"schema":{"@context":"https:\/\/schema.org","@graph":[{"@type":"Article","@id":"https:\/\/www.caudete.org\/ayuntamiento\/caudeteneuropa-castleblayney-y-caudete-continuan-su-colaboracion-en-el-marco-del-programa-erasmus\/#article","isPartOf":{"@id":"https:\/\/www.caudete.org\/ayuntamiento\/caudeteneuropa-castleblayney-y-caudete-continuan-su-colaboracion-en-el-marco-del-programa-erasmus\/"},"author":{"name":"alcalde","@id":"https:\/\/www.caudete.org\/ayuntamiento\/#\/schema\/person\/cc646da9133078ee4d8dd47457947253"},"headline":"CaudetEnEuropa: Castleblayney y Caudete contin\u00faan su colaboraci\u00f3n en el marco del programa Erasmus+","datePublished":"2023-02-02T20:27:54+00:00","dateModified":"2023-02-03T11:07:31+00:00","mainEntityOfPage":{"@id":"https:\/\/www.caudete.org\/ayuntamiento\/caudeteneuropa-castleblayney-y-caudete-continuan-su-colaboracion-en-el-marco-del-programa-erasmus\/"},"wordCount":676,"publisher":{"@id":"https:\/\/www.caudete.org\/ayuntamiento\/#organization"},"image":{"@id":"https:\/\/www.caudete.org\/ayuntamiento\/caudeteneuropa-castleblayney-y-caudete-continuan-su-colaboracion-en-el-marco-del-programa-erasmus\/#primaryimage"},"thumbnailUrl":"https:\/\/www.caudete.org\/ayuntamiento\/wp-content\/uploads\/2023\/02\/irl4.jpg","articleSection":["Empleo y Formaci\u00f3n"],"inLanguage":"es"},{"@type":"WebPage","@id":"https:\/\/www.caudete.org\/ayuntamiento\/caudeteneuropa-castleblayney-y-caudete-continuan-su-colaboracion-en-el-marco-del-programa-erasmus\/","url":"https:\/\/www.caudete.org\/ayuntamiento\/caudeteneuropa-castleblayney-y-caudete-continuan-su-colaboracion-en-el-marco-del-programa-erasmus\/","name":"CaudetEnEuropa: Castleblayney y Caudete contin\u00faan su colaboraci\u00f3n en el marco del programa Erasmus+ - MI Ayuntamiento de Caudete","isPartOf":{"@id":"https:\/\/www.caudete.org\/ayuntamiento\/#website"},"primaryImageOfPage":{"@id":"https:\/\/www.caudete.org\/ayuntamiento\/caudeteneuropa-castleblayney-y-caudete-continuan-su-colaboracion-en-el-marco-del-programa-erasmus\/#primaryimage"},"image":{"@id":"https:\/\/www.caudete.org\/ayuntamiento\/caudeteneuropa-castleblayney-y-caudete-continuan-su-colaboracion-en-el-marco-del-programa-erasmus\/#primaryimage"},"thumbnailUrl":"https:\/\/www.caudete.org\/ayuntamiento\/wp-content\/uploads\/2023\/02\/irl4.jpg","datePublished":"2023-02-02T20:27:54+00:00","dateModified":"2023-02-03T11:07:31+00:00","description":"P\u00e1gina Oficial del Ayuntamiento de Caudete (Albacete)","breadcrumb":{"@id":"https:\/\/www.caudete.org\/ayuntamiento\/caudeteneuropa-castleblayney-y-caudete-continuan-su-colaboracion-en-el-marco-del-programa-erasmus\/#breadcrumb"},"inLanguage":"es","potentialAction":[{"@type":"ReadAction","target":["https:\/\/www.caudete.org\/ayuntamiento\/caudeteneuropa-castleblayney-y-caudete-continuan-su-colaboracion-en-el-marco-del-programa-erasmus\/"]}]},{"@type":"ImageObject","inLanguage":"es","@id":"https:\/\/www.caudete.org\/ayuntamiento\/caudeteneuropa-castleblayney-y-caudete-continuan-su-colaboracion-en-el-marco-del-programa-erasmus\/#primaryimage","url":"https:\/\/www.caudete.org\/ayuntamiento\/wp-content\/uploads\/2023\/02\/irl4.jpg","contentUrl":"https:\/\/www.caudete.org\/ayuntamiento\/wp-content\/uploads\/2023\/02\/irl4.jpg","width":1024,"height":768},{"@type":"BreadcrumbList","@id":"https:\/\/www.caudete.org\/ayuntamiento\/caudeteneuropa-castleblayney-y-caudete-continuan-su-colaboracion-en-el-marco-del-programa-erasmus\/#breadcrumb","itemListElement":[{"@type":"ListItem","position":1,"name":"Inicio","item":"https:\/\/www.caudete.org\/ayuntamiento\/"},{"@type":"ListItem","position":2,"name":"CaudetEnEuropa: Castleblayney y Caudete contin\u00faan su colaboraci\u00f3n en el marco del programa Erasmus+"}]},{"@type":"WebSite","@id":"https:\/\/www.caudete.org\/ayuntamiento\/#website","url":"https:\/\/www.caudete.org\/ayuntamiento\/","name":"MI Ayuntamiento de Caudete","description":"P\u00e1gina Oficial del MI Ayuntamiento de Caudete","publisher":{"@id":"https:\/\/www.caudete.org\/ayuntamiento\/#organization"},"potentialAction":[{"@type":"SearchAction","target":{"@type":"EntryPoint","urlTemplate":"https:\/\/www.caudete.org\/ayuntamiento\/?s={search_term_string}"},"query-input":{"@type":"PropertyValueSpecification","valueRequired":true,"valueName":"search_term_string"}}],"inLanguage":"es"},{"@type":"Organization","@id":"https:\/\/www.caudete.org\/ayuntamiento\/#organization","name":"Ayuntamiento de Caudete","url":"https:\/\/www.caudete.org\/ayuntamiento\/","logo":{"@type":"ImageObject","inLanguage":"es","@id":"https:\/\/www.caudete.org\/ayuntamiento\/#\/schema\/logo\/image\/","url":"https:\/\/www.caudete.org\/ayuntamiento\/wp-content\/uploads\/2020\/11\/logo_ayuntamiento_caudete.jpg","contentUrl":"https:\/\/www.caudete.org\/ayuntamiento\/wp-content\/uploads\/2020\/11\/logo_ayuntamiento_caudete.jpg","width":600,"height":150,"caption":"Ayuntamiento de Caudete"},"image":{"@id":"https:\/\/www.caudete.org\/ayuntamiento\/#\/schema\/logo\/image\/"},"sameAs":["https:\/\/www.facebook.com\/ayuntamientocaudete\/","https:\/\/www.youtube.com\/channel\/UC6VztHaooNsGpw-tNoBEFnQ"]},{"@type":"Person","@id":"https:\/\/www.caudete.org\/ayuntamiento\/#\/schema\/person\/cc646da9133078ee4d8dd47457947253","name":"alcalde","image":{"@type":"ImageObject","inLanguage":"es","@id":"https:\/\/secure.gravatar.com\/avatar\/84a817ba065b29ff08d666b215a215f5c79186a645ccb25b14a663d48a130f77?s=96&d=mm&r=g","url":"https:\/\/secure.gravatar.com\/avatar\/84a817ba065b29ff08d666b215a215f5c79186a645ccb25b14a663d48a130f77?s=96&d=mm&r=g","contentUrl":"https:\/\/secure.gravatar.com\/avatar\/84a817ba065b29ff08d666b215a215f5c79186a645ccb25b14a663d48a130f77?s=96&d=mm&r=g","caption":"alcalde"},"url":"https:\/\/www.caudete.org\/ayuntamiento\/author\/alcalde\/"}]}},"_links":{"self":[{"href":"https:\/\/www.caudete.org\/ayuntamiento\/wp-json\/wp\/v2\/posts\/21243","targetHints":{"allow":["GET"]}}],"collection":[{"href":"https:\/\/www.caudete.org\/ayuntamiento\/wp-json\/wp\/v2\/posts"}],"about":[{"href":"https:\/\/www.caudete.org\/ayuntamiento\/wp-json\/wp\/v2\/types\/post"}],"author":[{"embeddable":true,"href":"https:\/\/www.caudete.org\/ayuntamiento\/wp-json\/wp\/v2\/users\/3"}],"replies":[{"embeddable":true,"href":"https:\/\/www.caudete.org\/ayuntamiento\/wp-json\/wp\/v2\/comments?post=21243"}],"version-history":[{"count":2,"href":"https:\/\/www.caudete.org\/ayuntamiento\/wp-json\/wp\/v2\/posts\/21243\/revisions"}],"predecessor-version":[{"id":21275,"href":"https:\/\/www.caudete.org\/ayuntamiento\/wp-json\/wp\/v2\/posts\/21243\/revisions\/21275"}],"wp:featuredmedia":[{"embeddable":true,"href":"https:\/\/www.caudete.org\/ayuntamiento\/wp-json\/wp\/v2\/media\/21261"}],"wp:attachment":[{"href":"https:\/\/www.caudete.org\/ayuntamiento\/wp-json\/wp\/v2\/media?parent=21243"}],"wp:term":[{"taxonomy":"category","embeddable":true,"href":"https:\/\/www.caudete.org\/ayuntamiento\/wp-json\/wp\/v2\/categories?post=21243"},{"taxonomy":"post_tag","embeddable":true,"href":"https:\/\/www.caudete.org\/ayuntamiento\/wp-json\/wp\/v2\/tags?post=21243"}],"curies":[{"name":"wp","href":"https:\/\/api.w.org\/{rel}","templated":true}]}}