{"id":21270,"date":"2023-02-03T08:19:54","date_gmt":"2023-02-03T07:19:54","guid":{"rendered":"https:\/\/www.caudete.org\/ayuntamiento\/?p=21270"},"modified":"2023-02-03T09:09:09","modified_gmt":"2023-02-03T08:09:09","slug":"novedades-en-la-quema-de-restos-de-poda-con-la-nueva-ley-de-la-pac","status":"publish","type":"post","link":"https:\/\/www.caudete.org\/ayuntamiento\/novedades-en-la-quema-de-restos-de-poda-con-la-nueva-ley-de-la-pac\/","title":{"rendered":"Novedades en la quema de restos de poda, con la nueva Ley de la PAC"},"content":{"rendered":"<p style=\"text-align: justify;\"><span style=\"font-weight: 400;\">Tras la <\/span><b>entrada en vigor de la nueva ley estatal de la PAC <\/b><span style=\"font-weight: 400;\">(Pol\u00edtica Agraria Com\u00fan), se&nbsp; <\/span><b>abre la puerta a las quemas agr\u00edcolas sin autorizaci\u00f3n <\/b><span style=\"font-weight: 400;\">en peque\u00f1as y microexplotaciones agrarias.<\/span><\/p>\n<p style=\"text-align: justify;\"><span style=\"font-weight: 400;\">La norma est\u00e1 en vigor desde el 2 de enero y viene a <\/span><b>derogar la prohibici\u00f3n general <\/b><span style=\"font-weight: 400;\">que contemplaba la reciente Ley de Residuos, que s\u00f3lo permit\u00eda dar el visto bueno a una quema si hab\u00eda riesgo de generar plagas en una finca o cosecha, algo que en Caudete, por ejemplo, ha supuesto que cerca de 250 vecinos tuviesen que tramitar la solicitud de autorizaci\u00f3n para realizar la quema de podas de sus parcelas y campos.<\/span><\/p>\n<p style=\"text-align: justify;\"><span style=\"font-weight: 400;\">Con la aprobaci\u00f3n de la Ley de Residuos, la Consejer\u00eda de Agricultura&nbsp; emiti\u00f3 Resoluci\u00f3n de 13\/10\/2022, de la Direcci\u00f3n General de Agricultura y Ganader\u00eda, para el otorgamiento de la autorizaci\u00f3n excepcional e individualizada de la quema de residuos agr\u00edcolas por motivos fitosanitarios.<\/span><\/p>\n<p style=\"text-align: justify;\"><b>Actualmente<\/b><span style=\"font-weight: 400;\">, con la nueva Ley de la PAC, se modifica la Ley de Residuos&nbsp; y Suelos Contaminados y las quemas agr\u00edcolas, <\/span><b>estar\u00edan permitidas<\/b><span style=\"font-weight: 400;\"> en las explotaciones de menos de 50 trabajadores y que facturen menos de 10 millones de euros.<\/span><\/p>\n<p style=\"text-align: justify;\"><b>Unicamente,<\/b><span style=\"font-weight: 400;\"> en el caso de realizar esta actividad a menos de 400m de monte se deber\u00e1 obtener el permiso (emitido por el Agente Forestal para realizar la quema)<br \/>\n<\/span><\/p>\n<p style=\"text-align: justify;\"><span style=\"font-weight: 400;\">En cualquieras de los casos, <\/span><b>recordar<\/b><span style=\"font-weight: 400;\"> que durante la quema se deber\u00e1n tener en cuenta<\/span> <span style=\"font-weight: 400;\">&nbsp;<\/span><span style=\"font-weight: 400;\">los condicionantes establecidos&nbsp; tanto por la Orden 16 de mayo de 2006 de&nbsp; la Consejer\u00eda de Medio Ambiente y Desarrollo Rural, por la que se regulan las campa\u00f1as de prevenci\u00f3n de incendios forestales como la Orden de 198\/2022, de 14 de octubre, de la Consejer\u00eda de Desarrollo&nbsp; que la modifica.<\/span><\/p>\n<p style=\"text-align: justify;\"><span style=\"font-weight: 400;\">Los condicionantes para la quema de restos vegetales son los siguientes:<\/span><\/p>\n<ul>\n<li style=\"text-align: justify;\"><span style=\"font-weight: 400;\"> &nbsp; &nbsp; &nbsp; <\/span><span style=\"font-weight: 400;\">No quemar en condiciones de viento moderado o fuerte.<\/span><\/li>\n<li style=\"text-align: justify;\"><span style=\"font-weight: 400;\"> &nbsp; &nbsp; &nbsp; <\/span><span style=\"font-weight: 400;\">No quemar, o interrumpir la actividad de quema, cuando el humo pueda afectar a carreteras o n\u00facleos de poblaci\u00f3n.<\/span><\/li>\n<li style=\"text-align: justify;\"><span style=\"font-weight: 400;\"> &nbsp; &nbsp; &nbsp; <\/span><span style=\"font-weight: 400;\">Asegurar la discontinuidad de los restos vegetales a quemar con otros combustibles agr\u00edcolas o forestales, mediante una faja de anchura suficiente libre de elementos combustibles.<\/span><\/li>\n<li style=\"text-align: justify;\"><span style=\"font-weight: 400;\"> &nbsp; &nbsp; &nbsp; <\/span><span style=\"font-weight: 400;\">En el caso de quemas de restos vegetales en terrenos agr\u00edcolas a menos de 400m. de una zona con la consideraci\u00f3n de terreno forestal o monte, situar los restos a quemar lo m\u00e1s alejados posible de dicha zona forestal.<\/span><\/li>\n<li style=\"text-align: justify;\"><span style=\"font-weight: 400;\"> &nbsp; &nbsp; &nbsp; <\/span><span style=\"font-weight: 400;\">Disponer del personal y de los medios materiales suficientes para poder controlar la quema y sofocar los posibles conatos de incendio.<\/span><\/li>\n<li style=\"text-align: justify;\"><span style=\"font-weight: 400;\"> &nbsp; &nbsp; &nbsp; <\/span><span style=\"font-weight: 400;\">No iniciar la quema antes de las dos horas previas a la salida del sol y dejarla perfectamente apagada antes de las 16:00 horas.<\/span><\/li>\n<li style=\"text-align: justify;\"><span style=\"font-weight: 400;\"> &nbsp; &nbsp; &nbsp; <\/span><span style=\"font-weight: 400;\">Vigilar y controlar permanentemente la quema, permaneciendo en el lugar hastas que no haya llama, humo o rescoldos incandescentes.<\/span><\/li>\n<li style=\"text-align: justify;\"><span style=\"font-weight: 400;\"> &nbsp; &nbsp; &nbsp; <\/span><span style=\"font-weight: 400;\">Interrumpir toda actividad de quema o uso del fuego cuando as\u00ed lo indique verbalmente un Agente de la autoridad, en el caso de que estime que no se est\u00e1n cumpliendo de las debidas medidas de control y seguridad o que las condiciones de las mismas suponen un peligro para el Medio Natural.<\/span><\/li>\n<\/ul>\n","protected":false},"excerpt":{"rendered":"<p>Tras la entrada en vigor de la nueva ley estatal de la PAC (Pol\u00edtica Agraria Com\u00fan), se&nbsp; abre la puerta a las quemas agr\u00edcolas sin autorizaci\u00f3n en peque\u00f1as y microexplotaciones agrarias. La norma est\u00e1 en vigor desde el 2 de enero y viene a derogar la prohibici\u00f3n general que contemplaba la reciente Ley de Residuos, &hellip;<\/p>\n","protected":false},"author":3,"featured_media":21271,"comment_status":"closed","ping_status":"open","sticky":false,"template":"","format":"standard","meta":{"ngg_post_thumbnail":0,"footnotes":""},"categories":[29],"tags":[],"class_list":["post-21270","post","type-post","status-publish","format-standard","has-post-thumbnail","hentry","category-medio-ambiente"],"yoast_head":"<!-- This site is optimized with the Yoast SEO plugin v27.5 - https:\/\/yoast.com\/product\/yoast-seo-wordpress\/ -->\n<title>Novedades en la quema de restos de poda, con la nueva Ley de la PAC - MI Ayuntamiento de Caudete<\/title>\n<meta name=\"description\" content=\"P\u00e1gina Oficial del Ayuntamiento de Caudete (Albacete)\" \/>\n<meta name=\"robots\" content=\"index, follow, max-snippet:-1, max-image-preview:large, max-video-preview:-1\" \/>\n<link rel=\"canonical\" href=\"https:\/\/www.caudete.org\/ayuntamiento\/novedades-en-la-quema-de-restos-de-poda-con-la-nueva-ley-de-la-pac\/\" \/>\n<meta property=\"og:locale\" content=\"es_ES\" \/>\n<meta property=\"og:type\" content=\"article\" \/>\n<meta property=\"og:title\" content=\"Novedades en la quema de restos de poda, con la nueva Ley de la PAC - MI Ayuntamiento de Caudete\" \/>\n<meta property=\"og:description\" content=\"P\u00e1gina Oficial del Ayuntamiento de Caudete (Albacete)\" \/>\n<meta property=\"og:url\" content=\"https:\/\/www.caudete.org\/ayuntamiento\/novedades-en-la-quema-de-restos-de-poda-con-la-nueva-ley-de-la-pac\/\" \/>\n<meta property=\"og:site_name\" content=\"MI Ayuntamiento de Caudete\" \/>\n<meta property=\"article:publisher\" content=\"https:\/\/www.facebook.com\/ayuntamientocaudete\/\" \/>\n<meta property=\"article:published_time\" content=\"2023-02-03T07:19:54+00:00\" \/>\n<meta property=\"article:modified_time\" content=\"2023-02-03T08:09:09+00:00\" \/>\n<meta property=\"og:image\" content=\"https:\/\/www.caudete.org\/ayuntamiento\/wp-content\/uploads\/2023\/02\/quema-de-poda.jpg\" \/>\n\t<meta property=\"og:image:width\" content=\"820\" \/>\n\t<meta property=\"og:image:height\" content=\"534\" \/>\n\t<meta property=\"og:image:type\" content=\"image\/jpeg\" \/>\n<meta name=\"author\" content=\"alcalde\" \/>\n<meta name=\"twitter:card\" content=\"summary_large_image\" \/>\n<meta name=\"twitter:label1\" content=\"Escrito por\" \/>\n\t<meta name=\"twitter:data1\" content=\"alcalde\" \/>\n\t<meta name=\"twitter:label2\" content=\"Tiempo de lectura\" \/>\n\t<meta name=\"twitter:data2\" content=\"3 minutos\" \/>\n<script type=\"application\/ld+json\" class=\"yoast-schema-graph\">{\"@context\":\"https:\\\/\\\/schema.org\",\"@graph\":[{\"@type\":\"Article\",\"@id\":\"https:\\\/\\\/www.caudete.org\\\/ayuntamiento\\\/novedades-en-la-quema-de-restos-de-poda-con-la-nueva-ley-de-la-pac\\\/#article\",\"isPartOf\":{\"@id\":\"https:\\\/\\\/www.caudete.org\\\/ayuntamiento\\\/novedades-en-la-quema-de-restos-de-poda-con-la-nueva-ley-de-la-pac\\\/\"},\"author\":{\"name\":\"alcalde\",\"@id\":\"https:\\\/\\\/www.caudete.org\\\/ayuntamiento\\\/#\\\/schema\\\/person\\\/cc646da9133078ee4d8dd47457947253\"},\"headline\":\"Novedades en la quema de restos de poda, con la nueva Ley de la PAC\",\"datePublished\":\"2023-02-03T07:19:54+00:00\",\"dateModified\":\"2023-02-03T08:09:09+00:00\",\"mainEntityOfPage\":{\"@id\":\"https:\\\/\\\/www.caudete.org\\\/ayuntamiento\\\/novedades-en-la-quema-de-restos-de-poda-con-la-nueva-ley-de-la-pac\\\/\"},\"wordCount\":568,\"image\":{\"@id\":\"https:\\\/\\\/www.caudete.org\\\/ayuntamiento\\\/novedades-en-la-quema-de-restos-de-poda-con-la-nueva-ley-de-la-pac\\\/#primaryimage\"},\"thumbnailUrl\":\"https:\\\/\\\/www.caudete.org\\\/ayuntamiento\\\/wp-content\\\/uploads\\\/2023\\\/02\\\/quema-de-poda.jpg\",\"articleSection\":[\"Medio Ambiente\"],\"inLanguage\":\"es\"},{\"@type\":\"WebPage\",\"@id\":\"https:\\\/\\\/www.caudete.org\\\/ayuntamiento\\\/novedades-en-la-quema-de-restos-de-poda-con-la-nueva-ley-de-la-pac\\\/\",\"url\":\"https:\\\/\\\/www.caudete.org\\\/ayuntamiento\\\/novedades-en-la-quema-de-restos-de-poda-con-la-nueva-ley-de-la-pac\\\/\",\"name\":\"Novedades en la quema de restos de poda, con la nueva Ley de la PAC - MI Ayuntamiento de Caudete\",\"isPartOf\":{\"@id\":\"https:\\\/\\\/www.caudete.org\\\/ayuntamiento\\\/#website\"},\"primaryImageOfPage\":{\"@id\":\"https:\\\/\\\/www.caudete.org\\\/ayuntamiento\\\/novedades-en-la-quema-de-restos-de-poda-con-la-nueva-ley-de-la-pac\\\/#primaryimage\"},\"image\":{\"@id\":\"https:\\\/\\\/www.caudete.org\\\/ayuntamiento\\\/novedades-en-la-quema-de-restos-de-poda-con-la-nueva-ley-de-la-pac\\\/#primaryimage\"},\"thumbnailUrl\":\"https:\\\/\\\/www.caudete.org\\\/ayuntamiento\\\/wp-content\\\/uploads\\\/2023\\\/02\\\/quema-de-poda.jpg\",\"datePublished\":\"2023-02-03T07:19:54+00:00\",\"dateModified\":\"2023-02-03T08:09:09+00:00\",\"author\":{\"@id\":\"https:\\\/\\\/www.caudete.org\\\/ayuntamiento\\\/#\\\/schema\\\/person\\\/cc646da9133078ee4d8dd47457947253\"},\"description\":\"P\u00e1gina Oficial del Ayuntamiento de Caudete (Albacete)\",\"breadcrumb\":{\"@id\":\"https:\\\/\\\/www.caudete.org\\\/ayuntamiento\\\/novedades-en-la-quema-de-restos-de-poda-con-la-nueva-ley-de-la-pac\\\/#breadcrumb\"},\"inLanguage\":\"es\",\"potentialAction\":[{\"@type\":\"ReadAction\",\"target\":[\"https:\\\/\\\/www.caudete.org\\\/ayuntamiento\\\/novedades-en-la-quema-de-restos-de-poda-con-la-nueva-ley-de-la-pac\\\/\"]}]},{\"@type\":\"ImageObject\",\"inLanguage\":\"es\",\"@id\":\"https:\\\/\\\/www.caudete.org\\\/ayuntamiento\\\/novedades-en-la-quema-de-restos-de-poda-con-la-nueva-ley-de-la-pac\\\/#primaryimage\",\"url\":\"https:\\\/\\\/www.caudete.org\\\/ayuntamiento\\\/wp-content\\\/uploads\\\/2023\\\/02\\\/quema-de-poda.jpg\",\"contentUrl\":\"https:\\\/\\\/www.caudete.org\\\/ayuntamiento\\\/wp-content\\\/uploads\\\/2023\\\/02\\\/quema-de-poda.jpg\",\"width\":820,\"height\":534},{\"@type\":\"BreadcrumbList\",\"@id\":\"https:\\\/\\\/www.caudete.org\\\/ayuntamiento\\\/novedades-en-la-quema-de-restos-de-poda-con-la-nueva-ley-de-la-pac\\\/#breadcrumb\",\"itemListElement\":[{\"@type\":\"ListItem\",\"position\":1,\"name\":\"Inicio\",\"item\":\"https:\\\/\\\/www.caudete.org\\\/ayuntamiento\\\/\"},{\"@type\":\"ListItem\",\"position\":2,\"name\":\"Novedades en la quema de restos de poda, con la nueva Ley de la PAC\"}]},{\"@type\":\"WebSite\",\"@id\":\"https:\\\/\\\/www.caudete.org\\\/ayuntamiento\\\/#website\",\"url\":\"https:\\\/\\\/www.caudete.org\\\/ayuntamiento\\\/\",\"name\":\"MI Ayuntamiento de Caudete\",\"description\":\"P\u00e1gina Oficial del MI Ayuntamiento de Caudete\",\"potentialAction\":[{\"@type\":\"SearchAction\",\"target\":{\"@type\":\"EntryPoint\",\"urlTemplate\":\"https:\\\/\\\/www.caudete.org\\\/ayuntamiento\\\/?s={search_term_string}\"},\"query-input\":{\"@type\":\"PropertyValueSpecification\",\"valueRequired\":true,\"valueName\":\"search_term_string\"}}],\"inLanguage\":\"es\"},{\"@type\":\"Person\",\"@id\":\"https:\\\/\\\/www.caudete.org\\\/ayuntamiento\\\/#\\\/schema\\\/person\\\/cc646da9133078ee4d8dd47457947253\",\"name\":\"alcalde\",\"image\":{\"@type\":\"ImageObject\",\"inLanguage\":\"es\",\"@id\":\"https:\\\/\\\/secure.gravatar.com\\\/avatar\\\/84a817ba065b29ff08d666b215a215f5c79186a645ccb25b14a663d48a130f77?s=96&d=mm&r=g\",\"url\":\"https:\\\/\\\/secure.gravatar.com\\\/avatar\\\/84a817ba065b29ff08d666b215a215f5c79186a645ccb25b14a663d48a130f77?s=96&d=mm&r=g\",\"contentUrl\":\"https:\\\/\\\/secure.gravatar.com\\\/avatar\\\/84a817ba065b29ff08d666b215a215f5c79186a645ccb25b14a663d48a130f77?s=96&d=mm&r=g\",\"caption\":\"alcalde\"},\"url\":\"https:\\\/\\\/www.caudete.org\\\/ayuntamiento\\\/author\\\/alcalde\\\/\"}]}<\/script>\n<!-- \/ Yoast SEO plugin. -->","yoast_head_json":{"title":"Novedades en la quema de restos de poda, con la nueva Ley de la PAC - MI Ayuntamiento de Caudete","description":"P\u00e1gina Oficial del Ayuntamiento de Caudete (Albacete)","robots":{"index":"index","follow":"follow","max-snippet":"max-snippet:-1","max-image-preview":"max-image-preview:large","max-video-preview":"max-video-preview:-1"},"canonical":"https:\/\/www.caudete.org\/ayuntamiento\/novedades-en-la-quema-de-restos-de-poda-con-la-nueva-ley-de-la-pac\/","og_locale":"es_ES","og_type":"article","og_title":"Novedades en la quema de restos de poda, con la nueva Ley de la PAC - MI Ayuntamiento de Caudete","og_description":"P\u00e1gina Oficial del Ayuntamiento de Caudete (Albacete)","og_url":"https:\/\/www.caudete.org\/ayuntamiento\/novedades-en-la-quema-de-restos-de-poda-con-la-nueva-ley-de-la-pac\/","og_site_name":"MI Ayuntamiento de Caudete","article_publisher":"https:\/\/www.facebook.com\/ayuntamientocaudete\/","article_published_time":"2023-02-03T07:19:54+00:00","article_modified_time":"2023-02-03T08:09:09+00:00","og_image":[{"width":820,"height":534,"url":"https:\/\/www.caudete.org\/ayuntamiento\/wp-content\/uploads\/2023\/02\/quema-de-poda.jpg","type":"image\/jpeg"}],"author":"alcalde","twitter_card":"summary_large_image","twitter_misc":{"Escrito por":"alcalde","Tiempo de lectura":"3 minutos"},"schema":{"@context":"https:\/\/schema.org","@graph":[{"@type":"Article","@id":"https:\/\/www.caudete.org\/ayuntamiento\/novedades-en-la-quema-de-restos-de-poda-con-la-nueva-ley-de-la-pac\/#article","isPartOf":{"@id":"https:\/\/www.caudete.org\/ayuntamiento\/novedades-en-la-quema-de-restos-de-poda-con-la-nueva-ley-de-la-pac\/"},"author":{"name":"alcalde","@id":"https:\/\/www.caudete.org\/ayuntamiento\/#\/schema\/person\/cc646da9133078ee4d8dd47457947253"},"headline":"Novedades en la quema de restos de poda, con la nueva Ley de la PAC","datePublished":"2023-02-03T07:19:54+00:00","dateModified":"2023-02-03T08:09:09+00:00","mainEntityOfPage":{"@id":"https:\/\/www.caudete.org\/ayuntamiento\/novedades-en-la-quema-de-restos-de-poda-con-la-nueva-ley-de-la-pac\/"},"wordCount":568,"image":{"@id":"https:\/\/www.caudete.org\/ayuntamiento\/novedades-en-la-quema-de-restos-de-poda-con-la-nueva-ley-de-la-pac\/#primaryimage"},"thumbnailUrl":"https:\/\/www.caudete.org\/ayuntamiento\/wp-content\/uploads\/2023\/02\/quema-de-poda.jpg","articleSection":["Medio Ambiente"],"inLanguage":"es"},{"@type":"WebPage","@id":"https:\/\/www.caudete.org\/ayuntamiento\/novedades-en-la-quema-de-restos-de-poda-con-la-nueva-ley-de-la-pac\/","url":"https:\/\/www.caudete.org\/ayuntamiento\/novedades-en-la-quema-de-restos-de-poda-con-la-nueva-ley-de-la-pac\/","name":"Novedades en la quema de restos de poda, con la nueva Ley de la PAC - MI Ayuntamiento de Caudete","isPartOf":{"@id":"https:\/\/www.caudete.org\/ayuntamiento\/#website"},"primaryImageOfPage":{"@id":"https:\/\/www.caudete.org\/ayuntamiento\/novedades-en-la-quema-de-restos-de-poda-con-la-nueva-ley-de-la-pac\/#primaryimage"},"image":{"@id":"https:\/\/www.caudete.org\/ayuntamiento\/novedades-en-la-quema-de-restos-de-poda-con-la-nueva-ley-de-la-pac\/#primaryimage"},"thumbnailUrl":"https:\/\/www.caudete.org\/ayuntamiento\/wp-content\/uploads\/2023\/02\/quema-de-poda.jpg","datePublished":"2023-02-03T07:19:54+00:00","dateModified":"2023-02-03T08:09:09+00:00","author":{"@id":"https:\/\/www.caudete.org\/ayuntamiento\/#\/schema\/person\/cc646da9133078ee4d8dd47457947253"},"description":"P\u00e1gina Oficial del Ayuntamiento de Caudete (Albacete)","breadcrumb":{"@id":"https:\/\/www.caudete.org\/ayuntamiento\/novedades-en-la-quema-de-restos-de-poda-con-la-nueva-ley-de-la-pac\/#breadcrumb"},"inLanguage":"es","potentialAction":[{"@type":"ReadAction","target":["https:\/\/www.caudete.org\/ayuntamiento\/novedades-en-la-quema-de-restos-de-poda-con-la-nueva-ley-de-la-pac\/"]}]},{"@type":"ImageObject","inLanguage":"es","@id":"https:\/\/www.caudete.org\/ayuntamiento\/novedades-en-la-quema-de-restos-de-poda-con-la-nueva-ley-de-la-pac\/#primaryimage","url":"https:\/\/www.caudete.org\/ayuntamiento\/wp-content\/uploads\/2023\/02\/quema-de-poda.jpg","contentUrl":"https:\/\/www.caudete.org\/ayuntamiento\/wp-content\/uploads\/2023\/02\/quema-de-poda.jpg","width":820,"height":534},{"@type":"BreadcrumbList","@id":"https:\/\/www.caudete.org\/ayuntamiento\/novedades-en-la-quema-de-restos-de-poda-con-la-nueva-ley-de-la-pac\/#breadcrumb","itemListElement":[{"@type":"ListItem","position":1,"name":"Inicio","item":"https:\/\/www.caudete.org\/ayuntamiento\/"},{"@type":"ListItem","position":2,"name":"Novedades en la quema de restos de poda, con la nueva Ley de la PAC"}]},{"@type":"WebSite","@id":"https:\/\/www.caudete.org\/ayuntamiento\/#website","url":"https:\/\/www.caudete.org\/ayuntamiento\/","name":"MI Ayuntamiento de Caudete","description":"P\u00e1gina Oficial del MI Ayuntamiento de Caudete","potentialAction":[{"@type":"SearchAction","target":{"@type":"EntryPoint","urlTemplate":"https:\/\/www.caudete.org\/ayuntamiento\/?s={search_term_string}"},"query-input":{"@type":"PropertyValueSpecification","valueRequired":true,"valueName":"search_term_string"}}],"inLanguage":"es"},{"@type":"Person","@id":"https:\/\/www.caudete.org\/ayuntamiento\/#\/schema\/person\/cc646da9133078ee4d8dd47457947253","name":"alcalde","image":{"@type":"ImageObject","inLanguage":"es","@id":"https:\/\/secure.gravatar.com\/avatar\/84a817ba065b29ff08d666b215a215f5c79186a645ccb25b14a663d48a130f77?s=96&d=mm&r=g","url":"https:\/\/secure.gravatar.com\/avatar\/84a817ba065b29ff08d666b215a215f5c79186a645ccb25b14a663d48a130f77?s=96&d=mm&r=g","contentUrl":"https:\/\/secure.gravatar.com\/avatar\/84a817ba065b29ff08d666b215a215f5c79186a645ccb25b14a663d48a130f77?s=96&d=mm&r=g","caption":"alcalde"},"url":"https:\/\/www.caudete.org\/ayuntamiento\/author\/alcalde\/"}]}},"_links":{"self":[{"href":"https:\/\/www.caudete.org\/ayuntamiento\/wp-json\/wp\/v2\/posts\/21270","targetHints":{"allow":["GET"]}}],"collection":[{"href":"https:\/\/www.caudete.org\/ayuntamiento\/wp-json\/wp\/v2\/posts"}],"about":[{"href":"https:\/\/www.caudete.org\/ayuntamiento\/wp-json\/wp\/v2\/types\/post"}],"author":[{"embeddable":true,"href":"https:\/\/www.caudete.org\/ayuntamiento\/wp-json\/wp\/v2\/users\/3"}],"replies":[{"embeddable":true,"href":"https:\/\/www.caudete.org\/ayuntamiento\/wp-json\/wp\/v2\/comments?post=21270"}],"version-history":[{"count":2,"href":"https:\/\/www.caudete.org\/ayuntamiento\/wp-json\/wp\/v2\/posts\/21270\/revisions"}],"predecessor-version":[{"id":21273,"href":"https:\/\/www.caudete.org\/ayuntamiento\/wp-json\/wp\/v2\/posts\/21270\/revisions\/21273"}],"wp:featuredmedia":[{"embeddable":true,"href":"https:\/\/www.caudete.org\/ayuntamiento\/wp-json\/wp\/v2\/media\/21271"}],"wp:attachment":[{"href":"https:\/\/www.caudete.org\/ayuntamiento\/wp-json\/wp\/v2\/media?parent=21270"}],"wp:term":[{"taxonomy":"category","embeddable":true,"href":"https:\/\/www.caudete.org\/ayuntamiento\/wp-json\/wp\/v2\/categories?post=21270"},{"taxonomy":"post_tag","embeddable":true,"href":"https:\/\/www.caudete.org\/ayuntamiento\/wp-json\/wp\/v2\/tags?post=21270"}],"curies":[{"name":"wp","href":"https:\/\/api.w.org\/{rel}","templated":true}]}}