{"id":21310,"date":"2023-02-06T21:34:07","date_gmt":"2023-02-06T20:34:07","guid":{"rendered":"https:\/\/www.caudete.org\/ayuntamiento\/?p=21310"},"modified":"2023-02-06T21:42:40","modified_gmt":"2023-02-06T20:42:40","slug":"en-proximos-dias-se-abriran-al-trafico-algunas-de-las-calles-de-las-urbanizadas-por-mercadona","status":"publish","type":"post","link":"https:\/\/www.caudete.org\/ayuntamiento\/en-proximos-dias-se-abriran-al-trafico-algunas-de-las-calles-de-las-urbanizadas-por-mercadona\/","title":{"rendered":"En pr\u00f3ximos d\u00edas se abrir\u00e1n al tr\u00e1fico algunas de las calles de las urbanizadas por Mercadona"},"content":{"rendered":"<p style=\"text-align: justify;\">Esta ma\u00f1ana el Alcalde Mois\u00e9s L\u00f3pez y el Concejal de Movilidad Joaqu\u00edn Pag\u00e1n visitaban las obras de urbanizaci\u00f3n que Mercadona est\u00e1 realizando en el entorno de donde est\u00e1 construyendo su nuevo complejo comercial.<\/p>\n<p style=\"text-align: justify;\">El avance de las mismas es evidente, y la empresa constructora, Pavasal, se encuentra asfaltando el firme de las calles que han sido objeto de actuaci\u00f3n, y que en unos d\u00edas comenzar\u00e1n a abrirse al tr\u00e1fico, siendo la primera de ellas la C\/Manuel Mart\u00ednez (continuaci\u00f3n de C\/La Zafra).<\/p>\n<p><a href=\"https:\/\/www.caudete.org\/ayuntamiento\/wp-content\/uploads\/2023\/02\/WhatsApp-Image-2023-02-06-at-13.33.33.jpeg\" rel='prettyPhoto'><img fetchpriority=\"high\" decoding=\"async\" class=\"aligncenter wp-image-21312 size-medium\" src=\"https:\/\/www.caudete.org\/ayuntamiento\/wp-content\/uploads\/2023\/02\/WhatsApp-Image-2023-02-06-at-13.33.33-300x225.jpeg\" alt=\"\" width=\"300\" height=\"225\" srcset=\"https:\/\/www.caudete.org\/ayuntamiento\/wp-content\/uploads\/2023\/02\/WhatsApp-Image-2023-02-06-at-13.33.33-300x225.jpeg 300w, https:\/\/www.caudete.org\/ayuntamiento\/wp-content\/uploads\/2023\/02\/WhatsApp-Image-2023-02-06-at-13.33.33-1024x768.jpeg 1024w, https:\/\/www.caudete.org\/ayuntamiento\/wp-content\/uploads\/2023\/02\/WhatsApp-Image-2023-02-06-at-13.33.33-768x576.jpeg 768w, https:\/\/www.caudete.org\/ayuntamiento\/wp-content\/uploads\/2023\/02\/WhatsApp-Image-2023-02-06-at-13.33.33-1536x1152.jpeg 1536w, https:\/\/www.caudete.org\/ayuntamiento\/wp-content\/uploads\/2023\/02\/WhatsApp-Image-2023-02-06-at-13.33.33.jpeg 2048w\" sizes=\"(max-width: 300px) 100vw, 300px\" \/><\/a><\/p>\n<p style=\"text-align: justify;\">El Alcalde mostraba la satisfacci\u00f3n del Consistorio por la calidad de las mismas, y por el trabajo y buen entendimiento que tanto empresa como T\u00e9cnicos Municipales han demostrado para lograr una actuaci\u00f3n moderna, segura, c\u00f3moda y verde, que va a otorgar al municipio una imagen de ciudad y de orden a una de las principales entradas al municipio.<\/p>\n<p style=\"text-align: justify;\">Grandes espacios para el peat\u00f3n, continuaci\u00f3n del carril bici, barrera vegetal de protecci\u00f3n en todo el per\u00edmetro de la rotonda, buena iluminaci\u00f3n, y arbolado son algunas de las se\u00f1as de esta actuaci\u00f3n, que adem\u00e1s resuelven el cruce de gran intensidad de tr\u00e1fico, como lo era a la intersecci\u00f3n con C\/La Zafra con una rotonda.<\/p>\n<p><a href=\"https:\/\/www.caudete.org\/ayuntamiento\/wp-content\/uploads\/2023\/02\/WhatsApp-Image-2023-02-06-at-13.33.34.jpeg\" rel='prettyPhoto'><img decoding=\"async\" class=\"aligncenter wp-image-21313 size-medium\" src=\"https:\/\/www.caudete.org\/ayuntamiento\/wp-content\/uploads\/2023\/02\/WhatsApp-Image-2023-02-06-at-13.33.34-300x225.jpeg\" alt=\"\" width=\"300\" height=\"225\" srcset=\"https:\/\/www.caudete.org\/ayuntamiento\/wp-content\/uploads\/2023\/02\/WhatsApp-Image-2023-02-06-at-13.33.34-300x225.jpeg 300w, https:\/\/www.caudete.org\/ayuntamiento\/wp-content\/uploads\/2023\/02\/WhatsApp-Image-2023-02-06-at-13.33.34-1024x768.jpeg 1024w, https:\/\/www.caudete.org\/ayuntamiento\/wp-content\/uploads\/2023\/02\/WhatsApp-Image-2023-02-06-at-13.33.34-768x576.jpeg 768w, https:\/\/www.caudete.org\/ayuntamiento\/wp-content\/uploads\/2023\/02\/WhatsApp-Image-2023-02-06-at-13.33.34-1536x1152.jpeg 1536w, https:\/\/www.caudete.org\/ayuntamiento\/wp-content\/uploads\/2023\/02\/WhatsApp-Image-2023-02-06-at-13.33.34.jpeg 2048w\" sizes=\"(max-width: 300px) 100vw, 300px\" \/><\/a><\/p>\n<p style=\"text-align: justify;\">Joaqu\u00edn Pag\u00e1n, agradec\u00eda a los caudetanos la paciencia tenida con las obras ejecutadas y pagadas en su totalidad por Mercadona, y adelantaba que la actuaci\u00f3n tendr\u00e1 ciertos cambios en la movilidad del tr\u00e1fico rodado en la zona, ya que se ha buscado primar dentro de la seguridad vial, al peat\u00f3n. Ante ello, se refer\u00eda por ejemplo a la eliminaci\u00f3n del cruce a izquierdas desde C\/Jos\u00e9 Ruiz Ruiz con la Avda. de Villena, o la imposibilidad de cruce que tendr\u00e1 dicha Avenida con la nueva Calle generada entre el nuevo Cuartel de la Guardia Civil (en obras) y Mercadona, llamada C\/Miguel Gonz\u00e1lez Palaz\u00f3n.<\/p>\n<p style=\"text-align: justify;\">Igualmente, y en este sentido, ped\u00eda de nuevo algo de paciencia, ya que la ordenaci\u00f3n se realizar\u00e1 poco a poco, y en funci\u00f3n de cuando se vayan aperturando las v\u00edas afectadas por las obras.<\/p>\n<p><a href=\"https:\/\/www.caudete.org\/ayuntamiento\/wp-content\/uploads\/2023\/02\/WhatsApp-Image-2023-02-06-at-13.33.32-1.jpeg\" rel='prettyPhoto'><img decoding=\"async\" class=\"aligncenter wp-image-21314 size-medium\" src=\"https:\/\/www.caudete.org\/ayuntamiento\/wp-content\/uploads\/2023\/02\/WhatsApp-Image-2023-02-06-at-13.33.32-1-300x225.jpeg\" alt=\"\" width=\"300\" height=\"225\" srcset=\"https:\/\/www.caudete.org\/ayuntamiento\/wp-content\/uploads\/2023\/02\/WhatsApp-Image-2023-02-06-at-13.33.32-1-300x225.jpeg 300w, https:\/\/www.caudete.org\/ayuntamiento\/wp-content\/uploads\/2023\/02\/WhatsApp-Image-2023-02-06-at-13.33.32-1-1024x768.jpeg 1024w, https:\/\/www.caudete.org\/ayuntamiento\/wp-content\/uploads\/2023\/02\/WhatsApp-Image-2023-02-06-at-13.33.32-1-768x576.jpeg 768w, https:\/\/www.caudete.org\/ayuntamiento\/wp-content\/uploads\/2023\/02\/WhatsApp-Image-2023-02-06-at-13.33.32-1-1536x1152.jpeg 1536w, https:\/\/www.caudete.org\/ayuntamiento\/wp-content\/uploads\/2023\/02\/WhatsApp-Image-2023-02-06-at-13.33.32-1.jpeg 2048w\" sizes=\"(max-width: 300px) 100vw, 300px\" \/><\/a><\/p>\n","protected":false},"excerpt":{"rendered":"<p>Esta ma\u00f1ana el Alcalde Mois\u00e9s L\u00f3pez y el Concejal de Movilidad Joaqu\u00edn Pag\u00e1n visitaban las obras de urbanizaci\u00f3n que Mercadona est\u00e1 realizando en el entorno de donde est\u00e1 construyendo su nuevo complejo comercial. El avance de las mismas es evidente, y la empresa constructora, Pavasal, se encuentra asfaltando el firme de las calles que han &hellip;<\/p>\n","protected":false},"author":3,"featured_media":21317,"comment_status":"closed","ping_status":"open","sticky":false,"template":"","format":"standard","meta":{"ngg_post_thumbnail":0,"footnotes":""},"categories":[46],"tags":[],"class_list":["post-21310","post","type-post","status-publish","format-standard","has-post-thumbnail","hentry","category-movilidad-urbana"],"yoast_head":"<!-- This site is optimized with the Yoast SEO plugin v27.5 - https:\/\/yoast.com\/product\/yoast-seo-wordpress\/ -->\n<title>En pr\u00f3ximos d\u00edas se abrir\u00e1n al tr\u00e1fico algunas de las calles de las urbanizadas por Mercadona - MI Ayuntamiento de Caudete<\/title>\n<meta name=\"description\" content=\"P\u00e1gina Oficial del Ayuntamiento de Caudete (Albacete)\" \/>\n<meta name=\"robots\" content=\"index, follow, max-snippet:-1, max-image-preview:large, max-video-preview:-1\" \/>\n<link rel=\"canonical\" href=\"https:\/\/www.caudete.org\/ayuntamiento\/en-proximos-dias-se-abriran-al-trafico-algunas-de-las-calles-de-las-urbanizadas-por-mercadona\/\" \/>\n<meta property=\"og:locale\" content=\"es_ES\" \/>\n<meta property=\"og:type\" content=\"article\" \/>\n<meta property=\"og:title\" content=\"En pr\u00f3ximos d\u00edas se abrir\u00e1n al tr\u00e1fico algunas de las calles de las urbanizadas por Mercadona - MI Ayuntamiento de Caudete\" \/>\n<meta property=\"og:description\" content=\"P\u00e1gina Oficial del Ayuntamiento de Caudete (Albacete)\" \/>\n<meta property=\"og:url\" content=\"https:\/\/www.caudete.org\/ayuntamiento\/en-proximos-dias-se-abriran-al-trafico-algunas-de-las-calles-de-las-urbanizadas-por-mercadona\/\" \/>\n<meta property=\"og:site_name\" content=\"MI Ayuntamiento de Caudete\" \/>\n<meta property=\"article:publisher\" content=\"https:\/\/www.facebook.com\/ayuntamientocaudete\/\" \/>\n<meta property=\"article:published_time\" content=\"2023-02-06T20:34:07+00:00\" \/>\n<meta property=\"article:modified_time\" content=\"2023-02-06T20:42:40+00:00\" \/>\n<meta property=\"og:image\" content=\"https:\/\/www.caudete.org\/ayuntamiento\/wp-content\/uploads\/2023\/02\/Captura-de-pantalla-2023-02-06-214157.jpg\" \/>\n\t<meta property=\"og:image:width\" content=\"1172\" \/>\n\t<meta property=\"og:image:height\" content=\"829\" \/>\n\t<meta property=\"og:image:type\" content=\"image\/jpeg\" \/>\n<meta name=\"author\" content=\"alcalde\" \/>\n<meta name=\"twitter:card\" content=\"summary_large_image\" \/>\n<meta name=\"twitter:label1\" content=\"Escrito por\" \/>\n\t<meta name=\"twitter:data1\" content=\"alcalde\" \/>\n\t<meta name=\"twitter:label2\" content=\"Tiempo de lectura\" \/>\n\t<meta name=\"twitter:data2\" content=\"3 minutos\" \/>\n<script type=\"application\/ld+json\" class=\"yoast-schema-graph\">{\"@context\":\"https:\\\/\\\/schema.org\",\"@graph\":[{\"@type\":\"Article\",\"@id\":\"https:\\\/\\\/www.caudete.org\\\/ayuntamiento\\\/en-proximos-dias-se-abriran-al-trafico-algunas-de-las-calles-de-las-urbanizadas-por-mercadona\\\/#article\",\"isPartOf\":{\"@id\":\"https:\\\/\\\/www.caudete.org\\\/ayuntamiento\\\/en-proximos-dias-se-abriran-al-trafico-algunas-de-las-calles-de-las-urbanizadas-por-mercadona\\\/\"},\"author\":{\"name\":\"alcalde\",\"@id\":\"https:\\\/\\\/www.caudete.org\\\/ayuntamiento\\\/#\\\/schema\\\/person\\\/cc646da9133078ee4d8dd47457947253\"},\"headline\":\"En pr\u00f3ximos d\u00edas se abrir\u00e1n al tr\u00e1fico algunas de las calles de las urbanizadas por Mercadona\",\"datePublished\":\"2023-02-06T20:34:07+00:00\",\"dateModified\":\"2023-02-06T20:42:40+00:00\",\"mainEntityOfPage\":{\"@id\":\"https:\\\/\\\/www.caudete.org\\\/ayuntamiento\\\/en-proximos-dias-se-abriran-al-trafico-algunas-de-las-calles-de-las-urbanizadas-por-mercadona\\\/\"},\"wordCount\":394,\"image\":{\"@id\":\"https:\\\/\\\/www.caudete.org\\\/ayuntamiento\\\/en-proximos-dias-se-abriran-al-trafico-algunas-de-las-calles-de-las-urbanizadas-por-mercadona\\\/#primaryimage\"},\"thumbnailUrl\":\"https:\\\/\\\/www.caudete.org\\\/ayuntamiento\\\/wp-content\\\/uploads\\\/2023\\\/02\\\/Captura-de-pantalla-2023-02-06-214157.jpg\",\"articleSection\":[\"Movilidad Urbana\"],\"inLanguage\":\"es\"},{\"@type\":\"WebPage\",\"@id\":\"https:\\\/\\\/www.caudete.org\\\/ayuntamiento\\\/en-proximos-dias-se-abriran-al-trafico-algunas-de-las-calles-de-las-urbanizadas-por-mercadona\\\/\",\"url\":\"https:\\\/\\\/www.caudete.org\\\/ayuntamiento\\\/en-proximos-dias-se-abriran-al-trafico-algunas-de-las-calles-de-las-urbanizadas-por-mercadona\\\/\",\"name\":\"En pr\u00f3ximos d\u00edas se abrir\u00e1n al tr\u00e1fico algunas de las calles de las urbanizadas por Mercadona - MI Ayuntamiento de Caudete\",\"isPartOf\":{\"@id\":\"https:\\\/\\\/www.caudete.org\\\/ayuntamiento\\\/#website\"},\"primaryImageOfPage\":{\"@id\":\"https:\\\/\\\/www.caudete.org\\\/ayuntamiento\\\/en-proximos-dias-se-abriran-al-trafico-algunas-de-las-calles-de-las-urbanizadas-por-mercadona\\\/#primaryimage\"},\"image\":{\"@id\":\"https:\\\/\\\/www.caudete.org\\\/ayuntamiento\\\/en-proximos-dias-se-abriran-al-trafico-algunas-de-las-calles-de-las-urbanizadas-por-mercadona\\\/#primaryimage\"},\"thumbnailUrl\":\"https:\\\/\\\/www.caudete.org\\\/ayuntamiento\\\/wp-content\\\/uploads\\\/2023\\\/02\\\/Captura-de-pantalla-2023-02-06-214157.jpg\",\"datePublished\":\"2023-02-06T20:34:07+00:00\",\"dateModified\":\"2023-02-06T20:42:40+00:00\",\"author\":{\"@id\":\"https:\\\/\\\/www.caudete.org\\\/ayuntamiento\\\/#\\\/schema\\\/person\\\/cc646da9133078ee4d8dd47457947253\"},\"description\":\"P\u00e1gina Oficial del Ayuntamiento de Caudete (Albacete)\",\"breadcrumb\":{\"@id\":\"https:\\\/\\\/www.caudete.org\\\/ayuntamiento\\\/en-proximos-dias-se-abriran-al-trafico-algunas-de-las-calles-de-las-urbanizadas-por-mercadona\\\/#breadcrumb\"},\"inLanguage\":\"es\",\"potentialAction\":[{\"@type\":\"ReadAction\",\"target\":[\"https:\\\/\\\/www.caudete.org\\\/ayuntamiento\\\/en-proximos-dias-se-abriran-al-trafico-algunas-de-las-calles-de-las-urbanizadas-por-mercadona\\\/\"]}]},{\"@type\":\"ImageObject\",\"inLanguage\":\"es\",\"@id\":\"https:\\\/\\\/www.caudete.org\\\/ayuntamiento\\\/en-proximos-dias-se-abriran-al-trafico-algunas-de-las-calles-de-las-urbanizadas-por-mercadona\\\/#primaryimage\",\"url\":\"https:\\\/\\\/www.caudete.org\\\/ayuntamiento\\\/wp-content\\\/uploads\\\/2023\\\/02\\\/Captura-de-pantalla-2023-02-06-214157.jpg\",\"contentUrl\":\"https:\\\/\\\/www.caudete.org\\\/ayuntamiento\\\/wp-content\\\/uploads\\\/2023\\\/02\\\/Captura-de-pantalla-2023-02-06-214157.jpg\",\"width\":1172,\"height\":829},{\"@type\":\"BreadcrumbList\",\"@id\":\"https:\\\/\\\/www.caudete.org\\\/ayuntamiento\\\/en-proximos-dias-se-abriran-al-trafico-algunas-de-las-calles-de-las-urbanizadas-por-mercadona\\\/#breadcrumb\",\"itemListElement\":[{\"@type\":\"ListItem\",\"position\":1,\"name\":\"Inicio\",\"item\":\"https:\\\/\\\/www.caudete.org\\\/ayuntamiento\\\/\"},{\"@type\":\"ListItem\",\"position\":2,\"name\":\"En pr\u00f3ximos d\u00edas se abrir\u00e1n al tr\u00e1fico algunas de las calles de las urbanizadas por Mercadona\"}]},{\"@type\":\"WebSite\",\"@id\":\"https:\\\/\\\/www.caudete.org\\\/ayuntamiento\\\/#website\",\"url\":\"https:\\\/\\\/www.caudete.org\\\/ayuntamiento\\\/\",\"name\":\"MI Ayuntamiento de Caudete\",\"description\":\"P\u00e1gina Oficial del MI Ayuntamiento de Caudete\",\"potentialAction\":[{\"@type\":\"SearchAction\",\"target\":{\"@type\":\"EntryPoint\",\"urlTemplate\":\"https:\\\/\\\/www.caudete.org\\\/ayuntamiento\\\/?s={search_term_string}\"},\"query-input\":{\"@type\":\"PropertyValueSpecification\",\"valueRequired\":true,\"valueName\":\"search_term_string\"}}],\"inLanguage\":\"es\"},{\"@type\":\"Person\",\"@id\":\"https:\\\/\\\/www.caudete.org\\\/ayuntamiento\\\/#\\\/schema\\\/person\\\/cc646da9133078ee4d8dd47457947253\",\"name\":\"alcalde\",\"image\":{\"@type\":\"ImageObject\",\"inLanguage\":\"es\",\"@id\":\"https:\\\/\\\/secure.gravatar.com\\\/avatar\\\/84a817ba065b29ff08d666b215a215f5c79186a645ccb25b14a663d48a130f77?s=96&d=mm&r=g\",\"url\":\"https:\\\/\\\/secure.gravatar.com\\\/avatar\\\/84a817ba065b29ff08d666b215a215f5c79186a645ccb25b14a663d48a130f77?s=96&d=mm&r=g\",\"contentUrl\":\"https:\\\/\\\/secure.gravatar.com\\\/avatar\\\/84a817ba065b29ff08d666b215a215f5c79186a645ccb25b14a663d48a130f77?s=96&d=mm&r=g\",\"caption\":\"alcalde\"},\"url\":\"https:\\\/\\\/www.caudete.org\\\/ayuntamiento\\\/author\\\/alcalde\\\/\"}]}<\/script>\n<!-- \/ Yoast SEO plugin. -->","yoast_head_json":{"title":"En pr\u00f3ximos d\u00edas se abrir\u00e1n al tr\u00e1fico algunas de las calles de las urbanizadas por Mercadona - MI Ayuntamiento de Caudete","description":"P\u00e1gina Oficial del Ayuntamiento de Caudete (Albacete)","robots":{"index":"index","follow":"follow","max-snippet":"max-snippet:-1","max-image-preview":"max-image-preview:large","max-video-preview":"max-video-preview:-1"},"canonical":"https:\/\/www.caudete.org\/ayuntamiento\/en-proximos-dias-se-abriran-al-trafico-algunas-de-las-calles-de-las-urbanizadas-por-mercadona\/","og_locale":"es_ES","og_type":"article","og_title":"En pr\u00f3ximos d\u00edas se abrir\u00e1n al tr\u00e1fico algunas de las calles de las urbanizadas por Mercadona - MI Ayuntamiento de Caudete","og_description":"P\u00e1gina Oficial del Ayuntamiento de Caudete (Albacete)","og_url":"https:\/\/www.caudete.org\/ayuntamiento\/en-proximos-dias-se-abriran-al-trafico-algunas-de-las-calles-de-las-urbanizadas-por-mercadona\/","og_site_name":"MI Ayuntamiento de Caudete","article_publisher":"https:\/\/www.facebook.com\/ayuntamientocaudete\/","article_published_time":"2023-02-06T20:34:07+00:00","article_modified_time":"2023-02-06T20:42:40+00:00","og_image":[{"width":1172,"height":829,"url":"https:\/\/www.caudete.org\/ayuntamiento\/wp-content\/uploads\/2023\/02\/Captura-de-pantalla-2023-02-06-214157.jpg","type":"image\/jpeg"}],"author":"alcalde","twitter_card":"summary_large_image","twitter_misc":{"Escrito por":"alcalde","Tiempo de lectura":"3 minutos"},"schema":{"@context":"https:\/\/schema.org","@graph":[{"@type":"Article","@id":"https:\/\/www.caudete.org\/ayuntamiento\/en-proximos-dias-se-abriran-al-trafico-algunas-de-las-calles-de-las-urbanizadas-por-mercadona\/#article","isPartOf":{"@id":"https:\/\/www.caudete.org\/ayuntamiento\/en-proximos-dias-se-abriran-al-trafico-algunas-de-las-calles-de-las-urbanizadas-por-mercadona\/"},"author":{"name":"alcalde","@id":"https:\/\/www.caudete.org\/ayuntamiento\/#\/schema\/person\/cc646da9133078ee4d8dd47457947253"},"headline":"En pr\u00f3ximos d\u00edas se abrir\u00e1n al tr\u00e1fico algunas de las calles de las urbanizadas por Mercadona","datePublished":"2023-02-06T20:34:07+00:00","dateModified":"2023-02-06T20:42:40+00:00","mainEntityOfPage":{"@id":"https:\/\/www.caudete.org\/ayuntamiento\/en-proximos-dias-se-abriran-al-trafico-algunas-de-las-calles-de-las-urbanizadas-por-mercadona\/"},"wordCount":394,"image":{"@id":"https:\/\/www.caudete.org\/ayuntamiento\/en-proximos-dias-se-abriran-al-trafico-algunas-de-las-calles-de-las-urbanizadas-por-mercadona\/#primaryimage"},"thumbnailUrl":"https:\/\/www.caudete.org\/ayuntamiento\/wp-content\/uploads\/2023\/02\/Captura-de-pantalla-2023-02-06-214157.jpg","articleSection":["Movilidad Urbana"],"inLanguage":"es"},{"@type":"WebPage","@id":"https:\/\/www.caudete.org\/ayuntamiento\/en-proximos-dias-se-abriran-al-trafico-algunas-de-las-calles-de-las-urbanizadas-por-mercadona\/","url":"https:\/\/www.caudete.org\/ayuntamiento\/en-proximos-dias-se-abriran-al-trafico-algunas-de-las-calles-de-las-urbanizadas-por-mercadona\/","name":"En pr\u00f3ximos d\u00edas se abrir\u00e1n al tr\u00e1fico algunas de las calles de las urbanizadas por Mercadona - MI Ayuntamiento de Caudete","isPartOf":{"@id":"https:\/\/www.caudete.org\/ayuntamiento\/#website"},"primaryImageOfPage":{"@id":"https:\/\/www.caudete.org\/ayuntamiento\/en-proximos-dias-se-abriran-al-trafico-algunas-de-las-calles-de-las-urbanizadas-por-mercadona\/#primaryimage"},"image":{"@id":"https:\/\/www.caudete.org\/ayuntamiento\/en-proximos-dias-se-abriran-al-trafico-algunas-de-las-calles-de-las-urbanizadas-por-mercadona\/#primaryimage"},"thumbnailUrl":"https:\/\/www.caudete.org\/ayuntamiento\/wp-content\/uploads\/2023\/02\/Captura-de-pantalla-2023-02-06-214157.jpg","datePublished":"2023-02-06T20:34:07+00:00","dateModified":"2023-02-06T20:42:40+00:00","author":{"@id":"https:\/\/www.caudete.org\/ayuntamiento\/#\/schema\/person\/cc646da9133078ee4d8dd47457947253"},"description":"P\u00e1gina Oficial del Ayuntamiento de Caudete (Albacete)","breadcrumb":{"@id":"https:\/\/www.caudete.org\/ayuntamiento\/en-proximos-dias-se-abriran-al-trafico-algunas-de-las-calles-de-las-urbanizadas-por-mercadona\/#breadcrumb"},"inLanguage":"es","potentialAction":[{"@type":"ReadAction","target":["https:\/\/www.caudete.org\/ayuntamiento\/en-proximos-dias-se-abriran-al-trafico-algunas-de-las-calles-de-las-urbanizadas-por-mercadona\/"]}]},{"@type":"ImageObject","inLanguage":"es","@id":"https:\/\/www.caudete.org\/ayuntamiento\/en-proximos-dias-se-abriran-al-trafico-algunas-de-las-calles-de-las-urbanizadas-por-mercadona\/#primaryimage","url":"https:\/\/www.caudete.org\/ayuntamiento\/wp-content\/uploads\/2023\/02\/Captura-de-pantalla-2023-02-06-214157.jpg","contentUrl":"https:\/\/www.caudete.org\/ayuntamiento\/wp-content\/uploads\/2023\/02\/Captura-de-pantalla-2023-02-06-214157.jpg","width":1172,"height":829},{"@type":"BreadcrumbList","@id":"https:\/\/www.caudete.org\/ayuntamiento\/en-proximos-dias-se-abriran-al-trafico-algunas-de-las-calles-de-las-urbanizadas-por-mercadona\/#breadcrumb","itemListElement":[{"@type":"ListItem","position":1,"name":"Inicio","item":"https:\/\/www.caudete.org\/ayuntamiento\/"},{"@type":"ListItem","position":2,"name":"En pr\u00f3ximos d\u00edas se abrir\u00e1n al tr\u00e1fico algunas de las calles de las urbanizadas por Mercadona"}]},{"@type":"WebSite","@id":"https:\/\/www.caudete.org\/ayuntamiento\/#website","url":"https:\/\/www.caudete.org\/ayuntamiento\/","name":"MI Ayuntamiento de Caudete","description":"P\u00e1gina Oficial del MI Ayuntamiento de Caudete","potentialAction":[{"@type":"SearchAction","target":{"@type":"EntryPoint","urlTemplate":"https:\/\/www.caudete.org\/ayuntamiento\/?s={search_term_string}"},"query-input":{"@type":"PropertyValueSpecification","valueRequired":true,"valueName":"search_term_string"}}],"inLanguage":"es"},{"@type":"Person","@id":"https:\/\/www.caudete.org\/ayuntamiento\/#\/schema\/person\/cc646da9133078ee4d8dd47457947253","name":"alcalde","image":{"@type":"ImageObject","inLanguage":"es","@id":"https:\/\/secure.gravatar.com\/avatar\/84a817ba065b29ff08d666b215a215f5c79186a645ccb25b14a663d48a130f77?s=96&d=mm&r=g","url":"https:\/\/secure.gravatar.com\/avatar\/84a817ba065b29ff08d666b215a215f5c79186a645ccb25b14a663d48a130f77?s=96&d=mm&r=g","contentUrl":"https:\/\/secure.gravatar.com\/avatar\/84a817ba065b29ff08d666b215a215f5c79186a645ccb25b14a663d48a130f77?s=96&d=mm&r=g","caption":"alcalde"},"url":"https:\/\/www.caudete.org\/ayuntamiento\/author\/alcalde\/"}]}},"_links":{"self":[{"href":"https:\/\/www.caudete.org\/ayuntamiento\/wp-json\/wp\/v2\/posts\/21310","targetHints":{"allow":["GET"]}}],"collection":[{"href":"https:\/\/www.caudete.org\/ayuntamiento\/wp-json\/wp\/v2\/posts"}],"about":[{"href":"https:\/\/www.caudete.org\/ayuntamiento\/wp-json\/wp\/v2\/types\/post"}],"author":[{"embeddable":true,"href":"https:\/\/www.caudete.org\/ayuntamiento\/wp-json\/wp\/v2\/users\/3"}],"replies":[{"embeddable":true,"href":"https:\/\/www.caudete.org\/ayuntamiento\/wp-json\/wp\/v2\/comments?post=21310"}],"version-history":[{"count":1,"href":"https:\/\/www.caudete.org\/ayuntamiento\/wp-json\/wp\/v2\/posts\/21310\/revisions"}],"predecessor-version":[{"id":21316,"href":"https:\/\/www.caudete.org\/ayuntamiento\/wp-json\/wp\/v2\/posts\/21310\/revisions\/21316"}],"wp:featuredmedia":[{"embeddable":true,"href":"https:\/\/www.caudete.org\/ayuntamiento\/wp-json\/wp\/v2\/media\/21317"}],"wp:attachment":[{"href":"https:\/\/www.caudete.org\/ayuntamiento\/wp-json\/wp\/v2\/media?parent=21310"}],"wp:term":[{"taxonomy":"category","embeddable":true,"href":"https:\/\/www.caudete.org\/ayuntamiento\/wp-json\/wp\/v2\/categories?post=21310"},{"taxonomy":"post_tag","embeddable":true,"href":"https:\/\/www.caudete.org\/ayuntamiento\/wp-json\/wp\/v2\/tags?post=21310"}],"curies":[{"name":"wp","href":"https:\/\/api.w.org\/{rel}","templated":true}]}}