{"id":21318,"date":"2023-02-07T09:06:38","date_gmt":"2023-02-07T08:06:38","guid":{"rendered":"https:\/\/www.caudete.org\/ayuntamiento\/?p=21318"},"modified":"2023-02-23T13:49:23","modified_gmt":"2023-02-23T12:49:23","slug":"presentado-el-pa2r-plan-de-autoproteccion-de-segundas-residencias","status":"publish","type":"post","link":"https:\/\/www.caudete.org\/ayuntamiento\/presentado-el-pa2r-plan-de-autoproteccion-de-segundas-residencias\/","title":{"rendered":"Presentado el PA2R: Plan de Autoprotecci\u00f3n de Segundas Residencias"},"content":{"rendered":"<p style=\"text-align: justify;\">Esta ma\u00f1ana los Concejales de Emergencias, Interior y Movilidad, Pilar Egea, M\u00aa del Mar Requena y Joaqu\u00edn Pag\u00e1n respectivamente,&nbsp; presentaban de forma conjunta el denominado PA2R, Plan de Autoprotecci\u00f3n de Segundas Residencias, en el cual el Gobierno Municipal lleva m\u00e1s de un a\u00f1o trabajando.<\/p>\n<p style=\"text-align: justify;\">Pilar Egea presentaba el Plan, explicando que el PA2R se ha dise\u00f1ado para facilitar el auxilio ante emergencias que se puedan producir en el conjunto de viviendas y &#8216;<em>casicas<\/em>&#8216; que se sit\u00faan fuera del casco urbano y que son habitadas por los ciudadanos.<\/p>\n<p style=\"text-align: justify;\">Continuaba diciendo es un proyecto de seguridad que se deriva de la redacci\u00f3n del denominado Plan de Emergencias de Caudete, y que para su implantaci\u00f3n en Caudete se ha basado en la experiencia de otros similares que poseen las vecinas localidades de Yecla y Almansa.<\/p>\n<p style=\"text-align: justify;\">Egea manifestaba que existe en en el \u00e1mbito de las Emergencias una honda preocupaci\u00f3n ante la existencia de muchas viviendas, residencias o \u201ccasicas\u201d fuera del casco urbano, que en \u00e9pocas mayormente estivales, son habitadas por un grupo humano de ciudadanos que no baja de 5.000 personas, y con una poblaci\u00f3n flotante bastante relevante durante el resto del a\u00f1o.<\/p>\n<p style=\"text-align: justify;\">Es en este contexto, y debido a que a muchas de esas viviendas en situaciones de emergencia se dificultaba el llegar, bien porque se desconoc\u00eda su existencia, bien porque los accesos estaban por descubrir, iniciamos la creaci\u00f3n del el proyecto de seguridad que nos ayudara de manera eficaz a poder controlar, y as\u00ed poder facilitar de forma directa y r\u00e1pida el acceso a esas viviendas a cualquier tipo de servicio de emergencia como bomberos, Guardia Civil, Polic\u00eda Local, Protecci\u00f3n Civil, etc.<\/p>\n<p style=\"text-align: justify;\">Adem\u00e1s, el Plan permitir\u00e1 enviar mensajes de alerta e informaci\u00f3n a las zonas que puedan ser afectadas por cualquier circunstancia.<\/p>\n<p style=\"text-align: justify;\">Joaqu\u00edn Pag\u00e1n, Concejal de Movilidad indicaba que para poder participar y ser beneficiario de este Plan, todo propietario de una casica o una segunda residencia podr\u00e1 acudir al SAC (Servicio de Atenci\u00f3n Ciudadana) en la planta baja del M. I. Ayuntamiento, para aportar todos los datos relevantes y darle registro para crear la base de datos de todas estas viviendas.<\/p>\n<p style=\"text-align: justify;\">A cada uno de los participantes, se les otorgar\u00e1 una placa met\u00e1lica grafiada por el Consistorio identificativa del Plan, que deber\u00e1n de tener en la puerta de acceso a la finca (valla) con un n\u00famero de identificaci\u00f3n. Los servicios municipales, geolocalizar\u00e1n la posici\u00f3n del inmueble, de manera que ante cualquier emergencia, los servicios que sean requeridos tendr\u00e1n toda la informaci\u00f3n necesaria para poder actuar en el menor tiempo posible.<\/p>\n<p style=\"text-align: justify;\">Por \u00faltimo, hac\u00eda hincapi\u00e9 el aporte de estos datos no va a suponer ning\u00fan gravamen para ellos, puesto que el registro es gratuito, se garantiza la confidencialidad de los datos, y son los propietarios los verdaderos beneficiados de un plan de protecci\u00f3n que solo les reportar\u00e1 seguridad en caso de que la necesiten.<\/p>\n<p style=\"text-align: justify;\">M\u00aa del Mar Requena, matizaba que todo lo anterior son herramientas imprescindibles que necesita nuestro municipio para mejorar la seguridad en todas sus acepciones. Recursos materiales que sin duda, junto a otros dispuestos a la Polic\u00eda Local, y la ampliaci\u00f3n de plantilla del cuerpo, han de dar sus resultados ante situaciones de emergencias que se puedan producir en cualquier punto del territorio caudetano.<\/p>\n<p>&nbsp;<\/p>\n","protected":false},"excerpt":{"rendered":"<p>Esta ma\u00f1ana los Concejales de Emergencias, Interior y Movilidad, Pilar Egea, M\u00aa del Mar Requena y Joaqu\u00edn Pag\u00e1n respectivamente,&nbsp; presentaban de forma conjunta el denominado PA2R, Plan de Autoprotecci\u00f3n de Segundas Residencias, en el cual el Gobierno Municipal lleva m\u00e1s de un a\u00f1o trabajando. Pilar Egea presentaba el Plan, explicando que el PA2R se ha &hellip;<\/p>\n","protected":false},"author":3,"featured_media":21319,"comment_status":"closed","ping_status":"open","sticky":false,"template":"","format":"standard","meta":{"ngg_post_thumbnail":0,"footnotes":""},"categories":[41],"tags":[],"class_list":["post-21318","post","type-post","status-publish","format-standard","has-post-thumbnail","hentry","category-emergencias"],"yoast_head":"<!-- This site is optimized with the Yoast SEO plugin v27.5 - https:\/\/yoast.com\/product\/yoast-seo-wordpress\/ -->\n<title>Presentado el PA2R: Plan de Autoprotecci\u00f3n de Segundas Residencias - MI Ayuntamiento de Caudete<\/title>\n<meta name=\"description\" content=\"P\u00e1gina Oficial del Ayuntamiento de Caudete (Albacete)\" \/>\n<meta name=\"robots\" content=\"index, follow, max-snippet:-1, max-image-preview:large, max-video-preview:-1\" \/>\n<link rel=\"canonical\" href=\"https:\/\/www.caudete.org\/ayuntamiento\/presentado-el-pa2r-plan-de-autoproteccion-de-segundas-residencias\/\" \/>\n<meta property=\"og:locale\" content=\"es_ES\" \/>\n<meta property=\"og:type\" content=\"article\" \/>\n<meta property=\"og:title\" content=\"Presentado el PA2R: Plan de Autoprotecci\u00f3n de Segundas Residencias - MI Ayuntamiento de Caudete\" \/>\n<meta property=\"og:description\" content=\"P\u00e1gina Oficial del Ayuntamiento de Caudete (Albacete)\" \/>\n<meta property=\"og:url\" content=\"https:\/\/www.caudete.org\/ayuntamiento\/presentado-el-pa2r-plan-de-autoproteccion-de-segundas-residencias\/\" \/>\n<meta property=\"og:site_name\" content=\"MI Ayuntamiento de Caudete\" \/>\n<meta property=\"article:publisher\" content=\"https:\/\/www.facebook.com\/ayuntamientocaudete\/\" \/>\n<meta property=\"article:published_time\" content=\"2023-02-07T08:06:38+00:00\" \/>\n<meta property=\"article:modified_time\" content=\"2023-02-23T12:49:23+00:00\" \/>\n<meta property=\"og:image\" content=\"https:\/\/www.caudete.org\/ayuntamiento\/wp-content\/uploads\/2023\/02\/Presentacion-PA2R.jpeg\" \/>\n\t<meta property=\"og:image:width\" content=\"1623\" \/>\n\t<meta property=\"og:image:height\" content=\"1058\" \/>\n\t<meta property=\"og:image:type\" content=\"image\/jpeg\" \/>\n<meta name=\"author\" content=\"alcalde\" \/>\n<meta name=\"twitter:card\" content=\"summary_large_image\" \/>\n<meta name=\"twitter:label1\" content=\"Escrito por\" \/>\n\t<meta name=\"twitter:data1\" content=\"alcalde\" \/>\n\t<meta name=\"twitter:label2\" content=\"Tiempo de lectura\" \/>\n\t<meta name=\"twitter:data2\" content=\"3 minutos\" \/>\n<script type=\"application\/ld+json\" class=\"yoast-schema-graph\">{\"@context\":\"https:\\\/\\\/schema.org\",\"@graph\":[{\"@type\":\"Article\",\"@id\":\"https:\\\/\\\/www.caudete.org\\\/ayuntamiento\\\/presentado-el-pa2r-plan-de-autoproteccion-de-segundas-residencias\\\/#article\",\"isPartOf\":{\"@id\":\"https:\\\/\\\/www.caudete.org\\\/ayuntamiento\\\/presentado-el-pa2r-plan-de-autoproteccion-de-segundas-residencias\\\/\"},\"author\":{\"name\":\"alcalde\",\"@id\":\"https:\\\/\\\/www.caudete.org\\\/ayuntamiento\\\/#\\\/schema\\\/person\\\/cc646da9133078ee4d8dd47457947253\"},\"headline\":\"Presentado el PA2R: Plan de Autoprotecci\u00f3n de Segundas Residencias\",\"datePublished\":\"2023-02-07T08:06:38+00:00\",\"dateModified\":\"2023-02-23T12:49:23+00:00\",\"mainEntityOfPage\":{\"@id\":\"https:\\\/\\\/www.caudete.org\\\/ayuntamiento\\\/presentado-el-pa2r-plan-de-autoproteccion-de-segundas-residencias\\\/\"},\"wordCount\":586,\"publisher\":{\"@id\":\"https:\\\/\\\/www.caudete.org\\\/ayuntamiento\\\/#organization\"},\"image\":{\"@id\":\"https:\\\/\\\/www.caudete.org\\\/ayuntamiento\\\/presentado-el-pa2r-plan-de-autoproteccion-de-segundas-residencias\\\/#primaryimage\"},\"thumbnailUrl\":\"https:\\\/\\\/www.caudete.org\\\/ayuntamiento\\\/wp-content\\\/uploads\\\/2023\\\/02\\\/Presentacion-PA2R.jpeg\",\"articleSection\":[\"Emergencias\"],\"inLanguage\":\"es\"},{\"@type\":\"WebPage\",\"@id\":\"https:\\\/\\\/www.caudete.org\\\/ayuntamiento\\\/presentado-el-pa2r-plan-de-autoproteccion-de-segundas-residencias\\\/\",\"url\":\"https:\\\/\\\/www.caudete.org\\\/ayuntamiento\\\/presentado-el-pa2r-plan-de-autoproteccion-de-segundas-residencias\\\/\",\"name\":\"Presentado el PA2R: Plan de Autoprotecci\u00f3n de Segundas Residencias - MI Ayuntamiento de Caudete\",\"isPartOf\":{\"@id\":\"https:\\\/\\\/www.caudete.org\\\/ayuntamiento\\\/#website\"},\"primaryImageOfPage\":{\"@id\":\"https:\\\/\\\/www.caudete.org\\\/ayuntamiento\\\/presentado-el-pa2r-plan-de-autoproteccion-de-segundas-residencias\\\/#primaryimage\"},\"image\":{\"@id\":\"https:\\\/\\\/www.caudete.org\\\/ayuntamiento\\\/presentado-el-pa2r-plan-de-autoproteccion-de-segundas-residencias\\\/#primaryimage\"},\"thumbnailUrl\":\"https:\\\/\\\/www.caudete.org\\\/ayuntamiento\\\/wp-content\\\/uploads\\\/2023\\\/02\\\/Presentacion-PA2R.jpeg\",\"datePublished\":\"2023-02-07T08:06:38+00:00\",\"dateModified\":\"2023-02-23T12:49:23+00:00\",\"description\":\"P\u00e1gina Oficial del Ayuntamiento de Caudete (Albacete)\",\"breadcrumb\":{\"@id\":\"https:\\\/\\\/www.caudete.org\\\/ayuntamiento\\\/presentado-el-pa2r-plan-de-autoproteccion-de-segundas-residencias\\\/#breadcrumb\"},\"inLanguage\":\"es\",\"potentialAction\":[{\"@type\":\"ReadAction\",\"target\":[\"https:\\\/\\\/www.caudete.org\\\/ayuntamiento\\\/presentado-el-pa2r-plan-de-autoproteccion-de-segundas-residencias\\\/\"]}]},{\"@type\":\"ImageObject\",\"inLanguage\":\"es\",\"@id\":\"https:\\\/\\\/www.caudete.org\\\/ayuntamiento\\\/presentado-el-pa2r-plan-de-autoproteccion-de-segundas-residencias\\\/#primaryimage\",\"url\":\"https:\\\/\\\/www.caudete.org\\\/ayuntamiento\\\/wp-content\\\/uploads\\\/2023\\\/02\\\/Presentacion-PA2R.jpeg\",\"contentUrl\":\"https:\\\/\\\/www.caudete.org\\\/ayuntamiento\\\/wp-content\\\/uploads\\\/2023\\\/02\\\/Presentacion-PA2R.jpeg\",\"width\":1623,\"height\":1058},{\"@type\":\"BreadcrumbList\",\"@id\":\"https:\\\/\\\/www.caudete.org\\\/ayuntamiento\\\/presentado-el-pa2r-plan-de-autoproteccion-de-segundas-residencias\\\/#breadcrumb\",\"itemListElement\":[{\"@type\":\"ListItem\",\"position\":1,\"name\":\"Inicio\",\"item\":\"https:\\\/\\\/www.caudete.org\\\/ayuntamiento\\\/\"},{\"@type\":\"ListItem\",\"position\":2,\"name\":\"Presentado el PA2R: Plan de Autoprotecci\u00f3n de Segundas Residencias\"}]},{\"@type\":\"WebSite\",\"@id\":\"https:\\\/\\\/www.caudete.org\\\/ayuntamiento\\\/#website\",\"url\":\"https:\\\/\\\/www.caudete.org\\\/ayuntamiento\\\/\",\"name\":\"MI Ayuntamiento de Caudete\",\"description\":\"P\u00e1gina Oficial del MI Ayuntamiento de Caudete\",\"publisher\":{\"@id\":\"https:\\\/\\\/www.caudete.org\\\/ayuntamiento\\\/#organization\"},\"potentialAction\":[{\"@type\":\"SearchAction\",\"target\":{\"@type\":\"EntryPoint\",\"urlTemplate\":\"https:\\\/\\\/www.caudete.org\\\/ayuntamiento\\\/?s={search_term_string}\"},\"query-input\":{\"@type\":\"PropertyValueSpecification\",\"valueRequired\":true,\"valueName\":\"search_term_string\"}}],\"inLanguage\":\"es\"},{\"@type\":\"Organization\",\"@id\":\"https:\\\/\\\/www.caudete.org\\\/ayuntamiento\\\/#organization\",\"name\":\"Ayuntamiento de Caudete\",\"url\":\"https:\\\/\\\/www.caudete.org\\\/ayuntamiento\\\/\",\"logo\":{\"@type\":\"ImageObject\",\"inLanguage\":\"es\",\"@id\":\"https:\\\/\\\/www.caudete.org\\\/ayuntamiento\\\/#\\\/schema\\\/logo\\\/image\\\/\",\"url\":\"https:\\\/\\\/www.caudete.org\\\/ayuntamiento\\\/wp-content\\\/uploads\\\/2020\\\/11\\\/logo_ayuntamiento_caudete.jpg\",\"contentUrl\":\"https:\\\/\\\/www.caudete.org\\\/ayuntamiento\\\/wp-content\\\/uploads\\\/2020\\\/11\\\/logo_ayuntamiento_caudete.jpg\",\"width\":600,\"height\":150,\"caption\":\"Ayuntamiento de Caudete\"},\"image\":{\"@id\":\"https:\\\/\\\/www.caudete.org\\\/ayuntamiento\\\/#\\\/schema\\\/logo\\\/image\\\/\"},\"sameAs\":[\"https:\\\/\\\/www.facebook.com\\\/ayuntamientocaudete\\\/\",\"https:\\\/\\\/www.youtube.com\\\/channel\\\/UC6VztHaooNsGpw-tNoBEFnQ\"]},{\"@type\":\"Person\",\"@id\":\"https:\\\/\\\/www.caudete.org\\\/ayuntamiento\\\/#\\\/schema\\\/person\\\/cc646da9133078ee4d8dd47457947253\",\"name\":\"alcalde\",\"image\":{\"@type\":\"ImageObject\",\"inLanguage\":\"es\",\"@id\":\"https:\\\/\\\/secure.gravatar.com\\\/avatar\\\/84a817ba065b29ff08d666b215a215f5c79186a645ccb25b14a663d48a130f77?s=96&d=mm&r=g\",\"url\":\"https:\\\/\\\/secure.gravatar.com\\\/avatar\\\/84a817ba065b29ff08d666b215a215f5c79186a645ccb25b14a663d48a130f77?s=96&d=mm&r=g\",\"contentUrl\":\"https:\\\/\\\/secure.gravatar.com\\\/avatar\\\/84a817ba065b29ff08d666b215a215f5c79186a645ccb25b14a663d48a130f77?s=96&d=mm&r=g\",\"caption\":\"alcalde\"},\"url\":\"https:\\\/\\\/www.caudete.org\\\/ayuntamiento\\\/author\\\/alcalde\\\/\"}]}<\/script>\n<!-- \/ Yoast SEO plugin. -->","yoast_head_json":{"title":"Presentado el PA2R: Plan de Autoprotecci\u00f3n de Segundas Residencias - MI Ayuntamiento de Caudete","description":"P\u00e1gina Oficial del Ayuntamiento de Caudete (Albacete)","robots":{"index":"index","follow":"follow","max-snippet":"max-snippet:-1","max-image-preview":"max-image-preview:large","max-video-preview":"max-video-preview:-1"},"canonical":"https:\/\/www.caudete.org\/ayuntamiento\/presentado-el-pa2r-plan-de-autoproteccion-de-segundas-residencias\/","og_locale":"es_ES","og_type":"article","og_title":"Presentado el PA2R: Plan de Autoprotecci\u00f3n de Segundas Residencias - MI Ayuntamiento de Caudete","og_description":"P\u00e1gina Oficial del Ayuntamiento de Caudete (Albacete)","og_url":"https:\/\/www.caudete.org\/ayuntamiento\/presentado-el-pa2r-plan-de-autoproteccion-de-segundas-residencias\/","og_site_name":"MI Ayuntamiento de Caudete","article_publisher":"https:\/\/www.facebook.com\/ayuntamientocaudete\/","article_published_time":"2023-02-07T08:06:38+00:00","article_modified_time":"2023-02-23T12:49:23+00:00","og_image":[{"width":1623,"height":1058,"url":"https:\/\/www.caudete.org\/ayuntamiento\/wp-content\/uploads\/2023\/02\/Presentacion-PA2R.jpeg","type":"image\/jpeg"}],"author":"alcalde","twitter_card":"summary_large_image","twitter_misc":{"Escrito por":"alcalde","Tiempo de lectura":"3 minutos"},"schema":{"@context":"https:\/\/schema.org","@graph":[{"@type":"Article","@id":"https:\/\/www.caudete.org\/ayuntamiento\/presentado-el-pa2r-plan-de-autoproteccion-de-segundas-residencias\/#article","isPartOf":{"@id":"https:\/\/www.caudete.org\/ayuntamiento\/presentado-el-pa2r-plan-de-autoproteccion-de-segundas-residencias\/"},"author":{"name":"alcalde","@id":"https:\/\/www.caudete.org\/ayuntamiento\/#\/schema\/person\/cc646da9133078ee4d8dd47457947253"},"headline":"Presentado el PA2R: Plan de Autoprotecci\u00f3n de Segundas Residencias","datePublished":"2023-02-07T08:06:38+00:00","dateModified":"2023-02-23T12:49:23+00:00","mainEntityOfPage":{"@id":"https:\/\/www.caudete.org\/ayuntamiento\/presentado-el-pa2r-plan-de-autoproteccion-de-segundas-residencias\/"},"wordCount":586,"publisher":{"@id":"https:\/\/www.caudete.org\/ayuntamiento\/#organization"},"image":{"@id":"https:\/\/www.caudete.org\/ayuntamiento\/presentado-el-pa2r-plan-de-autoproteccion-de-segundas-residencias\/#primaryimage"},"thumbnailUrl":"https:\/\/www.caudete.org\/ayuntamiento\/wp-content\/uploads\/2023\/02\/Presentacion-PA2R.jpeg","articleSection":["Emergencias"],"inLanguage":"es"},{"@type":"WebPage","@id":"https:\/\/www.caudete.org\/ayuntamiento\/presentado-el-pa2r-plan-de-autoproteccion-de-segundas-residencias\/","url":"https:\/\/www.caudete.org\/ayuntamiento\/presentado-el-pa2r-plan-de-autoproteccion-de-segundas-residencias\/","name":"Presentado el PA2R: Plan de Autoprotecci\u00f3n de Segundas Residencias - MI Ayuntamiento de Caudete","isPartOf":{"@id":"https:\/\/www.caudete.org\/ayuntamiento\/#website"},"primaryImageOfPage":{"@id":"https:\/\/www.caudete.org\/ayuntamiento\/presentado-el-pa2r-plan-de-autoproteccion-de-segundas-residencias\/#primaryimage"},"image":{"@id":"https:\/\/www.caudete.org\/ayuntamiento\/presentado-el-pa2r-plan-de-autoproteccion-de-segundas-residencias\/#primaryimage"},"thumbnailUrl":"https:\/\/www.caudete.org\/ayuntamiento\/wp-content\/uploads\/2023\/02\/Presentacion-PA2R.jpeg","datePublished":"2023-02-07T08:06:38+00:00","dateModified":"2023-02-23T12:49:23+00:00","description":"P\u00e1gina Oficial del Ayuntamiento de Caudete (Albacete)","breadcrumb":{"@id":"https:\/\/www.caudete.org\/ayuntamiento\/presentado-el-pa2r-plan-de-autoproteccion-de-segundas-residencias\/#breadcrumb"},"inLanguage":"es","potentialAction":[{"@type":"ReadAction","target":["https:\/\/www.caudete.org\/ayuntamiento\/presentado-el-pa2r-plan-de-autoproteccion-de-segundas-residencias\/"]}]},{"@type":"ImageObject","inLanguage":"es","@id":"https:\/\/www.caudete.org\/ayuntamiento\/presentado-el-pa2r-plan-de-autoproteccion-de-segundas-residencias\/#primaryimage","url":"https:\/\/www.caudete.org\/ayuntamiento\/wp-content\/uploads\/2023\/02\/Presentacion-PA2R.jpeg","contentUrl":"https:\/\/www.caudete.org\/ayuntamiento\/wp-content\/uploads\/2023\/02\/Presentacion-PA2R.jpeg","width":1623,"height":1058},{"@type":"BreadcrumbList","@id":"https:\/\/www.caudete.org\/ayuntamiento\/presentado-el-pa2r-plan-de-autoproteccion-de-segundas-residencias\/#breadcrumb","itemListElement":[{"@type":"ListItem","position":1,"name":"Inicio","item":"https:\/\/www.caudete.org\/ayuntamiento\/"},{"@type":"ListItem","position":2,"name":"Presentado el PA2R: Plan de Autoprotecci\u00f3n de Segundas Residencias"}]},{"@type":"WebSite","@id":"https:\/\/www.caudete.org\/ayuntamiento\/#website","url":"https:\/\/www.caudete.org\/ayuntamiento\/","name":"MI Ayuntamiento de Caudete","description":"P\u00e1gina Oficial del MI Ayuntamiento de Caudete","publisher":{"@id":"https:\/\/www.caudete.org\/ayuntamiento\/#organization"},"potentialAction":[{"@type":"SearchAction","target":{"@type":"EntryPoint","urlTemplate":"https:\/\/www.caudete.org\/ayuntamiento\/?s={search_term_string}"},"query-input":{"@type":"PropertyValueSpecification","valueRequired":true,"valueName":"search_term_string"}}],"inLanguage":"es"},{"@type":"Organization","@id":"https:\/\/www.caudete.org\/ayuntamiento\/#organization","name":"Ayuntamiento de Caudete","url":"https:\/\/www.caudete.org\/ayuntamiento\/","logo":{"@type":"ImageObject","inLanguage":"es","@id":"https:\/\/www.caudete.org\/ayuntamiento\/#\/schema\/logo\/image\/","url":"https:\/\/www.caudete.org\/ayuntamiento\/wp-content\/uploads\/2020\/11\/logo_ayuntamiento_caudete.jpg","contentUrl":"https:\/\/www.caudete.org\/ayuntamiento\/wp-content\/uploads\/2020\/11\/logo_ayuntamiento_caudete.jpg","width":600,"height":150,"caption":"Ayuntamiento de Caudete"},"image":{"@id":"https:\/\/www.caudete.org\/ayuntamiento\/#\/schema\/logo\/image\/"},"sameAs":["https:\/\/www.facebook.com\/ayuntamientocaudete\/","https:\/\/www.youtube.com\/channel\/UC6VztHaooNsGpw-tNoBEFnQ"]},{"@type":"Person","@id":"https:\/\/www.caudete.org\/ayuntamiento\/#\/schema\/person\/cc646da9133078ee4d8dd47457947253","name":"alcalde","image":{"@type":"ImageObject","inLanguage":"es","@id":"https:\/\/secure.gravatar.com\/avatar\/84a817ba065b29ff08d666b215a215f5c79186a645ccb25b14a663d48a130f77?s=96&d=mm&r=g","url":"https:\/\/secure.gravatar.com\/avatar\/84a817ba065b29ff08d666b215a215f5c79186a645ccb25b14a663d48a130f77?s=96&d=mm&r=g","contentUrl":"https:\/\/secure.gravatar.com\/avatar\/84a817ba065b29ff08d666b215a215f5c79186a645ccb25b14a663d48a130f77?s=96&d=mm&r=g","caption":"alcalde"},"url":"https:\/\/www.caudete.org\/ayuntamiento\/author\/alcalde\/"}]}},"_links":{"self":[{"href":"https:\/\/www.caudete.org\/ayuntamiento\/wp-json\/wp\/v2\/posts\/21318","targetHints":{"allow":["GET"]}}],"collection":[{"href":"https:\/\/www.caudete.org\/ayuntamiento\/wp-json\/wp\/v2\/posts"}],"about":[{"href":"https:\/\/www.caudete.org\/ayuntamiento\/wp-json\/wp\/v2\/types\/post"}],"author":[{"embeddable":true,"href":"https:\/\/www.caudete.org\/ayuntamiento\/wp-json\/wp\/v2\/users\/3"}],"replies":[{"embeddable":true,"href":"https:\/\/www.caudete.org\/ayuntamiento\/wp-json\/wp\/v2\/comments?post=21318"}],"version-history":[{"count":4,"href":"https:\/\/www.caudete.org\/ayuntamiento\/wp-json\/wp\/v2\/posts\/21318\/revisions"}],"predecessor-version":[{"id":21423,"href":"https:\/\/www.caudete.org\/ayuntamiento\/wp-json\/wp\/v2\/posts\/21318\/revisions\/21423"}],"wp:featuredmedia":[{"embeddable":true,"href":"https:\/\/www.caudete.org\/ayuntamiento\/wp-json\/wp\/v2\/media\/21319"}],"wp:attachment":[{"href":"https:\/\/www.caudete.org\/ayuntamiento\/wp-json\/wp\/v2\/media?parent=21318"}],"wp:term":[{"taxonomy":"category","embeddable":true,"href":"https:\/\/www.caudete.org\/ayuntamiento\/wp-json\/wp\/v2\/categories?post=21318"},{"taxonomy":"post_tag","embeddable":true,"href":"https:\/\/www.caudete.org\/ayuntamiento\/wp-json\/wp\/v2\/tags?post=21318"}],"curies":[{"name":"wp","href":"https:\/\/api.w.org\/{rel}","templated":true}]}}