{"id":21321,"date":"2023-02-08T09:00:09","date_gmt":"2023-02-08T08:00:09","guid":{"rendered":"https:\/\/www.caudete.org\/ayuntamiento\/?p=21321"},"modified":"2023-02-07T21:05:51","modified_gmt":"2023-02-07T20:05:51","slug":"el-proyecto-de-caudete-parking-s-l-avanza-con-el-apoyo-de-la-corporacion-en-comision-informativa","status":"publish","type":"post","link":"https:\/\/www.caudete.org\/ayuntamiento\/el-proyecto-de-caudete-parking-s-l-avanza-con-el-apoyo-de-la-corporacion-en-comision-informativa\/","title":{"rendered":"El proyecto de Caudete Parking S.L. avanza con el apoyo de la Corporaci\u00f3n en Comisi\u00f3n Informativa"},"content":{"rendered":"<p style=\"text-align: justify;\">En el pr\u00f3ximo Pleno Ordinario la Corporaci\u00f3n Municipal abordar\u00e1 en uno de sus puntos una vez m\u00e1s el proyecto de Caudete Parking S.L. siguiendo las directrices del procedimiento de tramitaci\u00f3n del expediente por el que se pretende desarrollar una porci\u00f3n de suelo industrial para acoger unas infraestructuras que supondr\u00e1n una palanca de crecimiento en materia industrial para el municipio.<\/p>\n<p style=\"text-align: justify;\">En el d\u00eda de ayer, la Comisi\u00f3n Informativa de Urbanismo acord\u00f3 de forma un\u00e1nime dictaminar favorablemente la propuesta que tendr\u00e1n que refrendar en el Pleno: que la proposici\u00f3n jur\u00eddico-econ\u00f3mica y propuesta de convenio presentadas por Caudete Parking, S.L. son conformes con el inter\u00e9s general, a efectos de que prosiga la tramitaci\u00f3n para su aprobaci\u00f3n y adjudicaci\u00f3n.<\/p>\n<p style=\"text-align: justify;\">En el tiempo estipulado para presentar proposiciones y propuesta de convenio, tan solo se formul\u00f3 la registrada por la entidad promotora, y una vez expuesto al p\u00fablico los resultados, y no present\u00e1ndose alegaciones, es de nuevo el Pleno quien tiene que refrendar lo expuesto para que este proyecto vea la luz lo m\u00e1s pronto posible.<\/p>\n","protected":false},"excerpt":{"rendered":"<p>En el pr\u00f3ximo Pleno Ordinario la Corporaci\u00f3n Municipal abordar\u00e1 en uno de sus puntos una vez m\u00e1s el proyecto de Caudete Parking S.L. siguiendo las directrices del procedimiento de tramitaci\u00f3n del expediente por el que se pretende desarrollar una porci\u00f3n de suelo industrial para acoger unas infraestructuras que supondr\u00e1n una palanca de crecimiento en materia &hellip;<\/p>\n","protected":false},"author":3,"featured_media":12970,"comment_status":"closed","ping_status":"open","sticky":false,"template":"","format":"standard","meta":{"ngg_post_thumbnail":0,"footnotes":""},"categories":[48],"tags":[],"class_list":["post-21321","post","type-post","status-publish","format-standard","has-post-thumbnail","hentry","category-urbanismo"],"yoast_head":"<!-- This site is optimized with the Yoast SEO plugin v27.5 - https:\/\/yoast.com\/product\/yoast-seo-wordpress\/ -->\n<title>El proyecto de Caudete Parking S.L. avanza con el apoyo de la Corporaci\u00f3n en Comisi\u00f3n Informativa - MI Ayuntamiento de Caudete<\/title>\n<meta name=\"description\" content=\"P\u00e1gina Oficial del Ayuntamiento de Caudete (Albacete)\" \/>\n<meta name=\"robots\" content=\"index, follow, max-snippet:-1, max-image-preview:large, max-video-preview:-1\" \/>\n<link rel=\"canonical\" href=\"https:\/\/www.caudete.org\/ayuntamiento\/el-proyecto-de-caudete-parking-s-l-avanza-con-el-apoyo-de-la-corporacion-en-comision-informativa\/\" \/>\n<meta property=\"og:locale\" content=\"es_ES\" \/>\n<meta property=\"og:type\" content=\"article\" \/>\n<meta property=\"og:title\" content=\"El proyecto de Caudete Parking S.L. avanza con el apoyo de la Corporaci\u00f3n en Comisi\u00f3n Informativa - MI Ayuntamiento de Caudete\" \/>\n<meta property=\"og:description\" content=\"P\u00e1gina Oficial del Ayuntamiento de Caudete (Albacete)\" \/>\n<meta property=\"og:url\" content=\"https:\/\/www.caudete.org\/ayuntamiento\/el-proyecto-de-caudete-parking-s-l-avanza-con-el-apoyo-de-la-corporacion-en-comision-informativa\/\" \/>\n<meta property=\"og:site_name\" content=\"MI Ayuntamiento de Caudete\" \/>\n<meta property=\"article:publisher\" content=\"https:\/\/www.facebook.com\/ayuntamientocaudete\/\" \/>\n<meta property=\"article:published_time\" content=\"2023-02-08T08:00:09+00:00\" \/>\n<meta property=\"og:image\" content=\"https:\/\/www.caudete.org\/ayuntamiento\/wp-content\/uploads\/2021\/03\/WhatsApp-Image-2021-03-09-at-08.21.14.jpeg\" \/>\n\t<meta property=\"og:image:width\" content=\"769\" \/>\n\t<meta property=\"og:image:height\" content=\"489\" \/>\n\t<meta property=\"og:image:type\" content=\"image\/jpeg\" \/>\n<meta name=\"author\" content=\"alcalde\" \/>\n<meta name=\"twitter:card\" content=\"summary_large_image\" \/>\n<meta name=\"twitter:label1\" content=\"Escrito por\" \/>\n\t<meta name=\"twitter:data1\" content=\"alcalde\" \/>\n\t<meta name=\"twitter:label2\" content=\"Tiempo de lectura\" \/>\n\t<meta name=\"twitter:data2\" content=\"1 minuto\" \/>\n<script type=\"application\/ld+json\" class=\"yoast-schema-graph\">{\"@context\":\"https:\\\/\\\/schema.org\",\"@graph\":[{\"@type\":\"Article\",\"@id\":\"https:\\\/\\\/www.caudete.org\\\/ayuntamiento\\\/el-proyecto-de-caudete-parking-s-l-avanza-con-el-apoyo-de-la-corporacion-en-comision-informativa\\\/#article\",\"isPartOf\":{\"@id\":\"https:\\\/\\\/www.caudete.org\\\/ayuntamiento\\\/el-proyecto-de-caudete-parking-s-l-avanza-con-el-apoyo-de-la-corporacion-en-comision-informativa\\\/\"},\"author\":{\"name\":\"alcalde\",\"@id\":\"https:\\\/\\\/www.caudete.org\\\/ayuntamiento\\\/#\\\/schema\\\/person\\\/cc646da9133078ee4d8dd47457947253\"},\"headline\":\"El proyecto de Caudete Parking S.L. avanza con el apoyo de la Corporaci\u00f3n en Comisi\u00f3n Informativa\",\"datePublished\":\"2023-02-08T08:00:09+00:00\",\"mainEntityOfPage\":{\"@id\":\"https:\\\/\\\/www.caudete.org\\\/ayuntamiento\\\/el-proyecto-de-caudete-parking-s-l-avanza-con-el-apoyo-de-la-corporacion-en-comision-informativa\\\/\"},\"wordCount\":211,\"image\":{\"@id\":\"https:\\\/\\\/www.caudete.org\\\/ayuntamiento\\\/el-proyecto-de-caudete-parking-s-l-avanza-con-el-apoyo-de-la-corporacion-en-comision-informativa\\\/#primaryimage\"},\"thumbnailUrl\":\"https:\\\/\\\/www.caudete.org\\\/ayuntamiento\\\/wp-content\\\/uploads\\\/2021\\\/03\\\/WhatsApp-Image-2021-03-09-at-08.21.14.jpeg\",\"articleSection\":[\"Urbanismo\"],\"inLanguage\":\"es\"},{\"@type\":\"WebPage\",\"@id\":\"https:\\\/\\\/www.caudete.org\\\/ayuntamiento\\\/el-proyecto-de-caudete-parking-s-l-avanza-con-el-apoyo-de-la-corporacion-en-comision-informativa\\\/\",\"url\":\"https:\\\/\\\/www.caudete.org\\\/ayuntamiento\\\/el-proyecto-de-caudete-parking-s-l-avanza-con-el-apoyo-de-la-corporacion-en-comision-informativa\\\/\",\"name\":\"El proyecto de Caudete Parking S.L. avanza con el apoyo de la Corporaci\u00f3n en Comisi\u00f3n Informativa - MI Ayuntamiento de Caudete\",\"isPartOf\":{\"@id\":\"https:\\\/\\\/www.caudete.org\\\/ayuntamiento\\\/#website\"},\"primaryImageOfPage\":{\"@id\":\"https:\\\/\\\/www.caudete.org\\\/ayuntamiento\\\/el-proyecto-de-caudete-parking-s-l-avanza-con-el-apoyo-de-la-corporacion-en-comision-informativa\\\/#primaryimage\"},\"image\":{\"@id\":\"https:\\\/\\\/www.caudete.org\\\/ayuntamiento\\\/el-proyecto-de-caudete-parking-s-l-avanza-con-el-apoyo-de-la-corporacion-en-comision-informativa\\\/#primaryimage\"},\"thumbnailUrl\":\"https:\\\/\\\/www.caudete.org\\\/ayuntamiento\\\/wp-content\\\/uploads\\\/2021\\\/03\\\/WhatsApp-Image-2021-03-09-at-08.21.14.jpeg\",\"datePublished\":\"2023-02-08T08:00:09+00:00\",\"author\":{\"@id\":\"https:\\\/\\\/www.caudete.org\\\/ayuntamiento\\\/#\\\/schema\\\/person\\\/cc646da9133078ee4d8dd47457947253\"},\"description\":\"P\u00e1gina Oficial del Ayuntamiento de Caudete (Albacete)\",\"breadcrumb\":{\"@id\":\"https:\\\/\\\/www.caudete.org\\\/ayuntamiento\\\/el-proyecto-de-caudete-parking-s-l-avanza-con-el-apoyo-de-la-corporacion-en-comision-informativa\\\/#breadcrumb\"},\"inLanguage\":\"es\",\"potentialAction\":[{\"@type\":\"ReadAction\",\"target\":[\"https:\\\/\\\/www.caudete.org\\\/ayuntamiento\\\/el-proyecto-de-caudete-parking-s-l-avanza-con-el-apoyo-de-la-corporacion-en-comision-informativa\\\/\"]}]},{\"@type\":\"ImageObject\",\"inLanguage\":\"es\",\"@id\":\"https:\\\/\\\/www.caudete.org\\\/ayuntamiento\\\/el-proyecto-de-caudete-parking-s-l-avanza-con-el-apoyo-de-la-corporacion-en-comision-informativa\\\/#primaryimage\",\"url\":\"https:\\\/\\\/www.caudete.org\\\/ayuntamiento\\\/wp-content\\\/uploads\\\/2021\\\/03\\\/WhatsApp-Image-2021-03-09-at-08.21.14.jpeg\",\"contentUrl\":\"https:\\\/\\\/www.caudete.org\\\/ayuntamiento\\\/wp-content\\\/uploads\\\/2021\\\/03\\\/WhatsApp-Image-2021-03-09-at-08.21.14.jpeg\",\"width\":769,\"height\":489},{\"@type\":\"BreadcrumbList\",\"@id\":\"https:\\\/\\\/www.caudete.org\\\/ayuntamiento\\\/el-proyecto-de-caudete-parking-s-l-avanza-con-el-apoyo-de-la-corporacion-en-comision-informativa\\\/#breadcrumb\",\"itemListElement\":[{\"@type\":\"ListItem\",\"position\":1,\"name\":\"Inicio\",\"item\":\"https:\\\/\\\/www.caudete.org\\\/ayuntamiento\\\/\"},{\"@type\":\"ListItem\",\"position\":2,\"name\":\"El proyecto de Caudete Parking S.L. avanza con el apoyo de la Corporaci\u00f3n en Comisi\u00f3n Informativa\"}]},{\"@type\":\"WebSite\",\"@id\":\"https:\\\/\\\/www.caudete.org\\\/ayuntamiento\\\/#website\",\"url\":\"https:\\\/\\\/www.caudete.org\\\/ayuntamiento\\\/\",\"name\":\"MI Ayuntamiento de Caudete\",\"description\":\"P\u00e1gina Oficial del MI Ayuntamiento de Caudete\",\"potentialAction\":[{\"@type\":\"SearchAction\",\"target\":{\"@type\":\"EntryPoint\",\"urlTemplate\":\"https:\\\/\\\/www.caudete.org\\\/ayuntamiento\\\/?s={search_term_string}\"},\"query-input\":{\"@type\":\"PropertyValueSpecification\",\"valueRequired\":true,\"valueName\":\"search_term_string\"}}],\"inLanguage\":\"es\"},{\"@type\":\"Person\",\"@id\":\"https:\\\/\\\/www.caudete.org\\\/ayuntamiento\\\/#\\\/schema\\\/person\\\/cc646da9133078ee4d8dd47457947253\",\"name\":\"alcalde\",\"image\":{\"@type\":\"ImageObject\",\"inLanguage\":\"es\",\"@id\":\"https:\\\/\\\/secure.gravatar.com\\\/avatar\\\/84a817ba065b29ff08d666b215a215f5c79186a645ccb25b14a663d48a130f77?s=96&d=mm&r=g\",\"url\":\"https:\\\/\\\/secure.gravatar.com\\\/avatar\\\/84a817ba065b29ff08d666b215a215f5c79186a645ccb25b14a663d48a130f77?s=96&d=mm&r=g\",\"contentUrl\":\"https:\\\/\\\/secure.gravatar.com\\\/avatar\\\/84a817ba065b29ff08d666b215a215f5c79186a645ccb25b14a663d48a130f77?s=96&d=mm&r=g\",\"caption\":\"alcalde\"},\"url\":\"https:\\\/\\\/www.caudete.org\\\/ayuntamiento\\\/author\\\/alcalde\\\/\"}]}<\/script>\n<!-- \/ Yoast SEO plugin. -->","yoast_head_json":{"title":"El proyecto de Caudete Parking S.L. avanza con el apoyo de la Corporaci\u00f3n en Comisi\u00f3n Informativa - MI Ayuntamiento de Caudete","description":"P\u00e1gina Oficial del Ayuntamiento de Caudete (Albacete)","robots":{"index":"index","follow":"follow","max-snippet":"max-snippet:-1","max-image-preview":"max-image-preview:large","max-video-preview":"max-video-preview:-1"},"canonical":"https:\/\/www.caudete.org\/ayuntamiento\/el-proyecto-de-caudete-parking-s-l-avanza-con-el-apoyo-de-la-corporacion-en-comision-informativa\/","og_locale":"es_ES","og_type":"article","og_title":"El proyecto de Caudete Parking S.L. avanza con el apoyo de la Corporaci\u00f3n en Comisi\u00f3n Informativa - MI Ayuntamiento de Caudete","og_description":"P\u00e1gina Oficial del Ayuntamiento de Caudete (Albacete)","og_url":"https:\/\/www.caudete.org\/ayuntamiento\/el-proyecto-de-caudete-parking-s-l-avanza-con-el-apoyo-de-la-corporacion-en-comision-informativa\/","og_site_name":"MI Ayuntamiento de Caudete","article_publisher":"https:\/\/www.facebook.com\/ayuntamientocaudete\/","article_published_time":"2023-02-08T08:00:09+00:00","og_image":[{"width":769,"height":489,"url":"https:\/\/www.caudete.org\/ayuntamiento\/wp-content\/uploads\/2021\/03\/WhatsApp-Image-2021-03-09-at-08.21.14.jpeg","type":"image\/jpeg"}],"author":"alcalde","twitter_card":"summary_large_image","twitter_misc":{"Escrito por":"alcalde","Tiempo de lectura":"1 minuto"},"schema":{"@context":"https:\/\/schema.org","@graph":[{"@type":"Article","@id":"https:\/\/www.caudete.org\/ayuntamiento\/el-proyecto-de-caudete-parking-s-l-avanza-con-el-apoyo-de-la-corporacion-en-comision-informativa\/#article","isPartOf":{"@id":"https:\/\/www.caudete.org\/ayuntamiento\/el-proyecto-de-caudete-parking-s-l-avanza-con-el-apoyo-de-la-corporacion-en-comision-informativa\/"},"author":{"name":"alcalde","@id":"https:\/\/www.caudete.org\/ayuntamiento\/#\/schema\/person\/cc646da9133078ee4d8dd47457947253"},"headline":"El proyecto de Caudete Parking S.L. avanza con el apoyo de la Corporaci\u00f3n en Comisi\u00f3n Informativa","datePublished":"2023-02-08T08:00:09+00:00","mainEntityOfPage":{"@id":"https:\/\/www.caudete.org\/ayuntamiento\/el-proyecto-de-caudete-parking-s-l-avanza-con-el-apoyo-de-la-corporacion-en-comision-informativa\/"},"wordCount":211,"image":{"@id":"https:\/\/www.caudete.org\/ayuntamiento\/el-proyecto-de-caudete-parking-s-l-avanza-con-el-apoyo-de-la-corporacion-en-comision-informativa\/#primaryimage"},"thumbnailUrl":"https:\/\/www.caudete.org\/ayuntamiento\/wp-content\/uploads\/2021\/03\/WhatsApp-Image-2021-03-09-at-08.21.14.jpeg","articleSection":["Urbanismo"],"inLanguage":"es"},{"@type":"WebPage","@id":"https:\/\/www.caudete.org\/ayuntamiento\/el-proyecto-de-caudete-parking-s-l-avanza-con-el-apoyo-de-la-corporacion-en-comision-informativa\/","url":"https:\/\/www.caudete.org\/ayuntamiento\/el-proyecto-de-caudete-parking-s-l-avanza-con-el-apoyo-de-la-corporacion-en-comision-informativa\/","name":"El proyecto de Caudete Parking S.L. avanza con el apoyo de la Corporaci\u00f3n en Comisi\u00f3n Informativa - MI Ayuntamiento de Caudete","isPartOf":{"@id":"https:\/\/www.caudete.org\/ayuntamiento\/#website"},"primaryImageOfPage":{"@id":"https:\/\/www.caudete.org\/ayuntamiento\/el-proyecto-de-caudete-parking-s-l-avanza-con-el-apoyo-de-la-corporacion-en-comision-informativa\/#primaryimage"},"image":{"@id":"https:\/\/www.caudete.org\/ayuntamiento\/el-proyecto-de-caudete-parking-s-l-avanza-con-el-apoyo-de-la-corporacion-en-comision-informativa\/#primaryimage"},"thumbnailUrl":"https:\/\/www.caudete.org\/ayuntamiento\/wp-content\/uploads\/2021\/03\/WhatsApp-Image-2021-03-09-at-08.21.14.jpeg","datePublished":"2023-02-08T08:00:09+00:00","author":{"@id":"https:\/\/www.caudete.org\/ayuntamiento\/#\/schema\/person\/cc646da9133078ee4d8dd47457947253"},"description":"P\u00e1gina Oficial del Ayuntamiento de Caudete (Albacete)","breadcrumb":{"@id":"https:\/\/www.caudete.org\/ayuntamiento\/el-proyecto-de-caudete-parking-s-l-avanza-con-el-apoyo-de-la-corporacion-en-comision-informativa\/#breadcrumb"},"inLanguage":"es","potentialAction":[{"@type":"ReadAction","target":["https:\/\/www.caudete.org\/ayuntamiento\/el-proyecto-de-caudete-parking-s-l-avanza-con-el-apoyo-de-la-corporacion-en-comision-informativa\/"]}]},{"@type":"ImageObject","inLanguage":"es","@id":"https:\/\/www.caudete.org\/ayuntamiento\/el-proyecto-de-caudete-parking-s-l-avanza-con-el-apoyo-de-la-corporacion-en-comision-informativa\/#primaryimage","url":"https:\/\/www.caudete.org\/ayuntamiento\/wp-content\/uploads\/2021\/03\/WhatsApp-Image-2021-03-09-at-08.21.14.jpeg","contentUrl":"https:\/\/www.caudete.org\/ayuntamiento\/wp-content\/uploads\/2021\/03\/WhatsApp-Image-2021-03-09-at-08.21.14.jpeg","width":769,"height":489},{"@type":"BreadcrumbList","@id":"https:\/\/www.caudete.org\/ayuntamiento\/el-proyecto-de-caudete-parking-s-l-avanza-con-el-apoyo-de-la-corporacion-en-comision-informativa\/#breadcrumb","itemListElement":[{"@type":"ListItem","position":1,"name":"Inicio","item":"https:\/\/www.caudete.org\/ayuntamiento\/"},{"@type":"ListItem","position":2,"name":"El proyecto de Caudete Parking S.L. avanza con el apoyo de la Corporaci\u00f3n en Comisi\u00f3n Informativa"}]},{"@type":"WebSite","@id":"https:\/\/www.caudete.org\/ayuntamiento\/#website","url":"https:\/\/www.caudete.org\/ayuntamiento\/","name":"MI Ayuntamiento de Caudete","description":"P\u00e1gina Oficial del MI Ayuntamiento de Caudete","potentialAction":[{"@type":"SearchAction","target":{"@type":"EntryPoint","urlTemplate":"https:\/\/www.caudete.org\/ayuntamiento\/?s={search_term_string}"},"query-input":{"@type":"PropertyValueSpecification","valueRequired":true,"valueName":"search_term_string"}}],"inLanguage":"es"},{"@type":"Person","@id":"https:\/\/www.caudete.org\/ayuntamiento\/#\/schema\/person\/cc646da9133078ee4d8dd47457947253","name":"alcalde","image":{"@type":"ImageObject","inLanguage":"es","@id":"https:\/\/secure.gravatar.com\/avatar\/84a817ba065b29ff08d666b215a215f5c79186a645ccb25b14a663d48a130f77?s=96&d=mm&r=g","url":"https:\/\/secure.gravatar.com\/avatar\/84a817ba065b29ff08d666b215a215f5c79186a645ccb25b14a663d48a130f77?s=96&d=mm&r=g","contentUrl":"https:\/\/secure.gravatar.com\/avatar\/84a817ba065b29ff08d666b215a215f5c79186a645ccb25b14a663d48a130f77?s=96&d=mm&r=g","caption":"alcalde"},"url":"https:\/\/www.caudete.org\/ayuntamiento\/author\/alcalde\/"}]}},"_links":{"self":[{"href":"https:\/\/www.caudete.org\/ayuntamiento\/wp-json\/wp\/v2\/posts\/21321","targetHints":{"allow":["GET"]}}],"collection":[{"href":"https:\/\/www.caudete.org\/ayuntamiento\/wp-json\/wp\/v2\/posts"}],"about":[{"href":"https:\/\/www.caudete.org\/ayuntamiento\/wp-json\/wp\/v2\/types\/post"}],"author":[{"embeddable":true,"href":"https:\/\/www.caudete.org\/ayuntamiento\/wp-json\/wp\/v2\/users\/3"}],"replies":[{"embeddable":true,"href":"https:\/\/www.caudete.org\/ayuntamiento\/wp-json\/wp\/v2\/comments?post=21321"}],"version-history":[{"count":1,"href":"https:\/\/www.caudete.org\/ayuntamiento\/wp-json\/wp\/v2\/posts\/21321\/revisions"}],"predecessor-version":[{"id":21322,"href":"https:\/\/www.caudete.org\/ayuntamiento\/wp-json\/wp\/v2\/posts\/21321\/revisions\/21322"}],"wp:featuredmedia":[{"embeddable":true,"href":"https:\/\/www.caudete.org\/ayuntamiento\/wp-json\/wp\/v2\/media\/12970"}],"wp:attachment":[{"href":"https:\/\/www.caudete.org\/ayuntamiento\/wp-json\/wp\/v2\/media?parent=21321"}],"wp:term":[{"taxonomy":"category","embeddable":true,"href":"https:\/\/www.caudete.org\/ayuntamiento\/wp-json\/wp\/v2\/categories?post=21321"},{"taxonomy":"post_tag","embeddable":true,"href":"https:\/\/www.caudete.org\/ayuntamiento\/wp-json\/wp\/v2\/tags?post=21321"}],"curies":[{"name":"wp","href":"https:\/\/api.w.org\/{rel}","templated":true}]}}