{"id":21325,"date":"2023-02-07T13:31:16","date_gmt":"2023-02-07T12:31:16","guid":{"rendered":"https:\/\/www.caudete.org\/ayuntamiento\/?p=21325"},"modified":"2023-02-07T13:34:39","modified_gmt":"2023-02-07T12:34:39","slug":"comienzan-las-obras-de-remodelacion-de-plaza-san-jose","status":"publish","type":"post","link":"https:\/\/www.caudete.org\/ayuntamiento\/comienzan-las-obras-de-remodelacion-de-plaza-san-jose\/","title":{"rendered":"Comienzan las obras de remodelaci\u00f3n de Plaza San Jos\u00e9"},"content":{"rendered":"<p><a href=\"https:\/\/www.caudete.org\/ayuntamiento\/wp-content\/uploads\/2023\/02\/IMG-20230207-WA0030.jpg\" rel='prettyPhoto'><img fetchpriority=\"high\" decoding=\"async\" class=\"aligncenter wp-image-21327 size-medium\" src=\"https:\/\/www.caudete.org\/ayuntamiento\/wp-content\/uploads\/2023\/02\/IMG-20230207-WA0030-300x225.jpg\" alt=\"\" width=\"300\" height=\"225\" srcset=\"https:\/\/www.caudete.org\/ayuntamiento\/wp-content\/uploads\/2023\/02\/IMG-20230207-WA0030-300x225.jpg 300w, https:\/\/www.caudete.org\/ayuntamiento\/wp-content\/uploads\/2023\/02\/IMG-20230207-WA0030-1024x768.jpg 1024w, https:\/\/www.caudete.org\/ayuntamiento\/wp-content\/uploads\/2023\/02\/IMG-20230207-WA0030-768x576.jpg 768w, https:\/\/www.caudete.org\/ayuntamiento\/wp-content\/uploads\/2023\/02\/IMG-20230207-WA0030-1536x1152.jpg 1536w, https:\/\/www.caudete.org\/ayuntamiento\/wp-content\/uploads\/2023\/02\/IMG-20230207-WA0030.jpg 2048w\" sizes=\"(max-width: 300px) 100vw, 300px\" \/><\/a><\/p>\n<p style=\"text-align: justify;\">Esta semana han dado comienzo las obras de remodelaci\u00f3n de la Plaza San Jos\u00e9, seg\u00fan ha informado el Alcalde Mois\u00e9s L\u00f3pez, y que est\u00e1 ejecutando la constructora local HB Projects, S.L.<\/p>\n<p style=\"text-align: justify;\">Este es uno de los proyectos enmarcados para la presente legislatura, cuyo proyecto fue aprobado por la Junta Local de Gobierno hace unos meses, obra de los T\u00e9cnicos Municipales, que pretende dar soluci\u00f3n a las demandas de sus vecinos, para mejorar el entorno, dotar de seguridad a los viandantes, mantenerlo como espacio se recreo y de vegetaci\u00f3n y solucionar los problemas de la Red de Agua y Red de Fecales.<\/p>\n<p><a class=\"ari-fancybox\" href=\"https:\/\/www.caudete.org\/ayuntamiento\/wp-content\/uploads\/2022\/10\/IMG_20221001_115745-scaled.jpg\" rel='prettyPhoto' rel=\"prettyPhoto\"><img decoding=\"async\" class=\"aligncenter wp-image-20353 size-medium\" src=\"https:\/\/www.caudete.org\/ayuntamiento\/wp-content\/uploads\/2022\/10\/IMG_20221001_115745-300x225.jpg\" sizes=\"(max-width: 300px) 100vw, 300px\" srcset=\"https:\/\/www.caudete.org\/ayuntamiento\/wp-content\/uploads\/2022\/10\/IMG_20221001_115745-300x225.jpg 300w, https:\/\/www.caudete.org\/ayuntamiento\/wp-content\/uploads\/2022\/10\/IMG_20221001_115745-1024x768.jpg 1024w, https:\/\/www.caudete.org\/ayuntamiento\/wp-content\/uploads\/2022\/10\/IMG_20221001_115745-768x576.jpg 768w, https:\/\/www.caudete.org\/ayuntamiento\/wp-content\/uploads\/2022\/10\/IMG_20221001_115745-1536x1152.jpg 1536w, https:\/\/www.caudete.org\/ayuntamiento\/wp-content\/uploads\/2022\/10\/IMG_20221001_115745-2048x1536.jpg 2048w\" alt=\"\" width=\"300\" height=\"225\" \/><\/a><\/p>\n<p style=\"text-align: justify;\">Igualmente se va a realizar un acerado en la\u00a0<strong>Calle Tejera del Moto<\/strong>, ya que en este lado del viario no se dispone.<\/p>\n<p style=\"text-align: justify;\">Esta actuaci\u00f3n supondr\u00e1 por tanto la remodelaci\u00f3n del pavimento, jardiner\u00eda e instalaciones de la plaza, adem\u00e1s de permitir posteriormente la ejecuci\u00f3n de una p\u00e9rgola que proteja del sol.<\/p>\n","protected":false},"excerpt":{"rendered":"<p>Esta semana han dado comienzo las obras de remodelaci\u00f3n de la Plaza San Jos\u00e9, seg\u00fan ha informado el Alcalde Mois\u00e9s L\u00f3pez, y que est\u00e1 ejecutando la constructora local HB Projects, S.L. Este es uno de los proyectos enmarcados para la presente legislatura, cuyo proyecto fue aprobado por la Junta Local de Gobierno hace unos meses, &hellip;<\/p>\n","protected":false},"author":3,"featured_media":21326,"comment_status":"closed","ping_status":"open","sticky":false,"template":"","format":"standard","meta":{"ngg_post_thumbnail":0,"footnotes":""},"categories":[92],"tags":[],"class_list":["post-21325","post","type-post","status-publish","format-standard","has-post-thumbnail","hentry","category-obras-y-urbanismo"],"yoast_head":"<!-- This site is optimized with the Yoast SEO plugin v27.5 - https:\/\/yoast.com\/product\/yoast-seo-wordpress\/ -->\n<title>Comienzan las obras de remodelaci\u00f3n de Plaza San Jos\u00e9 - MI Ayuntamiento de Caudete<\/title>\n<meta name=\"description\" content=\"P\u00e1gina Oficial del Ayuntamiento de Caudete (Albacete)\" \/>\n<meta name=\"robots\" content=\"index, follow, max-snippet:-1, max-image-preview:large, max-video-preview:-1\" \/>\n<link rel=\"canonical\" href=\"https:\/\/www.caudete.org\/ayuntamiento\/comienzan-las-obras-de-remodelacion-de-plaza-san-jose\/\" \/>\n<meta property=\"og:locale\" content=\"es_ES\" \/>\n<meta property=\"og:type\" content=\"article\" \/>\n<meta property=\"og:title\" content=\"Comienzan las obras de remodelaci\u00f3n de Plaza San Jos\u00e9 - MI Ayuntamiento de Caudete\" \/>\n<meta property=\"og:description\" content=\"P\u00e1gina Oficial del Ayuntamiento de Caudete (Albacete)\" \/>\n<meta property=\"og:url\" content=\"https:\/\/www.caudete.org\/ayuntamiento\/comienzan-las-obras-de-remodelacion-de-plaza-san-jose\/\" \/>\n<meta property=\"og:site_name\" content=\"MI Ayuntamiento de Caudete\" \/>\n<meta property=\"article:publisher\" content=\"https:\/\/www.facebook.com\/ayuntamientocaudete\/\" \/>\n<meta property=\"article:published_time\" content=\"2023-02-07T12:31:16+00:00\" \/>\n<meta property=\"article:modified_time\" content=\"2023-02-07T12:34:39+00:00\" \/>\n<meta property=\"og:image\" content=\"https:\/\/www.caudete.org\/ayuntamiento\/wp-content\/uploads\/2023\/02\/IMG-20230207-WA0031.jpg\" \/>\n\t<meta property=\"og:image:width\" content=\"2048\" \/>\n\t<meta property=\"og:image:height\" content=\"1536\" \/>\n\t<meta property=\"og:image:type\" content=\"image\/jpeg\" \/>\n<meta name=\"author\" content=\"alcalde\" \/>\n<meta name=\"twitter:card\" content=\"summary_large_image\" \/>\n<meta name=\"twitter:label1\" content=\"Escrito por\" \/>\n\t<meta name=\"twitter:data1\" content=\"alcalde\" \/>\n\t<meta name=\"twitter:label2\" content=\"Tiempo de lectura\" \/>\n\t<meta name=\"twitter:data2\" content=\"2 minutos\" \/>\n<script type=\"application\/ld+json\" class=\"yoast-schema-graph\">{\"@context\":\"https:\\\/\\\/schema.org\",\"@graph\":[{\"@type\":\"Article\",\"@id\":\"https:\\\/\\\/www.caudete.org\\\/ayuntamiento\\\/comienzan-las-obras-de-remodelacion-de-plaza-san-jose\\\/#article\",\"isPartOf\":{\"@id\":\"https:\\\/\\\/www.caudete.org\\\/ayuntamiento\\\/comienzan-las-obras-de-remodelacion-de-plaza-san-jose\\\/\"},\"author\":{\"name\":\"alcalde\",\"@id\":\"https:\\\/\\\/www.caudete.org\\\/ayuntamiento\\\/#\\\/schema\\\/person\\\/cc646da9133078ee4d8dd47457947253\"},\"headline\":\"Comienzan las obras de remodelaci\u00f3n de Plaza San Jos\u00e9\",\"datePublished\":\"2023-02-07T12:31:16+00:00\",\"dateModified\":\"2023-02-07T12:34:39+00:00\",\"mainEntityOfPage\":{\"@id\":\"https:\\\/\\\/www.caudete.org\\\/ayuntamiento\\\/comienzan-las-obras-de-remodelacion-de-plaza-san-jose\\\/\"},\"wordCount\":176,\"image\":{\"@id\":\"https:\\\/\\\/www.caudete.org\\\/ayuntamiento\\\/comienzan-las-obras-de-remodelacion-de-plaza-san-jose\\\/#primaryimage\"},\"thumbnailUrl\":\"https:\\\/\\\/www.caudete.org\\\/ayuntamiento\\\/wp-content\\\/uploads\\\/2023\\\/02\\\/IMG-20230207-WA0031.jpg\",\"articleSection\":[\"Obras y Urbanismo\"],\"inLanguage\":\"es\"},{\"@type\":\"WebPage\",\"@id\":\"https:\\\/\\\/www.caudete.org\\\/ayuntamiento\\\/comienzan-las-obras-de-remodelacion-de-plaza-san-jose\\\/\",\"url\":\"https:\\\/\\\/www.caudete.org\\\/ayuntamiento\\\/comienzan-las-obras-de-remodelacion-de-plaza-san-jose\\\/\",\"name\":\"Comienzan las obras de remodelaci\u00f3n de Plaza San Jos\u00e9 - MI Ayuntamiento de Caudete\",\"isPartOf\":{\"@id\":\"https:\\\/\\\/www.caudete.org\\\/ayuntamiento\\\/#website\"},\"primaryImageOfPage\":{\"@id\":\"https:\\\/\\\/www.caudete.org\\\/ayuntamiento\\\/comienzan-las-obras-de-remodelacion-de-plaza-san-jose\\\/#primaryimage\"},\"image\":{\"@id\":\"https:\\\/\\\/www.caudete.org\\\/ayuntamiento\\\/comienzan-las-obras-de-remodelacion-de-plaza-san-jose\\\/#primaryimage\"},\"thumbnailUrl\":\"https:\\\/\\\/www.caudete.org\\\/ayuntamiento\\\/wp-content\\\/uploads\\\/2023\\\/02\\\/IMG-20230207-WA0031.jpg\",\"datePublished\":\"2023-02-07T12:31:16+00:00\",\"dateModified\":\"2023-02-07T12:34:39+00:00\",\"author\":{\"@id\":\"https:\\\/\\\/www.caudete.org\\\/ayuntamiento\\\/#\\\/schema\\\/person\\\/cc646da9133078ee4d8dd47457947253\"},\"description\":\"P\u00e1gina Oficial del Ayuntamiento de Caudete (Albacete)\",\"breadcrumb\":{\"@id\":\"https:\\\/\\\/www.caudete.org\\\/ayuntamiento\\\/comienzan-las-obras-de-remodelacion-de-plaza-san-jose\\\/#breadcrumb\"},\"inLanguage\":\"es\",\"potentialAction\":[{\"@type\":\"ReadAction\",\"target\":[\"https:\\\/\\\/www.caudete.org\\\/ayuntamiento\\\/comienzan-las-obras-de-remodelacion-de-plaza-san-jose\\\/\"]}]},{\"@type\":\"ImageObject\",\"inLanguage\":\"es\",\"@id\":\"https:\\\/\\\/www.caudete.org\\\/ayuntamiento\\\/comienzan-las-obras-de-remodelacion-de-plaza-san-jose\\\/#primaryimage\",\"url\":\"https:\\\/\\\/www.caudete.org\\\/ayuntamiento\\\/wp-content\\\/uploads\\\/2023\\\/02\\\/IMG-20230207-WA0031.jpg\",\"contentUrl\":\"https:\\\/\\\/www.caudete.org\\\/ayuntamiento\\\/wp-content\\\/uploads\\\/2023\\\/02\\\/IMG-20230207-WA0031.jpg\",\"width\":2048,\"height\":1536},{\"@type\":\"BreadcrumbList\",\"@id\":\"https:\\\/\\\/www.caudete.org\\\/ayuntamiento\\\/comienzan-las-obras-de-remodelacion-de-plaza-san-jose\\\/#breadcrumb\",\"itemListElement\":[{\"@type\":\"ListItem\",\"position\":1,\"name\":\"Inicio\",\"item\":\"https:\\\/\\\/www.caudete.org\\\/ayuntamiento\\\/\"},{\"@type\":\"ListItem\",\"position\":2,\"name\":\"Comienzan las obras de remodelaci\u00f3n de Plaza San Jos\u00e9\"}]},{\"@type\":\"WebSite\",\"@id\":\"https:\\\/\\\/www.caudete.org\\\/ayuntamiento\\\/#website\",\"url\":\"https:\\\/\\\/www.caudete.org\\\/ayuntamiento\\\/\",\"name\":\"MI Ayuntamiento de Caudete\",\"description\":\"P\u00e1gina Oficial del MI Ayuntamiento de Caudete\",\"potentialAction\":[{\"@type\":\"SearchAction\",\"target\":{\"@type\":\"EntryPoint\",\"urlTemplate\":\"https:\\\/\\\/www.caudete.org\\\/ayuntamiento\\\/?s={search_term_string}\"},\"query-input\":{\"@type\":\"PropertyValueSpecification\",\"valueRequired\":true,\"valueName\":\"search_term_string\"}}],\"inLanguage\":\"es\"},{\"@type\":\"Person\",\"@id\":\"https:\\\/\\\/www.caudete.org\\\/ayuntamiento\\\/#\\\/schema\\\/person\\\/cc646da9133078ee4d8dd47457947253\",\"name\":\"alcalde\",\"image\":{\"@type\":\"ImageObject\",\"inLanguage\":\"es\",\"@id\":\"https:\\\/\\\/secure.gravatar.com\\\/avatar\\\/84a817ba065b29ff08d666b215a215f5c79186a645ccb25b14a663d48a130f77?s=96&d=mm&r=g\",\"url\":\"https:\\\/\\\/secure.gravatar.com\\\/avatar\\\/84a817ba065b29ff08d666b215a215f5c79186a645ccb25b14a663d48a130f77?s=96&d=mm&r=g\",\"contentUrl\":\"https:\\\/\\\/secure.gravatar.com\\\/avatar\\\/84a817ba065b29ff08d666b215a215f5c79186a645ccb25b14a663d48a130f77?s=96&d=mm&r=g\",\"caption\":\"alcalde\"},\"url\":\"https:\\\/\\\/www.caudete.org\\\/ayuntamiento\\\/author\\\/alcalde\\\/\"}]}<\/script>\n<!-- \/ Yoast SEO plugin. -->","yoast_head_json":{"title":"Comienzan las obras de remodelaci\u00f3n de Plaza San Jos\u00e9 - MI Ayuntamiento de Caudete","description":"P\u00e1gina Oficial del Ayuntamiento de Caudete (Albacete)","robots":{"index":"index","follow":"follow","max-snippet":"max-snippet:-1","max-image-preview":"max-image-preview:large","max-video-preview":"max-video-preview:-1"},"canonical":"https:\/\/www.caudete.org\/ayuntamiento\/comienzan-las-obras-de-remodelacion-de-plaza-san-jose\/","og_locale":"es_ES","og_type":"article","og_title":"Comienzan las obras de remodelaci\u00f3n de Plaza San Jos\u00e9 - MI Ayuntamiento de Caudete","og_description":"P\u00e1gina Oficial del Ayuntamiento de Caudete (Albacete)","og_url":"https:\/\/www.caudete.org\/ayuntamiento\/comienzan-las-obras-de-remodelacion-de-plaza-san-jose\/","og_site_name":"MI Ayuntamiento de Caudete","article_publisher":"https:\/\/www.facebook.com\/ayuntamientocaudete\/","article_published_time":"2023-02-07T12:31:16+00:00","article_modified_time":"2023-02-07T12:34:39+00:00","og_image":[{"width":2048,"height":1536,"url":"https:\/\/www.caudete.org\/ayuntamiento\/wp-content\/uploads\/2023\/02\/IMG-20230207-WA0031.jpg","type":"image\/jpeg"}],"author":"alcalde","twitter_card":"summary_large_image","twitter_misc":{"Escrito por":"alcalde","Tiempo de lectura":"2 minutos"},"schema":{"@context":"https:\/\/schema.org","@graph":[{"@type":"Article","@id":"https:\/\/www.caudete.org\/ayuntamiento\/comienzan-las-obras-de-remodelacion-de-plaza-san-jose\/#article","isPartOf":{"@id":"https:\/\/www.caudete.org\/ayuntamiento\/comienzan-las-obras-de-remodelacion-de-plaza-san-jose\/"},"author":{"name":"alcalde","@id":"https:\/\/www.caudete.org\/ayuntamiento\/#\/schema\/person\/cc646da9133078ee4d8dd47457947253"},"headline":"Comienzan las obras de remodelaci\u00f3n de Plaza San Jos\u00e9","datePublished":"2023-02-07T12:31:16+00:00","dateModified":"2023-02-07T12:34:39+00:00","mainEntityOfPage":{"@id":"https:\/\/www.caudete.org\/ayuntamiento\/comienzan-las-obras-de-remodelacion-de-plaza-san-jose\/"},"wordCount":176,"image":{"@id":"https:\/\/www.caudete.org\/ayuntamiento\/comienzan-las-obras-de-remodelacion-de-plaza-san-jose\/#primaryimage"},"thumbnailUrl":"https:\/\/www.caudete.org\/ayuntamiento\/wp-content\/uploads\/2023\/02\/IMG-20230207-WA0031.jpg","articleSection":["Obras y Urbanismo"],"inLanguage":"es"},{"@type":"WebPage","@id":"https:\/\/www.caudete.org\/ayuntamiento\/comienzan-las-obras-de-remodelacion-de-plaza-san-jose\/","url":"https:\/\/www.caudete.org\/ayuntamiento\/comienzan-las-obras-de-remodelacion-de-plaza-san-jose\/","name":"Comienzan las obras de remodelaci\u00f3n de Plaza San Jos\u00e9 - MI Ayuntamiento de Caudete","isPartOf":{"@id":"https:\/\/www.caudete.org\/ayuntamiento\/#website"},"primaryImageOfPage":{"@id":"https:\/\/www.caudete.org\/ayuntamiento\/comienzan-las-obras-de-remodelacion-de-plaza-san-jose\/#primaryimage"},"image":{"@id":"https:\/\/www.caudete.org\/ayuntamiento\/comienzan-las-obras-de-remodelacion-de-plaza-san-jose\/#primaryimage"},"thumbnailUrl":"https:\/\/www.caudete.org\/ayuntamiento\/wp-content\/uploads\/2023\/02\/IMG-20230207-WA0031.jpg","datePublished":"2023-02-07T12:31:16+00:00","dateModified":"2023-02-07T12:34:39+00:00","author":{"@id":"https:\/\/www.caudete.org\/ayuntamiento\/#\/schema\/person\/cc646da9133078ee4d8dd47457947253"},"description":"P\u00e1gina Oficial del Ayuntamiento de Caudete (Albacete)","breadcrumb":{"@id":"https:\/\/www.caudete.org\/ayuntamiento\/comienzan-las-obras-de-remodelacion-de-plaza-san-jose\/#breadcrumb"},"inLanguage":"es","potentialAction":[{"@type":"ReadAction","target":["https:\/\/www.caudete.org\/ayuntamiento\/comienzan-las-obras-de-remodelacion-de-plaza-san-jose\/"]}]},{"@type":"ImageObject","inLanguage":"es","@id":"https:\/\/www.caudete.org\/ayuntamiento\/comienzan-las-obras-de-remodelacion-de-plaza-san-jose\/#primaryimage","url":"https:\/\/www.caudete.org\/ayuntamiento\/wp-content\/uploads\/2023\/02\/IMG-20230207-WA0031.jpg","contentUrl":"https:\/\/www.caudete.org\/ayuntamiento\/wp-content\/uploads\/2023\/02\/IMG-20230207-WA0031.jpg","width":2048,"height":1536},{"@type":"BreadcrumbList","@id":"https:\/\/www.caudete.org\/ayuntamiento\/comienzan-las-obras-de-remodelacion-de-plaza-san-jose\/#breadcrumb","itemListElement":[{"@type":"ListItem","position":1,"name":"Inicio","item":"https:\/\/www.caudete.org\/ayuntamiento\/"},{"@type":"ListItem","position":2,"name":"Comienzan las obras de remodelaci\u00f3n de Plaza San Jos\u00e9"}]},{"@type":"WebSite","@id":"https:\/\/www.caudete.org\/ayuntamiento\/#website","url":"https:\/\/www.caudete.org\/ayuntamiento\/","name":"MI Ayuntamiento de Caudete","description":"P\u00e1gina Oficial del MI Ayuntamiento de Caudete","potentialAction":[{"@type":"SearchAction","target":{"@type":"EntryPoint","urlTemplate":"https:\/\/www.caudete.org\/ayuntamiento\/?s={search_term_string}"},"query-input":{"@type":"PropertyValueSpecification","valueRequired":true,"valueName":"search_term_string"}}],"inLanguage":"es"},{"@type":"Person","@id":"https:\/\/www.caudete.org\/ayuntamiento\/#\/schema\/person\/cc646da9133078ee4d8dd47457947253","name":"alcalde","image":{"@type":"ImageObject","inLanguage":"es","@id":"https:\/\/secure.gravatar.com\/avatar\/84a817ba065b29ff08d666b215a215f5c79186a645ccb25b14a663d48a130f77?s=96&d=mm&r=g","url":"https:\/\/secure.gravatar.com\/avatar\/84a817ba065b29ff08d666b215a215f5c79186a645ccb25b14a663d48a130f77?s=96&d=mm&r=g","contentUrl":"https:\/\/secure.gravatar.com\/avatar\/84a817ba065b29ff08d666b215a215f5c79186a645ccb25b14a663d48a130f77?s=96&d=mm&r=g","caption":"alcalde"},"url":"https:\/\/www.caudete.org\/ayuntamiento\/author\/alcalde\/"}]}},"_links":{"self":[{"href":"https:\/\/www.caudete.org\/ayuntamiento\/wp-json\/wp\/v2\/posts\/21325","targetHints":{"allow":["GET"]}}],"collection":[{"href":"https:\/\/www.caudete.org\/ayuntamiento\/wp-json\/wp\/v2\/posts"}],"about":[{"href":"https:\/\/www.caudete.org\/ayuntamiento\/wp-json\/wp\/v2\/types\/post"}],"author":[{"embeddable":true,"href":"https:\/\/www.caudete.org\/ayuntamiento\/wp-json\/wp\/v2\/users\/3"}],"replies":[{"embeddable":true,"href":"https:\/\/www.caudete.org\/ayuntamiento\/wp-json\/wp\/v2\/comments?post=21325"}],"version-history":[{"count":3,"href":"https:\/\/www.caudete.org\/ayuntamiento\/wp-json\/wp\/v2\/posts\/21325\/revisions"}],"predecessor-version":[{"id":21330,"href":"https:\/\/www.caudete.org\/ayuntamiento\/wp-json\/wp\/v2\/posts\/21325\/revisions\/21330"}],"wp:featuredmedia":[{"embeddable":true,"href":"https:\/\/www.caudete.org\/ayuntamiento\/wp-json\/wp\/v2\/media\/21326"}],"wp:attachment":[{"href":"https:\/\/www.caudete.org\/ayuntamiento\/wp-json\/wp\/v2\/media?parent=21325"}],"wp:term":[{"taxonomy":"category","embeddable":true,"href":"https:\/\/www.caudete.org\/ayuntamiento\/wp-json\/wp\/v2\/categories?post=21325"},{"taxonomy":"post_tag","embeddable":true,"href":"https:\/\/www.caudete.org\/ayuntamiento\/wp-json\/wp\/v2\/tags?post=21325"}],"curies":[{"name":"wp","href":"https:\/\/api.w.org\/{rel}","templated":true}]}}