{"id":21337,"date":"2023-02-09T09:06:37","date_gmt":"2023-02-09T08:06:37","guid":{"rendered":"https:\/\/www.caudete.org\/ayuntamiento\/?p=21337"},"modified":"2023-02-08T11:14:30","modified_gmt":"2023-02-08T10:14:30","slug":"el-albergue-de-la-toconera-consigue-gran-aceptacion-entre-los-caudetanos","status":"publish","type":"post","link":"https:\/\/www.caudete.org\/ayuntamiento\/el-albergue-de-la-toconera-consigue-gran-aceptacion-entre-los-caudetanos\/","title":{"rendered":"El Albergue de La Toconera consigue gran aceptaci\u00f3n entre los caudetanos"},"content":{"rendered":"<p><a href=\"https:\/\/www.caudete.org\/ayuntamiento\/wp-content\/uploads\/2023\/02\/FB_IMG_1675850703771.jpg\" rel='prettyPhoto'><img fetchpriority=\"high\" decoding=\"async\" class=\"aligncenter wp-image-21347 size-medium\" src=\"https:\/\/www.caudete.org\/ayuntamiento\/wp-content\/uploads\/2023\/02\/FB_IMG_1675850703771-300x300.jpg\" alt=\"\" width=\"300\" height=\"300\" srcset=\"https:\/\/www.caudete.org\/ayuntamiento\/wp-content\/uploads\/2023\/02\/FB_IMG_1675850703771-300x300.jpg 300w, https:\/\/www.caudete.org\/ayuntamiento\/wp-content\/uploads\/2023\/02\/FB_IMG_1675850703771-150x150.jpg 150w, https:\/\/www.caudete.org\/ayuntamiento\/wp-content\/uploads\/2023\/02\/FB_IMG_1675850703771-60x60.jpg 60w, https:\/\/www.caudete.org\/ayuntamiento\/wp-content\/uploads\/2023\/02\/FB_IMG_1675850703771.jpg 720w\" sizes=\"(max-width: 300px) 100vw, 300px\" \/><\/a><\/p>\n<p style=\"text-align: justify;\">El Concejal de Turismo, Diego Cuenca traslada la satisfacci\u00f3n que el Departamento de Turismo mantiene con el Albergue de La Toconera, dad la gran acogida que estas nuevas instalaciones en el medio natural est\u00e1n teniendo entre la poblaci\u00f3n de Caudete y visitantes.<\/p>\n<p style=\"text-align: justify;\">Desde su remodelaci\u00f3n el pasado a\u00f1o gracias a un proyecto del PEEZRD y de inversi\u00f3n municipal, y su puesta a disposici\u00f3n de los usuarios, han sido numerosas las solicitudes de informaci\u00f3n y de reserva que se han recibido tanto en 2022 como en 2023, algunas de ellas de fuera de la localidad. De hecho, el nivel de ocupaci\u00f3n es alto y en este momento ya se han gestionado reservas incluso hasta mediados del mes de mayo.<\/p>\n<p><a href=\"https:\/\/www.caudete.org\/ayuntamiento\/wp-content\/uploads\/2023\/02\/FB_IMG_1675850692350.jpg\" rel='prettyPhoto'><img decoding=\"async\" class=\"aligncenter wp-image-21348 size-medium\" src=\"https:\/\/www.caudete.org\/ayuntamiento\/wp-content\/uploads\/2023\/02\/FB_IMG_1675850692350-300x300.jpg\" alt=\"\" width=\"300\" height=\"300\" srcset=\"https:\/\/www.caudete.org\/ayuntamiento\/wp-content\/uploads\/2023\/02\/FB_IMG_1675850692350-300x300.jpg 300w, https:\/\/www.caudete.org\/ayuntamiento\/wp-content\/uploads\/2023\/02\/FB_IMG_1675850692350-150x150.jpg 150w, https:\/\/www.caudete.org\/ayuntamiento\/wp-content\/uploads\/2023\/02\/FB_IMG_1675850692350-60x60.jpg 60w, https:\/\/www.caudete.org\/ayuntamiento\/wp-content\/uploads\/2023\/02\/FB_IMG_1675850692350.jpg 720w\" sizes=\"(max-width: 300px) 100vw, 300px\" \/><\/a><\/p>\n<p style=\"text-align: justify;\">Recordaba el Edil que existe un calendario de disponibilidad publicado en el Tabl\u00f3n de Anuncios, y que para poder realizar la reserva hay que ponerse en contacto con la Oficina de Turismo, registrar la solicitud por registro y abonar la tasa y la fianza establecida.<\/p>\n<p style=\"text-align: justify;\">Sin duda, el entorno natural le brinda al Albergue un encanto especial que permite su uso para grupo reducido o grande, pudiendo usar las c\u00f3modas instalaciones incluso para la pernocta.<\/p>\n<p><a href=\"https:\/\/www.caudete.org\/ayuntamiento\/wp-content\/uploads\/2023\/02\/FB_IMG_1675850698051.jpg\" rel='prettyPhoto'><img decoding=\"async\" class=\"aligncenter wp-image-21349 size-medium\" src=\"https:\/\/www.caudete.org\/ayuntamiento\/wp-content\/uploads\/2023\/02\/FB_IMG_1675850698051-300x300.jpg\" alt=\"\" width=\"300\" height=\"300\" srcset=\"https:\/\/www.caudete.org\/ayuntamiento\/wp-content\/uploads\/2023\/02\/FB_IMG_1675850698051-300x300.jpg 300w, https:\/\/www.caudete.org\/ayuntamiento\/wp-content\/uploads\/2023\/02\/FB_IMG_1675850698051-150x150.jpg 150w, https:\/\/www.caudete.org\/ayuntamiento\/wp-content\/uploads\/2023\/02\/FB_IMG_1675850698051-60x60.jpg 60w, https:\/\/www.caudete.org\/ayuntamiento\/wp-content\/uploads\/2023\/02\/FB_IMG_1675850698051.jpg 720w\" sizes=\"(max-width: 300px) 100vw, 300px\" \/><\/a><\/p>\n","protected":false},"excerpt":{"rendered":"<p>El Concejal de Turismo, Diego Cuenca traslada la satisfacci\u00f3n que el Departamento de Turismo mantiene con el Albergue de La Toconera, dad la gran acogida que estas nuevas instalaciones en el medio natural est\u00e1n teniendo entre la poblaci\u00f3n de Caudete y visitantes. Desde su remodelaci\u00f3n el pasado a\u00f1o gracias a un proyecto del PEEZRD y &hellip;<\/p>\n","protected":false},"author":3,"featured_media":21348,"comment_status":"closed","ping_status":"open","sticky":false,"template":"","format":"standard","meta":{"ngg_post_thumbnail":0,"footnotes":""},"categories":[43],"tags":[],"class_list":["post-21337","post","type-post","status-publish","format-standard","has-post-thumbnail","hentry","category-turismo"],"yoast_head":"<!-- This site is optimized with the Yoast SEO plugin v27.5 - https:\/\/yoast.com\/product\/yoast-seo-wordpress\/ -->\n<title>El Albergue de La Toconera consigue gran aceptaci\u00f3n entre los caudetanos - MI Ayuntamiento de Caudete<\/title>\n<meta name=\"description\" content=\"P\u00e1gina Oficial del Ayuntamiento de Caudete (Albacete)\" \/>\n<meta name=\"robots\" content=\"index, follow, max-snippet:-1, max-image-preview:large, max-video-preview:-1\" \/>\n<link rel=\"canonical\" href=\"https:\/\/www.caudete.org\/ayuntamiento\/el-albergue-de-la-toconera-consigue-gran-aceptacion-entre-los-caudetanos\/\" \/>\n<meta property=\"og:locale\" content=\"es_ES\" \/>\n<meta property=\"og:type\" content=\"article\" \/>\n<meta property=\"og:title\" content=\"El Albergue de La Toconera consigue gran aceptaci\u00f3n entre los caudetanos - MI Ayuntamiento de Caudete\" \/>\n<meta property=\"og:description\" content=\"P\u00e1gina Oficial del Ayuntamiento de Caudete (Albacete)\" \/>\n<meta property=\"og:url\" content=\"https:\/\/www.caudete.org\/ayuntamiento\/el-albergue-de-la-toconera-consigue-gran-aceptacion-entre-los-caudetanos\/\" \/>\n<meta property=\"og:site_name\" content=\"MI Ayuntamiento de Caudete\" \/>\n<meta property=\"article:publisher\" content=\"https:\/\/www.facebook.com\/ayuntamientocaudete\/\" \/>\n<meta property=\"article:published_time\" content=\"2023-02-09T08:06:37+00:00\" \/>\n<meta property=\"og:image\" content=\"https:\/\/www.caudete.org\/ayuntamiento\/wp-content\/uploads\/2023\/02\/FB_IMG_1675850692350.jpg\" \/>\n\t<meta property=\"og:image:width\" content=\"720\" \/>\n\t<meta property=\"og:image:height\" content=\"720\" \/>\n\t<meta property=\"og:image:type\" content=\"image\/jpeg\" \/>\n<meta name=\"author\" content=\"alcalde\" \/>\n<meta name=\"twitter:card\" content=\"summary_large_image\" \/>\n<meta name=\"twitter:label1\" content=\"Escrito por\" \/>\n\t<meta name=\"twitter:data1\" content=\"alcalde\" \/>\n\t<meta name=\"twitter:label2\" content=\"Tiempo de lectura\" \/>\n\t<meta name=\"twitter:data2\" content=\"2 minutos\" \/>\n<script type=\"application\/ld+json\" class=\"yoast-schema-graph\">{\"@context\":\"https:\\\/\\\/schema.org\",\"@graph\":[{\"@type\":\"Article\",\"@id\":\"https:\\\/\\\/www.caudete.org\\\/ayuntamiento\\\/el-albergue-de-la-toconera-consigue-gran-aceptacion-entre-los-caudetanos\\\/#article\",\"isPartOf\":{\"@id\":\"https:\\\/\\\/www.caudete.org\\\/ayuntamiento\\\/el-albergue-de-la-toconera-consigue-gran-aceptacion-entre-los-caudetanos\\\/\"},\"author\":{\"name\":\"alcalde\",\"@id\":\"https:\\\/\\\/www.caudete.org\\\/ayuntamiento\\\/#\\\/schema\\\/person\\\/cc646da9133078ee4d8dd47457947253\"},\"headline\":\"El Albergue de La Toconera consigue gran aceptaci\u00f3n entre los caudetanos\",\"datePublished\":\"2023-02-09T08:06:37+00:00\",\"mainEntityOfPage\":{\"@id\":\"https:\\\/\\\/www.caudete.org\\\/ayuntamiento\\\/el-albergue-de-la-toconera-consigue-gran-aceptacion-entre-los-caudetanos\\\/\"},\"wordCount\":214,\"image\":{\"@id\":\"https:\\\/\\\/www.caudete.org\\\/ayuntamiento\\\/el-albergue-de-la-toconera-consigue-gran-aceptacion-entre-los-caudetanos\\\/#primaryimage\"},\"thumbnailUrl\":\"https:\\\/\\\/www.caudete.org\\\/ayuntamiento\\\/wp-content\\\/uploads\\\/2023\\\/02\\\/FB_IMG_1675850692350.jpg\",\"articleSection\":[\"Turismo\"],\"inLanguage\":\"es\"},{\"@type\":\"WebPage\",\"@id\":\"https:\\\/\\\/www.caudete.org\\\/ayuntamiento\\\/el-albergue-de-la-toconera-consigue-gran-aceptacion-entre-los-caudetanos\\\/\",\"url\":\"https:\\\/\\\/www.caudete.org\\\/ayuntamiento\\\/el-albergue-de-la-toconera-consigue-gran-aceptacion-entre-los-caudetanos\\\/\",\"name\":\"El Albergue de La Toconera consigue gran aceptaci\u00f3n entre los caudetanos - MI Ayuntamiento de Caudete\",\"isPartOf\":{\"@id\":\"https:\\\/\\\/www.caudete.org\\\/ayuntamiento\\\/#website\"},\"primaryImageOfPage\":{\"@id\":\"https:\\\/\\\/www.caudete.org\\\/ayuntamiento\\\/el-albergue-de-la-toconera-consigue-gran-aceptacion-entre-los-caudetanos\\\/#primaryimage\"},\"image\":{\"@id\":\"https:\\\/\\\/www.caudete.org\\\/ayuntamiento\\\/el-albergue-de-la-toconera-consigue-gran-aceptacion-entre-los-caudetanos\\\/#primaryimage\"},\"thumbnailUrl\":\"https:\\\/\\\/www.caudete.org\\\/ayuntamiento\\\/wp-content\\\/uploads\\\/2023\\\/02\\\/FB_IMG_1675850692350.jpg\",\"datePublished\":\"2023-02-09T08:06:37+00:00\",\"author\":{\"@id\":\"https:\\\/\\\/www.caudete.org\\\/ayuntamiento\\\/#\\\/schema\\\/person\\\/cc646da9133078ee4d8dd47457947253\"},\"description\":\"P\u00e1gina Oficial del Ayuntamiento de Caudete (Albacete)\",\"breadcrumb\":{\"@id\":\"https:\\\/\\\/www.caudete.org\\\/ayuntamiento\\\/el-albergue-de-la-toconera-consigue-gran-aceptacion-entre-los-caudetanos\\\/#breadcrumb\"},\"inLanguage\":\"es\",\"potentialAction\":[{\"@type\":\"ReadAction\",\"target\":[\"https:\\\/\\\/www.caudete.org\\\/ayuntamiento\\\/el-albergue-de-la-toconera-consigue-gran-aceptacion-entre-los-caudetanos\\\/\"]}]},{\"@type\":\"ImageObject\",\"inLanguage\":\"es\",\"@id\":\"https:\\\/\\\/www.caudete.org\\\/ayuntamiento\\\/el-albergue-de-la-toconera-consigue-gran-aceptacion-entre-los-caudetanos\\\/#primaryimage\",\"url\":\"https:\\\/\\\/www.caudete.org\\\/ayuntamiento\\\/wp-content\\\/uploads\\\/2023\\\/02\\\/FB_IMG_1675850692350.jpg\",\"contentUrl\":\"https:\\\/\\\/www.caudete.org\\\/ayuntamiento\\\/wp-content\\\/uploads\\\/2023\\\/02\\\/FB_IMG_1675850692350.jpg\",\"width\":720,\"height\":720},{\"@type\":\"BreadcrumbList\",\"@id\":\"https:\\\/\\\/www.caudete.org\\\/ayuntamiento\\\/el-albergue-de-la-toconera-consigue-gran-aceptacion-entre-los-caudetanos\\\/#breadcrumb\",\"itemListElement\":[{\"@type\":\"ListItem\",\"position\":1,\"name\":\"Inicio\",\"item\":\"https:\\\/\\\/www.caudete.org\\\/ayuntamiento\\\/\"},{\"@type\":\"ListItem\",\"position\":2,\"name\":\"El Albergue de La Toconera consigue gran aceptaci\u00f3n entre los caudetanos\"}]},{\"@type\":\"WebSite\",\"@id\":\"https:\\\/\\\/www.caudete.org\\\/ayuntamiento\\\/#website\",\"url\":\"https:\\\/\\\/www.caudete.org\\\/ayuntamiento\\\/\",\"name\":\"MI Ayuntamiento de Caudete\",\"description\":\"P\u00e1gina Oficial del MI Ayuntamiento de Caudete\",\"potentialAction\":[{\"@type\":\"SearchAction\",\"target\":{\"@type\":\"EntryPoint\",\"urlTemplate\":\"https:\\\/\\\/www.caudete.org\\\/ayuntamiento\\\/?s={search_term_string}\"},\"query-input\":{\"@type\":\"PropertyValueSpecification\",\"valueRequired\":true,\"valueName\":\"search_term_string\"}}],\"inLanguage\":\"es\"},{\"@type\":\"Person\",\"@id\":\"https:\\\/\\\/www.caudete.org\\\/ayuntamiento\\\/#\\\/schema\\\/person\\\/cc646da9133078ee4d8dd47457947253\",\"name\":\"alcalde\",\"image\":{\"@type\":\"ImageObject\",\"inLanguage\":\"es\",\"@id\":\"https:\\\/\\\/secure.gravatar.com\\\/avatar\\\/84a817ba065b29ff08d666b215a215f5c79186a645ccb25b14a663d48a130f77?s=96&d=mm&r=g\",\"url\":\"https:\\\/\\\/secure.gravatar.com\\\/avatar\\\/84a817ba065b29ff08d666b215a215f5c79186a645ccb25b14a663d48a130f77?s=96&d=mm&r=g\",\"contentUrl\":\"https:\\\/\\\/secure.gravatar.com\\\/avatar\\\/84a817ba065b29ff08d666b215a215f5c79186a645ccb25b14a663d48a130f77?s=96&d=mm&r=g\",\"caption\":\"alcalde\"},\"url\":\"https:\\\/\\\/www.caudete.org\\\/ayuntamiento\\\/author\\\/alcalde\\\/\"}]}<\/script>\n<!-- \/ Yoast SEO plugin. -->","yoast_head_json":{"title":"El Albergue de La Toconera consigue gran aceptaci\u00f3n entre los caudetanos - MI Ayuntamiento de Caudete","description":"P\u00e1gina Oficial del Ayuntamiento de Caudete (Albacete)","robots":{"index":"index","follow":"follow","max-snippet":"max-snippet:-1","max-image-preview":"max-image-preview:large","max-video-preview":"max-video-preview:-1"},"canonical":"https:\/\/www.caudete.org\/ayuntamiento\/el-albergue-de-la-toconera-consigue-gran-aceptacion-entre-los-caudetanos\/","og_locale":"es_ES","og_type":"article","og_title":"El Albergue de La Toconera consigue gran aceptaci\u00f3n entre los caudetanos - MI Ayuntamiento de Caudete","og_description":"P\u00e1gina Oficial del Ayuntamiento de Caudete (Albacete)","og_url":"https:\/\/www.caudete.org\/ayuntamiento\/el-albergue-de-la-toconera-consigue-gran-aceptacion-entre-los-caudetanos\/","og_site_name":"MI Ayuntamiento de Caudete","article_publisher":"https:\/\/www.facebook.com\/ayuntamientocaudete\/","article_published_time":"2023-02-09T08:06:37+00:00","og_image":[{"width":720,"height":720,"url":"https:\/\/www.caudete.org\/ayuntamiento\/wp-content\/uploads\/2023\/02\/FB_IMG_1675850692350.jpg","type":"image\/jpeg"}],"author":"alcalde","twitter_card":"summary_large_image","twitter_misc":{"Escrito por":"alcalde","Tiempo de lectura":"2 minutos"},"schema":{"@context":"https:\/\/schema.org","@graph":[{"@type":"Article","@id":"https:\/\/www.caudete.org\/ayuntamiento\/el-albergue-de-la-toconera-consigue-gran-aceptacion-entre-los-caudetanos\/#article","isPartOf":{"@id":"https:\/\/www.caudete.org\/ayuntamiento\/el-albergue-de-la-toconera-consigue-gran-aceptacion-entre-los-caudetanos\/"},"author":{"name":"alcalde","@id":"https:\/\/www.caudete.org\/ayuntamiento\/#\/schema\/person\/cc646da9133078ee4d8dd47457947253"},"headline":"El Albergue de La Toconera consigue gran aceptaci\u00f3n entre los caudetanos","datePublished":"2023-02-09T08:06:37+00:00","mainEntityOfPage":{"@id":"https:\/\/www.caudete.org\/ayuntamiento\/el-albergue-de-la-toconera-consigue-gran-aceptacion-entre-los-caudetanos\/"},"wordCount":214,"image":{"@id":"https:\/\/www.caudete.org\/ayuntamiento\/el-albergue-de-la-toconera-consigue-gran-aceptacion-entre-los-caudetanos\/#primaryimage"},"thumbnailUrl":"https:\/\/www.caudete.org\/ayuntamiento\/wp-content\/uploads\/2023\/02\/FB_IMG_1675850692350.jpg","articleSection":["Turismo"],"inLanguage":"es"},{"@type":"WebPage","@id":"https:\/\/www.caudete.org\/ayuntamiento\/el-albergue-de-la-toconera-consigue-gran-aceptacion-entre-los-caudetanos\/","url":"https:\/\/www.caudete.org\/ayuntamiento\/el-albergue-de-la-toconera-consigue-gran-aceptacion-entre-los-caudetanos\/","name":"El Albergue de La Toconera consigue gran aceptaci\u00f3n entre los caudetanos - MI Ayuntamiento de Caudete","isPartOf":{"@id":"https:\/\/www.caudete.org\/ayuntamiento\/#website"},"primaryImageOfPage":{"@id":"https:\/\/www.caudete.org\/ayuntamiento\/el-albergue-de-la-toconera-consigue-gran-aceptacion-entre-los-caudetanos\/#primaryimage"},"image":{"@id":"https:\/\/www.caudete.org\/ayuntamiento\/el-albergue-de-la-toconera-consigue-gran-aceptacion-entre-los-caudetanos\/#primaryimage"},"thumbnailUrl":"https:\/\/www.caudete.org\/ayuntamiento\/wp-content\/uploads\/2023\/02\/FB_IMG_1675850692350.jpg","datePublished":"2023-02-09T08:06:37+00:00","author":{"@id":"https:\/\/www.caudete.org\/ayuntamiento\/#\/schema\/person\/cc646da9133078ee4d8dd47457947253"},"description":"P\u00e1gina Oficial del Ayuntamiento de Caudete (Albacete)","breadcrumb":{"@id":"https:\/\/www.caudete.org\/ayuntamiento\/el-albergue-de-la-toconera-consigue-gran-aceptacion-entre-los-caudetanos\/#breadcrumb"},"inLanguage":"es","potentialAction":[{"@type":"ReadAction","target":["https:\/\/www.caudete.org\/ayuntamiento\/el-albergue-de-la-toconera-consigue-gran-aceptacion-entre-los-caudetanos\/"]}]},{"@type":"ImageObject","inLanguage":"es","@id":"https:\/\/www.caudete.org\/ayuntamiento\/el-albergue-de-la-toconera-consigue-gran-aceptacion-entre-los-caudetanos\/#primaryimage","url":"https:\/\/www.caudete.org\/ayuntamiento\/wp-content\/uploads\/2023\/02\/FB_IMG_1675850692350.jpg","contentUrl":"https:\/\/www.caudete.org\/ayuntamiento\/wp-content\/uploads\/2023\/02\/FB_IMG_1675850692350.jpg","width":720,"height":720},{"@type":"BreadcrumbList","@id":"https:\/\/www.caudete.org\/ayuntamiento\/el-albergue-de-la-toconera-consigue-gran-aceptacion-entre-los-caudetanos\/#breadcrumb","itemListElement":[{"@type":"ListItem","position":1,"name":"Inicio","item":"https:\/\/www.caudete.org\/ayuntamiento\/"},{"@type":"ListItem","position":2,"name":"El Albergue de La Toconera consigue gran aceptaci\u00f3n entre los caudetanos"}]},{"@type":"WebSite","@id":"https:\/\/www.caudete.org\/ayuntamiento\/#website","url":"https:\/\/www.caudete.org\/ayuntamiento\/","name":"MI Ayuntamiento de Caudete","description":"P\u00e1gina Oficial del MI Ayuntamiento de Caudete","potentialAction":[{"@type":"SearchAction","target":{"@type":"EntryPoint","urlTemplate":"https:\/\/www.caudete.org\/ayuntamiento\/?s={search_term_string}"},"query-input":{"@type":"PropertyValueSpecification","valueRequired":true,"valueName":"search_term_string"}}],"inLanguage":"es"},{"@type":"Person","@id":"https:\/\/www.caudete.org\/ayuntamiento\/#\/schema\/person\/cc646da9133078ee4d8dd47457947253","name":"alcalde","image":{"@type":"ImageObject","inLanguage":"es","@id":"https:\/\/secure.gravatar.com\/avatar\/84a817ba065b29ff08d666b215a215f5c79186a645ccb25b14a663d48a130f77?s=96&d=mm&r=g","url":"https:\/\/secure.gravatar.com\/avatar\/84a817ba065b29ff08d666b215a215f5c79186a645ccb25b14a663d48a130f77?s=96&d=mm&r=g","contentUrl":"https:\/\/secure.gravatar.com\/avatar\/84a817ba065b29ff08d666b215a215f5c79186a645ccb25b14a663d48a130f77?s=96&d=mm&r=g","caption":"alcalde"},"url":"https:\/\/www.caudete.org\/ayuntamiento\/author\/alcalde\/"}]}},"_links":{"self":[{"href":"https:\/\/www.caudete.org\/ayuntamiento\/wp-json\/wp\/v2\/posts\/21337","targetHints":{"allow":["GET"]}}],"collection":[{"href":"https:\/\/www.caudete.org\/ayuntamiento\/wp-json\/wp\/v2\/posts"}],"about":[{"href":"https:\/\/www.caudete.org\/ayuntamiento\/wp-json\/wp\/v2\/types\/post"}],"author":[{"embeddable":true,"href":"https:\/\/www.caudete.org\/ayuntamiento\/wp-json\/wp\/v2\/users\/3"}],"replies":[{"embeddable":true,"href":"https:\/\/www.caudete.org\/ayuntamiento\/wp-json\/wp\/v2\/comments?post=21337"}],"version-history":[{"count":1,"href":"https:\/\/www.caudete.org\/ayuntamiento\/wp-json\/wp\/v2\/posts\/21337\/revisions"}],"predecessor-version":[{"id":21350,"href":"https:\/\/www.caudete.org\/ayuntamiento\/wp-json\/wp\/v2\/posts\/21337\/revisions\/21350"}],"wp:featuredmedia":[{"embeddable":true,"href":"https:\/\/www.caudete.org\/ayuntamiento\/wp-json\/wp\/v2\/media\/21348"}],"wp:attachment":[{"href":"https:\/\/www.caudete.org\/ayuntamiento\/wp-json\/wp\/v2\/media?parent=21337"}],"wp:term":[{"taxonomy":"category","embeddable":true,"href":"https:\/\/www.caudete.org\/ayuntamiento\/wp-json\/wp\/v2\/categories?post=21337"},{"taxonomy":"post_tag","embeddable":true,"href":"https:\/\/www.caudete.org\/ayuntamiento\/wp-json\/wp\/v2\/tags?post=21337"}],"curies":[{"name":"wp","href":"https:\/\/api.w.org\/{rel}","templated":true}]}}