{"id":21366,"date":"2023-02-11T12:30:14","date_gmt":"2023-02-11T11:30:14","guid":{"rendered":"https:\/\/www.caudete.org\/ayuntamiento\/?p=21366"},"modified":"2023-02-11T19:44:03","modified_gmt":"2023-02-11T18:44:03","slug":"el-lunes-comienza-el-pos-2022-con-el-corte-al-trafico-de-c-abadia-y-aparcamiento-de-vehiculos-en-lateral-derecho-de-plz-iglesia","status":"publish","type":"post","link":"https:\/\/www.caudete.org\/ayuntamiento\/el-lunes-comienza-el-pos-2022-con-el-corte-al-trafico-de-c-abadia-y-aparcamiento-de-vehiculos-en-lateral-derecho-de-plz-iglesia\/","title":{"rendered":"El lunes comienza el POS-2022, con el corte al tr\u00e1fico de C\/Abad\u00eda y aparcamiento de veh\u00edculos en lateral derecho de Plz.Iglesia"},"content":{"rendered":"<p style=\"text-align: justify;\">Este pr\u00f3ximo lunes 13 de Febrero la empresa Construcciones Maybe, S.L., dar\u00e1 comienzo a las obras del POS-2022 que el Consistorio ha establecido desarrollar en Calle Mayor y aleda\u00f1os, tal y como informaba a los medios el Alcalde, Mois\u00e9s L\u00f3pez.<\/p>\n<p style=\"text-align: justify;\">La obra, que ha sido dividida en 4 fases para evitar al m\u00e1ximo molestias, dar\u00e1n comienzo con el tramo de C\/Abad\u00eda, en el tramo recayente a la fachada de La Lonja, aunque las obras afectando un lateral de estacionamiento de veh\u00edculos de Plaza de la Iglesia.<\/p>\n<p><a href=\"https:\/\/www.caudete.org\/ayuntamiento\/wp-content\/uploads\/2022\/12\/Captura-de-pantalla-2022-12-19-110438-1.jpg\" rel='prettyPhoto'><img fetchpriority=\"high\" decoding=\"async\" class=\"alignnone wp-image-20924 size-medium\" src=\"https:\/\/www.caudete.org\/ayuntamiento\/wp-content\/uploads\/2022\/12\/Captura-de-pantalla-2022-12-19-110438-1-300x195.jpg\" alt=\"\" width=\"300\" height=\"195\" srcset=\"https:\/\/www.caudete.org\/ayuntamiento\/wp-content\/uploads\/2022\/12\/Captura-de-pantalla-2022-12-19-110438-1-300x195.jpg 300w, https:\/\/www.caudete.org\/ayuntamiento\/wp-content\/uploads\/2022\/12\/Captura-de-pantalla-2022-12-19-110438-1-768x498.jpg 768w, https:\/\/www.caudete.org\/ayuntamiento\/wp-content\/uploads\/2022\/12\/Captura-de-pantalla-2022-12-19-110438-1.jpg 993w\" sizes=\"(max-width: 300px) 100vw, 300px\" \/><\/a><\/p>\n<p style=\"text-align: justify;\">Una importante obra de reurbanizaci\u00f3n, dotada con cerca de 360.000\u20ac dar\u00e1 soluci\u00f3n a problemas de accesibilidad, movilidad, y actuar\u00e1 sobre las redes de agua potable y alcantarillado necesarias, aportando adem\u00e1s un cambio visual al conjunto de la Villa.<\/p>\n<p style=\"text-align: justify;\">Recordaba que la actuaci\u00f3n contempla el cambio de pavimentaci\u00f3n, por losas y adoquines antideslizantes, estrechando el paso de veh\u00edculos para ganar espacio los peatones, suprimiendo adem\u00e1s la altura existente entre calle y acera, lo que le otorga total accesibilidad a la actuaci\u00f3n dise\u00f1ada.<\/p>\n<p style=\"text-align: justify;\">Las fases siguientes de actuaci\u00f3n ser\u00e1n:<\/p>\n<p style=\"text-align: justify;\">&#8211; Plaza de la Iglesia y tramo de C\/ Stmo. Sacramento.<\/p>\n<p style=\"text-align: justify;\">&#8211; Avenida Virgen de Gracia, hasta intersecci\u00f3n con C\/ Jos\u00e9 Ruiz Ruiz.<\/p>\n<p style=\"text-align: justify;\">&#8211; Calle Mayor.<\/p>\n","protected":false},"excerpt":{"rendered":"<p>Este pr\u00f3ximo lunes 13 de Febrero la empresa Construcciones Maybe, S.L., dar\u00e1 comienzo a las obras del POS-2022 que el Consistorio ha establecido desarrollar en Calle Mayor y aleda\u00f1os, tal y como informaba a los medios el Alcalde, Mois\u00e9s L\u00f3pez. La obra, que ha sido dividida en 4 fases para evitar al m\u00e1ximo molestias, dar\u00e1n &hellip;<\/p>\n","protected":false},"author":3,"featured_media":20924,"comment_status":"closed","ping_status":"open","sticky":false,"template":"","format":"standard","meta":{"ngg_post_thumbnail":0,"footnotes":""},"categories":[92],"tags":[],"class_list":["post-21366","post","type-post","status-publish","format-standard","has-post-thumbnail","hentry","category-obras-y-urbanismo"],"yoast_head":"<!-- This site is optimized with the Yoast SEO plugin v27.5 - https:\/\/yoast.com\/product\/yoast-seo-wordpress\/ -->\n<title>El lunes comienza el POS-2022, con el corte al tr\u00e1fico de C\/Abad\u00eda y aparcamiento de veh\u00edculos en lateral derecho de Plz.Iglesia - MI Ayuntamiento de Caudete<\/title>\n<meta name=\"description\" content=\"P\u00e1gina Oficial del Ayuntamiento de Caudete (Albacete)\" \/>\n<meta name=\"robots\" content=\"index, follow, max-snippet:-1, max-image-preview:large, max-video-preview:-1\" \/>\n<link rel=\"canonical\" href=\"https:\/\/www.caudete.org\/ayuntamiento\/el-lunes-comienza-el-pos-2022-con-el-corte-al-trafico-de-c-abadia-y-aparcamiento-de-vehiculos-en-lateral-derecho-de-plz-iglesia\/\" \/>\n<meta property=\"og:locale\" content=\"es_ES\" \/>\n<meta property=\"og:type\" content=\"article\" \/>\n<meta property=\"og:title\" content=\"El lunes comienza el POS-2022, con el corte al tr\u00e1fico de C\/Abad\u00eda y aparcamiento de veh\u00edculos en lateral derecho de Plz.Iglesia - MI Ayuntamiento de Caudete\" \/>\n<meta property=\"og:description\" content=\"P\u00e1gina Oficial del Ayuntamiento de Caudete (Albacete)\" \/>\n<meta property=\"og:url\" content=\"https:\/\/www.caudete.org\/ayuntamiento\/el-lunes-comienza-el-pos-2022-con-el-corte-al-trafico-de-c-abadia-y-aparcamiento-de-vehiculos-en-lateral-derecho-de-plz-iglesia\/\" \/>\n<meta property=\"og:site_name\" content=\"MI Ayuntamiento de Caudete\" \/>\n<meta property=\"article:publisher\" content=\"https:\/\/www.facebook.com\/ayuntamientocaudete\/\" \/>\n<meta property=\"article:published_time\" content=\"2023-02-11T11:30:14+00:00\" \/>\n<meta property=\"article:modified_time\" content=\"2023-02-11T18:44:03+00:00\" \/>\n<meta property=\"og:image\" content=\"https:\/\/www.caudete.org\/ayuntamiento\/wp-content\/uploads\/2022\/12\/Captura-de-pantalla-2022-12-19-110438-1.jpg\" \/>\n\t<meta property=\"og:image:width\" content=\"993\" \/>\n\t<meta property=\"og:image:height\" content=\"644\" \/>\n\t<meta property=\"og:image:type\" content=\"image\/jpeg\" \/>\n<meta name=\"author\" content=\"alcalde\" \/>\n<meta name=\"twitter:card\" content=\"summary_large_image\" \/>\n<meta name=\"twitter:label1\" content=\"Escrito por\" \/>\n\t<meta name=\"twitter:data1\" content=\"alcalde\" \/>\n\t<meta name=\"twitter:label2\" content=\"Tiempo de lectura\" \/>\n\t<meta name=\"twitter:data2\" content=\"2 minutos\" \/>\n<script type=\"application\/ld+json\" class=\"yoast-schema-graph\">{\"@context\":\"https:\\\/\\\/schema.org\",\"@graph\":[{\"@type\":\"Article\",\"@id\":\"https:\\\/\\\/www.caudete.org\\\/ayuntamiento\\\/el-lunes-comienza-el-pos-2022-con-el-corte-al-trafico-de-c-abadia-y-aparcamiento-de-vehiculos-en-lateral-derecho-de-plz-iglesia\\\/#article\",\"isPartOf\":{\"@id\":\"https:\\\/\\\/www.caudete.org\\\/ayuntamiento\\\/el-lunes-comienza-el-pos-2022-con-el-corte-al-trafico-de-c-abadia-y-aparcamiento-de-vehiculos-en-lateral-derecho-de-plz-iglesia\\\/\"},\"author\":{\"name\":\"alcalde\",\"@id\":\"https:\\\/\\\/www.caudete.org\\\/ayuntamiento\\\/#\\\/schema\\\/person\\\/cc646da9133078ee4d8dd47457947253\"},\"headline\":\"El lunes comienza el POS-2022, con el corte al tr\u00e1fico de C\\\/Abad\u00eda y aparcamiento de veh\u00edculos en lateral derecho de Plz.Iglesia\",\"datePublished\":\"2023-02-11T11:30:14+00:00\",\"dateModified\":\"2023-02-11T18:44:03+00:00\",\"mainEntityOfPage\":{\"@id\":\"https:\\\/\\\/www.caudete.org\\\/ayuntamiento\\\/el-lunes-comienza-el-pos-2022-con-el-corte-al-trafico-de-c-abadia-y-aparcamiento-de-vehiculos-en-lateral-derecho-de-plz-iglesia\\\/\"},\"wordCount\":244,\"image\":{\"@id\":\"https:\\\/\\\/www.caudete.org\\\/ayuntamiento\\\/el-lunes-comienza-el-pos-2022-con-el-corte-al-trafico-de-c-abadia-y-aparcamiento-de-vehiculos-en-lateral-derecho-de-plz-iglesia\\\/#primaryimage\"},\"thumbnailUrl\":\"https:\\\/\\\/www.caudete.org\\\/ayuntamiento\\\/wp-content\\\/uploads\\\/2022\\\/12\\\/Captura-de-pantalla-2022-12-19-110438-1.jpg\",\"articleSection\":[\"Obras y Urbanismo\"],\"inLanguage\":\"es\"},{\"@type\":\"WebPage\",\"@id\":\"https:\\\/\\\/www.caudete.org\\\/ayuntamiento\\\/el-lunes-comienza-el-pos-2022-con-el-corte-al-trafico-de-c-abadia-y-aparcamiento-de-vehiculos-en-lateral-derecho-de-plz-iglesia\\\/\",\"url\":\"https:\\\/\\\/www.caudete.org\\\/ayuntamiento\\\/el-lunes-comienza-el-pos-2022-con-el-corte-al-trafico-de-c-abadia-y-aparcamiento-de-vehiculos-en-lateral-derecho-de-plz-iglesia\\\/\",\"name\":\"El lunes comienza el POS-2022, con el corte al tr\u00e1fico de C\\\/Abad\u00eda y aparcamiento de veh\u00edculos en lateral derecho de Plz.Iglesia - MI Ayuntamiento de Caudete\",\"isPartOf\":{\"@id\":\"https:\\\/\\\/www.caudete.org\\\/ayuntamiento\\\/#website\"},\"primaryImageOfPage\":{\"@id\":\"https:\\\/\\\/www.caudete.org\\\/ayuntamiento\\\/el-lunes-comienza-el-pos-2022-con-el-corte-al-trafico-de-c-abadia-y-aparcamiento-de-vehiculos-en-lateral-derecho-de-plz-iglesia\\\/#primaryimage\"},\"image\":{\"@id\":\"https:\\\/\\\/www.caudete.org\\\/ayuntamiento\\\/el-lunes-comienza-el-pos-2022-con-el-corte-al-trafico-de-c-abadia-y-aparcamiento-de-vehiculos-en-lateral-derecho-de-plz-iglesia\\\/#primaryimage\"},\"thumbnailUrl\":\"https:\\\/\\\/www.caudete.org\\\/ayuntamiento\\\/wp-content\\\/uploads\\\/2022\\\/12\\\/Captura-de-pantalla-2022-12-19-110438-1.jpg\",\"datePublished\":\"2023-02-11T11:30:14+00:00\",\"dateModified\":\"2023-02-11T18:44:03+00:00\",\"author\":{\"@id\":\"https:\\\/\\\/www.caudete.org\\\/ayuntamiento\\\/#\\\/schema\\\/person\\\/cc646da9133078ee4d8dd47457947253\"},\"description\":\"P\u00e1gina Oficial del Ayuntamiento de Caudete (Albacete)\",\"breadcrumb\":{\"@id\":\"https:\\\/\\\/www.caudete.org\\\/ayuntamiento\\\/el-lunes-comienza-el-pos-2022-con-el-corte-al-trafico-de-c-abadia-y-aparcamiento-de-vehiculos-en-lateral-derecho-de-plz-iglesia\\\/#breadcrumb\"},\"inLanguage\":\"es\",\"potentialAction\":[{\"@type\":\"ReadAction\",\"target\":[\"https:\\\/\\\/www.caudete.org\\\/ayuntamiento\\\/el-lunes-comienza-el-pos-2022-con-el-corte-al-trafico-de-c-abadia-y-aparcamiento-de-vehiculos-en-lateral-derecho-de-plz-iglesia\\\/\"]}]},{\"@type\":\"ImageObject\",\"inLanguage\":\"es\",\"@id\":\"https:\\\/\\\/www.caudete.org\\\/ayuntamiento\\\/el-lunes-comienza-el-pos-2022-con-el-corte-al-trafico-de-c-abadia-y-aparcamiento-de-vehiculos-en-lateral-derecho-de-plz-iglesia\\\/#primaryimage\",\"url\":\"https:\\\/\\\/www.caudete.org\\\/ayuntamiento\\\/wp-content\\\/uploads\\\/2022\\\/12\\\/Captura-de-pantalla-2022-12-19-110438-1.jpg\",\"contentUrl\":\"https:\\\/\\\/www.caudete.org\\\/ayuntamiento\\\/wp-content\\\/uploads\\\/2022\\\/12\\\/Captura-de-pantalla-2022-12-19-110438-1.jpg\",\"width\":993,\"height\":644},{\"@type\":\"BreadcrumbList\",\"@id\":\"https:\\\/\\\/www.caudete.org\\\/ayuntamiento\\\/el-lunes-comienza-el-pos-2022-con-el-corte-al-trafico-de-c-abadia-y-aparcamiento-de-vehiculos-en-lateral-derecho-de-plz-iglesia\\\/#breadcrumb\",\"itemListElement\":[{\"@type\":\"ListItem\",\"position\":1,\"name\":\"Inicio\",\"item\":\"https:\\\/\\\/www.caudete.org\\\/ayuntamiento\\\/\"},{\"@type\":\"ListItem\",\"position\":2,\"name\":\"El lunes comienza el POS-2022, con el corte al tr\u00e1fico de C\\\/Abad\u00eda y aparcamiento de veh\u00edculos en lateral derecho de Plz.Iglesia\"}]},{\"@type\":\"WebSite\",\"@id\":\"https:\\\/\\\/www.caudete.org\\\/ayuntamiento\\\/#website\",\"url\":\"https:\\\/\\\/www.caudete.org\\\/ayuntamiento\\\/\",\"name\":\"MI Ayuntamiento de Caudete\",\"description\":\"P\u00e1gina Oficial del MI Ayuntamiento de Caudete\",\"potentialAction\":[{\"@type\":\"SearchAction\",\"target\":{\"@type\":\"EntryPoint\",\"urlTemplate\":\"https:\\\/\\\/www.caudete.org\\\/ayuntamiento\\\/?s={search_term_string}\"},\"query-input\":{\"@type\":\"PropertyValueSpecification\",\"valueRequired\":true,\"valueName\":\"search_term_string\"}}],\"inLanguage\":\"es\"},{\"@type\":\"Person\",\"@id\":\"https:\\\/\\\/www.caudete.org\\\/ayuntamiento\\\/#\\\/schema\\\/person\\\/cc646da9133078ee4d8dd47457947253\",\"name\":\"alcalde\",\"image\":{\"@type\":\"ImageObject\",\"inLanguage\":\"es\",\"@id\":\"https:\\\/\\\/secure.gravatar.com\\\/avatar\\\/84a817ba065b29ff08d666b215a215f5c79186a645ccb25b14a663d48a130f77?s=96&d=mm&r=g\",\"url\":\"https:\\\/\\\/secure.gravatar.com\\\/avatar\\\/84a817ba065b29ff08d666b215a215f5c79186a645ccb25b14a663d48a130f77?s=96&d=mm&r=g\",\"contentUrl\":\"https:\\\/\\\/secure.gravatar.com\\\/avatar\\\/84a817ba065b29ff08d666b215a215f5c79186a645ccb25b14a663d48a130f77?s=96&d=mm&r=g\",\"caption\":\"alcalde\"},\"url\":\"https:\\\/\\\/www.caudete.org\\\/ayuntamiento\\\/author\\\/alcalde\\\/\"}]}<\/script>\n<!-- \/ Yoast SEO plugin. -->","yoast_head_json":{"title":"El lunes comienza el POS-2022, con el corte al tr\u00e1fico de C\/Abad\u00eda y aparcamiento de veh\u00edculos en lateral derecho de Plz.Iglesia - MI Ayuntamiento de Caudete","description":"P\u00e1gina Oficial del Ayuntamiento de Caudete (Albacete)","robots":{"index":"index","follow":"follow","max-snippet":"max-snippet:-1","max-image-preview":"max-image-preview:large","max-video-preview":"max-video-preview:-1"},"canonical":"https:\/\/www.caudete.org\/ayuntamiento\/el-lunes-comienza-el-pos-2022-con-el-corte-al-trafico-de-c-abadia-y-aparcamiento-de-vehiculos-en-lateral-derecho-de-plz-iglesia\/","og_locale":"es_ES","og_type":"article","og_title":"El lunes comienza el POS-2022, con el corte al tr\u00e1fico de C\/Abad\u00eda y aparcamiento de veh\u00edculos en lateral derecho de Plz.Iglesia - MI Ayuntamiento de Caudete","og_description":"P\u00e1gina Oficial del Ayuntamiento de Caudete (Albacete)","og_url":"https:\/\/www.caudete.org\/ayuntamiento\/el-lunes-comienza-el-pos-2022-con-el-corte-al-trafico-de-c-abadia-y-aparcamiento-de-vehiculos-en-lateral-derecho-de-plz-iglesia\/","og_site_name":"MI Ayuntamiento de Caudete","article_publisher":"https:\/\/www.facebook.com\/ayuntamientocaudete\/","article_published_time":"2023-02-11T11:30:14+00:00","article_modified_time":"2023-02-11T18:44:03+00:00","og_image":[{"width":993,"height":644,"url":"https:\/\/www.caudete.org\/ayuntamiento\/wp-content\/uploads\/2022\/12\/Captura-de-pantalla-2022-12-19-110438-1.jpg","type":"image\/jpeg"}],"author":"alcalde","twitter_card":"summary_large_image","twitter_misc":{"Escrito por":"alcalde","Tiempo de lectura":"2 minutos"},"schema":{"@context":"https:\/\/schema.org","@graph":[{"@type":"Article","@id":"https:\/\/www.caudete.org\/ayuntamiento\/el-lunes-comienza-el-pos-2022-con-el-corte-al-trafico-de-c-abadia-y-aparcamiento-de-vehiculos-en-lateral-derecho-de-plz-iglesia\/#article","isPartOf":{"@id":"https:\/\/www.caudete.org\/ayuntamiento\/el-lunes-comienza-el-pos-2022-con-el-corte-al-trafico-de-c-abadia-y-aparcamiento-de-vehiculos-en-lateral-derecho-de-plz-iglesia\/"},"author":{"name":"alcalde","@id":"https:\/\/www.caudete.org\/ayuntamiento\/#\/schema\/person\/cc646da9133078ee4d8dd47457947253"},"headline":"El lunes comienza el POS-2022, con el corte al tr\u00e1fico de C\/Abad\u00eda y aparcamiento de veh\u00edculos en lateral derecho de Plz.Iglesia","datePublished":"2023-02-11T11:30:14+00:00","dateModified":"2023-02-11T18:44:03+00:00","mainEntityOfPage":{"@id":"https:\/\/www.caudete.org\/ayuntamiento\/el-lunes-comienza-el-pos-2022-con-el-corte-al-trafico-de-c-abadia-y-aparcamiento-de-vehiculos-en-lateral-derecho-de-plz-iglesia\/"},"wordCount":244,"image":{"@id":"https:\/\/www.caudete.org\/ayuntamiento\/el-lunes-comienza-el-pos-2022-con-el-corte-al-trafico-de-c-abadia-y-aparcamiento-de-vehiculos-en-lateral-derecho-de-plz-iglesia\/#primaryimage"},"thumbnailUrl":"https:\/\/www.caudete.org\/ayuntamiento\/wp-content\/uploads\/2022\/12\/Captura-de-pantalla-2022-12-19-110438-1.jpg","articleSection":["Obras y Urbanismo"],"inLanguage":"es"},{"@type":"WebPage","@id":"https:\/\/www.caudete.org\/ayuntamiento\/el-lunes-comienza-el-pos-2022-con-el-corte-al-trafico-de-c-abadia-y-aparcamiento-de-vehiculos-en-lateral-derecho-de-plz-iglesia\/","url":"https:\/\/www.caudete.org\/ayuntamiento\/el-lunes-comienza-el-pos-2022-con-el-corte-al-trafico-de-c-abadia-y-aparcamiento-de-vehiculos-en-lateral-derecho-de-plz-iglesia\/","name":"El lunes comienza el POS-2022, con el corte al tr\u00e1fico de C\/Abad\u00eda y aparcamiento de veh\u00edculos en lateral derecho de Plz.Iglesia - MI Ayuntamiento de Caudete","isPartOf":{"@id":"https:\/\/www.caudete.org\/ayuntamiento\/#website"},"primaryImageOfPage":{"@id":"https:\/\/www.caudete.org\/ayuntamiento\/el-lunes-comienza-el-pos-2022-con-el-corte-al-trafico-de-c-abadia-y-aparcamiento-de-vehiculos-en-lateral-derecho-de-plz-iglesia\/#primaryimage"},"image":{"@id":"https:\/\/www.caudete.org\/ayuntamiento\/el-lunes-comienza-el-pos-2022-con-el-corte-al-trafico-de-c-abadia-y-aparcamiento-de-vehiculos-en-lateral-derecho-de-plz-iglesia\/#primaryimage"},"thumbnailUrl":"https:\/\/www.caudete.org\/ayuntamiento\/wp-content\/uploads\/2022\/12\/Captura-de-pantalla-2022-12-19-110438-1.jpg","datePublished":"2023-02-11T11:30:14+00:00","dateModified":"2023-02-11T18:44:03+00:00","author":{"@id":"https:\/\/www.caudete.org\/ayuntamiento\/#\/schema\/person\/cc646da9133078ee4d8dd47457947253"},"description":"P\u00e1gina Oficial del Ayuntamiento de Caudete (Albacete)","breadcrumb":{"@id":"https:\/\/www.caudete.org\/ayuntamiento\/el-lunes-comienza-el-pos-2022-con-el-corte-al-trafico-de-c-abadia-y-aparcamiento-de-vehiculos-en-lateral-derecho-de-plz-iglesia\/#breadcrumb"},"inLanguage":"es","potentialAction":[{"@type":"ReadAction","target":["https:\/\/www.caudete.org\/ayuntamiento\/el-lunes-comienza-el-pos-2022-con-el-corte-al-trafico-de-c-abadia-y-aparcamiento-de-vehiculos-en-lateral-derecho-de-plz-iglesia\/"]}]},{"@type":"ImageObject","inLanguage":"es","@id":"https:\/\/www.caudete.org\/ayuntamiento\/el-lunes-comienza-el-pos-2022-con-el-corte-al-trafico-de-c-abadia-y-aparcamiento-de-vehiculos-en-lateral-derecho-de-plz-iglesia\/#primaryimage","url":"https:\/\/www.caudete.org\/ayuntamiento\/wp-content\/uploads\/2022\/12\/Captura-de-pantalla-2022-12-19-110438-1.jpg","contentUrl":"https:\/\/www.caudete.org\/ayuntamiento\/wp-content\/uploads\/2022\/12\/Captura-de-pantalla-2022-12-19-110438-1.jpg","width":993,"height":644},{"@type":"BreadcrumbList","@id":"https:\/\/www.caudete.org\/ayuntamiento\/el-lunes-comienza-el-pos-2022-con-el-corte-al-trafico-de-c-abadia-y-aparcamiento-de-vehiculos-en-lateral-derecho-de-plz-iglesia\/#breadcrumb","itemListElement":[{"@type":"ListItem","position":1,"name":"Inicio","item":"https:\/\/www.caudete.org\/ayuntamiento\/"},{"@type":"ListItem","position":2,"name":"El lunes comienza el POS-2022, con el corte al tr\u00e1fico de C\/Abad\u00eda y aparcamiento de veh\u00edculos en lateral derecho de Plz.Iglesia"}]},{"@type":"WebSite","@id":"https:\/\/www.caudete.org\/ayuntamiento\/#website","url":"https:\/\/www.caudete.org\/ayuntamiento\/","name":"MI Ayuntamiento de Caudete","description":"P\u00e1gina Oficial del MI Ayuntamiento de Caudete","potentialAction":[{"@type":"SearchAction","target":{"@type":"EntryPoint","urlTemplate":"https:\/\/www.caudete.org\/ayuntamiento\/?s={search_term_string}"},"query-input":{"@type":"PropertyValueSpecification","valueRequired":true,"valueName":"search_term_string"}}],"inLanguage":"es"},{"@type":"Person","@id":"https:\/\/www.caudete.org\/ayuntamiento\/#\/schema\/person\/cc646da9133078ee4d8dd47457947253","name":"alcalde","image":{"@type":"ImageObject","inLanguage":"es","@id":"https:\/\/secure.gravatar.com\/avatar\/84a817ba065b29ff08d666b215a215f5c79186a645ccb25b14a663d48a130f77?s=96&d=mm&r=g","url":"https:\/\/secure.gravatar.com\/avatar\/84a817ba065b29ff08d666b215a215f5c79186a645ccb25b14a663d48a130f77?s=96&d=mm&r=g","contentUrl":"https:\/\/secure.gravatar.com\/avatar\/84a817ba065b29ff08d666b215a215f5c79186a645ccb25b14a663d48a130f77?s=96&d=mm&r=g","caption":"alcalde"},"url":"https:\/\/www.caudete.org\/ayuntamiento\/author\/alcalde\/"}]}},"_links":{"self":[{"href":"https:\/\/www.caudete.org\/ayuntamiento\/wp-json\/wp\/v2\/posts\/21366","targetHints":{"allow":["GET"]}}],"collection":[{"href":"https:\/\/www.caudete.org\/ayuntamiento\/wp-json\/wp\/v2\/posts"}],"about":[{"href":"https:\/\/www.caudete.org\/ayuntamiento\/wp-json\/wp\/v2\/types\/post"}],"author":[{"embeddable":true,"href":"https:\/\/www.caudete.org\/ayuntamiento\/wp-json\/wp\/v2\/users\/3"}],"replies":[{"embeddable":true,"href":"https:\/\/www.caudete.org\/ayuntamiento\/wp-json\/wp\/v2\/comments?post=21366"}],"version-history":[{"count":3,"href":"https:\/\/www.caudete.org\/ayuntamiento\/wp-json\/wp\/v2\/posts\/21366\/revisions"}],"predecessor-version":[{"id":21369,"href":"https:\/\/www.caudete.org\/ayuntamiento\/wp-json\/wp\/v2\/posts\/21366\/revisions\/21369"}],"wp:featuredmedia":[{"embeddable":true,"href":"https:\/\/www.caudete.org\/ayuntamiento\/wp-json\/wp\/v2\/media\/20924"}],"wp:attachment":[{"href":"https:\/\/www.caudete.org\/ayuntamiento\/wp-json\/wp\/v2\/media?parent=21366"}],"wp:term":[{"taxonomy":"category","embeddable":true,"href":"https:\/\/www.caudete.org\/ayuntamiento\/wp-json\/wp\/v2\/categories?post=21366"},{"taxonomy":"post_tag","embeddable":true,"href":"https:\/\/www.caudete.org\/ayuntamiento\/wp-json\/wp\/v2\/tags?post=21366"}],"curies":[{"name":"wp","href":"https:\/\/api.w.org\/{rel}","templated":true}]}}