{"id":21370,"date":"2023-02-13T13:25:48","date_gmt":"2023-02-13T12:25:48","guid":{"rendered":"https:\/\/www.caudete.org\/ayuntamiento\/?p=21370"},"modified":"2023-02-13T13:25:49","modified_gmt":"2023-02-13T12:25:49","slug":"las-jornadas-ven-al-basket-vuelven-un-ano-mas-de-la-mano-de-la-concejalia-de-deportes-y-los-centros-educativos-de-caudete","status":"publish","type":"post","link":"https:\/\/www.caudete.org\/ayuntamiento\/las-jornadas-ven-al-basket-vuelven-un-ano-mas-de-la-mano-de-la-concejalia-de-deportes-y-los-centros-educativos-de-caudete\/","title":{"rendered":"Las jornadas \u201cVen al Basket\u201d vuelven un a\u00f1o m\u00e1s de la mano de la concejal\u00eda de deportes y los centros educativos de Caudete"},"content":{"rendered":"<p>La Concejal de Deportes, Pilar Egea, ha anunciado que un a\u00f1o m\u00e1s, la Concejal\u00eda de Deportes y los diferentes Centros de Primaria del municipio, siguen trabajando juntos para fomentar el deporte entre los m\u00e1s j\u00f3venes y hacer que todos los educandos, conozcan las diferentes modalidades deportivas que se imparten en las Escuelas Deportivas Municipales. Esta vez, es el turno del \u201cVEN AL BASKET\u201d unas jornadas ya muy consolidadas en el tiempo destinadas a la pr\u00e1ctica y fomento del baloncesto.<\/p>\n<p>Durante el lunes 13 y el mi\u00e9rcoles 15 de febrero en el pabell\u00f3n principal de la Ciudad Deportiva Antonio Amor\u00f3s, se desarrollar\u00e1n estas jornadas escolares con los cursos de tercero y cuarto de primaria, respectivamente. En estas jornadas el alumnado de los diferentes Centros Educativos de Caudete podr\u00e1n disfrutar de juegos y actividades relacionadas con el baloncesto como: juegos de lanzamiento, juegos de oposici\u00f3n o partidos de 3&#215;3.<\/p>\n<p><a href=\"https:\/\/www.caudete.org\/ayuntamiento\/las-jornadas-ven-al-basket-vuelven-un-ano-mas-de-la-mano-de-la-concejalia-de-deportes-y-los-centros-educativos-de-caudete\/cartel-ven-al-basket-1\/\" rel=\"attachment wp-att-21371\"><img fetchpriority=\"high\" decoding=\"async\" class=\"aligncenter size-full wp-image-21371\" src=\"https:\/\/www.caudete.org\/ayuntamiento\/wp-content\/uploads\/2023\/02\/CARTEL-VEN-AL-BASKET-1.jpg\" rel='prettyPhoto' alt=\"\" width=\"600\" height=\"1067\" srcset=\"https:\/\/www.caudete.org\/ayuntamiento\/wp-content\/uploads\/2023\/02\/CARTEL-VEN-AL-BASKET-1.jpg 600w, https:\/\/www.caudete.org\/ayuntamiento\/wp-content\/uploads\/2023\/02\/CARTEL-VEN-AL-BASKET-1-169x300.jpg 169w, https:\/\/www.caudete.org\/ayuntamiento\/wp-content\/uploads\/2023\/02\/CARTEL-VEN-AL-BASKET-1-576x1024.jpg 576w\" sizes=\"(max-width: 600px) 100vw, 600px\" \/><\/a><\/p>\n<p>&nbsp;<\/p>\n","protected":false},"excerpt":{"rendered":"<p>La Concejal de Deportes, Pilar Egea, ha anunciado que un a\u00f1o m\u00e1s, la Concejal\u00eda de Deportes y los diferentes Centros de Primaria del municipio, siguen trabajando juntos para fomentar el deporte entre los m\u00e1s j\u00f3venes y hacer que todos los educandos, conozcan las diferentes modalidades deportivas que se imparten en las Escuelas Deportivas Municipales. Esta &hellip;<\/p>\n","protected":false},"author":1,"featured_media":21371,"comment_status":"closed","ping_status":"open","sticky":false,"template":"","format":"standard","meta":{"ngg_post_thumbnail":0,"footnotes":""},"categories":[23],"tags":[],"class_list":["post-21370","post","type-post","status-publish","format-standard","has-post-thumbnail","hentry","category-deportes"],"yoast_head":"<!-- This site is optimized with the Yoast SEO plugin v27.5 - https:\/\/yoast.com\/product\/yoast-seo-wordpress\/ -->\n<title>Las jornadas \u201cVen al Basket\u201d vuelven un a\u00f1o m\u00e1s de la mano de la concejal\u00eda de deportes y los centros educativos de Caudete - MI Ayuntamiento de Caudete<\/title>\n<meta name=\"description\" content=\"P\u00e1gina Oficial del Ayuntamiento de Caudete (Albacete)\" \/>\n<meta name=\"robots\" content=\"index, follow, max-snippet:-1, max-image-preview:large, max-video-preview:-1\" \/>\n<link rel=\"canonical\" href=\"https:\/\/www.caudete.org\/ayuntamiento\/las-jornadas-ven-al-basket-vuelven-un-ano-mas-de-la-mano-de-la-concejalia-de-deportes-y-los-centros-educativos-de-caudete\/\" \/>\n<meta property=\"og:locale\" content=\"es_ES\" \/>\n<meta property=\"og:type\" content=\"article\" \/>\n<meta property=\"og:title\" content=\"Las jornadas \u201cVen al Basket\u201d vuelven un a\u00f1o m\u00e1s de la mano de la concejal\u00eda de deportes y los centros educativos de Caudete - MI Ayuntamiento de Caudete\" \/>\n<meta property=\"og:description\" content=\"P\u00e1gina Oficial del Ayuntamiento de Caudete (Albacete)\" \/>\n<meta property=\"og:url\" content=\"https:\/\/www.caudete.org\/ayuntamiento\/las-jornadas-ven-al-basket-vuelven-un-ano-mas-de-la-mano-de-la-concejalia-de-deportes-y-los-centros-educativos-de-caudete\/\" \/>\n<meta property=\"og:site_name\" content=\"MI Ayuntamiento de Caudete\" \/>\n<meta property=\"article:publisher\" content=\"https:\/\/www.facebook.com\/ayuntamientocaudete\/\" \/>\n<meta property=\"article:published_time\" content=\"2023-02-13T12:25:48+00:00\" \/>\n<meta property=\"article:modified_time\" content=\"2023-02-13T12:25:49+00:00\" \/>\n<meta property=\"og:image\" content=\"https:\/\/www.caudete.org\/ayuntamiento\/wp-content\/uploads\/2023\/02\/CARTEL-VEN-AL-BASKET-1.jpg\" \/>\n\t<meta property=\"og:image:width\" content=\"600\" \/>\n\t<meta property=\"og:image:height\" content=\"1067\" \/>\n\t<meta property=\"og:image:type\" content=\"image\/jpeg\" \/>\n<meta name=\"author\" content=\"ayun\" \/>\n<meta name=\"twitter:card\" content=\"summary_large_image\" \/>\n<meta name=\"twitter:label1\" content=\"Escrito por\" \/>\n\t<meta name=\"twitter:data1\" content=\"ayun\" \/>\n\t<meta name=\"twitter:label2\" content=\"Tiempo de lectura\" \/>\n\t<meta name=\"twitter:data2\" content=\"1 minuto\" \/>\n<script type=\"application\/ld+json\" class=\"yoast-schema-graph\">{\"@context\":\"https:\\\/\\\/schema.org\",\"@graph\":[{\"@type\":\"Article\",\"@id\":\"https:\\\/\\\/www.caudete.org\\\/ayuntamiento\\\/las-jornadas-ven-al-basket-vuelven-un-ano-mas-de-la-mano-de-la-concejalia-de-deportes-y-los-centros-educativos-de-caudete\\\/#article\",\"isPartOf\":{\"@id\":\"https:\\\/\\\/www.caudete.org\\\/ayuntamiento\\\/las-jornadas-ven-al-basket-vuelven-un-ano-mas-de-la-mano-de-la-concejalia-de-deportes-y-los-centros-educativos-de-caudete\\\/\"},\"author\":{\"name\":\"ayun\",\"@id\":\"https:\\\/\\\/www.caudete.org\\\/ayuntamiento\\\/#\\\/schema\\\/person\\\/79f7e19fdd176fc2bc7a289013dc2056\"},\"headline\":\"Las jornadas \u201cVen al Basket\u201d vuelven un a\u00f1o m\u00e1s de la mano de la concejal\u00eda de deportes y los centros educativos de Caudete\",\"datePublished\":\"2023-02-13T12:25:48+00:00\",\"dateModified\":\"2023-02-13T12:25:49+00:00\",\"mainEntityOfPage\":{\"@id\":\"https:\\\/\\\/www.caudete.org\\\/ayuntamiento\\\/las-jornadas-ven-al-basket-vuelven-un-ano-mas-de-la-mano-de-la-concejalia-de-deportes-y-los-centros-educativos-de-caudete\\\/\"},\"wordCount\":184,\"image\":{\"@id\":\"https:\\\/\\\/www.caudete.org\\\/ayuntamiento\\\/las-jornadas-ven-al-basket-vuelven-un-ano-mas-de-la-mano-de-la-concejalia-de-deportes-y-los-centros-educativos-de-caudete\\\/#primaryimage\"},\"thumbnailUrl\":\"https:\\\/\\\/www.caudete.org\\\/ayuntamiento\\\/wp-content\\\/uploads\\\/2023\\\/02\\\/CARTEL-VEN-AL-BASKET-1.jpg\",\"articleSection\":[\"Deportes\"],\"inLanguage\":\"es\"},{\"@type\":\"WebPage\",\"@id\":\"https:\\\/\\\/www.caudete.org\\\/ayuntamiento\\\/las-jornadas-ven-al-basket-vuelven-un-ano-mas-de-la-mano-de-la-concejalia-de-deportes-y-los-centros-educativos-de-caudete\\\/\",\"url\":\"https:\\\/\\\/www.caudete.org\\\/ayuntamiento\\\/las-jornadas-ven-al-basket-vuelven-un-ano-mas-de-la-mano-de-la-concejalia-de-deportes-y-los-centros-educativos-de-caudete\\\/\",\"name\":\"Las jornadas \u201cVen al Basket\u201d vuelven un a\u00f1o m\u00e1s de la mano de la concejal\u00eda de deportes y los centros educativos de Caudete - MI Ayuntamiento de Caudete\",\"isPartOf\":{\"@id\":\"https:\\\/\\\/www.caudete.org\\\/ayuntamiento\\\/#website\"},\"primaryImageOfPage\":{\"@id\":\"https:\\\/\\\/www.caudete.org\\\/ayuntamiento\\\/las-jornadas-ven-al-basket-vuelven-un-ano-mas-de-la-mano-de-la-concejalia-de-deportes-y-los-centros-educativos-de-caudete\\\/#primaryimage\"},\"image\":{\"@id\":\"https:\\\/\\\/www.caudete.org\\\/ayuntamiento\\\/las-jornadas-ven-al-basket-vuelven-un-ano-mas-de-la-mano-de-la-concejalia-de-deportes-y-los-centros-educativos-de-caudete\\\/#primaryimage\"},\"thumbnailUrl\":\"https:\\\/\\\/www.caudete.org\\\/ayuntamiento\\\/wp-content\\\/uploads\\\/2023\\\/02\\\/CARTEL-VEN-AL-BASKET-1.jpg\",\"datePublished\":\"2023-02-13T12:25:48+00:00\",\"dateModified\":\"2023-02-13T12:25:49+00:00\",\"author\":{\"@id\":\"https:\\\/\\\/www.caudete.org\\\/ayuntamiento\\\/#\\\/schema\\\/person\\\/79f7e19fdd176fc2bc7a289013dc2056\"},\"description\":\"P\u00e1gina Oficial del Ayuntamiento de Caudete (Albacete)\",\"breadcrumb\":{\"@id\":\"https:\\\/\\\/www.caudete.org\\\/ayuntamiento\\\/las-jornadas-ven-al-basket-vuelven-un-ano-mas-de-la-mano-de-la-concejalia-de-deportes-y-los-centros-educativos-de-caudete\\\/#breadcrumb\"},\"inLanguage\":\"es\",\"potentialAction\":[{\"@type\":\"ReadAction\",\"target\":[\"https:\\\/\\\/www.caudete.org\\\/ayuntamiento\\\/las-jornadas-ven-al-basket-vuelven-un-ano-mas-de-la-mano-de-la-concejalia-de-deportes-y-los-centros-educativos-de-caudete\\\/\"]}]},{\"@type\":\"ImageObject\",\"inLanguage\":\"es\",\"@id\":\"https:\\\/\\\/www.caudete.org\\\/ayuntamiento\\\/las-jornadas-ven-al-basket-vuelven-un-ano-mas-de-la-mano-de-la-concejalia-de-deportes-y-los-centros-educativos-de-caudete\\\/#primaryimage\",\"url\":\"https:\\\/\\\/www.caudete.org\\\/ayuntamiento\\\/wp-content\\\/uploads\\\/2023\\\/02\\\/CARTEL-VEN-AL-BASKET-1.jpg\",\"contentUrl\":\"https:\\\/\\\/www.caudete.org\\\/ayuntamiento\\\/wp-content\\\/uploads\\\/2023\\\/02\\\/CARTEL-VEN-AL-BASKET-1.jpg\",\"width\":600,\"height\":1067},{\"@type\":\"BreadcrumbList\",\"@id\":\"https:\\\/\\\/www.caudete.org\\\/ayuntamiento\\\/las-jornadas-ven-al-basket-vuelven-un-ano-mas-de-la-mano-de-la-concejalia-de-deportes-y-los-centros-educativos-de-caudete\\\/#breadcrumb\",\"itemListElement\":[{\"@type\":\"ListItem\",\"position\":1,\"name\":\"Inicio\",\"item\":\"https:\\\/\\\/www.caudete.org\\\/ayuntamiento\\\/\"},{\"@type\":\"ListItem\",\"position\":2,\"name\":\"Las jornadas \u201cVen al Basket\u201d vuelven un a\u00f1o m\u00e1s de la mano de la concejal\u00eda de deportes y los centros educativos de Caudete\"}]},{\"@type\":\"WebSite\",\"@id\":\"https:\\\/\\\/www.caudete.org\\\/ayuntamiento\\\/#website\",\"url\":\"https:\\\/\\\/www.caudete.org\\\/ayuntamiento\\\/\",\"name\":\"MI Ayuntamiento de Caudete\",\"description\":\"P\u00e1gina Oficial del MI Ayuntamiento de Caudete\",\"potentialAction\":[{\"@type\":\"SearchAction\",\"target\":{\"@type\":\"EntryPoint\",\"urlTemplate\":\"https:\\\/\\\/www.caudete.org\\\/ayuntamiento\\\/?s={search_term_string}\"},\"query-input\":{\"@type\":\"PropertyValueSpecification\",\"valueRequired\":true,\"valueName\":\"search_term_string\"}}],\"inLanguage\":\"es\"},{\"@type\":\"Person\",\"@id\":\"https:\\\/\\\/www.caudete.org\\\/ayuntamiento\\\/#\\\/schema\\\/person\\\/79f7e19fdd176fc2bc7a289013dc2056\",\"name\":\"ayun\",\"image\":{\"@type\":\"ImageObject\",\"inLanguage\":\"es\",\"@id\":\"https:\\\/\\\/secure.gravatar.com\\\/avatar\\\/4ce797ee07c943e7e592f8cd648e503e6cd571387558ed07135799c2bd2847df?s=96&d=mm&r=g\",\"url\":\"https:\\\/\\\/secure.gravatar.com\\\/avatar\\\/4ce797ee07c943e7e592f8cd648e503e6cd571387558ed07135799c2bd2847df?s=96&d=mm&r=g\",\"contentUrl\":\"https:\\\/\\\/secure.gravatar.com\\\/avatar\\\/4ce797ee07c943e7e592f8cd648e503e6cd571387558ed07135799c2bd2847df?s=96&d=mm&r=g\",\"caption\":\"ayun\"},\"sameAs\":[\"http:\\\/\\\/www.caudete.org\\\/ayuntamiento\"],\"url\":\"https:\\\/\\\/www.caudete.org\\\/ayuntamiento\\\/author\\\/ayun\\\/\"}]}<\/script>\n<!-- \/ Yoast SEO plugin. -->","yoast_head_json":{"title":"Las jornadas \u201cVen al Basket\u201d vuelven un a\u00f1o m\u00e1s de la mano de la concejal\u00eda de deportes y los centros educativos de Caudete - MI Ayuntamiento de Caudete","description":"P\u00e1gina Oficial del Ayuntamiento de Caudete (Albacete)","robots":{"index":"index","follow":"follow","max-snippet":"max-snippet:-1","max-image-preview":"max-image-preview:large","max-video-preview":"max-video-preview:-1"},"canonical":"https:\/\/www.caudete.org\/ayuntamiento\/las-jornadas-ven-al-basket-vuelven-un-ano-mas-de-la-mano-de-la-concejalia-de-deportes-y-los-centros-educativos-de-caudete\/","og_locale":"es_ES","og_type":"article","og_title":"Las jornadas \u201cVen al Basket\u201d vuelven un a\u00f1o m\u00e1s de la mano de la concejal\u00eda de deportes y los centros educativos de Caudete - MI Ayuntamiento de Caudete","og_description":"P\u00e1gina Oficial del Ayuntamiento de Caudete (Albacete)","og_url":"https:\/\/www.caudete.org\/ayuntamiento\/las-jornadas-ven-al-basket-vuelven-un-ano-mas-de-la-mano-de-la-concejalia-de-deportes-y-los-centros-educativos-de-caudete\/","og_site_name":"MI Ayuntamiento de Caudete","article_publisher":"https:\/\/www.facebook.com\/ayuntamientocaudete\/","article_published_time":"2023-02-13T12:25:48+00:00","article_modified_time":"2023-02-13T12:25:49+00:00","og_image":[{"width":600,"height":1067,"url":"https:\/\/www.caudete.org\/ayuntamiento\/wp-content\/uploads\/2023\/02\/CARTEL-VEN-AL-BASKET-1.jpg","type":"image\/jpeg"}],"author":"ayun","twitter_card":"summary_large_image","twitter_misc":{"Escrito por":"ayun","Tiempo de lectura":"1 minuto"},"schema":{"@context":"https:\/\/schema.org","@graph":[{"@type":"Article","@id":"https:\/\/www.caudete.org\/ayuntamiento\/las-jornadas-ven-al-basket-vuelven-un-ano-mas-de-la-mano-de-la-concejalia-de-deportes-y-los-centros-educativos-de-caudete\/#article","isPartOf":{"@id":"https:\/\/www.caudete.org\/ayuntamiento\/las-jornadas-ven-al-basket-vuelven-un-ano-mas-de-la-mano-de-la-concejalia-de-deportes-y-los-centros-educativos-de-caudete\/"},"author":{"name":"ayun","@id":"https:\/\/www.caudete.org\/ayuntamiento\/#\/schema\/person\/79f7e19fdd176fc2bc7a289013dc2056"},"headline":"Las jornadas \u201cVen al Basket\u201d vuelven un a\u00f1o m\u00e1s de la mano de la concejal\u00eda de deportes y los centros educativos de Caudete","datePublished":"2023-02-13T12:25:48+00:00","dateModified":"2023-02-13T12:25:49+00:00","mainEntityOfPage":{"@id":"https:\/\/www.caudete.org\/ayuntamiento\/las-jornadas-ven-al-basket-vuelven-un-ano-mas-de-la-mano-de-la-concejalia-de-deportes-y-los-centros-educativos-de-caudete\/"},"wordCount":184,"image":{"@id":"https:\/\/www.caudete.org\/ayuntamiento\/las-jornadas-ven-al-basket-vuelven-un-ano-mas-de-la-mano-de-la-concejalia-de-deportes-y-los-centros-educativos-de-caudete\/#primaryimage"},"thumbnailUrl":"https:\/\/www.caudete.org\/ayuntamiento\/wp-content\/uploads\/2023\/02\/CARTEL-VEN-AL-BASKET-1.jpg","articleSection":["Deportes"],"inLanguage":"es"},{"@type":"WebPage","@id":"https:\/\/www.caudete.org\/ayuntamiento\/las-jornadas-ven-al-basket-vuelven-un-ano-mas-de-la-mano-de-la-concejalia-de-deportes-y-los-centros-educativos-de-caudete\/","url":"https:\/\/www.caudete.org\/ayuntamiento\/las-jornadas-ven-al-basket-vuelven-un-ano-mas-de-la-mano-de-la-concejalia-de-deportes-y-los-centros-educativos-de-caudete\/","name":"Las jornadas \u201cVen al Basket\u201d vuelven un a\u00f1o m\u00e1s de la mano de la concejal\u00eda de deportes y los centros educativos de Caudete - MI Ayuntamiento de Caudete","isPartOf":{"@id":"https:\/\/www.caudete.org\/ayuntamiento\/#website"},"primaryImageOfPage":{"@id":"https:\/\/www.caudete.org\/ayuntamiento\/las-jornadas-ven-al-basket-vuelven-un-ano-mas-de-la-mano-de-la-concejalia-de-deportes-y-los-centros-educativos-de-caudete\/#primaryimage"},"image":{"@id":"https:\/\/www.caudete.org\/ayuntamiento\/las-jornadas-ven-al-basket-vuelven-un-ano-mas-de-la-mano-de-la-concejalia-de-deportes-y-los-centros-educativos-de-caudete\/#primaryimage"},"thumbnailUrl":"https:\/\/www.caudete.org\/ayuntamiento\/wp-content\/uploads\/2023\/02\/CARTEL-VEN-AL-BASKET-1.jpg","datePublished":"2023-02-13T12:25:48+00:00","dateModified":"2023-02-13T12:25:49+00:00","author":{"@id":"https:\/\/www.caudete.org\/ayuntamiento\/#\/schema\/person\/79f7e19fdd176fc2bc7a289013dc2056"},"description":"P\u00e1gina Oficial del Ayuntamiento de Caudete (Albacete)","breadcrumb":{"@id":"https:\/\/www.caudete.org\/ayuntamiento\/las-jornadas-ven-al-basket-vuelven-un-ano-mas-de-la-mano-de-la-concejalia-de-deportes-y-los-centros-educativos-de-caudete\/#breadcrumb"},"inLanguage":"es","potentialAction":[{"@type":"ReadAction","target":["https:\/\/www.caudete.org\/ayuntamiento\/las-jornadas-ven-al-basket-vuelven-un-ano-mas-de-la-mano-de-la-concejalia-de-deportes-y-los-centros-educativos-de-caudete\/"]}]},{"@type":"ImageObject","inLanguage":"es","@id":"https:\/\/www.caudete.org\/ayuntamiento\/las-jornadas-ven-al-basket-vuelven-un-ano-mas-de-la-mano-de-la-concejalia-de-deportes-y-los-centros-educativos-de-caudete\/#primaryimage","url":"https:\/\/www.caudete.org\/ayuntamiento\/wp-content\/uploads\/2023\/02\/CARTEL-VEN-AL-BASKET-1.jpg","contentUrl":"https:\/\/www.caudete.org\/ayuntamiento\/wp-content\/uploads\/2023\/02\/CARTEL-VEN-AL-BASKET-1.jpg","width":600,"height":1067},{"@type":"BreadcrumbList","@id":"https:\/\/www.caudete.org\/ayuntamiento\/las-jornadas-ven-al-basket-vuelven-un-ano-mas-de-la-mano-de-la-concejalia-de-deportes-y-los-centros-educativos-de-caudete\/#breadcrumb","itemListElement":[{"@type":"ListItem","position":1,"name":"Inicio","item":"https:\/\/www.caudete.org\/ayuntamiento\/"},{"@type":"ListItem","position":2,"name":"Las jornadas \u201cVen al Basket\u201d vuelven un a\u00f1o m\u00e1s de la mano de la concejal\u00eda de deportes y los centros educativos de Caudete"}]},{"@type":"WebSite","@id":"https:\/\/www.caudete.org\/ayuntamiento\/#website","url":"https:\/\/www.caudete.org\/ayuntamiento\/","name":"MI Ayuntamiento de Caudete","description":"P\u00e1gina Oficial del MI Ayuntamiento de Caudete","potentialAction":[{"@type":"SearchAction","target":{"@type":"EntryPoint","urlTemplate":"https:\/\/www.caudete.org\/ayuntamiento\/?s={search_term_string}"},"query-input":{"@type":"PropertyValueSpecification","valueRequired":true,"valueName":"search_term_string"}}],"inLanguage":"es"},{"@type":"Person","@id":"https:\/\/www.caudete.org\/ayuntamiento\/#\/schema\/person\/79f7e19fdd176fc2bc7a289013dc2056","name":"ayun","image":{"@type":"ImageObject","inLanguage":"es","@id":"https:\/\/secure.gravatar.com\/avatar\/4ce797ee07c943e7e592f8cd648e503e6cd571387558ed07135799c2bd2847df?s=96&d=mm&r=g","url":"https:\/\/secure.gravatar.com\/avatar\/4ce797ee07c943e7e592f8cd648e503e6cd571387558ed07135799c2bd2847df?s=96&d=mm&r=g","contentUrl":"https:\/\/secure.gravatar.com\/avatar\/4ce797ee07c943e7e592f8cd648e503e6cd571387558ed07135799c2bd2847df?s=96&d=mm&r=g","caption":"ayun"},"sameAs":["http:\/\/www.caudete.org\/ayuntamiento"],"url":"https:\/\/www.caudete.org\/ayuntamiento\/author\/ayun\/"}]}},"_links":{"self":[{"href":"https:\/\/www.caudete.org\/ayuntamiento\/wp-json\/wp\/v2\/posts\/21370","targetHints":{"allow":["GET"]}}],"collection":[{"href":"https:\/\/www.caudete.org\/ayuntamiento\/wp-json\/wp\/v2\/posts"}],"about":[{"href":"https:\/\/www.caudete.org\/ayuntamiento\/wp-json\/wp\/v2\/types\/post"}],"author":[{"embeddable":true,"href":"https:\/\/www.caudete.org\/ayuntamiento\/wp-json\/wp\/v2\/users\/1"}],"replies":[{"embeddable":true,"href":"https:\/\/www.caudete.org\/ayuntamiento\/wp-json\/wp\/v2\/comments?post=21370"}],"version-history":[{"count":2,"href":"https:\/\/www.caudete.org\/ayuntamiento\/wp-json\/wp\/v2\/posts\/21370\/revisions"}],"predecessor-version":[{"id":21373,"href":"https:\/\/www.caudete.org\/ayuntamiento\/wp-json\/wp\/v2\/posts\/21370\/revisions\/21373"}],"wp:featuredmedia":[{"embeddable":true,"href":"https:\/\/www.caudete.org\/ayuntamiento\/wp-json\/wp\/v2\/media\/21371"}],"wp:attachment":[{"href":"https:\/\/www.caudete.org\/ayuntamiento\/wp-json\/wp\/v2\/media?parent=21370"}],"wp:term":[{"taxonomy":"category","embeddable":true,"href":"https:\/\/www.caudete.org\/ayuntamiento\/wp-json\/wp\/v2\/categories?post=21370"},{"taxonomy":"post_tag","embeddable":true,"href":"https:\/\/www.caudete.org\/ayuntamiento\/wp-json\/wp\/v2\/tags?post=21370"}],"curies":[{"name":"wp","href":"https:\/\/api.w.org\/{rel}","templated":true}]}}