{"id":21463,"date":"2023-02-27T13:47:06","date_gmt":"2023-02-27T12:47:06","guid":{"rendered":"https:\/\/www.caudete.org\/ayuntamiento\/?p=21463"},"modified":"2023-02-27T14:59:13","modified_gmt":"2023-02-27T13:59:13","slug":"6-nuevos-agentes-de-policia-toman-posesion-y-se-condecora-a-otros-6-por-su-permanencia","status":"publish","type":"post","link":"https:\/\/www.caudete.org\/ayuntamiento\/6-nuevos-agentes-de-policia-toman-posesion-y-se-condecora-a-otros-6-por-su-permanencia\/","title":{"rendered":"6 nuevos Agentes de Polic\u00eda toman posesi\u00f3n, y se condecora a otros 6 por su permanencia"},"content":{"rendered":"<p style=\"text-align: justify;\">El Sal\u00f3n de Plenos acog\u00eda en la ma\u00f1ana del pasado viernes 24 de Febrero un doble acto, en el cual el cuerpo de la Polic\u00eda Local era protagonista.<\/p>\n<p style=\"text-align: justify;\">Un total de 6 agentes tomaban posesi\u00f3n de su acta como Agentes de Polic\u00eda Local, y que se sumar\u00e1n en diferentes momentos a la actual plantilla.<\/p>\n<p><a href=\"https:\/\/www.caudete.org\/ayuntamiento\/wp-content\/uploads\/2023\/02\/IMG-20230225-WA0031.jpg\" rel='prettyPhoto'><img fetchpriority=\"high\" decoding=\"async\" class=\"aligncenter wp-image-21470 size-medium\" src=\"https:\/\/www.caudete.org\/ayuntamiento\/wp-content\/uploads\/2023\/02\/IMG-20230225-WA0031-300x200.jpg\" alt=\"\" width=\"300\" height=\"200\" srcset=\"https:\/\/www.caudete.org\/ayuntamiento\/wp-content\/uploads\/2023\/02\/IMG-20230225-WA0031-300x200.jpg 300w, https:\/\/www.caudete.org\/ayuntamiento\/wp-content\/uploads\/2023\/02\/IMG-20230225-WA0031-1024x683.jpg 1024w, https:\/\/www.caudete.org\/ayuntamiento\/wp-content\/uploads\/2023\/02\/IMG-20230225-WA0031-768x512.jpg 768w, https:\/\/www.caudete.org\/ayuntamiento\/wp-content\/uploads\/2023\/02\/IMG-20230225-WA0031-1536x1024.jpg 1536w, https:\/\/www.caudete.org\/ayuntamiento\/wp-content\/uploads\/2023\/02\/IMG-20230225-WA0031.jpg 1600w\" sizes=\"(max-width: 300px) 100vw, 300px\" \/><\/a><\/p>\n<p style=\"text-align: justify;\">Presentado el acto por el Alcalde, Mois\u00e9s L\u00f3pez, rese\u00f1\u00f3 el esfuerzo y compromiso del Gobierno Municipal con los caudetanos en materia de seguridad, y m\u00e1s concretamente con la Polic\u00eda Local.<\/p>\n<p style=\"text-align: justify;\">La toma de posesi\u00f3n estuvo precedida de unas palabras de felicitaci\u00f3n a los nuevos agentes por los excelentes resultados del proceso selectivo, al que optaron 180 aspirantes, as\u00ed como de deseo de \u00e9xito en su etapa de formaci\u00f3n que en unos d\u00edas emprender\u00e1n en la Escuela de Protecci\u00f3n Ciudadana de Toledo, antes de prestar su servicio en Caudete. Igualmente, les dese\u00f3 acierto en su labor, y en su vocaci\u00f3n de servicio una vez se sumen a la plantilla, deseando que sea Caudete el lugar donde desarrollen su carrera profesional. Para ello, les brind\u00f3 todo el apoyo del Gobierno Municipal y del pueblo de Caudete.<\/p>\n<p><a href=\"https:\/\/www.caudete.org\/ayuntamiento\/wp-content\/uploads\/2023\/02\/IMG-20230225-WA0029.jpg\" rel='prettyPhoto'><img decoding=\"async\" class=\"aligncenter wp-image-21469 size-medium\" src=\"https:\/\/www.caudete.org\/ayuntamiento\/wp-content\/uploads\/2023\/02\/IMG-20230225-WA0029-300x200.jpg\" alt=\"\" width=\"300\" height=\"200\" srcset=\"https:\/\/www.caudete.org\/ayuntamiento\/wp-content\/uploads\/2023\/02\/IMG-20230225-WA0029-300x200.jpg 300w, https:\/\/www.caudete.org\/ayuntamiento\/wp-content\/uploads\/2023\/02\/IMG-20230225-WA0029-1024x683.jpg 1024w, https:\/\/www.caudete.org\/ayuntamiento\/wp-content\/uploads\/2023\/02\/IMG-20230225-WA0029-768x512.jpg 768w, https:\/\/www.caudete.org\/ayuntamiento\/wp-content\/uploads\/2023\/02\/IMG-20230225-WA0029-1536x1024.jpg 1536w, https:\/\/www.caudete.org\/ayuntamiento\/wp-content\/uploads\/2023\/02\/IMG-20230225-WA0029.jpg 1600w\" sizes=\"(max-width: 300px) 100vw, 300px\" \/><\/a><\/p>\n<p style=\"text-align: justify;\">A ello, se sum\u00f3 acto seguido la toma de posesi\u00f3n de un Agente de Polic\u00eda, que a partir del pr\u00f3ximo mi\u00e9rcoles 1 de Marzo, prestar\u00e1 sus servicios en Comisi\u00f3n de Servicios, proveniente de un municipio de Badajoz.<\/p>\n<p style=\"text-align: justify;\">Tras ello, se procedi\u00f3 a la imposici\u00f3n de medallas a 6 Agentes de la plantilla, que a propuesta del Consistorio, fueron condecorados con la Medalla a la Permanencia, con distintivo de plata, por sus m\u00e1s de 20 a\u00f1os de servicio.<\/p>\n<p><a href=\"https:\/\/www.caudete.org\/ayuntamiento\/wp-content\/uploads\/2023\/02\/IMG-20230225-WA0023.jpg\" rel='prettyPhoto'><img decoding=\"async\" class=\"aligncenter wp-image-21468 size-medium\" src=\"https:\/\/www.caudete.org\/ayuntamiento\/wp-content\/uploads\/2023\/02\/IMG-20230225-WA0023-300x200.jpg\" alt=\"\" width=\"300\" height=\"200\" srcset=\"https:\/\/www.caudete.org\/ayuntamiento\/wp-content\/uploads\/2023\/02\/IMG-20230225-WA0023-300x200.jpg 300w, https:\/\/www.caudete.org\/ayuntamiento\/wp-content\/uploads\/2023\/02\/IMG-20230225-WA0023-1024x683.jpg 1024w, https:\/\/www.caudete.org\/ayuntamiento\/wp-content\/uploads\/2023\/02\/IMG-20230225-WA0023-768x512.jpg 768w, https:\/\/www.caudete.org\/ayuntamiento\/wp-content\/uploads\/2023\/02\/IMG-20230225-WA0023-1536x1024.jpg 1536w, https:\/\/www.caudete.org\/ayuntamiento\/wp-content\/uploads\/2023\/02\/IMG-20230225-WA0023.jpg 1600w\" sizes=\"(max-width: 300px) 100vw, 300px\" \/><\/a><\/p>\n<p style=\"text-align: justify;\">Aprovech\u00f3 el Primer Edil para dar un repaso a las inversiones realizadas en este mandato, para ofrecer a los caudetanos un cuerpo de seguridad a la altura de las necesidades, con una plantilla amplia para la realizaci\u00f3n de servicios de forma \u00f3ptima, con los recursos necesarios, y con un ambiente laboral \u00f3ptimo, reconocimiento a su labor merecido y puesta en valor del cuerpo de la polic\u00eda necesario. Cerca de 70.000\u20ac en instalaciones, 45.000\u20ac en veh\u00edculos, m\u00e1s de 30.000\u20ac en equipamientos, y cerca de 80.000\u20ac en medios y herramientas como el sistema de videovigilancia de \u00faltima tecnolog\u00eda.<\/p>\n","protected":false},"excerpt":{"rendered":"<p>El Sal\u00f3n de Plenos acog\u00eda en la ma\u00f1ana del pasado viernes 24 de Febrero un doble acto, en el cual el cuerpo de la Polic\u00eda Local era protagonista. Un total de 6 agentes tomaban posesi\u00f3n de su acta como Agentes de Polic\u00eda Local, y que se sumar\u00e1n en diferentes momentos a la actual plantilla. Presentado &hellip;<\/p>\n","protected":false},"author":3,"featured_media":21462,"comment_status":"closed","ping_status":"open","sticky":false,"template":"","format":"standard","meta":{"ngg_post_thumbnail":0,"footnotes":""},"categories":[33],"tags":[],"class_list":["post-21463","post","type-post","status-publish","format-standard","has-post-thumbnail","hentry","category-recursos-humanos"],"yoast_head":"<!-- This site is optimized with the Yoast SEO plugin v27.5 - https:\/\/yoast.com\/product\/yoast-seo-wordpress\/ -->\n<title>6 nuevos Agentes de Polic\u00eda toman posesi\u00f3n, y se condecora a otros 6 por su permanencia - MI Ayuntamiento de Caudete<\/title>\n<meta name=\"description\" content=\"P\u00e1gina Oficial del Ayuntamiento de Caudete (Albacete)\" \/>\n<meta name=\"robots\" content=\"index, follow, max-snippet:-1, max-image-preview:large, max-video-preview:-1\" \/>\n<link rel=\"canonical\" href=\"https:\/\/www.caudete.org\/ayuntamiento\/6-nuevos-agentes-de-policia-toman-posesion-y-se-condecora-a-otros-6-por-su-permanencia\/\" \/>\n<meta property=\"og:locale\" content=\"es_ES\" \/>\n<meta property=\"og:type\" content=\"article\" \/>\n<meta property=\"og:title\" content=\"6 nuevos Agentes de Polic\u00eda toman posesi\u00f3n, y se condecora a otros 6 por su permanencia - MI Ayuntamiento de Caudete\" \/>\n<meta property=\"og:description\" content=\"P\u00e1gina Oficial del Ayuntamiento de Caudete (Albacete)\" \/>\n<meta property=\"og:url\" content=\"https:\/\/www.caudete.org\/ayuntamiento\/6-nuevos-agentes-de-policia-toman-posesion-y-se-condecora-a-otros-6-por-su-permanencia\/\" \/>\n<meta property=\"og:site_name\" content=\"MI Ayuntamiento de Caudete\" \/>\n<meta property=\"article:publisher\" content=\"https:\/\/www.facebook.com\/ayuntamientocaudete\/\" \/>\n<meta property=\"article:published_time\" content=\"2023-02-27T12:47:06+00:00\" \/>\n<meta property=\"article:modified_time\" content=\"2023-02-27T13:59:13+00:00\" \/>\n<meta property=\"og:image\" content=\"https:\/\/www.caudete.org\/ayuntamiento\/wp-content\/uploads\/2023\/02\/IMG-20230225-WA0025.jpg\" \/>\n\t<meta property=\"og:image:width\" content=\"1600\" \/>\n\t<meta property=\"og:image:height\" content=\"1067\" \/>\n\t<meta property=\"og:image:type\" content=\"image\/jpeg\" \/>\n<meta name=\"author\" content=\"alcalde\" \/>\n<meta name=\"twitter:card\" content=\"summary_large_image\" \/>\n<meta name=\"twitter:label1\" content=\"Escrito por\" \/>\n\t<meta name=\"twitter:data1\" content=\"alcalde\" \/>\n\t<meta name=\"twitter:label2\" content=\"Tiempo de lectura\" \/>\n\t<meta name=\"twitter:data2\" content=\"3 minutos\" \/>\n<script type=\"application\/ld+json\" class=\"yoast-schema-graph\">{\"@context\":\"https:\\\/\\\/schema.org\",\"@graph\":[{\"@type\":\"Article\",\"@id\":\"https:\\\/\\\/www.caudete.org\\\/ayuntamiento\\\/6-nuevos-agentes-de-policia-toman-posesion-y-se-condecora-a-otros-6-por-su-permanencia\\\/#article\",\"isPartOf\":{\"@id\":\"https:\\\/\\\/www.caudete.org\\\/ayuntamiento\\\/6-nuevos-agentes-de-policia-toman-posesion-y-se-condecora-a-otros-6-por-su-permanencia\\\/\"},\"author\":{\"name\":\"alcalde\",\"@id\":\"https:\\\/\\\/www.caudete.org\\\/ayuntamiento\\\/#\\\/schema\\\/person\\\/cc646da9133078ee4d8dd47457947253\"},\"headline\":\"6 nuevos Agentes de Polic\u00eda toman posesi\u00f3n, y se condecora a otros 6 por su permanencia\",\"datePublished\":\"2023-02-27T12:47:06+00:00\",\"dateModified\":\"2023-02-27T13:59:13+00:00\",\"mainEntityOfPage\":{\"@id\":\"https:\\\/\\\/www.caudete.org\\\/ayuntamiento\\\/6-nuevos-agentes-de-policia-toman-posesion-y-se-condecora-a-otros-6-por-su-permanencia\\\/\"},\"wordCount\":398,\"image\":{\"@id\":\"https:\\\/\\\/www.caudete.org\\\/ayuntamiento\\\/6-nuevos-agentes-de-policia-toman-posesion-y-se-condecora-a-otros-6-por-su-permanencia\\\/#primaryimage\"},\"thumbnailUrl\":\"https:\\\/\\\/www.caudete.org\\\/ayuntamiento\\\/wp-content\\\/uploads\\\/2023\\\/02\\\/IMG-20230225-WA0025-e1689599875728.jpg\",\"articleSection\":[\"Recursos Humanos\"],\"inLanguage\":\"es\"},{\"@type\":\"WebPage\",\"@id\":\"https:\\\/\\\/www.caudete.org\\\/ayuntamiento\\\/6-nuevos-agentes-de-policia-toman-posesion-y-se-condecora-a-otros-6-por-su-permanencia\\\/\",\"url\":\"https:\\\/\\\/www.caudete.org\\\/ayuntamiento\\\/6-nuevos-agentes-de-policia-toman-posesion-y-se-condecora-a-otros-6-por-su-permanencia\\\/\",\"name\":\"6 nuevos Agentes de Polic\u00eda toman posesi\u00f3n, y se condecora a otros 6 por su permanencia - MI Ayuntamiento de Caudete\",\"isPartOf\":{\"@id\":\"https:\\\/\\\/www.caudete.org\\\/ayuntamiento\\\/#website\"},\"primaryImageOfPage\":{\"@id\":\"https:\\\/\\\/www.caudete.org\\\/ayuntamiento\\\/6-nuevos-agentes-de-policia-toman-posesion-y-se-condecora-a-otros-6-por-su-permanencia\\\/#primaryimage\"},\"image\":{\"@id\":\"https:\\\/\\\/www.caudete.org\\\/ayuntamiento\\\/6-nuevos-agentes-de-policia-toman-posesion-y-se-condecora-a-otros-6-por-su-permanencia\\\/#primaryimage\"},\"thumbnailUrl\":\"https:\\\/\\\/www.caudete.org\\\/ayuntamiento\\\/wp-content\\\/uploads\\\/2023\\\/02\\\/IMG-20230225-WA0025-e1689599875728.jpg\",\"datePublished\":\"2023-02-27T12:47:06+00:00\",\"dateModified\":\"2023-02-27T13:59:13+00:00\",\"author\":{\"@id\":\"https:\\\/\\\/www.caudete.org\\\/ayuntamiento\\\/#\\\/schema\\\/person\\\/cc646da9133078ee4d8dd47457947253\"},\"description\":\"P\u00e1gina Oficial del Ayuntamiento de Caudete (Albacete)\",\"breadcrumb\":{\"@id\":\"https:\\\/\\\/www.caudete.org\\\/ayuntamiento\\\/6-nuevos-agentes-de-policia-toman-posesion-y-se-condecora-a-otros-6-por-su-permanencia\\\/#breadcrumb\"},\"inLanguage\":\"es\",\"potentialAction\":[{\"@type\":\"ReadAction\",\"target\":[\"https:\\\/\\\/www.caudete.org\\\/ayuntamiento\\\/6-nuevos-agentes-de-policia-toman-posesion-y-se-condecora-a-otros-6-por-su-permanencia\\\/\"]}]},{\"@type\":\"ImageObject\",\"inLanguage\":\"es\",\"@id\":\"https:\\\/\\\/www.caudete.org\\\/ayuntamiento\\\/6-nuevos-agentes-de-policia-toman-posesion-y-se-condecora-a-otros-6-por-su-permanencia\\\/#primaryimage\",\"url\":\"https:\\\/\\\/www.caudete.org\\\/ayuntamiento\\\/wp-content\\\/uploads\\\/2023\\\/02\\\/IMG-20230225-WA0025-e1689599875728.jpg\",\"contentUrl\":\"https:\\\/\\\/www.caudete.org\\\/ayuntamiento\\\/wp-content\\\/uploads\\\/2023\\\/02\\\/IMG-20230225-WA0025-e1689599875728.jpg\",\"width\":832,\"height\":608},{\"@type\":\"BreadcrumbList\",\"@id\":\"https:\\\/\\\/www.caudete.org\\\/ayuntamiento\\\/6-nuevos-agentes-de-policia-toman-posesion-y-se-condecora-a-otros-6-por-su-permanencia\\\/#breadcrumb\",\"itemListElement\":[{\"@type\":\"ListItem\",\"position\":1,\"name\":\"Inicio\",\"item\":\"https:\\\/\\\/www.caudete.org\\\/ayuntamiento\\\/\"},{\"@type\":\"ListItem\",\"position\":2,\"name\":\"6 nuevos Agentes de Polic\u00eda toman posesi\u00f3n, y se condecora a otros 6 por su permanencia\"}]},{\"@type\":\"WebSite\",\"@id\":\"https:\\\/\\\/www.caudete.org\\\/ayuntamiento\\\/#website\",\"url\":\"https:\\\/\\\/www.caudete.org\\\/ayuntamiento\\\/\",\"name\":\"MI Ayuntamiento de Caudete\",\"description\":\"P\u00e1gina Oficial del MI Ayuntamiento de Caudete\",\"potentialAction\":[{\"@type\":\"SearchAction\",\"target\":{\"@type\":\"EntryPoint\",\"urlTemplate\":\"https:\\\/\\\/www.caudete.org\\\/ayuntamiento\\\/?s={search_term_string}\"},\"query-input\":{\"@type\":\"PropertyValueSpecification\",\"valueRequired\":true,\"valueName\":\"search_term_string\"}}],\"inLanguage\":\"es\"},{\"@type\":\"Person\",\"@id\":\"https:\\\/\\\/www.caudete.org\\\/ayuntamiento\\\/#\\\/schema\\\/person\\\/cc646da9133078ee4d8dd47457947253\",\"name\":\"alcalde\",\"image\":{\"@type\":\"ImageObject\",\"inLanguage\":\"es\",\"@id\":\"https:\\\/\\\/secure.gravatar.com\\\/avatar\\\/84a817ba065b29ff08d666b215a215f5c79186a645ccb25b14a663d48a130f77?s=96&d=mm&r=g\",\"url\":\"https:\\\/\\\/secure.gravatar.com\\\/avatar\\\/84a817ba065b29ff08d666b215a215f5c79186a645ccb25b14a663d48a130f77?s=96&d=mm&r=g\",\"contentUrl\":\"https:\\\/\\\/secure.gravatar.com\\\/avatar\\\/84a817ba065b29ff08d666b215a215f5c79186a645ccb25b14a663d48a130f77?s=96&d=mm&r=g\",\"caption\":\"alcalde\"},\"url\":\"https:\\\/\\\/www.caudete.org\\\/ayuntamiento\\\/author\\\/alcalde\\\/\"}]}<\/script>\n<!-- \/ Yoast SEO plugin. -->","yoast_head_json":{"title":"6 nuevos Agentes de Polic\u00eda toman posesi\u00f3n, y se condecora a otros 6 por su permanencia - MI Ayuntamiento de Caudete","description":"P\u00e1gina Oficial del Ayuntamiento de Caudete (Albacete)","robots":{"index":"index","follow":"follow","max-snippet":"max-snippet:-1","max-image-preview":"max-image-preview:large","max-video-preview":"max-video-preview:-1"},"canonical":"https:\/\/www.caudete.org\/ayuntamiento\/6-nuevos-agentes-de-policia-toman-posesion-y-se-condecora-a-otros-6-por-su-permanencia\/","og_locale":"es_ES","og_type":"article","og_title":"6 nuevos Agentes de Polic\u00eda toman posesi\u00f3n, y se condecora a otros 6 por su permanencia - MI Ayuntamiento de Caudete","og_description":"P\u00e1gina Oficial del Ayuntamiento de Caudete (Albacete)","og_url":"https:\/\/www.caudete.org\/ayuntamiento\/6-nuevos-agentes-de-policia-toman-posesion-y-se-condecora-a-otros-6-por-su-permanencia\/","og_site_name":"MI Ayuntamiento de Caudete","article_publisher":"https:\/\/www.facebook.com\/ayuntamientocaudete\/","article_published_time":"2023-02-27T12:47:06+00:00","article_modified_time":"2023-02-27T13:59:13+00:00","og_image":[{"width":1600,"height":1067,"url":"https:\/\/www.caudete.org\/ayuntamiento\/wp-content\/uploads\/2023\/02\/IMG-20230225-WA0025.jpg","type":"image\/jpeg"}],"author":"alcalde","twitter_card":"summary_large_image","twitter_misc":{"Escrito por":"alcalde","Tiempo de lectura":"3 minutos"},"schema":{"@context":"https:\/\/schema.org","@graph":[{"@type":"Article","@id":"https:\/\/www.caudete.org\/ayuntamiento\/6-nuevos-agentes-de-policia-toman-posesion-y-se-condecora-a-otros-6-por-su-permanencia\/#article","isPartOf":{"@id":"https:\/\/www.caudete.org\/ayuntamiento\/6-nuevos-agentes-de-policia-toman-posesion-y-se-condecora-a-otros-6-por-su-permanencia\/"},"author":{"name":"alcalde","@id":"https:\/\/www.caudete.org\/ayuntamiento\/#\/schema\/person\/cc646da9133078ee4d8dd47457947253"},"headline":"6 nuevos Agentes de Polic\u00eda toman posesi\u00f3n, y se condecora a otros 6 por su permanencia","datePublished":"2023-02-27T12:47:06+00:00","dateModified":"2023-02-27T13:59:13+00:00","mainEntityOfPage":{"@id":"https:\/\/www.caudete.org\/ayuntamiento\/6-nuevos-agentes-de-policia-toman-posesion-y-se-condecora-a-otros-6-por-su-permanencia\/"},"wordCount":398,"image":{"@id":"https:\/\/www.caudete.org\/ayuntamiento\/6-nuevos-agentes-de-policia-toman-posesion-y-se-condecora-a-otros-6-por-su-permanencia\/#primaryimage"},"thumbnailUrl":"https:\/\/www.caudete.org\/ayuntamiento\/wp-content\/uploads\/2023\/02\/IMG-20230225-WA0025-e1689599875728.jpg","articleSection":["Recursos Humanos"],"inLanguage":"es"},{"@type":"WebPage","@id":"https:\/\/www.caudete.org\/ayuntamiento\/6-nuevos-agentes-de-policia-toman-posesion-y-se-condecora-a-otros-6-por-su-permanencia\/","url":"https:\/\/www.caudete.org\/ayuntamiento\/6-nuevos-agentes-de-policia-toman-posesion-y-se-condecora-a-otros-6-por-su-permanencia\/","name":"6 nuevos Agentes de Polic\u00eda toman posesi\u00f3n, y se condecora a otros 6 por su permanencia - MI Ayuntamiento de Caudete","isPartOf":{"@id":"https:\/\/www.caudete.org\/ayuntamiento\/#website"},"primaryImageOfPage":{"@id":"https:\/\/www.caudete.org\/ayuntamiento\/6-nuevos-agentes-de-policia-toman-posesion-y-se-condecora-a-otros-6-por-su-permanencia\/#primaryimage"},"image":{"@id":"https:\/\/www.caudete.org\/ayuntamiento\/6-nuevos-agentes-de-policia-toman-posesion-y-se-condecora-a-otros-6-por-su-permanencia\/#primaryimage"},"thumbnailUrl":"https:\/\/www.caudete.org\/ayuntamiento\/wp-content\/uploads\/2023\/02\/IMG-20230225-WA0025-e1689599875728.jpg","datePublished":"2023-02-27T12:47:06+00:00","dateModified":"2023-02-27T13:59:13+00:00","author":{"@id":"https:\/\/www.caudete.org\/ayuntamiento\/#\/schema\/person\/cc646da9133078ee4d8dd47457947253"},"description":"P\u00e1gina Oficial del Ayuntamiento de Caudete (Albacete)","breadcrumb":{"@id":"https:\/\/www.caudete.org\/ayuntamiento\/6-nuevos-agentes-de-policia-toman-posesion-y-se-condecora-a-otros-6-por-su-permanencia\/#breadcrumb"},"inLanguage":"es","potentialAction":[{"@type":"ReadAction","target":["https:\/\/www.caudete.org\/ayuntamiento\/6-nuevos-agentes-de-policia-toman-posesion-y-se-condecora-a-otros-6-por-su-permanencia\/"]}]},{"@type":"ImageObject","inLanguage":"es","@id":"https:\/\/www.caudete.org\/ayuntamiento\/6-nuevos-agentes-de-policia-toman-posesion-y-se-condecora-a-otros-6-por-su-permanencia\/#primaryimage","url":"https:\/\/www.caudete.org\/ayuntamiento\/wp-content\/uploads\/2023\/02\/IMG-20230225-WA0025-e1689599875728.jpg","contentUrl":"https:\/\/www.caudete.org\/ayuntamiento\/wp-content\/uploads\/2023\/02\/IMG-20230225-WA0025-e1689599875728.jpg","width":832,"height":608},{"@type":"BreadcrumbList","@id":"https:\/\/www.caudete.org\/ayuntamiento\/6-nuevos-agentes-de-policia-toman-posesion-y-se-condecora-a-otros-6-por-su-permanencia\/#breadcrumb","itemListElement":[{"@type":"ListItem","position":1,"name":"Inicio","item":"https:\/\/www.caudete.org\/ayuntamiento\/"},{"@type":"ListItem","position":2,"name":"6 nuevos Agentes de Polic\u00eda toman posesi\u00f3n, y se condecora a otros 6 por su permanencia"}]},{"@type":"WebSite","@id":"https:\/\/www.caudete.org\/ayuntamiento\/#website","url":"https:\/\/www.caudete.org\/ayuntamiento\/","name":"MI Ayuntamiento de Caudete","description":"P\u00e1gina Oficial del MI Ayuntamiento de Caudete","potentialAction":[{"@type":"SearchAction","target":{"@type":"EntryPoint","urlTemplate":"https:\/\/www.caudete.org\/ayuntamiento\/?s={search_term_string}"},"query-input":{"@type":"PropertyValueSpecification","valueRequired":true,"valueName":"search_term_string"}}],"inLanguage":"es"},{"@type":"Person","@id":"https:\/\/www.caudete.org\/ayuntamiento\/#\/schema\/person\/cc646da9133078ee4d8dd47457947253","name":"alcalde","image":{"@type":"ImageObject","inLanguage":"es","@id":"https:\/\/secure.gravatar.com\/avatar\/84a817ba065b29ff08d666b215a215f5c79186a645ccb25b14a663d48a130f77?s=96&d=mm&r=g","url":"https:\/\/secure.gravatar.com\/avatar\/84a817ba065b29ff08d666b215a215f5c79186a645ccb25b14a663d48a130f77?s=96&d=mm&r=g","contentUrl":"https:\/\/secure.gravatar.com\/avatar\/84a817ba065b29ff08d666b215a215f5c79186a645ccb25b14a663d48a130f77?s=96&d=mm&r=g","caption":"alcalde"},"url":"https:\/\/www.caudete.org\/ayuntamiento\/author\/alcalde\/"}]}},"_links":{"self":[{"href":"https:\/\/www.caudete.org\/ayuntamiento\/wp-json\/wp\/v2\/posts\/21463","targetHints":{"allow":["GET"]}}],"collection":[{"href":"https:\/\/www.caudete.org\/ayuntamiento\/wp-json\/wp\/v2\/posts"}],"about":[{"href":"https:\/\/www.caudete.org\/ayuntamiento\/wp-json\/wp\/v2\/types\/post"}],"author":[{"embeddable":true,"href":"https:\/\/www.caudete.org\/ayuntamiento\/wp-json\/wp\/v2\/users\/3"}],"replies":[{"embeddable":true,"href":"https:\/\/www.caudete.org\/ayuntamiento\/wp-json\/wp\/v2\/comments?post=21463"}],"version-history":[{"count":3,"href":"https:\/\/www.caudete.org\/ayuntamiento\/wp-json\/wp\/v2\/posts\/21463\/revisions"}],"predecessor-version":[{"id":21471,"href":"https:\/\/www.caudete.org\/ayuntamiento\/wp-json\/wp\/v2\/posts\/21463\/revisions\/21471"}],"wp:featuredmedia":[{"embeddable":true,"href":"https:\/\/www.caudete.org\/ayuntamiento\/wp-json\/wp\/v2\/media\/21462"}],"wp:attachment":[{"href":"https:\/\/www.caudete.org\/ayuntamiento\/wp-json\/wp\/v2\/media?parent=21463"}],"wp:term":[{"taxonomy":"category","embeddable":true,"href":"https:\/\/www.caudete.org\/ayuntamiento\/wp-json\/wp\/v2\/categories?post=21463"},{"taxonomy":"post_tag","embeddable":true,"href":"https:\/\/www.caudete.org\/ayuntamiento\/wp-json\/wp\/v2\/tags?post=21463"}],"curies":[{"name":"wp","href":"https:\/\/api.w.org\/{rel}","templated":true}]}}