{"id":21514,"date":"2023-02-28T19:33:07","date_gmt":"2023-02-28T18:33:07","guid":{"rendered":"https:\/\/www.caudete.org\/ayuntamiento\/?p=21514"},"modified":"2023-02-28T19:33:07","modified_gmt":"2023-02-28T18:33:07","slug":"solicitada-la-rectificacion-de-la-carteleria-de-la-a-31-y-de-la-a-33-para-anadir-la-indicacion-de-caudete","status":"publish","type":"post","link":"https:\/\/www.caudete.org\/ayuntamiento\/solicitada-la-rectificacion-de-la-carteleria-de-la-a-31-y-de-la-a-33-para-anadir-la-indicacion-de-caudete\/","title":{"rendered":"Solicitada la rectificaci\u00f3n de la carteler\u00eda de la A-31 y de la A-33 para a\u00f1adir la indicaci\u00f3n de CAUDETE"},"content":{"rendered":"<p style=\"text-align: justify;\">SOLICITADAS A LA DEMARCACION DE CARRETERAS LAS MEJORAS DE SE\u00d1ALIZACION EN LOS LETREROS DE LAS AUTOVIAS A-33 y A-31 EN SUS ACCESOS A CAUDETE<\/p>\n<p style=\"text-align: justify;\">La Junta de Gobierno Local abordaba la petici\u00f3n formal trabajada por la Concejal\u00eda de Movilidad que gestiona Joaqu\u00edn Pag\u00e1n,\u00a0 trasladando varias solicitudes de mejora de la se\u00f1alizaci\u00f3n en las autov\u00edas A-33 y A-31 en sus accesos a Caudete a las demarcaciones correspondientes del Ministerio de Transportes, Movilidad y Agenda Urbana.<\/p>\n<p style=\"text-align: justify;\">Pag\u00e1n indicaba que en esta ocasi\u00f3n, la petici\u00f3n se realiza por escrito, y en nombre de la Junta de Gobierno Local, tras haber sido solicitada en varias ocasiones en reuniones mantenidas entre el Consistorio y la propia Demarcaci\u00f3n.<\/p>\n<p style=\"text-align: justify;\">Tras la finalizaci\u00f3n del tramo de la A-33 a su paso por el municipio, en el sentido Valencia-Murcia, los letreros actuales desv\u00edan el tr\u00e1fico de salida hacia Caudete por la nacional N-344 cuando la actual autov\u00eda A-33 permite hasta dos entradas directas a Caudete. Este error conlleva a la confusi\u00f3n al conductor y supone m\u00e1s distancia y peor acceso.<\/p>\n<p style=\"text-align: justify;\">Los actuales letreros de la A-33 indican Murcia-Yecla, pero olvidan Caudete. Y el olvido se repite en dos carteles. Esta circunstancia adem\u00e1s de confundir a los conductores, est\u00e1 privando a las personas que se dirigen a Caudete del mejor acceso.<\/p>\n<p style=\"text-align: justify;\">Para corregir este error se ha solicitado a la Demarcaci\u00f3n de Carreteras del Estado en Valencia la modificaci\u00f3n de carteler\u00eda para la mejora de acceso a Caudete.<\/p>\n<p style=\"text-align: justify;\">Igualmente, ocurre que cuando nos desplazamos en la Autovia A-31 desde Alicante-Villena direcci\u00f3n a Albacete, llegamos al nudo conocido como el cruce donde se aprecia un cartel de se\u00f1alizaci\u00f3n que indica Yecla y Murcia, pero no dice nada de Caudete.<\/p>\n<p style=\"text-align: justify;\">Este es otro punto de acceso importante a nuestra poblaci\u00f3n donde las nuevas infraestructuras de carreteras han obviado se\u00f1alizar el acceso a Caudete, causando confusi\u00f3n y perjuicio a nuestra poblaci\u00f3n.<\/p>\n<p style=\"text-align: justify;\">De la misma forma, se ha enviado un informe a la Demarcaci\u00f3n de Carreteras del Estado en Alicante solicitando la modificaci\u00f3n de carteler\u00eda para mejora de acceso a nuestro municipio.<\/p>\n<p style=\"text-align: justify;\">Caudete con sus m\u00e1s de 10.000 habitantes, primera poblaci\u00f3n de encuentro entre la Comunidad Valenciana y la Comunidad de Castilla la Mancha se merece una mejor se\u00f1alizaci\u00f3n en sus accesos.<\/p>\n","protected":false},"excerpt":{"rendered":"<p>SOLICITADAS A LA DEMARCACION DE CARRETERAS LAS MEJORAS DE SE\u00d1ALIZACION EN LOS LETREROS DE LAS AUTOVIAS A-33 y A-31 EN SUS ACCESOS A CAUDETE La Junta de Gobierno Local abordaba la petici\u00f3n formal trabajada por la Concejal\u00eda de Movilidad que gestiona Joaqu\u00edn Pag\u00e1n,\u00a0 trasladando varias solicitudes de mejora de la se\u00f1alizaci\u00f3n en las autov\u00edas A-33 &hellip;<\/p>\n","protected":false},"author":3,"featured_media":21515,"comment_status":"closed","ping_status":"open","sticky":false,"template":"","format":"standard","meta":{"ngg_post_thumbnail":0,"footnotes":""},"categories":[46],"tags":[],"class_list":["post-21514","post","type-post","status-publish","format-standard","has-post-thumbnail","hentry","category-movilidad-urbana"],"yoast_head":"<!-- This site is optimized with the Yoast SEO plugin v27.5 - https:\/\/yoast.com\/product\/yoast-seo-wordpress\/ -->\n<title>Solicitada la rectificaci\u00f3n de la carteler\u00eda de la A-31 y de la A-33 para a\u00f1adir la indicaci\u00f3n de CAUDETE - MI Ayuntamiento de Caudete<\/title>\n<meta name=\"description\" content=\"P\u00e1gina Oficial del Ayuntamiento de Caudete (Albacete)\" \/>\n<meta name=\"robots\" content=\"index, follow, max-snippet:-1, max-image-preview:large, max-video-preview:-1\" \/>\n<link rel=\"canonical\" href=\"https:\/\/www.caudete.org\/ayuntamiento\/solicitada-la-rectificacion-de-la-carteleria-de-la-a-31-y-de-la-a-33-para-anadir-la-indicacion-de-caudete\/\" \/>\n<meta property=\"og:locale\" content=\"es_ES\" \/>\n<meta property=\"og:type\" content=\"article\" \/>\n<meta property=\"og:title\" content=\"Solicitada la rectificaci\u00f3n de la carteler\u00eda de la A-31 y de la A-33 para a\u00f1adir la indicaci\u00f3n de CAUDETE - MI Ayuntamiento de Caudete\" \/>\n<meta property=\"og:description\" content=\"P\u00e1gina Oficial del Ayuntamiento de Caudete (Albacete)\" \/>\n<meta property=\"og:url\" content=\"https:\/\/www.caudete.org\/ayuntamiento\/solicitada-la-rectificacion-de-la-carteleria-de-la-a-31-y-de-la-a-33-para-anadir-la-indicacion-de-caudete\/\" \/>\n<meta property=\"og:site_name\" content=\"MI Ayuntamiento de Caudete\" \/>\n<meta property=\"article:publisher\" content=\"https:\/\/www.facebook.com\/ayuntamientocaudete\/\" \/>\n<meta property=\"article:published_time\" content=\"2023-02-28T18:33:07+00:00\" \/>\n<meta property=\"og:image\" content=\"https:\/\/www.caudete.org\/ayuntamiento\/wp-content\/uploads\/2023\/02\/Screenshot_2023-02-28-19-28-34-191.jpg\" \/>\n\t<meta property=\"og:image:width\" content=\"707\" \/>\n\t<meta property=\"og:image:height\" content=\"497\" \/>\n\t<meta property=\"og:image:type\" content=\"image\/jpeg\" \/>\n<meta name=\"author\" content=\"alcalde\" \/>\n<meta name=\"twitter:card\" content=\"summary_large_image\" \/>\n<meta name=\"twitter:label1\" content=\"Escrito por\" \/>\n\t<meta name=\"twitter:data1\" content=\"alcalde\" \/>\n\t<meta name=\"twitter:label2\" content=\"Tiempo de lectura\" \/>\n\t<meta name=\"twitter:data2\" content=\"2 minutos\" \/>\n<script type=\"application\/ld+json\" class=\"yoast-schema-graph\">{\"@context\":\"https:\\\/\\\/schema.org\",\"@graph\":[{\"@type\":\"Article\",\"@id\":\"https:\\\/\\\/www.caudete.org\\\/ayuntamiento\\\/solicitada-la-rectificacion-de-la-carteleria-de-la-a-31-y-de-la-a-33-para-anadir-la-indicacion-de-caudete\\\/#article\",\"isPartOf\":{\"@id\":\"https:\\\/\\\/www.caudete.org\\\/ayuntamiento\\\/solicitada-la-rectificacion-de-la-carteleria-de-la-a-31-y-de-la-a-33-para-anadir-la-indicacion-de-caudete\\\/\"},\"author\":{\"name\":\"alcalde\",\"@id\":\"https:\\\/\\\/www.caudete.org\\\/ayuntamiento\\\/#\\\/schema\\\/person\\\/cc646da9133078ee4d8dd47457947253\"},\"headline\":\"Solicitada la rectificaci\u00f3n de la carteler\u00eda de la A-31 y de la A-33 para a\u00f1adir la indicaci\u00f3n de CAUDETE\",\"datePublished\":\"2023-02-28T18:33:07+00:00\",\"mainEntityOfPage\":{\"@id\":\"https:\\\/\\\/www.caudete.org\\\/ayuntamiento\\\/solicitada-la-rectificacion-de-la-carteleria-de-la-a-31-y-de-la-a-33-para-anadir-la-indicacion-de-caudete\\\/\"},\"wordCount\":426,\"image\":{\"@id\":\"https:\\\/\\\/www.caudete.org\\\/ayuntamiento\\\/solicitada-la-rectificacion-de-la-carteleria-de-la-a-31-y-de-la-a-33-para-anadir-la-indicacion-de-caudete\\\/#primaryimage\"},\"thumbnailUrl\":\"https:\\\/\\\/www.caudete.org\\\/ayuntamiento\\\/wp-content\\\/uploads\\\/2023\\\/02\\\/Screenshot_2023-02-28-19-28-34-191.jpg\",\"articleSection\":[\"Movilidad Urbana\"],\"inLanguage\":\"es\"},{\"@type\":\"WebPage\",\"@id\":\"https:\\\/\\\/www.caudete.org\\\/ayuntamiento\\\/solicitada-la-rectificacion-de-la-carteleria-de-la-a-31-y-de-la-a-33-para-anadir-la-indicacion-de-caudete\\\/\",\"url\":\"https:\\\/\\\/www.caudete.org\\\/ayuntamiento\\\/solicitada-la-rectificacion-de-la-carteleria-de-la-a-31-y-de-la-a-33-para-anadir-la-indicacion-de-caudete\\\/\",\"name\":\"Solicitada la rectificaci\u00f3n de la carteler\u00eda de la A-31 y de la A-33 para a\u00f1adir la indicaci\u00f3n de CAUDETE - MI Ayuntamiento de Caudete\",\"isPartOf\":{\"@id\":\"https:\\\/\\\/www.caudete.org\\\/ayuntamiento\\\/#website\"},\"primaryImageOfPage\":{\"@id\":\"https:\\\/\\\/www.caudete.org\\\/ayuntamiento\\\/solicitada-la-rectificacion-de-la-carteleria-de-la-a-31-y-de-la-a-33-para-anadir-la-indicacion-de-caudete\\\/#primaryimage\"},\"image\":{\"@id\":\"https:\\\/\\\/www.caudete.org\\\/ayuntamiento\\\/solicitada-la-rectificacion-de-la-carteleria-de-la-a-31-y-de-la-a-33-para-anadir-la-indicacion-de-caudete\\\/#primaryimage\"},\"thumbnailUrl\":\"https:\\\/\\\/www.caudete.org\\\/ayuntamiento\\\/wp-content\\\/uploads\\\/2023\\\/02\\\/Screenshot_2023-02-28-19-28-34-191.jpg\",\"datePublished\":\"2023-02-28T18:33:07+00:00\",\"author\":{\"@id\":\"https:\\\/\\\/www.caudete.org\\\/ayuntamiento\\\/#\\\/schema\\\/person\\\/cc646da9133078ee4d8dd47457947253\"},\"description\":\"P\u00e1gina Oficial del Ayuntamiento de Caudete (Albacete)\",\"breadcrumb\":{\"@id\":\"https:\\\/\\\/www.caudete.org\\\/ayuntamiento\\\/solicitada-la-rectificacion-de-la-carteleria-de-la-a-31-y-de-la-a-33-para-anadir-la-indicacion-de-caudete\\\/#breadcrumb\"},\"inLanguage\":\"es\",\"potentialAction\":[{\"@type\":\"ReadAction\",\"target\":[\"https:\\\/\\\/www.caudete.org\\\/ayuntamiento\\\/solicitada-la-rectificacion-de-la-carteleria-de-la-a-31-y-de-la-a-33-para-anadir-la-indicacion-de-caudete\\\/\"]}]},{\"@type\":\"ImageObject\",\"inLanguage\":\"es\",\"@id\":\"https:\\\/\\\/www.caudete.org\\\/ayuntamiento\\\/solicitada-la-rectificacion-de-la-carteleria-de-la-a-31-y-de-la-a-33-para-anadir-la-indicacion-de-caudete\\\/#primaryimage\",\"url\":\"https:\\\/\\\/www.caudete.org\\\/ayuntamiento\\\/wp-content\\\/uploads\\\/2023\\\/02\\\/Screenshot_2023-02-28-19-28-34-191.jpg\",\"contentUrl\":\"https:\\\/\\\/www.caudete.org\\\/ayuntamiento\\\/wp-content\\\/uploads\\\/2023\\\/02\\\/Screenshot_2023-02-28-19-28-34-191.jpg\",\"width\":707,\"height\":497},{\"@type\":\"BreadcrumbList\",\"@id\":\"https:\\\/\\\/www.caudete.org\\\/ayuntamiento\\\/solicitada-la-rectificacion-de-la-carteleria-de-la-a-31-y-de-la-a-33-para-anadir-la-indicacion-de-caudete\\\/#breadcrumb\",\"itemListElement\":[{\"@type\":\"ListItem\",\"position\":1,\"name\":\"Inicio\",\"item\":\"https:\\\/\\\/www.caudete.org\\\/ayuntamiento\\\/\"},{\"@type\":\"ListItem\",\"position\":2,\"name\":\"Solicitada la rectificaci\u00f3n de la carteler\u00eda de la A-31 y de la A-33 para a\u00f1adir la indicaci\u00f3n de CAUDETE\"}]},{\"@type\":\"WebSite\",\"@id\":\"https:\\\/\\\/www.caudete.org\\\/ayuntamiento\\\/#website\",\"url\":\"https:\\\/\\\/www.caudete.org\\\/ayuntamiento\\\/\",\"name\":\"MI Ayuntamiento de Caudete\",\"description\":\"P\u00e1gina Oficial del MI Ayuntamiento de Caudete\",\"potentialAction\":[{\"@type\":\"SearchAction\",\"target\":{\"@type\":\"EntryPoint\",\"urlTemplate\":\"https:\\\/\\\/www.caudete.org\\\/ayuntamiento\\\/?s={search_term_string}\"},\"query-input\":{\"@type\":\"PropertyValueSpecification\",\"valueRequired\":true,\"valueName\":\"search_term_string\"}}],\"inLanguage\":\"es\"},{\"@type\":\"Person\",\"@id\":\"https:\\\/\\\/www.caudete.org\\\/ayuntamiento\\\/#\\\/schema\\\/person\\\/cc646da9133078ee4d8dd47457947253\",\"name\":\"alcalde\",\"image\":{\"@type\":\"ImageObject\",\"inLanguage\":\"es\",\"@id\":\"https:\\\/\\\/secure.gravatar.com\\\/avatar\\\/84a817ba065b29ff08d666b215a215f5c79186a645ccb25b14a663d48a130f77?s=96&d=mm&r=g\",\"url\":\"https:\\\/\\\/secure.gravatar.com\\\/avatar\\\/84a817ba065b29ff08d666b215a215f5c79186a645ccb25b14a663d48a130f77?s=96&d=mm&r=g\",\"contentUrl\":\"https:\\\/\\\/secure.gravatar.com\\\/avatar\\\/84a817ba065b29ff08d666b215a215f5c79186a645ccb25b14a663d48a130f77?s=96&d=mm&r=g\",\"caption\":\"alcalde\"},\"url\":\"https:\\\/\\\/www.caudete.org\\\/ayuntamiento\\\/author\\\/alcalde\\\/\"}]}<\/script>\n<!-- \/ Yoast SEO plugin. -->","yoast_head_json":{"title":"Solicitada la rectificaci\u00f3n de la carteler\u00eda de la A-31 y de la A-33 para a\u00f1adir la indicaci\u00f3n de CAUDETE - MI Ayuntamiento de Caudete","description":"P\u00e1gina Oficial del Ayuntamiento de Caudete (Albacete)","robots":{"index":"index","follow":"follow","max-snippet":"max-snippet:-1","max-image-preview":"max-image-preview:large","max-video-preview":"max-video-preview:-1"},"canonical":"https:\/\/www.caudete.org\/ayuntamiento\/solicitada-la-rectificacion-de-la-carteleria-de-la-a-31-y-de-la-a-33-para-anadir-la-indicacion-de-caudete\/","og_locale":"es_ES","og_type":"article","og_title":"Solicitada la rectificaci\u00f3n de la carteler\u00eda de la A-31 y de la A-33 para a\u00f1adir la indicaci\u00f3n de CAUDETE - MI Ayuntamiento de Caudete","og_description":"P\u00e1gina Oficial del Ayuntamiento de Caudete (Albacete)","og_url":"https:\/\/www.caudete.org\/ayuntamiento\/solicitada-la-rectificacion-de-la-carteleria-de-la-a-31-y-de-la-a-33-para-anadir-la-indicacion-de-caudete\/","og_site_name":"MI Ayuntamiento de Caudete","article_publisher":"https:\/\/www.facebook.com\/ayuntamientocaudete\/","article_published_time":"2023-02-28T18:33:07+00:00","og_image":[{"width":707,"height":497,"url":"https:\/\/www.caudete.org\/ayuntamiento\/wp-content\/uploads\/2023\/02\/Screenshot_2023-02-28-19-28-34-191.jpg","type":"image\/jpeg"}],"author":"alcalde","twitter_card":"summary_large_image","twitter_misc":{"Escrito por":"alcalde","Tiempo de lectura":"2 minutos"},"schema":{"@context":"https:\/\/schema.org","@graph":[{"@type":"Article","@id":"https:\/\/www.caudete.org\/ayuntamiento\/solicitada-la-rectificacion-de-la-carteleria-de-la-a-31-y-de-la-a-33-para-anadir-la-indicacion-de-caudete\/#article","isPartOf":{"@id":"https:\/\/www.caudete.org\/ayuntamiento\/solicitada-la-rectificacion-de-la-carteleria-de-la-a-31-y-de-la-a-33-para-anadir-la-indicacion-de-caudete\/"},"author":{"name":"alcalde","@id":"https:\/\/www.caudete.org\/ayuntamiento\/#\/schema\/person\/cc646da9133078ee4d8dd47457947253"},"headline":"Solicitada la rectificaci\u00f3n de la carteler\u00eda de la A-31 y de la A-33 para a\u00f1adir la indicaci\u00f3n de CAUDETE","datePublished":"2023-02-28T18:33:07+00:00","mainEntityOfPage":{"@id":"https:\/\/www.caudete.org\/ayuntamiento\/solicitada-la-rectificacion-de-la-carteleria-de-la-a-31-y-de-la-a-33-para-anadir-la-indicacion-de-caudete\/"},"wordCount":426,"image":{"@id":"https:\/\/www.caudete.org\/ayuntamiento\/solicitada-la-rectificacion-de-la-carteleria-de-la-a-31-y-de-la-a-33-para-anadir-la-indicacion-de-caudete\/#primaryimage"},"thumbnailUrl":"https:\/\/www.caudete.org\/ayuntamiento\/wp-content\/uploads\/2023\/02\/Screenshot_2023-02-28-19-28-34-191.jpg","articleSection":["Movilidad Urbana"],"inLanguage":"es"},{"@type":"WebPage","@id":"https:\/\/www.caudete.org\/ayuntamiento\/solicitada-la-rectificacion-de-la-carteleria-de-la-a-31-y-de-la-a-33-para-anadir-la-indicacion-de-caudete\/","url":"https:\/\/www.caudete.org\/ayuntamiento\/solicitada-la-rectificacion-de-la-carteleria-de-la-a-31-y-de-la-a-33-para-anadir-la-indicacion-de-caudete\/","name":"Solicitada la rectificaci\u00f3n de la carteler\u00eda de la A-31 y de la A-33 para a\u00f1adir la indicaci\u00f3n de CAUDETE - MI Ayuntamiento de Caudete","isPartOf":{"@id":"https:\/\/www.caudete.org\/ayuntamiento\/#website"},"primaryImageOfPage":{"@id":"https:\/\/www.caudete.org\/ayuntamiento\/solicitada-la-rectificacion-de-la-carteleria-de-la-a-31-y-de-la-a-33-para-anadir-la-indicacion-de-caudete\/#primaryimage"},"image":{"@id":"https:\/\/www.caudete.org\/ayuntamiento\/solicitada-la-rectificacion-de-la-carteleria-de-la-a-31-y-de-la-a-33-para-anadir-la-indicacion-de-caudete\/#primaryimage"},"thumbnailUrl":"https:\/\/www.caudete.org\/ayuntamiento\/wp-content\/uploads\/2023\/02\/Screenshot_2023-02-28-19-28-34-191.jpg","datePublished":"2023-02-28T18:33:07+00:00","author":{"@id":"https:\/\/www.caudete.org\/ayuntamiento\/#\/schema\/person\/cc646da9133078ee4d8dd47457947253"},"description":"P\u00e1gina Oficial del Ayuntamiento de Caudete (Albacete)","breadcrumb":{"@id":"https:\/\/www.caudete.org\/ayuntamiento\/solicitada-la-rectificacion-de-la-carteleria-de-la-a-31-y-de-la-a-33-para-anadir-la-indicacion-de-caudete\/#breadcrumb"},"inLanguage":"es","potentialAction":[{"@type":"ReadAction","target":["https:\/\/www.caudete.org\/ayuntamiento\/solicitada-la-rectificacion-de-la-carteleria-de-la-a-31-y-de-la-a-33-para-anadir-la-indicacion-de-caudete\/"]}]},{"@type":"ImageObject","inLanguage":"es","@id":"https:\/\/www.caudete.org\/ayuntamiento\/solicitada-la-rectificacion-de-la-carteleria-de-la-a-31-y-de-la-a-33-para-anadir-la-indicacion-de-caudete\/#primaryimage","url":"https:\/\/www.caudete.org\/ayuntamiento\/wp-content\/uploads\/2023\/02\/Screenshot_2023-02-28-19-28-34-191.jpg","contentUrl":"https:\/\/www.caudete.org\/ayuntamiento\/wp-content\/uploads\/2023\/02\/Screenshot_2023-02-28-19-28-34-191.jpg","width":707,"height":497},{"@type":"BreadcrumbList","@id":"https:\/\/www.caudete.org\/ayuntamiento\/solicitada-la-rectificacion-de-la-carteleria-de-la-a-31-y-de-la-a-33-para-anadir-la-indicacion-de-caudete\/#breadcrumb","itemListElement":[{"@type":"ListItem","position":1,"name":"Inicio","item":"https:\/\/www.caudete.org\/ayuntamiento\/"},{"@type":"ListItem","position":2,"name":"Solicitada la rectificaci\u00f3n de la carteler\u00eda de la A-31 y de la A-33 para a\u00f1adir la indicaci\u00f3n de CAUDETE"}]},{"@type":"WebSite","@id":"https:\/\/www.caudete.org\/ayuntamiento\/#website","url":"https:\/\/www.caudete.org\/ayuntamiento\/","name":"MI Ayuntamiento de Caudete","description":"P\u00e1gina Oficial del MI Ayuntamiento de Caudete","potentialAction":[{"@type":"SearchAction","target":{"@type":"EntryPoint","urlTemplate":"https:\/\/www.caudete.org\/ayuntamiento\/?s={search_term_string}"},"query-input":{"@type":"PropertyValueSpecification","valueRequired":true,"valueName":"search_term_string"}}],"inLanguage":"es"},{"@type":"Person","@id":"https:\/\/www.caudete.org\/ayuntamiento\/#\/schema\/person\/cc646da9133078ee4d8dd47457947253","name":"alcalde","image":{"@type":"ImageObject","inLanguage":"es","@id":"https:\/\/secure.gravatar.com\/avatar\/84a817ba065b29ff08d666b215a215f5c79186a645ccb25b14a663d48a130f77?s=96&d=mm&r=g","url":"https:\/\/secure.gravatar.com\/avatar\/84a817ba065b29ff08d666b215a215f5c79186a645ccb25b14a663d48a130f77?s=96&d=mm&r=g","contentUrl":"https:\/\/secure.gravatar.com\/avatar\/84a817ba065b29ff08d666b215a215f5c79186a645ccb25b14a663d48a130f77?s=96&d=mm&r=g","caption":"alcalde"},"url":"https:\/\/www.caudete.org\/ayuntamiento\/author\/alcalde\/"}]}},"_links":{"self":[{"href":"https:\/\/www.caudete.org\/ayuntamiento\/wp-json\/wp\/v2\/posts\/21514","targetHints":{"allow":["GET"]}}],"collection":[{"href":"https:\/\/www.caudete.org\/ayuntamiento\/wp-json\/wp\/v2\/posts"}],"about":[{"href":"https:\/\/www.caudete.org\/ayuntamiento\/wp-json\/wp\/v2\/types\/post"}],"author":[{"embeddable":true,"href":"https:\/\/www.caudete.org\/ayuntamiento\/wp-json\/wp\/v2\/users\/3"}],"replies":[{"embeddable":true,"href":"https:\/\/www.caudete.org\/ayuntamiento\/wp-json\/wp\/v2\/comments?post=21514"}],"version-history":[{"count":1,"href":"https:\/\/www.caudete.org\/ayuntamiento\/wp-json\/wp\/v2\/posts\/21514\/revisions"}],"predecessor-version":[{"id":21516,"href":"https:\/\/www.caudete.org\/ayuntamiento\/wp-json\/wp\/v2\/posts\/21514\/revisions\/21516"}],"wp:featuredmedia":[{"embeddable":true,"href":"https:\/\/www.caudete.org\/ayuntamiento\/wp-json\/wp\/v2\/media\/21515"}],"wp:attachment":[{"href":"https:\/\/www.caudete.org\/ayuntamiento\/wp-json\/wp\/v2\/media?parent=21514"}],"wp:term":[{"taxonomy":"category","embeddable":true,"href":"https:\/\/www.caudete.org\/ayuntamiento\/wp-json\/wp\/v2\/categories?post=21514"},{"taxonomy":"post_tag","embeddable":true,"href":"https:\/\/www.caudete.org\/ayuntamiento\/wp-json\/wp\/v2\/tags?post=21514"}],"curies":[{"name":"wp","href":"https:\/\/api.w.org\/{rel}","templated":true}]}}