{"id":21517,"date":"2023-03-01T07:37:28","date_gmt":"2023-03-01T06:37:28","guid":{"rendered":"https:\/\/www.caudete.org\/ayuntamiento\/?p=21517"},"modified":"2023-03-01T07:37:28","modified_gmt":"2023-03-01T06:37:28","slug":"la-policia-local-intercepta-un-conductor-sin-carnet-positivo-en-alcohol-y-circulando-por-el-recorrido-del-desfile-de-carnaval","status":"publish","type":"post","link":"https:\/\/www.caudete.org\/ayuntamiento\/la-policia-local-intercepta-un-conductor-sin-carnet-positivo-en-alcohol-y-circulando-por-el-recorrido-del-desfile-de-carnaval\/","title":{"rendered":"La Polic\u00eda Local intercepta un conductor sin carnet, positivo en alcohol y circulando por el recorrido del Desfile de Carnaval"},"content":{"rendered":"<p style=\"text-align: justify;\"><b>La Polic\u00eda Local de Caudete instruye diligencias penales al conductor de un veh\u00edculo que circulaba sin carnet y bajo la influencia de bebidas alcoh\u00f3licas<\/b><\/p>\n<div dir=\"ltr\" style=\"text-align: justify;\">La Concejal de Interior, Mar\u00eda del Mar Requena, responsable del \u00e1rea de Seguridad Ciudadana y Polic\u00eda Local informaba sobre una de las actuaciones efectuadas por el cuerpo en fechas recientes en materia de Seguridad Vial.<\/div>\n<div dir=\"ltr\"><\/div>\n<div dir=\"ltr\" style=\"text-align: justify;\">Sobre las 18:00 horas del pasado s\u00e1bado d\u00eda 19 de febrero por parte de agentes de la Polic\u00eda Local de Caudete se intercept\u00f3 un turismo que circulaba de forma irregular por la Calle Las Eras, mientras se encontraba la v\u00eda cortada al tr\u00e1fico por el Desfile de Carnaval, procediendo a orden\u00e1ndole su detenci\u00f3n y sometiendo\u00a0 su conductor a la prueba de alcoholemia, arrojando\u00a0 una tasa de alcohol en aire espirado superior a 0,60 mg\/l.<\/div>\n<div dir=\"ltr\" style=\"text-align: justify;\"><\/div>\n<div dir=\"ltr\" style=\"text-align: justify;\">Tal y como ha trascendido desde la Jefatura de Polic\u00eda, posteriormente estos agentes pudieron comprobar tambi\u00e9n que carec\u00eda de permiso de conducir en vigor por haber perdido el saldo total de puntos,\u00a0 por lo que se procedi\u00f3 a la inmovilizaci\u00f3n del veh\u00edculo y al traslado del conductor a Dependencias Policiales, donde se instruyeron diligencias penales por dos delitos contra la Seguridad Vial, siendo entregadas en los Juzgados de Almansa para su tramitaci\u00f3n.<\/div>\n","protected":false},"excerpt":{"rendered":"<p>La Polic\u00eda Local de Caudete instruye diligencias penales al conductor de un veh\u00edculo que circulaba sin carnet y bajo la influencia de bebidas alcoh\u00f3licas La Concejal de Interior, Mar\u00eda del Mar Requena, responsable del \u00e1rea de Seguridad Ciudadana y Polic\u00eda Local informaba sobre una de las actuaciones efectuadas por el cuerpo en fechas recientes en &hellip;<\/p>\n","protected":false},"author":3,"featured_media":21519,"comment_status":"closed","ping_status":"open","sticky":false,"template":"","format":"standard","meta":{"ngg_post_thumbnail":0,"footnotes":""},"categories":[35],"tags":[],"class_list":["post-21517","post","type-post","status-publish","format-standard","has-post-thumbnail","hentry","category-policia-local"],"yoast_head":"<!-- This site is optimized with the Yoast SEO plugin v27.5 - https:\/\/yoast.com\/product\/yoast-seo-wordpress\/ -->\n<title>La Polic\u00eda Local intercepta un conductor sin carnet, positivo en alcohol y circulando por el recorrido del Desfile de Carnaval - MI Ayuntamiento de Caudete<\/title>\n<meta name=\"description\" content=\"P\u00e1gina Oficial del Ayuntamiento de Caudete (Albacete)\" \/>\n<meta name=\"robots\" content=\"index, follow, max-snippet:-1, max-image-preview:large, max-video-preview:-1\" \/>\n<link rel=\"canonical\" href=\"https:\/\/www.caudete.org\/ayuntamiento\/la-policia-local-intercepta-un-conductor-sin-carnet-positivo-en-alcohol-y-circulando-por-el-recorrido-del-desfile-de-carnaval\/\" \/>\n<meta property=\"og:locale\" content=\"es_ES\" \/>\n<meta property=\"og:type\" content=\"article\" \/>\n<meta property=\"og:title\" content=\"La Polic\u00eda Local intercepta un conductor sin carnet, positivo en alcohol y circulando por el recorrido del Desfile de Carnaval - MI Ayuntamiento de Caudete\" \/>\n<meta property=\"og:description\" content=\"P\u00e1gina Oficial del Ayuntamiento de Caudete (Albacete)\" \/>\n<meta property=\"og:url\" content=\"https:\/\/www.caudete.org\/ayuntamiento\/la-policia-local-intercepta-un-conductor-sin-carnet-positivo-en-alcohol-y-circulando-por-el-recorrido-del-desfile-de-carnaval\/\" \/>\n<meta property=\"og:site_name\" content=\"MI Ayuntamiento de Caudete\" \/>\n<meta property=\"article:publisher\" content=\"https:\/\/www.facebook.com\/ayuntamientocaudete\/\" \/>\n<meta property=\"article:published_time\" content=\"2023-03-01T06:37:28+00:00\" \/>\n<meta property=\"og:image\" content=\"https:\/\/www.caudete.org\/ayuntamiento\/wp-content\/uploads\/2023\/03\/control-alcohol-drogas-caudete-digital.jpg\" \/>\n\t<meta property=\"og:image:width\" content=\"1024\" \/>\n\t<meta property=\"og:image:height\" content=\"584\" \/>\n\t<meta property=\"og:image:type\" content=\"image\/jpeg\" \/>\n<meta name=\"author\" content=\"alcalde\" \/>\n<meta name=\"twitter:card\" content=\"summary_large_image\" \/>\n<meta name=\"twitter:label1\" content=\"Escrito por\" \/>\n\t<meta name=\"twitter:data1\" content=\"alcalde\" \/>\n\t<meta name=\"twitter:label2\" content=\"Tiempo de lectura\" \/>\n\t<meta name=\"twitter:data2\" content=\"1 minuto\" \/>\n<script type=\"application\/ld+json\" class=\"yoast-schema-graph\">{\"@context\":\"https:\\\/\\\/schema.org\",\"@graph\":[{\"@type\":\"Article\",\"@id\":\"https:\\\/\\\/www.caudete.org\\\/ayuntamiento\\\/la-policia-local-intercepta-un-conductor-sin-carnet-positivo-en-alcohol-y-circulando-por-el-recorrido-del-desfile-de-carnaval\\\/#article\",\"isPartOf\":{\"@id\":\"https:\\\/\\\/www.caudete.org\\\/ayuntamiento\\\/la-policia-local-intercepta-un-conductor-sin-carnet-positivo-en-alcohol-y-circulando-por-el-recorrido-del-desfile-de-carnaval\\\/\"},\"author\":{\"name\":\"alcalde\",\"@id\":\"https:\\\/\\\/www.caudete.org\\\/ayuntamiento\\\/#\\\/schema\\\/person\\\/cc646da9133078ee4d8dd47457947253\"},\"headline\":\"La Polic\u00eda Local intercepta un conductor sin carnet, positivo en alcohol y circulando por el recorrido del Desfile de Carnaval\",\"datePublished\":\"2023-03-01T06:37:28+00:00\",\"mainEntityOfPage\":{\"@id\":\"https:\\\/\\\/www.caudete.org\\\/ayuntamiento\\\/la-policia-local-intercepta-un-conductor-sin-carnet-positivo-en-alcohol-y-circulando-por-el-recorrido-del-desfile-de-carnaval\\\/\"},\"wordCount\":242,\"image\":{\"@id\":\"https:\\\/\\\/www.caudete.org\\\/ayuntamiento\\\/la-policia-local-intercepta-un-conductor-sin-carnet-positivo-en-alcohol-y-circulando-por-el-recorrido-del-desfile-de-carnaval\\\/#primaryimage\"},\"thumbnailUrl\":\"https:\\\/\\\/www.caudete.org\\\/ayuntamiento\\\/wp-content\\\/uploads\\\/2023\\\/03\\\/control-alcohol-drogas-caudete-digital.jpg\",\"articleSection\":[\"Polic\u00eda Local\"],\"inLanguage\":\"es\"},{\"@type\":\"WebPage\",\"@id\":\"https:\\\/\\\/www.caudete.org\\\/ayuntamiento\\\/la-policia-local-intercepta-un-conductor-sin-carnet-positivo-en-alcohol-y-circulando-por-el-recorrido-del-desfile-de-carnaval\\\/\",\"url\":\"https:\\\/\\\/www.caudete.org\\\/ayuntamiento\\\/la-policia-local-intercepta-un-conductor-sin-carnet-positivo-en-alcohol-y-circulando-por-el-recorrido-del-desfile-de-carnaval\\\/\",\"name\":\"La Polic\u00eda Local intercepta un conductor sin carnet, positivo en alcohol y circulando por el recorrido del Desfile de Carnaval - MI Ayuntamiento de Caudete\",\"isPartOf\":{\"@id\":\"https:\\\/\\\/www.caudete.org\\\/ayuntamiento\\\/#website\"},\"primaryImageOfPage\":{\"@id\":\"https:\\\/\\\/www.caudete.org\\\/ayuntamiento\\\/la-policia-local-intercepta-un-conductor-sin-carnet-positivo-en-alcohol-y-circulando-por-el-recorrido-del-desfile-de-carnaval\\\/#primaryimage\"},\"image\":{\"@id\":\"https:\\\/\\\/www.caudete.org\\\/ayuntamiento\\\/la-policia-local-intercepta-un-conductor-sin-carnet-positivo-en-alcohol-y-circulando-por-el-recorrido-del-desfile-de-carnaval\\\/#primaryimage\"},\"thumbnailUrl\":\"https:\\\/\\\/www.caudete.org\\\/ayuntamiento\\\/wp-content\\\/uploads\\\/2023\\\/03\\\/control-alcohol-drogas-caudete-digital.jpg\",\"datePublished\":\"2023-03-01T06:37:28+00:00\",\"author\":{\"@id\":\"https:\\\/\\\/www.caudete.org\\\/ayuntamiento\\\/#\\\/schema\\\/person\\\/cc646da9133078ee4d8dd47457947253\"},\"description\":\"P\u00e1gina Oficial del Ayuntamiento de Caudete (Albacete)\",\"breadcrumb\":{\"@id\":\"https:\\\/\\\/www.caudete.org\\\/ayuntamiento\\\/la-policia-local-intercepta-un-conductor-sin-carnet-positivo-en-alcohol-y-circulando-por-el-recorrido-del-desfile-de-carnaval\\\/#breadcrumb\"},\"inLanguage\":\"es\",\"potentialAction\":[{\"@type\":\"ReadAction\",\"target\":[\"https:\\\/\\\/www.caudete.org\\\/ayuntamiento\\\/la-policia-local-intercepta-un-conductor-sin-carnet-positivo-en-alcohol-y-circulando-por-el-recorrido-del-desfile-de-carnaval\\\/\"]}]},{\"@type\":\"ImageObject\",\"inLanguage\":\"es\",\"@id\":\"https:\\\/\\\/www.caudete.org\\\/ayuntamiento\\\/la-policia-local-intercepta-un-conductor-sin-carnet-positivo-en-alcohol-y-circulando-por-el-recorrido-del-desfile-de-carnaval\\\/#primaryimage\",\"url\":\"https:\\\/\\\/www.caudete.org\\\/ayuntamiento\\\/wp-content\\\/uploads\\\/2023\\\/03\\\/control-alcohol-drogas-caudete-digital.jpg\",\"contentUrl\":\"https:\\\/\\\/www.caudete.org\\\/ayuntamiento\\\/wp-content\\\/uploads\\\/2023\\\/03\\\/control-alcohol-drogas-caudete-digital.jpg\",\"width\":1024,\"height\":584},{\"@type\":\"BreadcrumbList\",\"@id\":\"https:\\\/\\\/www.caudete.org\\\/ayuntamiento\\\/la-policia-local-intercepta-un-conductor-sin-carnet-positivo-en-alcohol-y-circulando-por-el-recorrido-del-desfile-de-carnaval\\\/#breadcrumb\",\"itemListElement\":[{\"@type\":\"ListItem\",\"position\":1,\"name\":\"Inicio\",\"item\":\"https:\\\/\\\/www.caudete.org\\\/ayuntamiento\\\/\"},{\"@type\":\"ListItem\",\"position\":2,\"name\":\"La Polic\u00eda Local intercepta un conductor sin carnet, positivo en alcohol y circulando por el recorrido del Desfile de Carnaval\"}]},{\"@type\":\"WebSite\",\"@id\":\"https:\\\/\\\/www.caudete.org\\\/ayuntamiento\\\/#website\",\"url\":\"https:\\\/\\\/www.caudete.org\\\/ayuntamiento\\\/\",\"name\":\"MI Ayuntamiento de Caudete\",\"description\":\"P\u00e1gina Oficial del MI Ayuntamiento de Caudete\",\"potentialAction\":[{\"@type\":\"SearchAction\",\"target\":{\"@type\":\"EntryPoint\",\"urlTemplate\":\"https:\\\/\\\/www.caudete.org\\\/ayuntamiento\\\/?s={search_term_string}\"},\"query-input\":{\"@type\":\"PropertyValueSpecification\",\"valueRequired\":true,\"valueName\":\"search_term_string\"}}],\"inLanguage\":\"es\"},{\"@type\":\"Person\",\"@id\":\"https:\\\/\\\/www.caudete.org\\\/ayuntamiento\\\/#\\\/schema\\\/person\\\/cc646da9133078ee4d8dd47457947253\",\"name\":\"alcalde\",\"image\":{\"@type\":\"ImageObject\",\"inLanguage\":\"es\",\"@id\":\"https:\\\/\\\/secure.gravatar.com\\\/avatar\\\/84a817ba065b29ff08d666b215a215f5c79186a645ccb25b14a663d48a130f77?s=96&d=mm&r=g\",\"url\":\"https:\\\/\\\/secure.gravatar.com\\\/avatar\\\/84a817ba065b29ff08d666b215a215f5c79186a645ccb25b14a663d48a130f77?s=96&d=mm&r=g\",\"contentUrl\":\"https:\\\/\\\/secure.gravatar.com\\\/avatar\\\/84a817ba065b29ff08d666b215a215f5c79186a645ccb25b14a663d48a130f77?s=96&d=mm&r=g\",\"caption\":\"alcalde\"},\"url\":\"https:\\\/\\\/www.caudete.org\\\/ayuntamiento\\\/author\\\/alcalde\\\/\"}]}<\/script>\n<!-- \/ Yoast SEO plugin. -->","yoast_head_json":{"title":"La Polic\u00eda Local intercepta un conductor sin carnet, positivo en alcohol y circulando por el recorrido del Desfile de Carnaval - MI Ayuntamiento de Caudete","description":"P\u00e1gina Oficial del Ayuntamiento de Caudete (Albacete)","robots":{"index":"index","follow":"follow","max-snippet":"max-snippet:-1","max-image-preview":"max-image-preview:large","max-video-preview":"max-video-preview:-1"},"canonical":"https:\/\/www.caudete.org\/ayuntamiento\/la-policia-local-intercepta-un-conductor-sin-carnet-positivo-en-alcohol-y-circulando-por-el-recorrido-del-desfile-de-carnaval\/","og_locale":"es_ES","og_type":"article","og_title":"La Polic\u00eda Local intercepta un conductor sin carnet, positivo en alcohol y circulando por el recorrido del Desfile de Carnaval - MI Ayuntamiento de Caudete","og_description":"P\u00e1gina Oficial del Ayuntamiento de Caudete (Albacete)","og_url":"https:\/\/www.caudete.org\/ayuntamiento\/la-policia-local-intercepta-un-conductor-sin-carnet-positivo-en-alcohol-y-circulando-por-el-recorrido-del-desfile-de-carnaval\/","og_site_name":"MI Ayuntamiento de Caudete","article_publisher":"https:\/\/www.facebook.com\/ayuntamientocaudete\/","article_published_time":"2023-03-01T06:37:28+00:00","og_image":[{"width":1024,"height":584,"url":"https:\/\/www.caudete.org\/ayuntamiento\/wp-content\/uploads\/2023\/03\/control-alcohol-drogas-caudete-digital.jpg","type":"image\/jpeg"}],"author":"alcalde","twitter_card":"summary_large_image","twitter_misc":{"Escrito por":"alcalde","Tiempo de lectura":"1 minuto"},"schema":{"@context":"https:\/\/schema.org","@graph":[{"@type":"Article","@id":"https:\/\/www.caudete.org\/ayuntamiento\/la-policia-local-intercepta-un-conductor-sin-carnet-positivo-en-alcohol-y-circulando-por-el-recorrido-del-desfile-de-carnaval\/#article","isPartOf":{"@id":"https:\/\/www.caudete.org\/ayuntamiento\/la-policia-local-intercepta-un-conductor-sin-carnet-positivo-en-alcohol-y-circulando-por-el-recorrido-del-desfile-de-carnaval\/"},"author":{"name":"alcalde","@id":"https:\/\/www.caudete.org\/ayuntamiento\/#\/schema\/person\/cc646da9133078ee4d8dd47457947253"},"headline":"La Polic\u00eda Local intercepta un conductor sin carnet, positivo en alcohol y circulando por el recorrido del Desfile de Carnaval","datePublished":"2023-03-01T06:37:28+00:00","mainEntityOfPage":{"@id":"https:\/\/www.caudete.org\/ayuntamiento\/la-policia-local-intercepta-un-conductor-sin-carnet-positivo-en-alcohol-y-circulando-por-el-recorrido-del-desfile-de-carnaval\/"},"wordCount":242,"image":{"@id":"https:\/\/www.caudete.org\/ayuntamiento\/la-policia-local-intercepta-un-conductor-sin-carnet-positivo-en-alcohol-y-circulando-por-el-recorrido-del-desfile-de-carnaval\/#primaryimage"},"thumbnailUrl":"https:\/\/www.caudete.org\/ayuntamiento\/wp-content\/uploads\/2023\/03\/control-alcohol-drogas-caudete-digital.jpg","articleSection":["Polic\u00eda Local"],"inLanguage":"es"},{"@type":"WebPage","@id":"https:\/\/www.caudete.org\/ayuntamiento\/la-policia-local-intercepta-un-conductor-sin-carnet-positivo-en-alcohol-y-circulando-por-el-recorrido-del-desfile-de-carnaval\/","url":"https:\/\/www.caudete.org\/ayuntamiento\/la-policia-local-intercepta-un-conductor-sin-carnet-positivo-en-alcohol-y-circulando-por-el-recorrido-del-desfile-de-carnaval\/","name":"La Polic\u00eda Local intercepta un conductor sin carnet, positivo en alcohol y circulando por el recorrido del Desfile de Carnaval - MI Ayuntamiento de Caudete","isPartOf":{"@id":"https:\/\/www.caudete.org\/ayuntamiento\/#website"},"primaryImageOfPage":{"@id":"https:\/\/www.caudete.org\/ayuntamiento\/la-policia-local-intercepta-un-conductor-sin-carnet-positivo-en-alcohol-y-circulando-por-el-recorrido-del-desfile-de-carnaval\/#primaryimage"},"image":{"@id":"https:\/\/www.caudete.org\/ayuntamiento\/la-policia-local-intercepta-un-conductor-sin-carnet-positivo-en-alcohol-y-circulando-por-el-recorrido-del-desfile-de-carnaval\/#primaryimage"},"thumbnailUrl":"https:\/\/www.caudete.org\/ayuntamiento\/wp-content\/uploads\/2023\/03\/control-alcohol-drogas-caudete-digital.jpg","datePublished":"2023-03-01T06:37:28+00:00","author":{"@id":"https:\/\/www.caudete.org\/ayuntamiento\/#\/schema\/person\/cc646da9133078ee4d8dd47457947253"},"description":"P\u00e1gina Oficial del Ayuntamiento de Caudete (Albacete)","breadcrumb":{"@id":"https:\/\/www.caudete.org\/ayuntamiento\/la-policia-local-intercepta-un-conductor-sin-carnet-positivo-en-alcohol-y-circulando-por-el-recorrido-del-desfile-de-carnaval\/#breadcrumb"},"inLanguage":"es","potentialAction":[{"@type":"ReadAction","target":["https:\/\/www.caudete.org\/ayuntamiento\/la-policia-local-intercepta-un-conductor-sin-carnet-positivo-en-alcohol-y-circulando-por-el-recorrido-del-desfile-de-carnaval\/"]}]},{"@type":"ImageObject","inLanguage":"es","@id":"https:\/\/www.caudete.org\/ayuntamiento\/la-policia-local-intercepta-un-conductor-sin-carnet-positivo-en-alcohol-y-circulando-por-el-recorrido-del-desfile-de-carnaval\/#primaryimage","url":"https:\/\/www.caudete.org\/ayuntamiento\/wp-content\/uploads\/2023\/03\/control-alcohol-drogas-caudete-digital.jpg","contentUrl":"https:\/\/www.caudete.org\/ayuntamiento\/wp-content\/uploads\/2023\/03\/control-alcohol-drogas-caudete-digital.jpg","width":1024,"height":584},{"@type":"BreadcrumbList","@id":"https:\/\/www.caudete.org\/ayuntamiento\/la-policia-local-intercepta-un-conductor-sin-carnet-positivo-en-alcohol-y-circulando-por-el-recorrido-del-desfile-de-carnaval\/#breadcrumb","itemListElement":[{"@type":"ListItem","position":1,"name":"Inicio","item":"https:\/\/www.caudete.org\/ayuntamiento\/"},{"@type":"ListItem","position":2,"name":"La Polic\u00eda Local intercepta un conductor sin carnet, positivo en alcohol y circulando por el recorrido del Desfile de Carnaval"}]},{"@type":"WebSite","@id":"https:\/\/www.caudete.org\/ayuntamiento\/#website","url":"https:\/\/www.caudete.org\/ayuntamiento\/","name":"MI Ayuntamiento de Caudete","description":"P\u00e1gina Oficial del MI Ayuntamiento de Caudete","potentialAction":[{"@type":"SearchAction","target":{"@type":"EntryPoint","urlTemplate":"https:\/\/www.caudete.org\/ayuntamiento\/?s={search_term_string}"},"query-input":{"@type":"PropertyValueSpecification","valueRequired":true,"valueName":"search_term_string"}}],"inLanguage":"es"},{"@type":"Person","@id":"https:\/\/www.caudete.org\/ayuntamiento\/#\/schema\/person\/cc646da9133078ee4d8dd47457947253","name":"alcalde","image":{"@type":"ImageObject","inLanguage":"es","@id":"https:\/\/secure.gravatar.com\/avatar\/84a817ba065b29ff08d666b215a215f5c79186a645ccb25b14a663d48a130f77?s=96&d=mm&r=g","url":"https:\/\/secure.gravatar.com\/avatar\/84a817ba065b29ff08d666b215a215f5c79186a645ccb25b14a663d48a130f77?s=96&d=mm&r=g","contentUrl":"https:\/\/secure.gravatar.com\/avatar\/84a817ba065b29ff08d666b215a215f5c79186a645ccb25b14a663d48a130f77?s=96&d=mm&r=g","caption":"alcalde"},"url":"https:\/\/www.caudete.org\/ayuntamiento\/author\/alcalde\/"}]}},"_links":{"self":[{"href":"https:\/\/www.caudete.org\/ayuntamiento\/wp-json\/wp\/v2\/posts\/21517","targetHints":{"allow":["GET"]}}],"collection":[{"href":"https:\/\/www.caudete.org\/ayuntamiento\/wp-json\/wp\/v2\/posts"}],"about":[{"href":"https:\/\/www.caudete.org\/ayuntamiento\/wp-json\/wp\/v2\/types\/post"}],"author":[{"embeddable":true,"href":"https:\/\/www.caudete.org\/ayuntamiento\/wp-json\/wp\/v2\/users\/3"}],"replies":[{"embeddable":true,"href":"https:\/\/www.caudete.org\/ayuntamiento\/wp-json\/wp\/v2\/comments?post=21517"}],"version-history":[{"count":2,"href":"https:\/\/www.caudete.org\/ayuntamiento\/wp-json\/wp\/v2\/posts\/21517\/revisions"}],"predecessor-version":[{"id":21520,"href":"https:\/\/www.caudete.org\/ayuntamiento\/wp-json\/wp\/v2\/posts\/21517\/revisions\/21520"}],"wp:featuredmedia":[{"embeddable":true,"href":"https:\/\/www.caudete.org\/ayuntamiento\/wp-json\/wp\/v2\/media\/21519"}],"wp:attachment":[{"href":"https:\/\/www.caudete.org\/ayuntamiento\/wp-json\/wp\/v2\/media?parent=21517"}],"wp:term":[{"taxonomy":"category","embeddable":true,"href":"https:\/\/www.caudete.org\/ayuntamiento\/wp-json\/wp\/v2\/categories?post=21517"},{"taxonomy":"post_tag","embeddable":true,"href":"https:\/\/www.caudete.org\/ayuntamiento\/wp-json\/wp\/v2\/tags?post=21517"}],"curies":[{"name":"wp","href":"https:\/\/api.w.org\/{rel}","templated":true}]}}