{"id":21535,"date":"2023-03-01T09:12:26","date_gmt":"2023-03-01T08:12:26","guid":{"rendered":"https:\/\/www.caudete.org\/ayuntamiento\/?p=21535"},"modified":"2023-03-01T09:12:26","modified_gmt":"2023-03-01T08:12:26","slug":"avanzan-las-obras-de-pavimentacion-en-plaza-de-la-iglesia-con-el-pos-2022","status":"publish","type":"post","link":"https:\/\/www.caudete.org\/ayuntamiento\/avanzan-las-obras-de-pavimentacion-en-plaza-de-la-iglesia-con-el-pos-2022\/","title":{"rendered":"Avanzan las obras de pavimentaci\u00f3n en Plaza de la Iglesia, con el POS-2022"},"content":{"rendered":"<p style=\"text-align: justify;\">Las obras del POS-2022 avanzan a buen ritmo. As\u00ed lo ha trasladado el Alcalde, Mois\u00e9s L\u00f3pez, tras la visita girada al lugar donde en estos momentos se desarrollan los trabajos, la Plaza de la Iglesia.<\/p>\n<p style=\"text-align: justify;\">Dise\u00f1ada su ejecuci\u00f3n en 4 fases, para facilitar el tr\u00e1nsito de vecinos, la actuaci\u00f3n contempla una renovaci\u00f3n del pavimento en C\/Abad\u00eda, Plaza de la Iglesia y Avda. Virgen de Gracia (en todas ellas de forma parcial) y de forma integral en Calle Mayor, procediendo tambi\u00e9n a actuaciones sobre pluviales, fecales, agua potable y telecomunicaciones.<\/p>\n<p><a href=\"https:\/\/www.caudete.org\/ayuntamiento\/wp-content\/uploads\/2023\/03\/IMG_20230223_170619-scaled.jpg\" rel='prettyPhoto'><img fetchpriority=\"high\" decoding=\"async\" class=\"aligncenter wp-image-21536 size-medium\" src=\"https:\/\/www.caudete.org\/ayuntamiento\/wp-content\/uploads\/2023\/03\/IMG_20230223_170619-300x225.jpg\" alt=\"\" width=\"300\" height=\"225\" srcset=\"https:\/\/www.caudete.org\/ayuntamiento\/wp-content\/uploads\/2023\/03\/IMG_20230223_170619-300x225.jpg 300w, https:\/\/www.caudete.org\/ayuntamiento\/wp-content\/uploads\/2023\/03\/IMG_20230223_170619-1024x768.jpg 1024w, https:\/\/www.caudete.org\/ayuntamiento\/wp-content\/uploads\/2023\/03\/IMG_20230223_170619-768x576.jpg 768w, https:\/\/www.caudete.org\/ayuntamiento\/wp-content\/uploads\/2023\/03\/IMG_20230223_170619-1536x1152.jpg 1536w, https:\/\/www.caudete.org\/ayuntamiento\/wp-content\/uploads\/2023\/03\/IMG_20230223_170619-2048x1536.jpg 2048w\" sizes=\"(max-width: 300px) 100vw, 300px\" \/><\/a><\/p>\n<p style=\"text-align: justify;\">En concreto, la Plaza de la Iglesia presentaba desde hac\u00eda tiempo un notable da\u00f1o en el firme, que tras intentos de reparaciones varias, continuaba el deterioro, lo que supon\u00eda un peligro para viandantes y veh\u00edculos, m\u00e1xime teniendo en cuenta la usabilidad de dicha plaza. As\u00ed pues, en ella se ha optado por fijar una zona de rodadura (zona de circulaci\u00f3n de veh\u00edculos, y a la sustituci\u00f3n del adoquinado existente en dicho tramo una vez saneada la base.<\/p>\n<p style=\"text-align: justify;\">El nuevo adoqu\u00edn presenta unas dimensiones menores superficiales, apto por tanto para soportar tr\u00e1fico, y quedar\u00e1 arriostrado mediante una pletina perimetral en la zona de rodadura, evitando as\u00ed el movimiento de los mismos al paso de veh\u00edculos.<\/p>\n<p style=\"text-align: justify;\">Adem\u00e1s, se aprovechar\u00e1 la actuaci\u00f3n para al igual que se hizo en la Plaza del Carmen, incrustar en ella, mediante los escudos de las propias Comparsas, las posiciones de las Banderas que el d\u00eda 8 de Septiembre realizan el ruedo a Nuestra Patrona.<\/p>\n","protected":false},"excerpt":{"rendered":"<p>Las obras del POS-2022 avanzan a buen ritmo. As\u00ed lo ha trasladado el Alcalde, Mois\u00e9s L\u00f3pez, tras la visita girada al lugar donde en estos momentos se desarrollan los trabajos, la Plaza de la Iglesia. Dise\u00f1ada su ejecuci\u00f3n en 4 fases, para facilitar el tr\u00e1nsito de vecinos, la actuaci\u00f3n contempla una renovaci\u00f3n del pavimento en &hellip;<\/p>\n","protected":false},"author":3,"featured_media":21536,"comment_status":"closed","ping_status":"open","sticky":false,"template":"","format":"standard","meta":{"ngg_post_thumbnail":0,"footnotes":""},"categories":[92],"tags":[],"class_list":["post-21535","post","type-post","status-publish","format-standard","has-post-thumbnail","hentry","category-obras-y-urbanismo"],"yoast_head":"<!-- This site is optimized with the Yoast SEO plugin v27.5 - https:\/\/yoast.com\/product\/yoast-seo-wordpress\/ -->\n<title>Avanzan las obras de pavimentaci\u00f3n en Plaza de la Iglesia, con el POS-2022 - MI Ayuntamiento de Caudete<\/title>\n<meta name=\"description\" content=\"P\u00e1gina Oficial del Ayuntamiento de Caudete (Albacete)\" \/>\n<meta name=\"robots\" content=\"index, follow, max-snippet:-1, max-image-preview:large, max-video-preview:-1\" \/>\n<link rel=\"canonical\" href=\"https:\/\/www.caudete.org\/ayuntamiento\/avanzan-las-obras-de-pavimentacion-en-plaza-de-la-iglesia-con-el-pos-2022\/\" \/>\n<meta property=\"og:locale\" content=\"es_ES\" \/>\n<meta property=\"og:type\" content=\"article\" \/>\n<meta property=\"og:title\" content=\"Avanzan las obras de pavimentaci\u00f3n en Plaza de la Iglesia, con el POS-2022 - MI Ayuntamiento de Caudete\" \/>\n<meta property=\"og:description\" content=\"P\u00e1gina Oficial del Ayuntamiento de Caudete (Albacete)\" \/>\n<meta property=\"og:url\" content=\"https:\/\/www.caudete.org\/ayuntamiento\/avanzan-las-obras-de-pavimentacion-en-plaza-de-la-iglesia-con-el-pos-2022\/\" \/>\n<meta property=\"og:site_name\" content=\"MI Ayuntamiento de Caudete\" \/>\n<meta property=\"article:publisher\" content=\"https:\/\/www.facebook.com\/ayuntamientocaudete\/\" \/>\n<meta property=\"article:published_time\" content=\"2023-03-01T08:12:26+00:00\" \/>\n<meta property=\"og:image\" content=\"https:\/\/www.caudete.org\/ayuntamiento\/wp-content\/uploads\/2023\/03\/IMG_20230223_170619-scaled.jpg\" \/>\n\t<meta property=\"og:image:width\" content=\"2560\" \/>\n\t<meta property=\"og:image:height\" content=\"1920\" \/>\n\t<meta property=\"og:image:type\" content=\"image\/jpeg\" \/>\n<meta name=\"author\" content=\"alcalde\" \/>\n<meta name=\"twitter:card\" content=\"summary_large_image\" \/>\n<meta name=\"twitter:label1\" content=\"Escrito por\" \/>\n\t<meta name=\"twitter:data1\" content=\"alcalde\" \/>\n\t<meta name=\"twitter:label2\" content=\"Tiempo de lectura\" \/>\n\t<meta name=\"twitter:data2\" content=\"2 minutos\" \/>\n<script type=\"application\/ld+json\" class=\"yoast-schema-graph\">{\"@context\":\"https:\\\/\\\/schema.org\",\"@graph\":[{\"@type\":\"Article\",\"@id\":\"https:\\\/\\\/www.caudete.org\\\/ayuntamiento\\\/avanzan-las-obras-de-pavimentacion-en-plaza-de-la-iglesia-con-el-pos-2022\\\/#article\",\"isPartOf\":{\"@id\":\"https:\\\/\\\/www.caudete.org\\\/ayuntamiento\\\/avanzan-las-obras-de-pavimentacion-en-plaza-de-la-iglesia-con-el-pos-2022\\\/\"},\"author\":{\"name\":\"alcalde\",\"@id\":\"https:\\\/\\\/www.caudete.org\\\/ayuntamiento\\\/#\\\/schema\\\/person\\\/cc646da9133078ee4d8dd47457947253\"},\"headline\":\"Avanzan las obras de pavimentaci\u00f3n en Plaza de la Iglesia, con el POS-2022\",\"datePublished\":\"2023-03-01T08:12:26+00:00\",\"mainEntityOfPage\":{\"@id\":\"https:\\\/\\\/www.caudete.org\\\/ayuntamiento\\\/avanzan-las-obras-de-pavimentacion-en-plaza-de-la-iglesia-con-el-pos-2022\\\/\"},\"wordCount\":282,\"image\":{\"@id\":\"https:\\\/\\\/www.caudete.org\\\/ayuntamiento\\\/avanzan-las-obras-de-pavimentacion-en-plaza-de-la-iglesia-con-el-pos-2022\\\/#primaryimage\"},\"thumbnailUrl\":\"https:\\\/\\\/www.caudete.org\\\/ayuntamiento\\\/wp-content\\\/uploads\\\/2023\\\/03\\\/IMG_20230223_170619-scaled.jpg\",\"articleSection\":[\"Obras y Urbanismo\"],\"inLanguage\":\"es\"},{\"@type\":\"WebPage\",\"@id\":\"https:\\\/\\\/www.caudete.org\\\/ayuntamiento\\\/avanzan-las-obras-de-pavimentacion-en-plaza-de-la-iglesia-con-el-pos-2022\\\/\",\"url\":\"https:\\\/\\\/www.caudete.org\\\/ayuntamiento\\\/avanzan-las-obras-de-pavimentacion-en-plaza-de-la-iglesia-con-el-pos-2022\\\/\",\"name\":\"Avanzan las obras de pavimentaci\u00f3n en Plaza de la Iglesia, con el POS-2022 - MI Ayuntamiento de Caudete\",\"isPartOf\":{\"@id\":\"https:\\\/\\\/www.caudete.org\\\/ayuntamiento\\\/#website\"},\"primaryImageOfPage\":{\"@id\":\"https:\\\/\\\/www.caudete.org\\\/ayuntamiento\\\/avanzan-las-obras-de-pavimentacion-en-plaza-de-la-iglesia-con-el-pos-2022\\\/#primaryimage\"},\"image\":{\"@id\":\"https:\\\/\\\/www.caudete.org\\\/ayuntamiento\\\/avanzan-las-obras-de-pavimentacion-en-plaza-de-la-iglesia-con-el-pos-2022\\\/#primaryimage\"},\"thumbnailUrl\":\"https:\\\/\\\/www.caudete.org\\\/ayuntamiento\\\/wp-content\\\/uploads\\\/2023\\\/03\\\/IMG_20230223_170619-scaled.jpg\",\"datePublished\":\"2023-03-01T08:12:26+00:00\",\"author\":{\"@id\":\"https:\\\/\\\/www.caudete.org\\\/ayuntamiento\\\/#\\\/schema\\\/person\\\/cc646da9133078ee4d8dd47457947253\"},\"description\":\"P\u00e1gina Oficial del Ayuntamiento de Caudete (Albacete)\",\"breadcrumb\":{\"@id\":\"https:\\\/\\\/www.caudete.org\\\/ayuntamiento\\\/avanzan-las-obras-de-pavimentacion-en-plaza-de-la-iglesia-con-el-pos-2022\\\/#breadcrumb\"},\"inLanguage\":\"es\",\"potentialAction\":[{\"@type\":\"ReadAction\",\"target\":[\"https:\\\/\\\/www.caudete.org\\\/ayuntamiento\\\/avanzan-las-obras-de-pavimentacion-en-plaza-de-la-iglesia-con-el-pos-2022\\\/\"]}]},{\"@type\":\"ImageObject\",\"inLanguage\":\"es\",\"@id\":\"https:\\\/\\\/www.caudete.org\\\/ayuntamiento\\\/avanzan-las-obras-de-pavimentacion-en-plaza-de-la-iglesia-con-el-pos-2022\\\/#primaryimage\",\"url\":\"https:\\\/\\\/www.caudete.org\\\/ayuntamiento\\\/wp-content\\\/uploads\\\/2023\\\/03\\\/IMG_20230223_170619-scaled.jpg\",\"contentUrl\":\"https:\\\/\\\/www.caudete.org\\\/ayuntamiento\\\/wp-content\\\/uploads\\\/2023\\\/03\\\/IMG_20230223_170619-scaled.jpg\",\"width\":2560,\"height\":1920},{\"@type\":\"BreadcrumbList\",\"@id\":\"https:\\\/\\\/www.caudete.org\\\/ayuntamiento\\\/avanzan-las-obras-de-pavimentacion-en-plaza-de-la-iglesia-con-el-pos-2022\\\/#breadcrumb\",\"itemListElement\":[{\"@type\":\"ListItem\",\"position\":1,\"name\":\"Inicio\",\"item\":\"https:\\\/\\\/www.caudete.org\\\/ayuntamiento\\\/\"},{\"@type\":\"ListItem\",\"position\":2,\"name\":\"Avanzan las obras de pavimentaci\u00f3n en Plaza de la Iglesia, con el POS-2022\"}]},{\"@type\":\"WebSite\",\"@id\":\"https:\\\/\\\/www.caudete.org\\\/ayuntamiento\\\/#website\",\"url\":\"https:\\\/\\\/www.caudete.org\\\/ayuntamiento\\\/\",\"name\":\"MI Ayuntamiento de Caudete\",\"description\":\"P\u00e1gina Oficial del MI Ayuntamiento de Caudete\",\"potentialAction\":[{\"@type\":\"SearchAction\",\"target\":{\"@type\":\"EntryPoint\",\"urlTemplate\":\"https:\\\/\\\/www.caudete.org\\\/ayuntamiento\\\/?s={search_term_string}\"},\"query-input\":{\"@type\":\"PropertyValueSpecification\",\"valueRequired\":true,\"valueName\":\"search_term_string\"}}],\"inLanguage\":\"es\"},{\"@type\":\"Person\",\"@id\":\"https:\\\/\\\/www.caudete.org\\\/ayuntamiento\\\/#\\\/schema\\\/person\\\/cc646da9133078ee4d8dd47457947253\",\"name\":\"alcalde\",\"image\":{\"@type\":\"ImageObject\",\"inLanguage\":\"es\",\"@id\":\"https:\\\/\\\/secure.gravatar.com\\\/avatar\\\/84a817ba065b29ff08d666b215a215f5c79186a645ccb25b14a663d48a130f77?s=96&d=mm&r=g\",\"url\":\"https:\\\/\\\/secure.gravatar.com\\\/avatar\\\/84a817ba065b29ff08d666b215a215f5c79186a645ccb25b14a663d48a130f77?s=96&d=mm&r=g\",\"contentUrl\":\"https:\\\/\\\/secure.gravatar.com\\\/avatar\\\/84a817ba065b29ff08d666b215a215f5c79186a645ccb25b14a663d48a130f77?s=96&d=mm&r=g\",\"caption\":\"alcalde\"},\"url\":\"https:\\\/\\\/www.caudete.org\\\/ayuntamiento\\\/author\\\/alcalde\\\/\"}]}<\/script>\n<!-- \/ Yoast SEO plugin. -->","yoast_head_json":{"title":"Avanzan las obras de pavimentaci\u00f3n en Plaza de la Iglesia, con el POS-2022 - MI Ayuntamiento de Caudete","description":"P\u00e1gina Oficial del Ayuntamiento de Caudete (Albacete)","robots":{"index":"index","follow":"follow","max-snippet":"max-snippet:-1","max-image-preview":"max-image-preview:large","max-video-preview":"max-video-preview:-1"},"canonical":"https:\/\/www.caudete.org\/ayuntamiento\/avanzan-las-obras-de-pavimentacion-en-plaza-de-la-iglesia-con-el-pos-2022\/","og_locale":"es_ES","og_type":"article","og_title":"Avanzan las obras de pavimentaci\u00f3n en Plaza de la Iglesia, con el POS-2022 - MI Ayuntamiento de Caudete","og_description":"P\u00e1gina Oficial del Ayuntamiento de Caudete (Albacete)","og_url":"https:\/\/www.caudete.org\/ayuntamiento\/avanzan-las-obras-de-pavimentacion-en-plaza-de-la-iglesia-con-el-pos-2022\/","og_site_name":"MI Ayuntamiento de Caudete","article_publisher":"https:\/\/www.facebook.com\/ayuntamientocaudete\/","article_published_time":"2023-03-01T08:12:26+00:00","og_image":[{"width":2560,"height":1920,"url":"https:\/\/www.caudete.org\/ayuntamiento\/wp-content\/uploads\/2023\/03\/IMG_20230223_170619-scaled.jpg","type":"image\/jpeg"}],"author":"alcalde","twitter_card":"summary_large_image","twitter_misc":{"Escrito por":"alcalde","Tiempo de lectura":"2 minutos"},"schema":{"@context":"https:\/\/schema.org","@graph":[{"@type":"Article","@id":"https:\/\/www.caudete.org\/ayuntamiento\/avanzan-las-obras-de-pavimentacion-en-plaza-de-la-iglesia-con-el-pos-2022\/#article","isPartOf":{"@id":"https:\/\/www.caudete.org\/ayuntamiento\/avanzan-las-obras-de-pavimentacion-en-plaza-de-la-iglesia-con-el-pos-2022\/"},"author":{"name":"alcalde","@id":"https:\/\/www.caudete.org\/ayuntamiento\/#\/schema\/person\/cc646da9133078ee4d8dd47457947253"},"headline":"Avanzan las obras de pavimentaci\u00f3n en Plaza de la Iglesia, con el POS-2022","datePublished":"2023-03-01T08:12:26+00:00","mainEntityOfPage":{"@id":"https:\/\/www.caudete.org\/ayuntamiento\/avanzan-las-obras-de-pavimentacion-en-plaza-de-la-iglesia-con-el-pos-2022\/"},"wordCount":282,"image":{"@id":"https:\/\/www.caudete.org\/ayuntamiento\/avanzan-las-obras-de-pavimentacion-en-plaza-de-la-iglesia-con-el-pos-2022\/#primaryimage"},"thumbnailUrl":"https:\/\/www.caudete.org\/ayuntamiento\/wp-content\/uploads\/2023\/03\/IMG_20230223_170619-scaled.jpg","articleSection":["Obras y Urbanismo"],"inLanguage":"es"},{"@type":"WebPage","@id":"https:\/\/www.caudete.org\/ayuntamiento\/avanzan-las-obras-de-pavimentacion-en-plaza-de-la-iglesia-con-el-pos-2022\/","url":"https:\/\/www.caudete.org\/ayuntamiento\/avanzan-las-obras-de-pavimentacion-en-plaza-de-la-iglesia-con-el-pos-2022\/","name":"Avanzan las obras de pavimentaci\u00f3n en Plaza de la Iglesia, con el POS-2022 - MI Ayuntamiento de Caudete","isPartOf":{"@id":"https:\/\/www.caudete.org\/ayuntamiento\/#website"},"primaryImageOfPage":{"@id":"https:\/\/www.caudete.org\/ayuntamiento\/avanzan-las-obras-de-pavimentacion-en-plaza-de-la-iglesia-con-el-pos-2022\/#primaryimage"},"image":{"@id":"https:\/\/www.caudete.org\/ayuntamiento\/avanzan-las-obras-de-pavimentacion-en-plaza-de-la-iglesia-con-el-pos-2022\/#primaryimage"},"thumbnailUrl":"https:\/\/www.caudete.org\/ayuntamiento\/wp-content\/uploads\/2023\/03\/IMG_20230223_170619-scaled.jpg","datePublished":"2023-03-01T08:12:26+00:00","author":{"@id":"https:\/\/www.caudete.org\/ayuntamiento\/#\/schema\/person\/cc646da9133078ee4d8dd47457947253"},"description":"P\u00e1gina Oficial del Ayuntamiento de Caudete (Albacete)","breadcrumb":{"@id":"https:\/\/www.caudete.org\/ayuntamiento\/avanzan-las-obras-de-pavimentacion-en-plaza-de-la-iglesia-con-el-pos-2022\/#breadcrumb"},"inLanguage":"es","potentialAction":[{"@type":"ReadAction","target":["https:\/\/www.caudete.org\/ayuntamiento\/avanzan-las-obras-de-pavimentacion-en-plaza-de-la-iglesia-con-el-pos-2022\/"]}]},{"@type":"ImageObject","inLanguage":"es","@id":"https:\/\/www.caudete.org\/ayuntamiento\/avanzan-las-obras-de-pavimentacion-en-plaza-de-la-iglesia-con-el-pos-2022\/#primaryimage","url":"https:\/\/www.caudete.org\/ayuntamiento\/wp-content\/uploads\/2023\/03\/IMG_20230223_170619-scaled.jpg","contentUrl":"https:\/\/www.caudete.org\/ayuntamiento\/wp-content\/uploads\/2023\/03\/IMG_20230223_170619-scaled.jpg","width":2560,"height":1920},{"@type":"BreadcrumbList","@id":"https:\/\/www.caudete.org\/ayuntamiento\/avanzan-las-obras-de-pavimentacion-en-plaza-de-la-iglesia-con-el-pos-2022\/#breadcrumb","itemListElement":[{"@type":"ListItem","position":1,"name":"Inicio","item":"https:\/\/www.caudete.org\/ayuntamiento\/"},{"@type":"ListItem","position":2,"name":"Avanzan las obras de pavimentaci\u00f3n en Plaza de la Iglesia, con el POS-2022"}]},{"@type":"WebSite","@id":"https:\/\/www.caudete.org\/ayuntamiento\/#website","url":"https:\/\/www.caudete.org\/ayuntamiento\/","name":"MI Ayuntamiento de Caudete","description":"P\u00e1gina Oficial del MI Ayuntamiento de Caudete","potentialAction":[{"@type":"SearchAction","target":{"@type":"EntryPoint","urlTemplate":"https:\/\/www.caudete.org\/ayuntamiento\/?s={search_term_string}"},"query-input":{"@type":"PropertyValueSpecification","valueRequired":true,"valueName":"search_term_string"}}],"inLanguage":"es"},{"@type":"Person","@id":"https:\/\/www.caudete.org\/ayuntamiento\/#\/schema\/person\/cc646da9133078ee4d8dd47457947253","name":"alcalde","image":{"@type":"ImageObject","inLanguage":"es","@id":"https:\/\/secure.gravatar.com\/avatar\/84a817ba065b29ff08d666b215a215f5c79186a645ccb25b14a663d48a130f77?s=96&d=mm&r=g","url":"https:\/\/secure.gravatar.com\/avatar\/84a817ba065b29ff08d666b215a215f5c79186a645ccb25b14a663d48a130f77?s=96&d=mm&r=g","contentUrl":"https:\/\/secure.gravatar.com\/avatar\/84a817ba065b29ff08d666b215a215f5c79186a645ccb25b14a663d48a130f77?s=96&d=mm&r=g","caption":"alcalde"},"url":"https:\/\/www.caudete.org\/ayuntamiento\/author\/alcalde\/"}]}},"_links":{"self":[{"href":"https:\/\/www.caudete.org\/ayuntamiento\/wp-json\/wp\/v2\/posts\/21535","targetHints":{"allow":["GET"]}}],"collection":[{"href":"https:\/\/www.caudete.org\/ayuntamiento\/wp-json\/wp\/v2\/posts"}],"about":[{"href":"https:\/\/www.caudete.org\/ayuntamiento\/wp-json\/wp\/v2\/types\/post"}],"author":[{"embeddable":true,"href":"https:\/\/www.caudete.org\/ayuntamiento\/wp-json\/wp\/v2\/users\/3"}],"replies":[{"embeddable":true,"href":"https:\/\/www.caudete.org\/ayuntamiento\/wp-json\/wp\/v2\/comments?post=21535"}],"version-history":[{"count":1,"href":"https:\/\/www.caudete.org\/ayuntamiento\/wp-json\/wp\/v2\/posts\/21535\/revisions"}],"predecessor-version":[{"id":21537,"href":"https:\/\/www.caudete.org\/ayuntamiento\/wp-json\/wp\/v2\/posts\/21535\/revisions\/21537"}],"wp:featuredmedia":[{"embeddable":true,"href":"https:\/\/www.caudete.org\/ayuntamiento\/wp-json\/wp\/v2\/media\/21536"}],"wp:attachment":[{"href":"https:\/\/www.caudete.org\/ayuntamiento\/wp-json\/wp\/v2\/media?parent=21535"}],"wp:term":[{"taxonomy":"category","embeddable":true,"href":"https:\/\/www.caudete.org\/ayuntamiento\/wp-json\/wp\/v2\/categories?post=21535"},{"taxonomy":"post_tag","embeddable":true,"href":"https:\/\/www.caudete.org\/ayuntamiento\/wp-json\/wp\/v2\/tags?post=21535"}],"curies":[{"name":"wp","href":"https:\/\/api.w.org\/{rel}","templated":true}]}}