{"id":21538,"date":"2023-02-27T09:25:00","date_gmt":"2023-02-27T08:25:00","guid":{"rendered":"https:\/\/www.caudete.org\/ayuntamiento\/?p=21538"},"modified":"2023-03-01T09:25:29","modified_gmt":"2023-03-01T08:25:29","slug":"conoce-y-disfruta-del-albergue-de-el-granillo","status":"publish","type":"post","link":"https:\/\/www.caudete.org\/ayuntamiento\/conoce-y-disfruta-del-albergue-de-el-granillo\/","title":{"rendered":"Conoce y disfruta del Albergue de &#8220;El Granillo&#8221;"},"content":{"rendered":"<p><a href=\"https:\/\/www.caudete.org\/ayuntamiento\/wp-content\/uploads\/2023\/03\/WhatsApp-Image-2023-02-17-at-12.59.15-2.jpeg\" rel='prettyPhoto'><img decoding=\"async\" class=\"aligncenter wp-image-21541 size-medium\" src=\"https:\/\/www.caudete.org\/ayuntamiento\/wp-content\/uploads\/2023\/03\/WhatsApp-Image-2023-02-17-at-12.59.15-2-300x135.jpeg\" alt=\"\" width=\"300\" height=\"135\" srcset=\"https:\/\/www.caudete.org\/ayuntamiento\/wp-content\/uploads\/2023\/03\/WhatsApp-Image-2023-02-17-at-12.59.15-2-300x135.jpeg 300w, https:\/\/www.caudete.org\/ayuntamiento\/wp-content\/uploads\/2023\/03\/WhatsApp-Image-2023-02-17-at-12.59.15-2-768x345.jpeg 768w, https:\/\/www.caudete.org\/ayuntamiento\/wp-content\/uploads\/2023\/03\/WhatsApp-Image-2023-02-17-at-12.59.15-2.jpeg 1024w\" sizes=\"(max-width: 300px) 100vw, 300px\" \/><\/a><\/p>\n<p style=\"text-align: justify;\"><span style=\"color: #000000; font-family: georgia, palatino, serif;\"><span style=\"font-size: medium;\">El Albergue de &#8220;El Granillo&#8221; es un antiguo refugio forestal pr\u00f3ximo a la finca de El Granillo, situado entre el Cerro Revolcador y Sierra Oliva. <\/span><\/span><\/p>\n<p style=\"text-align: justify;\" align=\"left\"><span style=\"color: #000000; font-family: georgia, palatino, serif;\"><span style=\"font-size: medium;\">Tal y como explicaba el Concejal de Turismo, Diego Cuenca, se trata de un edificio exento de una planta y con una antig\u00fcedad aproximada de 40 a\u00f1os, formado por un local di\u00e1fano con chimenea, con una superficie construida aproximada de 34 m\u00b2.<\/span><\/span><\/p>\n<p style=\"text-align: justify;\" align=\"left\"><span style=\"color: #000000; font-family: georgia, palatino, serif;\"><span style=\"font-size: medium;\">El proyecto de rehabilitaci\u00f3n de este Albergue comienza con el Programa P.E.E.Z.R.D. 2021, cuando se contrata personal para limpieza, reparaci\u00f3n de humedades y acondicionamiento previo. Posteriormente se lleva a cabo el retejado del edificio y acondicionamiento de la chimenea exterior, colocando una canal de chapa galvanizada para la evacuaci\u00f3n de aguas de lluvia. <\/span><\/span><\/p>\n<p style=\"text-align: justify;\"><span style=\"color: #000000; font-family: georgia, palatino, serif;\"><span style=\"font-size: medium;\">Era tambi\u00e9n necesario cambiar cerraduras, reparar rejas, y marco de la puerta. Por \u00faltimo, se ha limpiado y tratado las paredes interiores, d\u00e1ndoles una capa de pintura pl\u00e1stica lavable.<\/span><\/span><\/p>\n<p><a href=\"https:\/\/www.caudete.org\/ayuntamiento\/wp-content\/uploads\/2023\/03\/WhatsApp-Image-2023-02-17-at-12.59.15-1.jpeg\" rel='prettyPhoto'><img fetchpriority=\"high\" decoding=\"async\" class=\"aligncenter wp-image-21542 size-medium\" src=\"https:\/\/www.caudete.org\/ayuntamiento\/wp-content\/uploads\/2023\/03\/WhatsApp-Image-2023-02-17-at-12.59.15-1-225x300.jpeg\" alt=\"\" width=\"225\" height=\"300\" srcset=\"https:\/\/www.caudete.org\/ayuntamiento\/wp-content\/uploads\/2023\/03\/WhatsApp-Image-2023-02-17-at-12.59.15-1-225x300.jpeg 225w, https:\/\/www.caudete.org\/ayuntamiento\/wp-content\/uploads\/2023\/03\/WhatsApp-Image-2023-02-17-at-12.59.15-1.jpeg 768w\" sizes=\"(max-width: 225px) 100vw, 225px\" \/><\/a><\/p>\n<p style=\"text-align: justify;\"><span style=\"color: #000000; font-family: georgia, palatino, serif;\"><span style=\"font-size: medium;\">En cuanto al equipamiento, se ha comprado para el sal\u00f3n una mesa con bancos incorporados con capacidad para ocho personas. El Albergue posee en su exterior una explanada orientada al mediod\u00eda, que ha sido tambi\u00e9n equipada con una mesa picnic para ocho personas. <\/span><\/span><\/p>\n<p style=\"text-align: justify;\"><span style=\"font-family: georgia, palatino, serif;\"><span style=\"color: #000000;\"><span style=\"font-size: medium;\">Este peque\u00f1o refugio se ubica en una zona boscosa de gran valor ambiental, que permite <\/span><\/span><span style=\"color: #000000;\"><span style=\"font-size: medium;\">pasar un agradable d\u00eda al aire libre y <\/span><\/span><span style=\"color: #000000;\"><span style=\"font-size: medium;\">programar rutas de senderismo por la zona. La vegetaci\u00f3n de este \u00e1rea est\u00e1 compuesta principalmente por <em>pinus halepensis<\/em>, con presencia de arbustos como la coscoja, lentisco, retama y romero, adem\u00e1s de dos especies ya raras de encontrar en el<\/span><\/span><span style=\"font-size: medium;\"> sureste espa\u00f1ol, <\/span><span style=\"font-size: medium;\">como son <\/span><span style=\"font-size: medium;\">espino negro y carrasquilla.<\/span><\/span><\/p>\n<p><a href=\"https:\/\/www.caudete.org\/ayuntamiento\/wp-content\/uploads\/2023\/03\/WhatsApp-Image-2023-02-17-at-12.59.15.jpeg\" rel='prettyPhoto'><img decoding=\"async\" class=\"aligncenter wp-image-21543 size-medium\" src=\"https:\/\/www.caudete.org\/ayuntamiento\/wp-content\/uploads\/2023\/03\/WhatsApp-Image-2023-02-17-at-12.59.15-225x300.jpeg\" alt=\"\" width=\"225\" height=\"300\" srcset=\"https:\/\/www.caudete.org\/ayuntamiento\/wp-content\/uploads\/2023\/03\/WhatsApp-Image-2023-02-17-at-12.59.15-225x300.jpeg 225w, https:\/\/www.caudete.org\/ayuntamiento\/wp-content\/uploads\/2023\/03\/WhatsApp-Image-2023-02-17-at-12.59.15.jpeg 768w\" sizes=\"(max-width: 225px) 100vw, 225px\" \/><\/a><\/p>\n<p style=\"text-align: justify;\"><span style=\"color: #000000; font-family: georgia, palatino, serif;\"><span style=\"font-size: medium;\">Este Albergue se rige por la Ordenanza Reguladora de Albergues Municipales, siendo apto principalmente para estancias diurnas, aunque admite dos jornadas consecutivas. Las instalaciones constan de sal\u00f3n multifunci\u00f3n con chimenea de le\u00f1a y zona de comedor con mesa y bancos. La tasa por jornada es de 15 \u20ac, con una fianza de 50 \u20ac<\/span><\/span><\/p>\n<p style=\"text-align: justify;\"><span style=\"color: #000000; font-family: georgia, palatino, serif;\"><span style=\"font-size: medium;\">Acceso: el albergue se sit\u00faa a 7,1 km del casco urbano de Caudete. Se accede al mismo desde la vereda de Santa Ana, siguiendo el camino de Los Molinos y camino del Pocito del Para\u00edso. Se puede llegar tanto a pie como en bicicleta o autom\u00f3vil.<\/span><\/span><\/p>\n","protected":false},"excerpt":{"rendered":"<p>El Albergue de &#8220;El Granillo&#8221; es un antiguo refugio forestal pr\u00f3ximo a la finca de El Granillo, situado entre el Cerro Revolcador y Sierra Oliva. Tal y como explicaba el Concejal de Turismo, Diego Cuenca, se trata de un edificio exento de una planta y con una antig\u00fcedad aproximada de 40 a\u00f1os, formado por un &hellip;<\/p>\n","protected":false},"author":3,"featured_media":21539,"comment_status":"closed","ping_status":"open","sticky":false,"template":"","format":"standard","meta":{"ngg_post_thumbnail":0,"footnotes":""},"categories":[43],"tags":[],"class_list":["post-21538","post","type-post","status-publish","format-standard","has-post-thumbnail","hentry","category-turismo"],"yoast_head":"<!-- This site is optimized with the Yoast SEO plugin v27.5 - https:\/\/yoast.com\/product\/yoast-seo-wordpress\/ -->\n<title>Conoce y disfruta del Albergue de &quot;El Granillo&quot; - MI Ayuntamiento de Caudete<\/title>\n<meta name=\"description\" content=\"P\u00e1gina Oficial del Ayuntamiento de Caudete (Albacete)\" \/>\n<meta name=\"robots\" content=\"index, follow, max-snippet:-1, max-image-preview:large, max-video-preview:-1\" \/>\n<link rel=\"canonical\" href=\"https:\/\/www.caudete.org\/ayuntamiento\/conoce-y-disfruta-del-albergue-de-el-granillo\/\" \/>\n<meta property=\"og:locale\" content=\"es_ES\" \/>\n<meta property=\"og:type\" content=\"article\" \/>\n<meta property=\"og:title\" content=\"Conoce y disfruta del Albergue de &quot;El Granillo&quot; - MI Ayuntamiento de Caudete\" \/>\n<meta property=\"og:description\" content=\"P\u00e1gina Oficial del Ayuntamiento de Caudete (Albacete)\" \/>\n<meta property=\"og:url\" content=\"https:\/\/www.caudete.org\/ayuntamiento\/conoce-y-disfruta-del-albergue-de-el-granillo\/\" \/>\n<meta property=\"og:site_name\" content=\"MI Ayuntamiento de Caudete\" \/>\n<meta property=\"article:publisher\" content=\"https:\/\/www.facebook.com\/ayuntamientocaudete\/\" \/>\n<meta property=\"article:published_time\" content=\"2023-02-27T08:25:00+00:00\" \/>\n<meta property=\"article:modified_time\" content=\"2023-03-01T08:25:29+00:00\" \/>\n<meta property=\"og:image\" content=\"https:\/\/www.caudete.org\/ayuntamiento\/wp-content\/uploads\/2023\/03\/WhatsApp-Image-2023-02-16-at-21.38.59.jpeg\" \/>\n\t<meta property=\"og:image:width\" content=\"1024\" \/>\n\t<meta property=\"og:image:height\" content=\"1024\" \/>\n\t<meta property=\"og:image:type\" content=\"image\/jpeg\" \/>\n<meta name=\"author\" content=\"alcalde\" \/>\n<meta name=\"twitter:card\" content=\"summary_large_image\" \/>\n<meta name=\"twitter:label1\" content=\"Escrito por\" \/>\n\t<meta name=\"twitter:data1\" content=\"alcalde\" \/>\n\t<meta name=\"twitter:label2\" content=\"Tiempo de lectura\" \/>\n\t<meta name=\"twitter:data2\" content=\"3 minutos\" \/>\n<script type=\"application\/ld+json\" class=\"yoast-schema-graph\">{\"@context\":\"https:\\\/\\\/schema.org\",\"@graph\":[{\"@type\":\"Article\",\"@id\":\"https:\\\/\\\/www.caudete.org\\\/ayuntamiento\\\/conoce-y-disfruta-del-albergue-de-el-granillo\\\/#article\",\"isPartOf\":{\"@id\":\"https:\\\/\\\/www.caudete.org\\\/ayuntamiento\\\/conoce-y-disfruta-del-albergue-de-el-granillo\\\/\"},\"author\":{\"name\":\"alcalde\",\"@id\":\"https:\\\/\\\/www.caudete.org\\\/ayuntamiento\\\/#\\\/schema\\\/person\\\/cc646da9133078ee4d8dd47457947253\"},\"headline\":\"Conoce y disfruta del Albergue de &#8220;El Granillo&#8221;\",\"datePublished\":\"2023-02-27T08:25:00+00:00\",\"dateModified\":\"2023-03-01T08:25:29+00:00\",\"mainEntityOfPage\":{\"@id\":\"https:\\\/\\\/www.caudete.org\\\/ayuntamiento\\\/conoce-y-disfruta-del-albergue-de-el-granillo\\\/\"},\"wordCount\":391,\"image\":{\"@id\":\"https:\\\/\\\/www.caudete.org\\\/ayuntamiento\\\/conoce-y-disfruta-del-albergue-de-el-granillo\\\/#primaryimage\"},\"thumbnailUrl\":\"https:\\\/\\\/www.caudete.org\\\/ayuntamiento\\\/wp-content\\\/uploads\\\/2023\\\/03\\\/WhatsApp-Image-2023-02-16-at-21.38.59.jpeg\",\"articleSection\":[\"Turismo\"],\"inLanguage\":\"es\"},{\"@type\":\"WebPage\",\"@id\":\"https:\\\/\\\/www.caudete.org\\\/ayuntamiento\\\/conoce-y-disfruta-del-albergue-de-el-granillo\\\/\",\"url\":\"https:\\\/\\\/www.caudete.org\\\/ayuntamiento\\\/conoce-y-disfruta-del-albergue-de-el-granillo\\\/\",\"name\":\"Conoce y disfruta del Albergue de \\\"El Granillo\\\" - MI Ayuntamiento de Caudete\",\"isPartOf\":{\"@id\":\"https:\\\/\\\/www.caudete.org\\\/ayuntamiento\\\/#website\"},\"primaryImageOfPage\":{\"@id\":\"https:\\\/\\\/www.caudete.org\\\/ayuntamiento\\\/conoce-y-disfruta-del-albergue-de-el-granillo\\\/#primaryimage\"},\"image\":{\"@id\":\"https:\\\/\\\/www.caudete.org\\\/ayuntamiento\\\/conoce-y-disfruta-del-albergue-de-el-granillo\\\/#primaryimage\"},\"thumbnailUrl\":\"https:\\\/\\\/www.caudete.org\\\/ayuntamiento\\\/wp-content\\\/uploads\\\/2023\\\/03\\\/WhatsApp-Image-2023-02-16-at-21.38.59.jpeg\",\"datePublished\":\"2023-02-27T08:25:00+00:00\",\"dateModified\":\"2023-03-01T08:25:29+00:00\",\"author\":{\"@id\":\"https:\\\/\\\/www.caudete.org\\\/ayuntamiento\\\/#\\\/schema\\\/person\\\/cc646da9133078ee4d8dd47457947253\"},\"description\":\"P\u00e1gina Oficial del Ayuntamiento de Caudete (Albacete)\",\"breadcrumb\":{\"@id\":\"https:\\\/\\\/www.caudete.org\\\/ayuntamiento\\\/conoce-y-disfruta-del-albergue-de-el-granillo\\\/#breadcrumb\"},\"inLanguage\":\"es\",\"potentialAction\":[{\"@type\":\"ReadAction\",\"target\":[\"https:\\\/\\\/www.caudete.org\\\/ayuntamiento\\\/conoce-y-disfruta-del-albergue-de-el-granillo\\\/\"]}]},{\"@type\":\"ImageObject\",\"inLanguage\":\"es\",\"@id\":\"https:\\\/\\\/www.caudete.org\\\/ayuntamiento\\\/conoce-y-disfruta-del-albergue-de-el-granillo\\\/#primaryimage\",\"url\":\"https:\\\/\\\/www.caudete.org\\\/ayuntamiento\\\/wp-content\\\/uploads\\\/2023\\\/03\\\/WhatsApp-Image-2023-02-16-at-21.38.59.jpeg\",\"contentUrl\":\"https:\\\/\\\/www.caudete.org\\\/ayuntamiento\\\/wp-content\\\/uploads\\\/2023\\\/03\\\/WhatsApp-Image-2023-02-16-at-21.38.59.jpeg\",\"width\":1024,\"height\":1024},{\"@type\":\"BreadcrumbList\",\"@id\":\"https:\\\/\\\/www.caudete.org\\\/ayuntamiento\\\/conoce-y-disfruta-del-albergue-de-el-granillo\\\/#breadcrumb\",\"itemListElement\":[{\"@type\":\"ListItem\",\"position\":1,\"name\":\"Inicio\",\"item\":\"https:\\\/\\\/www.caudete.org\\\/ayuntamiento\\\/\"},{\"@type\":\"ListItem\",\"position\":2,\"name\":\"Conoce y disfruta del Albergue de &#8220;El Granillo&#8221;\"}]},{\"@type\":\"WebSite\",\"@id\":\"https:\\\/\\\/www.caudete.org\\\/ayuntamiento\\\/#website\",\"url\":\"https:\\\/\\\/www.caudete.org\\\/ayuntamiento\\\/\",\"name\":\"MI Ayuntamiento de Caudete\",\"description\":\"P\u00e1gina Oficial del MI Ayuntamiento de Caudete\",\"potentialAction\":[{\"@type\":\"SearchAction\",\"target\":{\"@type\":\"EntryPoint\",\"urlTemplate\":\"https:\\\/\\\/www.caudete.org\\\/ayuntamiento\\\/?s={search_term_string}\"},\"query-input\":{\"@type\":\"PropertyValueSpecification\",\"valueRequired\":true,\"valueName\":\"search_term_string\"}}],\"inLanguage\":\"es\"},{\"@type\":\"Person\",\"@id\":\"https:\\\/\\\/www.caudete.org\\\/ayuntamiento\\\/#\\\/schema\\\/person\\\/cc646da9133078ee4d8dd47457947253\",\"name\":\"alcalde\",\"image\":{\"@type\":\"ImageObject\",\"inLanguage\":\"es\",\"@id\":\"https:\\\/\\\/secure.gravatar.com\\\/avatar\\\/84a817ba065b29ff08d666b215a215f5c79186a645ccb25b14a663d48a130f77?s=96&d=mm&r=g\",\"url\":\"https:\\\/\\\/secure.gravatar.com\\\/avatar\\\/84a817ba065b29ff08d666b215a215f5c79186a645ccb25b14a663d48a130f77?s=96&d=mm&r=g\",\"contentUrl\":\"https:\\\/\\\/secure.gravatar.com\\\/avatar\\\/84a817ba065b29ff08d666b215a215f5c79186a645ccb25b14a663d48a130f77?s=96&d=mm&r=g\",\"caption\":\"alcalde\"},\"url\":\"https:\\\/\\\/www.caudete.org\\\/ayuntamiento\\\/author\\\/alcalde\\\/\"}]}<\/script>\n<!-- \/ Yoast SEO plugin. -->","yoast_head_json":{"title":"Conoce y disfruta del Albergue de \"El Granillo\" - MI Ayuntamiento de Caudete","description":"P\u00e1gina Oficial del Ayuntamiento de Caudete (Albacete)","robots":{"index":"index","follow":"follow","max-snippet":"max-snippet:-1","max-image-preview":"max-image-preview:large","max-video-preview":"max-video-preview:-1"},"canonical":"https:\/\/www.caudete.org\/ayuntamiento\/conoce-y-disfruta-del-albergue-de-el-granillo\/","og_locale":"es_ES","og_type":"article","og_title":"Conoce y disfruta del Albergue de \"El Granillo\" - MI Ayuntamiento de Caudete","og_description":"P\u00e1gina Oficial del Ayuntamiento de Caudete (Albacete)","og_url":"https:\/\/www.caudete.org\/ayuntamiento\/conoce-y-disfruta-del-albergue-de-el-granillo\/","og_site_name":"MI Ayuntamiento de Caudete","article_publisher":"https:\/\/www.facebook.com\/ayuntamientocaudete\/","article_published_time":"2023-02-27T08:25:00+00:00","article_modified_time":"2023-03-01T08:25:29+00:00","og_image":[{"width":1024,"height":1024,"url":"https:\/\/www.caudete.org\/ayuntamiento\/wp-content\/uploads\/2023\/03\/WhatsApp-Image-2023-02-16-at-21.38.59.jpeg","type":"image\/jpeg"}],"author":"alcalde","twitter_card":"summary_large_image","twitter_misc":{"Escrito por":"alcalde","Tiempo de lectura":"3 minutos"},"schema":{"@context":"https:\/\/schema.org","@graph":[{"@type":"Article","@id":"https:\/\/www.caudete.org\/ayuntamiento\/conoce-y-disfruta-del-albergue-de-el-granillo\/#article","isPartOf":{"@id":"https:\/\/www.caudete.org\/ayuntamiento\/conoce-y-disfruta-del-albergue-de-el-granillo\/"},"author":{"name":"alcalde","@id":"https:\/\/www.caudete.org\/ayuntamiento\/#\/schema\/person\/cc646da9133078ee4d8dd47457947253"},"headline":"Conoce y disfruta del Albergue de &#8220;El Granillo&#8221;","datePublished":"2023-02-27T08:25:00+00:00","dateModified":"2023-03-01T08:25:29+00:00","mainEntityOfPage":{"@id":"https:\/\/www.caudete.org\/ayuntamiento\/conoce-y-disfruta-del-albergue-de-el-granillo\/"},"wordCount":391,"image":{"@id":"https:\/\/www.caudete.org\/ayuntamiento\/conoce-y-disfruta-del-albergue-de-el-granillo\/#primaryimage"},"thumbnailUrl":"https:\/\/www.caudete.org\/ayuntamiento\/wp-content\/uploads\/2023\/03\/WhatsApp-Image-2023-02-16-at-21.38.59.jpeg","articleSection":["Turismo"],"inLanguage":"es"},{"@type":"WebPage","@id":"https:\/\/www.caudete.org\/ayuntamiento\/conoce-y-disfruta-del-albergue-de-el-granillo\/","url":"https:\/\/www.caudete.org\/ayuntamiento\/conoce-y-disfruta-del-albergue-de-el-granillo\/","name":"Conoce y disfruta del Albergue de \"El Granillo\" - MI Ayuntamiento de Caudete","isPartOf":{"@id":"https:\/\/www.caudete.org\/ayuntamiento\/#website"},"primaryImageOfPage":{"@id":"https:\/\/www.caudete.org\/ayuntamiento\/conoce-y-disfruta-del-albergue-de-el-granillo\/#primaryimage"},"image":{"@id":"https:\/\/www.caudete.org\/ayuntamiento\/conoce-y-disfruta-del-albergue-de-el-granillo\/#primaryimage"},"thumbnailUrl":"https:\/\/www.caudete.org\/ayuntamiento\/wp-content\/uploads\/2023\/03\/WhatsApp-Image-2023-02-16-at-21.38.59.jpeg","datePublished":"2023-02-27T08:25:00+00:00","dateModified":"2023-03-01T08:25:29+00:00","author":{"@id":"https:\/\/www.caudete.org\/ayuntamiento\/#\/schema\/person\/cc646da9133078ee4d8dd47457947253"},"description":"P\u00e1gina Oficial del Ayuntamiento de Caudete (Albacete)","breadcrumb":{"@id":"https:\/\/www.caudete.org\/ayuntamiento\/conoce-y-disfruta-del-albergue-de-el-granillo\/#breadcrumb"},"inLanguage":"es","potentialAction":[{"@type":"ReadAction","target":["https:\/\/www.caudete.org\/ayuntamiento\/conoce-y-disfruta-del-albergue-de-el-granillo\/"]}]},{"@type":"ImageObject","inLanguage":"es","@id":"https:\/\/www.caudete.org\/ayuntamiento\/conoce-y-disfruta-del-albergue-de-el-granillo\/#primaryimage","url":"https:\/\/www.caudete.org\/ayuntamiento\/wp-content\/uploads\/2023\/03\/WhatsApp-Image-2023-02-16-at-21.38.59.jpeg","contentUrl":"https:\/\/www.caudete.org\/ayuntamiento\/wp-content\/uploads\/2023\/03\/WhatsApp-Image-2023-02-16-at-21.38.59.jpeg","width":1024,"height":1024},{"@type":"BreadcrumbList","@id":"https:\/\/www.caudete.org\/ayuntamiento\/conoce-y-disfruta-del-albergue-de-el-granillo\/#breadcrumb","itemListElement":[{"@type":"ListItem","position":1,"name":"Inicio","item":"https:\/\/www.caudete.org\/ayuntamiento\/"},{"@type":"ListItem","position":2,"name":"Conoce y disfruta del Albergue de &#8220;El Granillo&#8221;"}]},{"@type":"WebSite","@id":"https:\/\/www.caudete.org\/ayuntamiento\/#website","url":"https:\/\/www.caudete.org\/ayuntamiento\/","name":"MI Ayuntamiento de Caudete","description":"P\u00e1gina Oficial del MI Ayuntamiento de Caudete","potentialAction":[{"@type":"SearchAction","target":{"@type":"EntryPoint","urlTemplate":"https:\/\/www.caudete.org\/ayuntamiento\/?s={search_term_string}"},"query-input":{"@type":"PropertyValueSpecification","valueRequired":true,"valueName":"search_term_string"}}],"inLanguage":"es"},{"@type":"Person","@id":"https:\/\/www.caudete.org\/ayuntamiento\/#\/schema\/person\/cc646da9133078ee4d8dd47457947253","name":"alcalde","image":{"@type":"ImageObject","inLanguage":"es","@id":"https:\/\/secure.gravatar.com\/avatar\/84a817ba065b29ff08d666b215a215f5c79186a645ccb25b14a663d48a130f77?s=96&d=mm&r=g","url":"https:\/\/secure.gravatar.com\/avatar\/84a817ba065b29ff08d666b215a215f5c79186a645ccb25b14a663d48a130f77?s=96&d=mm&r=g","contentUrl":"https:\/\/secure.gravatar.com\/avatar\/84a817ba065b29ff08d666b215a215f5c79186a645ccb25b14a663d48a130f77?s=96&d=mm&r=g","caption":"alcalde"},"url":"https:\/\/www.caudete.org\/ayuntamiento\/author\/alcalde\/"}]}},"_links":{"self":[{"href":"https:\/\/www.caudete.org\/ayuntamiento\/wp-json\/wp\/v2\/posts\/21538","targetHints":{"allow":["GET"]}}],"collection":[{"href":"https:\/\/www.caudete.org\/ayuntamiento\/wp-json\/wp\/v2\/posts"}],"about":[{"href":"https:\/\/www.caudete.org\/ayuntamiento\/wp-json\/wp\/v2\/types\/post"}],"author":[{"embeddable":true,"href":"https:\/\/www.caudete.org\/ayuntamiento\/wp-json\/wp\/v2\/users\/3"}],"replies":[{"embeddable":true,"href":"https:\/\/www.caudete.org\/ayuntamiento\/wp-json\/wp\/v2\/comments?post=21538"}],"version-history":[{"count":1,"href":"https:\/\/www.caudete.org\/ayuntamiento\/wp-json\/wp\/v2\/posts\/21538\/revisions"}],"predecessor-version":[{"id":21544,"href":"https:\/\/www.caudete.org\/ayuntamiento\/wp-json\/wp\/v2\/posts\/21538\/revisions\/21544"}],"wp:featuredmedia":[{"embeddable":true,"href":"https:\/\/www.caudete.org\/ayuntamiento\/wp-json\/wp\/v2\/media\/21539"}],"wp:attachment":[{"href":"https:\/\/www.caudete.org\/ayuntamiento\/wp-json\/wp\/v2\/media?parent=21538"}],"wp:term":[{"taxonomy":"category","embeddable":true,"href":"https:\/\/www.caudete.org\/ayuntamiento\/wp-json\/wp\/v2\/categories?post=21538"},{"taxonomy":"post_tag","embeddable":true,"href":"https:\/\/www.caudete.org\/ayuntamiento\/wp-json\/wp\/v2\/tags?post=21538"}],"curies":[{"name":"wp","href":"https:\/\/api.w.org\/{rel}","templated":true}]}}