{"id":21581,"date":"2023-03-02T09:00:28","date_gmt":"2023-03-02T08:00:28","guid":{"rendered":"https:\/\/www.caudete.org\/ayuntamiento\/?p=21581"},"modified":"2023-03-02T00:58:09","modified_gmt":"2023-03-01T23:58:09","slug":"la-junta-de-gobierno-solicita-al-ministerio-la-cesion-de-las-4-rotondas-generadas-por-la-a-33","status":"publish","type":"post","link":"https:\/\/www.caudete.org\/ayuntamiento\/la-junta-de-gobierno-solicita-al-ministerio-la-cesion-de-las-4-rotondas-generadas-por-la-a-33\/","title":{"rendered":"La Junta de Gobierno solicita al Ministerio la cesi\u00f3n de las 4 rotondas generadas por la A-33"},"content":{"rendered":"<p style=\"text-align: justify;\">LA JUNTA DE GOBIERNO LOCAL SOLICITA AL MINISTERIO DE TRANSPORTES, MOVILIDAD Y AGENDA URBANA LA CESION DE LAS 4 ROTONDAS AFECTAS A LA A-33 Y TERRENO ADYACENTE A ROTONDA DE CRISNOVA.<\/p>\n<p style=\"text-align: justify;\">Durante la ejecuci\u00f3n de la obra de la A-33 llevada a cabo por el Ministerio de Transportes, Movilidad y Agenda Urbana a su paso por Caudete, se han ejecutado entre otras instalaciones cuatro rotondas afectas a la citada autovia que son el acceso principal a Caudete.<\/p>\n<p style=\"text-align: justify;\">Tal y como ha informado el Concejal de Movilidad, Joaqu\u00edn Pag\u00e1n, el Ayuntamiento pretende le sean cedidas las 4 rotondas (zona central ajardinada y viario perimetral) ya que son varios los objetivos que se plantean tras ello.<\/p>\n<p style=\"text-align: justify;\"><a href=\"https:\/\/www.caudete.org\/ayuntamiento\/wp-content\/uploads\/2023\/03\/Screenshot_2023-03-02-00-30-37-086.jpg\" rel='prettyPhoto'><img fetchpriority=\"high\" decoding=\"async\" class=\"aligncenter wp-image-21584 size-medium\" src=\"https:\/\/www.caudete.org\/ayuntamiento\/wp-content\/uploads\/2023\/03\/Screenshot_2023-03-02-00-30-37-086-300x187.jpg\" alt=\"\" width=\"300\" height=\"187\" srcset=\"https:\/\/www.caudete.org\/ayuntamiento\/wp-content\/uploads\/2023\/03\/Screenshot_2023-03-02-00-30-37-086-300x187.jpg 300w, https:\/\/www.caudete.org\/ayuntamiento\/wp-content\/uploads\/2023\/03\/Screenshot_2023-03-02-00-30-37-086-1024x638.jpg 1024w, https:\/\/www.caudete.org\/ayuntamiento\/wp-content\/uploads\/2023\/03\/Screenshot_2023-03-02-00-30-37-086-768x479.jpg 768w, https:\/\/www.caudete.org\/ayuntamiento\/wp-content\/uploads\/2023\/03\/Screenshot_2023-03-02-00-30-37-086.jpg 1154w\" sizes=\"(max-width: 300px) 100vw, 300px\" \/><\/a><\/p>\n<p style=\"text-align: justify;\">Principalmente, conseguiremos que el mantenimiento de estas se produzca de manera m\u00e1s efectiva, sobre todo lo que concierne a la maleza y ajardinamiento. Adem\u00e1s, nos permitir\u00eda al Ayuntamiento acondicionarlas y embellecerlas, personaliz\u00e1ndolas a cuestiones locales, haci\u00e9ndolas identitarias del municipio,\u00a0 ya que son los puntos de entrada a la poblaci\u00f3n y por tanto la primera imagen que se obtiene del municipio.<\/p>\n<p style=\"text-align: justify;\">Aprovechando la solicitud, la Junta de Gobierno Local ha estimado tambi\u00e9n solicitar la cesi\u00f3n de un peque\u00f1o terreno sobrante de las expropiaciones llevadas a cabo para la ejecuci\u00f3n de la A-33 y que se sit\u00faa colindante con la rotonda ubicada entre Avenida de la Estaci\u00f3n y Calle Cosme Delclaux.<\/p>\n<p style=\"text-align: justify;\"><a href=\"https:\/\/www.caudete.org\/ayuntamiento\/wp-content\/uploads\/2023\/03\/IMG_20230302_003423.jpg\" rel='prettyPhoto'><img decoding=\"async\" class=\"aligncenter wp-image-21583 size-medium\" src=\"https:\/\/www.caudete.org\/ayuntamiento\/wp-content\/uploads\/2023\/03\/IMG_20230302_003423-300x181.jpg\" alt=\"\" width=\"300\" height=\"181\" srcset=\"https:\/\/www.caudete.org\/ayuntamiento\/wp-content\/uploads\/2023\/03\/IMG_20230302_003423-300x181.jpg 300w, https:\/\/www.caudete.org\/ayuntamiento\/wp-content\/uploads\/2023\/03\/IMG_20230302_003423-1024x617.jpg 1024w, https:\/\/www.caudete.org\/ayuntamiento\/wp-content\/uploads\/2023\/03\/IMG_20230302_003423-768x463.jpg 768w, https:\/\/www.caudete.org\/ayuntamiento\/wp-content\/uploads\/2023\/03\/IMG_20230302_003423.jpg 1110w\" sizes=\"(max-width: 300px) 100vw, 300px\" \/><\/a><\/p>\n<p style=\"text-align: justify;\">En la actualidad se esta tramitando en el Ayuntamiento de Caudete un Programa de Actuaci\u00f3n Urbanizadora (PAU) cuyo promotor es CAUDETE PARKING S.L. que linda con la rotonda en cuesti\u00f3n, un proyecto muy importante para el desarrollo industrial de Caudete.<\/p>\n<p style=\"text-align: justify;\">El objetivo de esta petici\u00f3n radica en facilitar y completar la urbanizaci\u00f3n de dicha zona, pudiendo as\u00ed dar continuidad a la zona de servicio, peatonal y ciclable del tramo colindante con la rotonda, ya que estos terrenos, de propiedad p\u00fablica, no fueron incluidos en el PAU, por lo que dicho proyecto no puede actuar sobre ellos sin m\u00e1s, salvo que se produzca est\u00e1 cesi\u00f3n al Consistorio.<\/p>\n<p style=\"text-align: justify;\"><a href=\"https:\/\/www.caudete.org\/ayuntamiento\/wp-content\/uploads\/2023\/03\/IMG_20230302_003347.jpg\" rel='prettyPhoto'><img decoding=\"async\" class=\"wp-image-21582 size-medium\" src=\"https:\/\/www.caudete.org\/ayuntamiento\/wp-content\/uploads\/2023\/03\/IMG_20230302_003347-300x243.jpg\" alt=\"\" width=\"300\" height=\"243\" srcset=\"https:\/\/www.caudete.org\/ayuntamiento\/wp-content\/uploads\/2023\/03\/IMG_20230302_003347-300x243.jpg 300w, https:\/\/www.caudete.org\/ayuntamiento\/wp-content\/uploads\/2023\/03\/IMG_20230302_003347-768x621.jpg 768w, https:\/\/www.caudete.org\/ayuntamiento\/wp-content\/uploads\/2023\/03\/IMG_20230302_003347.jpg 800w\" sizes=\"(max-width: 300px) 100vw, 300px\" \/><\/a><\/p>\n","protected":false},"excerpt":{"rendered":"<p>LA JUNTA DE GOBIERNO LOCAL SOLICITA AL MINISTERIO DE TRANSPORTES, MOVILIDAD Y AGENDA URBANA LA CESION DE LAS 4 ROTONDAS AFECTAS A LA A-33 Y TERRENO ADYACENTE A ROTONDA DE CRISNOVA. Durante la ejecuci\u00f3n de la obra de la A-33 llevada a cabo por el Ministerio de Transportes, Movilidad y Agenda Urbana a su paso &hellip;<\/p>\n","protected":false},"author":3,"featured_media":21584,"comment_status":"closed","ping_status":"open","sticky":false,"template":"","format":"standard","meta":{"ngg_post_thumbnail":0,"footnotes":""},"categories":[46],"tags":[],"class_list":["post-21581","post","type-post","status-publish","format-standard","has-post-thumbnail","hentry","category-movilidad-urbana"],"yoast_head":"<!-- This site is optimized with the Yoast SEO plugin v27.5 - https:\/\/yoast.com\/product\/yoast-seo-wordpress\/ -->\n<title>La Junta de Gobierno solicita al Ministerio la cesi\u00f3n de las 4 rotondas generadas por la A-33 - MI Ayuntamiento de Caudete<\/title>\n<meta name=\"description\" content=\"P\u00e1gina Oficial del Ayuntamiento de Caudete (Albacete)\" \/>\n<meta name=\"robots\" content=\"index, follow, max-snippet:-1, max-image-preview:large, max-video-preview:-1\" \/>\n<link rel=\"canonical\" href=\"https:\/\/www.caudete.org\/ayuntamiento\/la-junta-de-gobierno-solicita-al-ministerio-la-cesion-de-las-4-rotondas-generadas-por-la-a-33\/\" \/>\n<meta property=\"og:locale\" content=\"es_ES\" \/>\n<meta property=\"og:type\" content=\"article\" \/>\n<meta property=\"og:title\" content=\"La Junta de Gobierno solicita al Ministerio la cesi\u00f3n de las 4 rotondas generadas por la A-33 - MI Ayuntamiento de Caudete\" \/>\n<meta property=\"og:description\" content=\"P\u00e1gina Oficial del Ayuntamiento de Caudete (Albacete)\" \/>\n<meta property=\"og:url\" content=\"https:\/\/www.caudete.org\/ayuntamiento\/la-junta-de-gobierno-solicita-al-ministerio-la-cesion-de-las-4-rotondas-generadas-por-la-a-33\/\" \/>\n<meta property=\"og:site_name\" content=\"MI Ayuntamiento de Caudete\" \/>\n<meta property=\"article:publisher\" content=\"https:\/\/www.facebook.com\/ayuntamientocaudete\/\" \/>\n<meta property=\"article:published_time\" content=\"2023-03-02T08:00:28+00:00\" \/>\n<meta property=\"og:image\" content=\"https:\/\/www.caudete.org\/ayuntamiento\/wp-content\/uploads\/2023\/03\/Screenshot_2023-03-02-00-30-37-086.jpg\" \/>\n\t<meta property=\"og:image:width\" content=\"1154\" \/>\n\t<meta property=\"og:image:height\" content=\"719\" \/>\n\t<meta property=\"og:image:type\" content=\"image\/jpeg\" \/>\n<meta name=\"author\" content=\"alcalde\" \/>\n<meta name=\"twitter:card\" content=\"summary_large_image\" \/>\n<meta name=\"twitter:label1\" content=\"Escrito por\" \/>\n\t<meta name=\"twitter:data1\" content=\"alcalde\" \/>\n\t<meta name=\"twitter:label2\" content=\"Tiempo de lectura\" \/>\n\t<meta name=\"twitter:data2\" content=\"3 minutos\" \/>\n<script type=\"application\/ld+json\" class=\"yoast-schema-graph\">{\"@context\":\"https:\\\/\\\/schema.org\",\"@graph\":[{\"@type\":\"Article\",\"@id\":\"https:\\\/\\\/www.caudete.org\\\/ayuntamiento\\\/la-junta-de-gobierno-solicita-al-ministerio-la-cesion-de-las-4-rotondas-generadas-por-la-a-33\\\/#article\",\"isPartOf\":{\"@id\":\"https:\\\/\\\/www.caudete.org\\\/ayuntamiento\\\/la-junta-de-gobierno-solicita-al-ministerio-la-cesion-de-las-4-rotondas-generadas-por-la-a-33\\\/\"},\"author\":{\"name\":\"alcalde\",\"@id\":\"https:\\\/\\\/www.caudete.org\\\/ayuntamiento\\\/#\\\/schema\\\/person\\\/cc646da9133078ee4d8dd47457947253\"},\"headline\":\"La Junta de Gobierno solicita al Ministerio la cesi\u00f3n de las 4 rotondas generadas por la A-33\",\"datePublished\":\"2023-03-02T08:00:28+00:00\",\"mainEntityOfPage\":{\"@id\":\"https:\\\/\\\/www.caudete.org\\\/ayuntamiento\\\/la-junta-de-gobierno-solicita-al-ministerio-la-cesion-de-las-4-rotondas-generadas-por-la-a-33\\\/\"},\"wordCount\":367,\"image\":{\"@id\":\"https:\\\/\\\/www.caudete.org\\\/ayuntamiento\\\/la-junta-de-gobierno-solicita-al-ministerio-la-cesion-de-las-4-rotondas-generadas-por-la-a-33\\\/#primaryimage\"},\"thumbnailUrl\":\"https:\\\/\\\/www.caudete.org\\\/ayuntamiento\\\/wp-content\\\/uploads\\\/2023\\\/03\\\/Screenshot_2023-03-02-00-30-37-086.jpg\",\"articleSection\":[\"Movilidad Urbana\"],\"inLanguage\":\"es\"},{\"@type\":\"WebPage\",\"@id\":\"https:\\\/\\\/www.caudete.org\\\/ayuntamiento\\\/la-junta-de-gobierno-solicita-al-ministerio-la-cesion-de-las-4-rotondas-generadas-por-la-a-33\\\/\",\"url\":\"https:\\\/\\\/www.caudete.org\\\/ayuntamiento\\\/la-junta-de-gobierno-solicita-al-ministerio-la-cesion-de-las-4-rotondas-generadas-por-la-a-33\\\/\",\"name\":\"La Junta de Gobierno solicita al Ministerio la cesi\u00f3n de las 4 rotondas generadas por la A-33 - MI Ayuntamiento de Caudete\",\"isPartOf\":{\"@id\":\"https:\\\/\\\/www.caudete.org\\\/ayuntamiento\\\/#website\"},\"primaryImageOfPage\":{\"@id\":\"https:\\\/\\\/www.caudete.org\\\/ayuntamiento\\\/la-junta-de-gobierno-solicita-al-ministerio-la-cesion-de-las-4-rotondas-generadas-por-la-a-33\\\/#primaryimage\"},\"image\":{\"@id\":\"https:\\\/\\\/www.caudete.org\\\/ayuntamiento\\\/la-junta-de-gobierno-solicita-al-ministerio-la-cesion-de-las-4-rotondas-generadas-por-la-a-33\\\/#primaryimage\"},\"thumbnailUrl\":\"https:\\\/\\\/www.caudete.org\\\/ayuntamiento\\\/wp-content\\\/uploads\\\/2023\\\/03\\\/Screenshot_2023-03-02-00-30-37-086.jpg\",\"datePublished\":\"2023-03-02T08:00:28+00:00\",\"author\":{\"@id\":\"https:\\\/\\\/www.caudete.org\\\/ayuntamiento\\\/#\\\/schema\\\/person\\\/cc646da9133078ee4d8dd47457947253\"},\"description\":\"P\u00e1gina Oficial del Ayuntamiento de Caudete (Albacete)\",\"breadcrumb\":{\"@id\":\"https:\\\/\\\/www.caudete.org\\\/ayuntamiento\\\/la-junta-de-gobierno-solicita-al-ministerio-la-cesion-de-las-4-rotondas-generadas-por-la-a-33\\\/#breadcrumb\"},\"inLanguage\":\"es\",\"potentialAction\":[{\"@type\":\"ReadAction\",\"target\":[\"https:\\\/\\\/www.caudete.org\\\/ayuntamiento\\\/la-junta-de-gobierno-solicita-al-ministerio-la-cesion-de-las-4-rotondas-generadas-por-la-a-33\\\/\"]}]},{\"@type\":\"ImageObject\",\"inLanguage\":\"es\",\"@id\":\"https:\\\/\\\/www.caudete.org\\\/ayuntamiento\\\/la-junta-de-gobierno-solicita-al-ministerio-la-cesion-de-las-4-rotondas-generadas-por-la-a-33\\\/#primaryimage\",\"url\":\"https:\\\/\\\/www.caudete.org\\\/ayuntamiento\\\/wp-content\\\/uploads\\\/2023\\\/03\\\/Screenshot_2023-03-02-00-30-37-086.jpg\",\"contentUrl\":\"https:\\\/\\\/www.caudete.org\\\/ayuntamiento\\\/wp-content\\\/uploads\\\/2023\\\/03\\\/Screenshot_2023-03-02-00-30-37-086.jpg\",\"width\":1154,\"height\":719},{\"@type\":\"BreadcrumbList\",\"@id\":\"https:\\\/\\\/www.caudete.org\\\/ayuntamiento\\\/la-junta-de-gobierno-solicita-al-ministerio-la-cesion-de-las-4-rotondas-generadas-por-la-a-33\\\/#breadcrumb\",\"itemListElement\":[{\"@type\":\"ListItem\",\"position\":1,\"name\":\"Inicio\",\"item\":\"https:\\\/\\\/www.caudete.org\\\/ayuntamiento\\\/\"},{\"@type\":\"ListItem\",\"position\":2,\"name\":\"La Junta de Gobierno solicita al Ministerio la cesi\u00f3n de las 4 rotondas generadas por la A-33\"}]},{\"@type\":\"WebSite\",\"@id\":\"https:\\\/\\\/www.caudete.org\\\/ayuntamiento\\\/#website\",\"url\":\"https:\\\/\\\/www.caudete.org\\\/ayuntamiento\\\/\",\"name\":\"MI Ayuntamiento de Caudete\",\"description\":\"P\u00e1gina Oficial del MI Ayuntamiento de Caudete\",\"potentialAction\":[{\"@type\":\"SearchAction\",\"target\":{\"@type\":\"EntryPoint\",\"urlTemplate\":\"https:\\\/\\\/www.caudete.org\\\/ayuntamiento\\\/?s={search_term_string}\"},\"query-input\":{\"@type\":\"PropertyValueSpecification\",\"valueRequired\":true,\"valueName\":\"search_term_string\"}}],\"inLanguage\":\"es\"},{\"@type\":\"Person\",\"@id\":\"https:\\\/\\\/www.caudete.org\\\/ayuntamiento\\\/#\\\/schema\\\/person\\\/cc646da9133078ee4d8dd47457947253\",\"name\":\"alcalde\",\"image\":{\"@type\":\"ImageObject\",\"inLanguage\":\"es\",\"@id\":\"https:\\\/\\\/secure.gravatar.com\\\/avatar\\\/84a817ba065b29ff08d666b215a215f5c79186a645ccb25b14a663d48a130f77?s=96&d=mm&r=g\",\"url\":\"https:\\\/\\\/secure.gravatar.com\\\/avatar\\\/84a817ba065b29ff08d666b215a215f5c79186a645ccb25b14a663d48a130f77?s=96&d=mm&r=g\",\"contentUrl\":\"https:\\\/\\\/secure.gravatar.com\\\/avatar\\\/84a817ba065b29ff08d666b215a215f5c79186a645ccb25b14a663d48a130f77?s=96&d=mm&r=g\",\"caption\":\"alcalde\"},\"url\":\"https:\\\/\\\/www.caudete.org\\\/ayuntamiento\\\/author\\\/alcalde\\\/\"}]}<\/script>\n<!-- \/ Yoast SEO plugin. -->","yoast_head_json":{"title":"La Junta de Gobierno solicita al Ministerio la cesi\u00f3n de las 4 rotondas generadas por la A-33 - MI Ayuntamiento de Caudete","description":"P\u00e1gina Oficial del Ayuntamiento de Caudete (Albacete)","robots":{"index":"index","follow":"follow","max-snippet":"max-snippet:-1","max-image-preview":"max-image-preview:large","max-video-preview":"max-video-preview:-1"},"canonical":"https:\/\/www.caudete.org\/ayuntamiento\/la-junta-de-gobierno-solicita-al-ministerio-la-cesion-de-las-4-rotondas-generadas-por-la-a-33\/","og_locale":"es_ES","og_type":"article","og_title":"La Junta de Gobierno solicita al Ministerio la cesi\u00f3n de las 4 rotondas generadas por la A-33 - MI Ayuntamiento de Caudete","og_description":"P\u00e1gina Oficial del Ayuntamiento de Caudete (Albacete)","og_url":"https:\/\/www.caudete.org\/ayuntamiento\/la-junta-de-gobierno-solicita-al-ministerio-la-cesion-de-las-4-rotondas-generadas-por-la-a-33\/","og_site_name":"MI Ayuntamiento de Caudete","article_publisher":"https:\/\/www.facebook.com\/ayuntamientocaudete\/","article_published_time":"2023-03-02T08:00:28+00:00","og_image":[{"width":1154,"height":719,"url":"https:\/\/www.caudete.org\/ayuntamiento\/wp-content\/uploads\/2023\/03\/Screenshot_2023-03-02-00-30-37-086.jpg","type":"image\/jpeg"}],"author":"alcalde","twitter_card":"summary_large_image","twitter_misc":{"Escrito por":"alcalde","Tiempo de lectura":"3 minutos"},"schema":{"@context":"https:\/\/schema.org","@graph":[{"@type":"Article","@id":"https:\/\/www.caudete.org\/ayuntamiento\/la-junta-de-gobierno-solicita-al-ministerio-la-cesion-de-las-4-rotondas-generadas-por-la-a-33\/#article","isPartOf":{"@id":"https:\/\/www.caudete.org\/ayuntamiento\/la-junta-de-gobierno-solicita-al-ministerio-la-cesion-de-las-4-rotondas-generadas-por-la-a-33\/"},"author":{"name":"alcalde","@id":"https:\/\/www.caudete.org\/ayuntamiento\/#\/schema\/person\/cc646da9133078ee4d8dd47457947253"},"headline":"La Junta de Gobierno solicita al Ministerio la cesi\u00f3n de las 4 rotondas generadas por la A-33","datePublished":"2023-03-02T08:00:28+00:00","mainEntityOfPage":{"@id":"https:\/\/www.caudete.org\/ayuntamiento\/la-junta-de-gobierno-solicita-al-ministerio-la-cesion-de-las-4-rotondas-generadas-por-la-a-33\/"},"wordCount":367,"image":{"@id":"https:\/\/www.caudete.org\/ayuntamiento\/la-junta-de-gobierno-solicita-al-ministerio-la-cesion-de-las-4-rotondas-generadas-por-la-a-33\/#primaryimage"},"thumbnailUrl":"https:\/\/www.caudete.org\/ayuntamiento\/wp-content\/uploads\/2023\/03\/Screenshot_2023-03-02-00-30-37-086.jpg","articleSection":["Movilidad Urbana"],"inLanguage":"es"},{"@type":"WebPage","@id":"https:\/\/www.caudete.org\/ayuntamiento\/la-junta-de-gobierno-solicita-al-ministerio-la-cesion-de-las-4-rotondas-generadas-por-la-a-33\/","url":"https:\/\/www.caudete.org\/ayuntamiento\/la-junta-de-gobierno-solicita-al-ministerio-la-cesion-de-las-4-rotondas-generadas-por-la-a-33\/","name":"La Junta de Gobierno solicita al Ministerio la cesi\u00f3n de las 4 rotondas generadas por la A-33 - MI Ayuntamiento de Caudete","isPartOf":{"@id":"https:\/\/www.caudete.org\/ayuntamiento\/#website"},"primaryImageOfPage":{"@id":"https:\/\/www.caudete.org\/ayuntamiento\/la-junta-de-gobierno-solicita-al-ministerio-la-cesion-de-las-4-rotondas-generadas-por-la-a-33\/#primaryimage"},"image":{"@id":"https:\/\/www.caudete.org\/ayuntamiento\/la-junta-de-gobierno-solicita-al-ministerio-la-cesion-de-las-4-rotondas-generadas-por-la-a-33\/#primaryimage"},"thumbnailUrl":"https:\/\/www.caudete.org\/ayuntamiento\/wp-content\/uploads\/2023\/03\/Screenshot_2023-03-02-00-30-37-086.jpg","datePublished":"2023-03-02T08:00:28+00:00","author":{"@id":"https:\/\/www.caudete.org\/ayuntamiento\/#\/schema\/person\/cc646da9133078ee4d8dd47457947253"},"description":"P\u00e1gina Oficial del Ayuntamiento de Caudete (Albacete)","breadcrumb":{"@id":"https:\/\/www.caudete.org\/ayuntamiento\/la-junta-de-gobierno-solicita-al-ministerio-la-cesion-de-las-4-rotondas-generadas-por-la-a-33\/#breadcrumb"},"inLanguage":"es","potentialAction":[{"@type":"ReadAction","target":["https:\/\/www.caudete.org\/ayuntamiento\/la-junta-de-gobierno-solicita-al-ministerio-la-cesion-de-las-4-rotondas-generadas-por-la-a-33\/"]}]},{"@type":"ImageObject","inLanguage":"es","@id":"https:\/\/www.caudete.org\/ayuntamiento\/la-junta-de-gobierno-solicita-al-ministerio-la-cesion-de-las-4-rotondas-generadas-por-la-a-33\/#primaryimage","url":"https:\/\/www.caudete.org\/ayuntamiento\/wp-content\/uploads\/2023\/03\/Screenshot_2023-03-02-00-30-37-086.jpg","contentUrl":"https:\/\/www.caudete.org\/ayuntamiento\/wp-content\/uploads\/2023\/03\/Screenshot_2023-03-02-00-30-37-086.jpg","width":1154,"height":719},{"@type":"BreadcrumbList","@id":"https:\/\/www.caudete.org\/ayuntamiento\/la-junta-de-gobierno-solicita-al-ministerio-la-cesion-de-las-4-rotondas-generadas-por-la-a-33\/#breadcrumb","itemListElement":[{"@type":"ListItem","position":1,"name":"Inicio","item":"https:\/\/www.caudete.org\/ayuntamiento\/"},{"@type":"ListItem","position":2,"name":"La Junta de Gobierno solicita al Ministerio la cesi\u00f3n de las 4 rotondas generadas por la A-33"}]},{"@type":"WebSite","@id":"https:\/\/www.caudete.org\/ayuntamiento\/#website","url":"https:\/\/www.caudete.org\/ayuntamiento\/","name":"MI Ayuntamiento de Caudete","description":"P\u00e1gina Oficial del MI Ayuntamiento de Caudete","potentialAction":[{"@type":"SearchAction","target":{"@type":"EntryPoint","urlTemplate":"https:\/\/www.caudete.org\/ayuntamiento\/?s={search_term_string}"},"query-input":{"@type":"PropertyValueSpecification","valueRequired":true,"valueName":"search_term_string"}}],"inLanguage":"es"},{"@type":"Person","@id":"https:\/\/www.caudete.org\/ayuntamiento\/#\/schema\/person\/cc646da9133078ee4d8dd47457947253","name":"alcalde","image":{"@type":"ImageObject","inLanguage":"es","@id":"https:\/\/secure.gravatar.com\/avatar\/84a817ba065b29ff08d666b215a215f5c79186a645ccb25b14a663d48a130f77?s=96&d=mm&r=g","url":"https:\/\/secure.gravatar.com\/avatar\/84a817ba065b29ff08d666b215a215f5c79186a645ccb25b14a663d48a130f77?s=96&d=mm&r=g","contentUrl":"https:\/\/secure.gravatar.com\/avatar\/84a817ba065b29ff08d666b215a215f5c79186a645ccb25b14a663d48a130f77?s=96&d=mm&r=g","caption":"alcalde"},"url":"https:\/\/www.caudete.org\/ayuntamiento\/author\/alcalde\/"}]}},"_links":{"self":[{"href":"https:\/\/www.caudete.org\/ayuntamiento\/wp-json\/wp\/v2\/posts\/21581","targetHints":{"allow":["GET"]}}],"collection":[{"href":"https:\/\/www.caudete.org\/ayuntamiento\/wp-json\/wp\/v2\/posts"}],"about":[{"href":"https:\/\/www.caudete.org\/ayuntamiento\/wp-json\/wp\/v2\/types\/post"}],"author":[{"embeddable":true,"href":"https:\/\/www.caudete.org\/ayuntamiento\/wp-json\/wp\/v2\/users\/3"}],"replies":[{"embeddable":true,"href":"https:\/\/www.caudete.org\/ayuntamiento\/wp-json\/wp\/v2\/comments?post=21581"}],"version-history":[{"count":1,"href":"https:\/\/www.caudete.org\/ayuntamiento\/wp-json\/wp\/v2\/posts\/21581\/revisions"}],"predecessor-version":[{"id":21585,"href":"https:\/\/www.caudete.org\/ayuntamiento\/wp-json\/wp\/v2\/posts\/21581\/revisions\/21585"}],"wp:featuredmedia":[{"embeddable":true,"href":"https:\/\/www.caudete.org\/ayuntamiento\/wp-json\/wp\/v2\/media\/21584"}],"wp:attachment":[{"href":"https:\/\/www.caudete.org\/ayuntamiento\/wp-json\/wp\/v2\/media?parent=21581"}],"wp:term":[{"taxonomy":"category","embeddable":true,"href":"https:\/\/www.caudete.org\/ayuntamiento\/wp-json\/wp\/v2\/categories?post=21581"},{"taxonomy":"post_tag","embeddable":true,"href":"https:\/\/www.caudete.org\/ayuntamiento\/wp-json\/wp\/v2\/tags?post=21581"}],"curies":[{"name":"wp","href":"https:\/\/api.w.org\/{rel}","templated":true}]}}