{"id":21612,"date":"2023-03-07T08:39:25","date_gmt":"2023-03-07T07:39:25","guid":{"rendered":"https:\/\/www.caudete.org\/ayuntamiento\/?p=21612"},"modified":"2023-03-07T11:34:06","modified_gmt":"2023-03-07T10:34:06","slug":"pilonas-semiatomaticas-para-la-avenida-virgen-de-gracia","status":"publish","type":"post","link":"https:\/\/www.caudete.org\/ayuntamiento\/pilonas-semiatomaticas-para-la-avenida-virgen-de-gracia\/","title":{"rendered":"Pilonas semiautom\u00e1ticas para la Avenida Virgen de Gracia"},"content":{"rendered":"<p style=\"text-align: justify;\"><span style=\"font-weight: 400;\">Desde la concejal\u00eda de Movilidad Urbana, el Edil Joaqu\u00edn Pag\u00e1n informa de la instalaci\u00f3n de 2 pilonas semiautom\u00e1ticas de acero inoxidable en el inicio de la Avenida Virgen de Gracia, junto a Villa Isabel.<\/span><\/p>\n<p style=\"text-align: justify;\"><span style=\"font-weight: 400;\">La Avenida Virgen de Gracia es una v\u00eda peatonal donde \u00fanicamente se permite el tr\u00e1fico rodado para vecinos. De hecho, los caudetanos la entienden como una zona de recreo, de paseo, de esparcimiento, donde adem\u00e1s se ubican dos de los Centros Escolares del municipio.\u00a0<\/span><\/p>\n<p style=\"text-align: justify;\"><span style=\"font-weight: 400;\">Hace un tiempo, desde el Consistorio se opt\u00f3 como medida de garant\u00eda para la semipeatonalizaci\u00f3n de la v\u00eda y su seguridad, la instalaci\u00f3n de pilonas m\u00f3viles en diferentes lugares de la Avenida, quedando asegurado el acceso de residentes por v\u00edas laterales.\u00a0<\/span><\/p>\n<p style=\"text-align: justify;\"><span style=\"font-weight: 400;\">Dado el deterioro de alguno de estos elementos y su retirada, o el vandalismo sobre alguna de ellas, se ha optado desde la Concejal\u00eda de Movilidad a realizar esta actuaci\u00f3n en el tramo semipeatonal inicial de la Avenida. Para ello, a las 2 <\/span><span style=\"font-weight: 400;\">pilonas autom\u00e1ticas, se le han sumado la instalaci\u00f3n de 4 bolardos fijos quedando el acceso cerrado al tr\u00e1fico rodado.<\/span><\/p>\n<p style=\"text-align: justify;\">El Concejal remarcaba que &#8220;<em>e<\/em><span style=\"font-weight: 400;\"><em>speramos que con esta medida consigamos disminuir el tr\u00e1fico de veh\u00edculos aportando mayor seguridad a los peatones<\/em>&#8221; a la vez que reconoc\u00eda que esta &#8220;<\/span><span style=\"font-weight: 400;\"><em>es una primera medida que vendr\u00e1 acompa\u00f1adas de otras para conseguir que esta Avenida sea peatonal, y podamos disfrutar de ella con total seguridad<\/em>&#8220;.<\/span><\/p>\n","protected":false},"excerpt":{"rendered":"<p>Desde la concejal\u00eda de Movilidad Urbana, el Edil Joaqu\u00edn Pag\u00e1n informa de la instalaci\u00f3n de 2 pilonas semiautom\u00e1ticas de acero inoxidable en el inicio de la Avenida Virgen de Gracia, junto a Villa Isabel. La Avenida Virgen de Gracia es una v\u00eda peatonal donde \u00fanicamente se permite el tr\u00e1fico rodado para vecinos. De hecho, los &hellip;<\/p>\n","protected":false},"author":3,"featured_media":21614,"comment_status":"closed","ping_status":"open","sticky":false,"template":"","format":"standard","meta":{"ngg_post_thumbnail":0,"footnotes":""},"categories":[46],"tags":[],"class_list":["post-21612","post","type-post","status-publish","format-standard","has-post-thumbnail","hentry","category-movilidad-urbana"],"yoast_head":"<!-- This site is optimized with the Yoast SEO plugin v27.5 - https:\/\/yoast.com\/product\/yoast-seo-wordpress\/ -->\n<title>Pilonas semiautom\u00e1ticas para la Avenida Virgen de Gracia - MI Ayuntamiento de Caudete<\/title>\n<meta name=\"description\" content=\"P\u00e1gina Oficial del Ayuntamiento de Caudete (Albacete)\" \/>\n<meta name=\"robots\" content=\"index, follow, max-snippet:-1, max-image-preview:large, max-video-preview:-1\" \/>\n<link rel=\"canonical\" href=\"https:\/\/www.caudete.org\/ayuntamiento\/pilonas-semiatomaticas-para-la-avenida-virgen-de-gracia\/\" \/>\n<meta property=\"og:locale\" content=\"es_ES\" \/>\n<meta property=\"og:type\" content=\"article\" \/>\n<meta property=\"og:title\" content=\"Pilonas semiautom\u00e1ticas para la Avenida Virgen de Gracia - MI Ayuntamiento de Caudete\" \/>\n<meta property=\"og:description\" content=\"P\u00e1gina Oficial del Ayuntamiento de Caudete (Albacete)\" \/>\n<meta property=\"og:url\" content=\"https:\/\/www.caudete.org\/ayuntamiento\/pilonas-semiatomaticas-para-la-avenida-virgen-de-gracia\/\" \/>\n<meta property=\"og:site_name\" content=\"MI Ayuntamiento de Caudete\" \/>\n<meta property=\"article:publisher\" content=\"https:\/\/www.facebook.com\/ayuntamientocaudete\/\" \/>\n<meta property=\"article:published_time\" content=\"2023-03-07T07:39:25+00:00\" \/>\n<meta property=\"article:modified_time\" content=\"2023-03-07T10:34:06+00:00\" \/>\n<meta property=\"og:image\" content=\"https:\/\/www.caudete.org\/ayuntamiento\/wp-content\/uploads\/2023\/03\/pilonas-semiautomaticas-camino-de-la-virgen.png\" \/>\n\t<meta property=\"og:image:width\" content=\"792\" \/>\n\t<meta property=\"og:image:height\" content=\"576\" \/>\n\t<meta property=\"og:image:type\" content=\"image\/png\" \/>\n<meta name=\"author\" content=\"alcalde\" \/>\n<meta name=\"twitter:card\" content=\"summary_large_image\" \/>\n<meta name=\"twitter:label1\" content=\"Escrito por\" \/>\n\t<meta name=\"twitter:data1\" content=\"alcalde\" \/>\n\t<meta name=\"twitter:label2\" content=\"Tiempo de lectura\" \/>\n\t<meta name=\"twitter:data2\" content=\"2 minutos\" \/>\n<script type=\"application\/ld+json\" class=\"yoast-schema-graph\">{\"@context\":\"https:\\\/\\\/schema.org\",\"@graph\":[{\"@type\":\"Article\",\"@id\":\"https:\\\/\\\/www.caudete.org\\\/ayuntamiento\\\/pilonas-semiatomaticas-para-la-avenida-virgen-de-gracia\\\/#article\",\"isPartOf\":{\"@id\":\"https:\\\/\\\/www.caudete.org\\\/ayuntamiento\\\/pilonas-semiatomaticas-para-la-avenida-virgen-de-gracia\\\/\"},\"author\":{\"name\":\"alcalde\",\"@id\":\"https:\\\/\\\/www.caudete.org\\\/ayuntamiento\\\/#\\\/schema\\\/person\\\/cc646da9133078ee4d8dd47457947253\"},\"headline\":\"Pilonas semiautom\u00e1ticas para la Avenida Virgen de Gracia\",\"datePublished\":\"2023-03-07T07:39:25+00:00\",\"dateModified\":\"2023-03-07T10:34:06+00:00\",\"mainEntityOfPage\":{\"@id\":\"https:\\\/\\\/www.caudete.org\\\/ayuntamiento\\\/pilonas-semiatomaticas-para-la-avenida-virgen-de-gracia\\\/\"},\"wordCount\":263,\"image\":{\"@id\":\"https:\\\/\\\/www.caudete.org\\\/ayuntamiento\\\/pilonas-semiatomaticas-para-la-avenida-virgen-de-gracia\\\/#primaryimage\"},\"thumbnailUrl\":\"https:\\\/\\\/www.caudete.org\\\/ayuntamiento\\\/wp-content\\\/uploads\\\/2023\\\/03\\\/pilonas-semiautomaticas-camino-de-la-virgen.png\",\"articleSection\":[\"Movilidad Urbana\"],\"inLanguage\":\"es\"},{\"@type\":\"WebPage\",\"@id\":\"https:\\\/\\\/www.caudete.org\\\/ayuntamiento\\\/pilonas-semiatomaticas-para-la-avenida-virgen-de-gracia\\\/\",\"url\":\"https:\\\/\\\/www.caudete.org\\\/ayuntamiento\\\/pilonas-semiatomaticas-para-la-avenida-virgen-de-gracia\\\/\",\"name\":\"Pilonas semiautom\u00e1ticas para la Avenida Virgen de Gracia - MI Ayuntamiento de Caudete\",\"isPartOf\":{\"@id\":\"https:\\\/\\\/www.caudete.org\\\/ayuntamiento\\\/#website\"},\"primaryImageOfPage\":{\"@id\":\"https:\\\/\\\/www.caudete.org\\\/ayuntamiento\\\/pilonas-semiatomaticas-para-la-avenida-virgen-de-gracia\\\/#primaryimage\"},\"image\":{\"@id\":\"https:\\\/\\\/www.caudete.org\\\/ayuntamiento\\\/pilonas-semiatomaticas-para-la-avenida-virgen-de-gracia\\\/#primaryimage\"},\"thumbnailUrl\":\"https:\\\/\\\/www.caudete.org\\\/ayuntamiento\\\/wp-content\\\/uploads\\\/2023\\\/03\\\/pilonas-semiautomaticas-camino-de-la-virgen.png\",\"datePublished\":\"2023-03-07T07:39:25+00:00\",\"dateModified\":\"2023-03-07T10:34:06+00:00\",\"author\":{\"@id\":\"https:\\\/\\\/www.caudete.org\\\/ayuntamiento\\\/#\\\/schema\\\/person\\\/cc646da9133078ee4d8dd47457947253\"},\"description\":\"P\u00e1gina Oficial del Ayuntamiento de Caudete (Albacete)\",\"breadcrumb\":{\"@id\":\"https:\\\/\\\/www.caudete.org\\\/ayuntamiento\\\/pilonas-semiatomaticas-para-la-avenida-virgen-de-gracia\\\/#breadcrumb\"},\"inLanguage\":\"es\",\"potentialAction\":[{\"@type\":\"ReadAction\",\"target\":[\"https:\\\/\\\/www.caudete.org\\\/ayuntamiento\\\/pilonas-semiatomaticas-para-la-avenida-virgen-de-gracia\\\/\"]}]},{\"@type\":\"ImageObject\",\"inLanguage\":\"es\",\"@id\":\"https:\\\/\\\/www.caudete.org\\\/ayuntamiento\\\/pilonas-semiatomaticas-para-la-avenida-virgen-de-gracia\\\/#primaryimage\",\"url\":\"https:\\\/\\\/www.caudete.org\\\/ayuntamiento\\\/wp-content\\\/uploads\\\/2023\\\/03\\\/pilonas-semiautomaticas-camino-de-la-virgen.png\",\"contentUrl\":\"https:\\\/\\\/www.caudete.org\\\/ayuntamiento\\\/wp-content\\\/uploads\\\/2023\\\/03\\\/pilonas-semiautomaticas-camino-de-la-virgen.png\",\"width\":792,\"height\":576},{\"@type\":\"BreadcrumbList\",\"@id\":\"https:\\\/\\\/www.caudete.org\\\/ayuntamiento\\\/pilonas-semiatomaticas-para-la-avenida-virgen-de-gracia\\\/#breadcrumb\",\"itemListElement\":[{\"@type\":\"ListItem\",\"position\":1,\"name\":\"Inicio\",\"item\":\"https:\\\/\\\/www.caudete.org\\\/ayuntamiento\\\/\"},{\"@type\":\"ListItem\",\"position\":2,\"name\":\"Pilonas semiautom\u00e1ticas para la Avenida Virgen de Gracia\"}]},{\"@type\":\"WebSite\",\"@id\":\"https:\\\/\\\/www.caudete.org\\\/ayuntamiento\\\/#website\",\"url\":\"https:\\\/\\\/www.caudete.org\\\/ayuntamiento\\\/\",\"name\":\"MI Ayuntamiento de Caudete\",\"description\":\"P\u00e1gina Oficial del MI Ayuntamiento de Caudete\",\"potentialAction\":[{\"@type\":\"SearchAction\",\"target\":{\"@type\":\"EntryPoint\",\"urlTemplate\":\"https:\\\/\\\/www.caudete.org\\\/ayuntamiento\\\/?s={search_term_string}\"},\"query-input\":{\"@type\":\"PropertyValueSpecification\",\"valueRequired\":true,\"valueName\":\"search_term_string\"}}],\"inLanguage\":\"es\"},{\"@type\":\"Person\",\"@id\":\"https:\\\/\\\/www.caudete.org\\\/ayuntamiento\\\/#\\\/schema\\\/person\\\/cc646da9133078ee4d8dd47457947253\",\"name\":\"alcalde\",\"image\":{\"@type\":\"ImageObject\",\"inLanguage\":\"es\",\"@id\":\"https:\\\/\\\/secure.gravatar.com\\\/avatar\\\/84a817ba065b29ff08d666b215a215f5c79186a645ccb25b14a663d48a130f77?s=96&d=mm&r=g\",\"url\":\"https:\\\/\\\/secure.gravatar.com\\\/avatar\\\/84a817ba065b29ff08d666b215a215f5c79186a645ccb25b14a663d48a130f77?s=96&d=mm&r=g\",\"contentUrl\":\"https:\\\/\\\/secure.gravatar.com\\\/avatar\\\/84a817ba065b29ff08d666b215a215f5c79186a645ccb25b14a663d48a130f77?s=96&d=mm&r=g\",\"caption\":\"alcalde\"},\"url\":\"https:\\\/\\\/www.caudete.org\\\/ayuntamiento\\\/author\\\/alcalde\\\/\"}]}<\/script>\n<!-- \/ Yoast SEO plugin. -->","yoast_head_json":{"title":"Pilonas semiautom\u00e1ticas para la Avenida Virgen de Gracia - MI Ayuntamiento de Caudete","description":"P\u00e1gina Oficial del Ayuntamiento de Caudete (Albacete)","robots":{"index":"index","follow":"follow","max-snippet":"max-snippet:-1","max-image-preview":"max-image-preview:large","max-video-preview":"max-video-preview:-1"},"canonical":"https:\/\/www.caudete.org\/ayuntamiento\/pilonas-semiatomaticas-para-la-avenida-virgen-de-gracia\/","og_locale":"es_ES","og_type":"article","og_title":"Pilonas semiautom\u00e1ticas para la Avenida Virgen de Gracia - MI Ayuntamiento de Caudete","og_description":"P\u00e1gina Oficial del Ayuntamiento de Caudete (Albacete)","og_url":"https:\/\/www.caudete.org\/ayuntamiento\/pilonas-semiatomaticas-para-la-avenida-virgen-de-gracia\/","og_site_name":"MI Ayuntamiento de Caudete","article_publisher":"https:\/\/www.facebook.com\/ayuntamientocaudete\/","article_published_time":"2023-03-07T07:39:25+00:00","article_modified_time":"2023-03-07T10:34:06+00:00","og_image":[{"width":792,"height":576,"url":"https:\/\/www.caudete.org\/ayuntamiento\/wp-content\/uploads\/2023\/03\/pilonas-semiautomaticas-camino-de-la-virgen.png","type":"image\/png"}],"author":"alcalde","twitter_card":"summary_large_image","twitter_misc":{"Escrito por":"alcalde","Tiempo de lectura":"2 minutos"},"schema":{"@context":"https:\/\/schema.org","@graph":[{"@type":"Article","@id":"https:\/\/www.caudete.org\/ayuntamiento\/pilonas-semiatomaticas-para-la-avenida-virgen-de-gracia\/#article","isPartOf":{"@id":"https:\/\/www.caudete.org\/ayuntamiento\/pilonas-semiatomaticas-para-la-avenida-virgen-de-gracia\/"},"author":{"name":"alcalde","@id":"https:\/\/www.caudete.org\/ayuntamiento\/#\/schema\/person\/cc646da9133078ee4d8dd47457947253"},"headline":"Pilonas semiautom\u00e1ticas para la Avenida Virgen de Gracia","datePublished":"2023-03-07T07:39:25+00:00","dateModified":"2023-03-07T10:34:06+00:00","mainEntityOfPage":{"@id":"https:\/\/www.caudete.org\/ayuntamiento\/pilonas-semiatomaticas-para-la-avenida-virgen-de-gracia\/"},"wordCount":263,"image":{"@id":"https:\/\/www.caudete.org\/ayuntamiento\/pilonas-semiatomaticas-para-la-avenida-virgen-de-gracia\/#primaryimage"},"thumbnailUrl":"https:\/\/www.caudete.org\/ayuntamiento\/wp-content\/uploads\/2023\/03\/pilonas-semiautomaticas-camino-de-la-virgen.png","articleSection":["Movilidad Urbana"],"inLanguage":"es"},{"@type":"WebPage","@id":"https:\/\/www.caudete.org\/ayuntamiento\/pilonas-semiatomaticas-para-la-avenida-virgen-de-gracia\/","url":"https:\/\/www.caudete.org\/ayuntamiento\/pilonas-semiatomaticas-para-la-avenida-virgen-de-gracia\/","name":"Pilonas semiautom\u00e1ticas para la Avenida Virgen de Gracia - MI Ayuntamiento de Caudete","isPartOf":{"@id":"https:\/\/www.caudete.org\/ayuntamiento\/#website"},"primaryImageOfPage":{"@id":"https:\/\/www.caudete.org\/ayuntamiento\/pilonas-semiatomaticas-para-la-avenida-virgen-de-gracia\/#primaryimage"},"image":{"@id":"https:\/\/www.caudete.org\/ayuntamiento\/pilonas-semiatomaticas-para-la-avenida-virgen-de-gracia\/#primaryimage"},"thumbnailUrl":"https:\/\/www.caudete.org\/ayuntamiento\/wp-content\/uploads\/2023\/03\/pilonas-semiautomaticas-camino-de-la-virgen.png","datePublished":"2023-03-07T07:39:25+00:00","dateModified":"2023-03-07T10:34:06+00:00","author":{"@id":"https:\/\/www.caudete.org\/ayuntamiento\/#\/schema\/person\/cc646da9133078ee4d8dd47457947253"},"description":"P\u00e1gina Oficial del Ayuntamiento de Caudete (Albacete)","breadcrumb":{"@id":"https:\/\/www.caudete.org\/ayuntamiento\/pilonas-semiatomaticas-para-la-avenida-virgen-de-gracia\/#breadcrumb"},"inLanguage":"es","potentialAction":[{"@type":"ReadAction","target":["https:\/\/www.caudete.org\/ayuntamiento\/pilonas-semiatomaticas-para-la-avenida-virgen-de-gracia\/"]}]},{"@type":"ImageObject","inLanguage":"es","@id":"https:\/\/www.caudete.org\/ayuntamiento\/pilonas-semiatomaticas-para-la-avenida-virgen-de-gracia\/#primaryimage","url":"https:\/\/www.caudete.org\/ayuntamiento\/wp-content\/uploads\/2023\/03\/pilonas-semiautomaticas-camino-de-la-virgen.png","contentUrl":"https:\/\/www.caudete.org\/ayuntamiento\/wp-content\/uploads\/2023\/03\/pilonas-semiautomaticas-camino-de-la-virgen.png","width":792,"height":576},{"@type":"BreadcrumbList","@id":"https:\/\/www.caudete.org\/ayuntamiento\/pilonas-semiatomaticas-para-la-avenida-virgen-de-gracia\/#breadcrumb","itemListElement":[{"@type":"ListItem","position":1,"name":"Inicio","item":"https:\/\/www.caudete.org\/ayuntamiento\/"},{"@type":"ListItem","position":2,"name":"Pilonas semiautom\u00e1ticas para la Avenida Virgen de Gracia"}]},{"@type":"WebSite","@id":"https:\/\/www.caudete.org\/ayuntamiento\/#website","url":"https:\/\/www.caudete.org\/ayuntamiento\/","name":"MI Ayuntamiento de Caudete","description":"P\u00e1gina Oficial del MI Ayuntamiento de Caudete","potentialAction":[{"@type":"SearchAction","target":{"@type":"EntryPoint","urlTemplate":"https:\/\/www.caudete.org\/ayuntamiento\/?s={search_term_string}"},"query-input":{"@type":"PropertyValueSpecification","valueRequired":true,"valueName":"search_term_string"}}],"inLanguage":"es"},{"@type":"Person","@id":"https:\/\/www.caudete.org\/ayuntamiento\/#\/schema\/person\/cc646da9133078ee4d8dd47457947253","name":"alcalde","image":{"@type":"ImageObject","inLanguage":"es","@id":"https:\/\/secure.gravatar.com\/avatar\/84a817ba065b29ff08d666b215a215f5c79186a645ccb25b14a663d48a130f77?s=96&d=mm&r=g","url":"https:\/\/secure.gravatar.com\/avatar\/84a817ba065b29ff08d666b215a215f5c79186a645ccb25b14a663d48a130f77?s=96&d=mm&r=g","contentUrl":"https:\/\/secure.gravatar.com\/avatar\/84a817ba065b29ff08d666b215a215f5c79186a645ccb25b14a663d48a130f77?s=96&d=mm&r=g","caption":"alcalde"},"url":"https:\/\/www.caudete.org\/ayuntamiento\/author\/alcalde\/"}]}},"_links":{"self":[{"href":"https:\/\/www.caudete.org\/ayuntamiento\/wp-json\/wp\/v2\/posts\/21612","targetHints":{"allow":["GET"]}}],"collection":[{"href":"https:\/\/www.caudete.org\/ayuntamiento\/wp-json\/wp\/v2\/posts"}],"about":[{"href":"https:\/\/www.caudete.org\/ayuntamiento\/wp-json\/wp\/v2\/types\/post"}],"author":[{"embeddable":true,"href":"https:\/\/www.caudete.org\/ayuntamiento\/wp-json\/wp\/v2\/users\/3"}],"replies":[{"embeddable":true,"href":"https:\/\/www.caudete.org\/ayuntamiento\/wp-json\/wp\/v2\/comments?post=21612"}],"version-history":[{"count":3,"href":"https:\/\/www.caudete.org\/ayuntamiento\/wp-json\/wp\/v2\/posts\/21612\/revisions"}],"predecessor-version":[{"id":21628,"href":"https:\/\/www.caudete.org\/ayuntamiento\/wp-json\/wp\/v2\/posts\/21612\/revisions\/21628"}],"wp:featuredmedia":[{"embeddable":true,"href":"https:\/\/www.caudete.org\/ayuntamiento\/wp-json\/wp\/v2\/media\/21614"}],"wp:attachment":[{"href":"https:\/\/www.caudete.org\/ayuntamiento\/wp-json\/wp\/v2\/media?parent=21612"}],"wp:term":[{"taxonomy":"category","embeddable":true,"href":"https:\/\/www.caudete.org\/ayuntamiento\/wp-json\/wp\/v2\/categories?post=21612"},{"taxonomy":"post_tag","embeddable":true,"href":"https:\/\/www.caudete.org\/ayuntamiento\/wp-json\/wp\/v2\/tags?post=21612"}],"curies":[{"name":"wp","href":"https:\/\/api.w.org\/{rel}","templated":true}]}}