{"id":21632,"date":"2023-03-09T07:50:17","date_gmt":"2023-03-09T06:50:17","guid":{"rendered":"https:\/\/www.caudete.org\/ayuntamiento\/?p=21632"},"modified":"2023-03-09T07:56:31","modified_gmt":"2023-03-09T06:56:31","slug":"el-edificio-de-infantil-del-alcazar-y-serrano-contara-con-sistema-de-autoconsumo-mediante-placas-solares","status":"publish","type":"post","link":"https:\/\/www.caudete.org\/ayuntamiento\/el-edificio-de-infantil-del-alcazar-y-serrano-contara-con-sistema-de-autoconsumo-mediante-placas-solares\/","title":{"rendered":"El edificio de Infantil del ALC\u00c1ZAR Y SERRANO contar\u00e1 con sistema de Autoconsumo mediante PLACAS SOLARES"},"content":{"rendered":"<p style=\"text-align: justify;\">La Junta de Gobierno Local daba luz verde hace unas semanas a una actuaci\u00f3n m\u00e1s del Plan de Colegios, con el proyecto de autoconsumo con fuentes de energ\u00eda renovable que desde las Concejal\u00edas de Servicios en colaboraci\u00f3n con la de educaci\u00f3n han desarrollado en el marco del Plan de Recuperaci\u00f3n, Transformaci\u00f3n y Resiliencia, y del Real Decreto 1124\/2021, de 21 de diciembre, por el que se aprueba la concesi\u00f3n directa a las comunidades aut\u00f3nomas y a las ciudades de Ceuta y Melilla de ayudas para la ejecuci\u00f3n de los programas de incentivos para la implantaci\u00f3n de instalaciones de energ\u00edas renovables t\u00e9rmicas en diferentes sectores de la econom\u00eda.<\/p>\n<p style=\"text-align: justify;\">Con un presupuesto aproximado de instalaci\u00f3n de 6.473&#8217;40\u20ac se pretende ubicarlo sobre el edificio de Infantil del CEIP Alc\u00e1zar y Serrano, mediante una instalaci\u00f3n fotovoltaica de 2,70 Kwp\/2,50 Kwn, con un porcentaje de consumo estimado en 93,91% (autoconsumo y vertido a red), y autoconsumida del 39,72% (el resto es consumo de red).<\/p>\n<p style=\"text-align: justify;\">Natalia Ba\u00f1\u00f3n, Concejal de Educaci\u00f3n, remarcaba la importante gesti\u00f3n que desde su \u00e1rea se est\u00e1 realizando en mantenimiento e inversiones gracias al Plan de Colegios, y a la coordinaci\u00f3n con otras Concejal\u00edas, para tener unos Centros Educativos c\u00f3modos, seguros, sostenibles y de calidad.<\/p>\n<p style=\"text-align: justify;\">En este sentido, el Colegio Alc\u00e1zar y Serrano, destacaba que es el que mayor porcentaje de recursos econ\u00f3micos se ha llevado dentro de este Plan de Colegios, dado su tama\u00f1o, y las necesidades que planteaba, cubriendo a\u00fan as\u00ed necesidades del resto de Centros.<\/p>\n<p style=\"text-align: justify;\">Adem\u00e1s, destacaba que este proyecto que hoy se presenta, &#8220;<em>es ya el segundo para Centros Educativos, y no ser\u00e1 el \u00faltimo<\/em>&#8220;.<\/p>\n<p style=\"text-align: justify;\">Por su parte, el Edil Joaqu\u00edn Pag\u00e1n, del \u00e1rea de Servicios, pon\u00eda en valor la importancia de inversi\u00f3n en energ\u00edas renovables, en este caso de autoconsumo, que nos permita un mayor cuidado del planeta, a la vez que no ser dependientes energ\u00e9ticamente mientras nos permite reducir considerablemente la factura de la luz.<\/p>\n<p style=\"text-align: justify;\">A\u00f1ad\u00eda a lo expuesto por Ba\u00f1\u00f3n, que el objetivo del Gobierno Municipal es extender las instalaciones de autoconsumo a todas aquellas instalaciones municipales que sean aconsejables y viables, encargo en el que se trabaja desde la Concejal\u00eda de Servicios, con el Departamento de Medio Ambiente.<\/p>\n","protected":false},"excerpt":{"rendered":"<p>La Junta de Gobierno Local daba luz verde hace unas semanas a una actuaci\u00f3n m\u00e1s del Plan de Colegios, con el proyecto de autoconsumo con fuentes de energ\u00eda renovable que desde las Concejal\u00edas de Servicios en colaboraci\u00f3n con la de educaci\u00f3n han desarrollado en el marco del Plan de Recuperaci\u00f3n, Transformaci\u00f3n y Resiliencia, y del &hellip;<\/p>\n","protected":false},"author":3,"featured_media":21634,"comment_status":"closed","ping_status":"open","sticky":false,"template":"","format":"standard","meta":{"ngg_post_thumbnail":0,"footnotes":""},"categories":[25],"tags":[],"class_list":["post-21632","post","type-post","status-publish","format-standard","has-post-thumbnail","hentry","category-educacion"],"yoast_head":"<!-- This site is optimized with the Yoast SEO plugin v27.4 - https:\/\/yoast.com\/product\/yoast-seo-wordpress\/ -->\n<title>El edificio de Infantil del ALC\u00c1ZAR Y SERRANO contar\u00e1 con sistema de Autoconsumo mediante PLACAS SOLARES - MI Ayuntamiento de Caudete<\/title>\n<meta name=\"description\" content=\"P\u00e1gina Oficial del Ayuntamiento de Caudete (Albacete)\" \/>\n<meta name=\"robots\" content=\"index, follow, max-snippet:-1, max-image-preview:large, max-video-preview:-1\" \/>\n<link rel=\"canonical\" href=\"https:\/\/www.caudete.org\/ayuntamiento\/el-edificio-de-infantil-del-alcazar-y-serrano-contara-con-sistema-de-autoconsumo-mediante-placas-solares\/\" \/>\n<meta property=\"og:locale\" content=\"es_ES\" \/>\n<meta property=\"og:type\" content=\"article\" \/>\n<meta property=\"og:title\" content=\"El edificio de Infantil del ALC\u00c1ZAR Y SERRANO contar\u00e1 con sistema de Autoconsumo mediante PLACAS SOLARES - MI Ayuntamiento de Caudete\" \/>\n<meta property=\"og:description\" content=\"P\u00e1gina Oficial del Ayuntamiento de Caudete (Albacete)\" \/>\n<meta property=\"og:url\" content=\"https:\/\/www.caudete.org\/ayuntamiento\/el-edificio-de-infantil-del-alcazar-y-serrano-contara-con-sistema-de-autoconsumo-mediante-placas-solares\/\" \/>\n<meta property=\"og:site_name\" content=\"MI Ayuntamiento de Caudete\" \/>\n<meta property=\"article:publisher\" content=\"https:\/\/www.facebook.com\/ayuntamientocaudete\/\" \/>\n<meta property=\"article:published_time\" content=\"2023-03-09T06:50:17+00:00\" \/>\n<meta property=\"article:modified_time\" content=\"2023-03-09T06:56:31+00:00\" \/>\n<meta property=\"og:image\" content=\"https:\/\/www.caudete.org\/ayuntamiento\/wp-content\/uploads\/2023\/03\/vlcsnap-2022-08-06-16h39m02s12-768x432-1.png\" \/>\n\t<meta property=\"og:image:width\" content=\"768\" \/>\n\t<meta property=\"og:image:height\" content=\"432\" \/>\n\t<meta property=\"og:image:type\" content=\"image\/png\" \/>\n<meta name=\"author\" content=\"alcalde\" \/>\n<meta name=\"twitter:card\" content=\"summary_large_image\" \/>\n<meta name=\"twitter:label1\" content=\"Escrito por\" \/>\n\t<meta name=\"twitter:data1\" content=\"alcalde\" \/>\n\t<meta name=\"twitter:label2\" content=\"Tiempo de lectura\" \/>\n\t<meta name=\"twitter:data2\" content=\"2 minutos\" \/>\n<script type=\"application\/ld+json\" class=\"yoast-schema-graph\">{\"@context\":\"https:\\\/\\\/schema.org\",\"@graph\":[{\"@type\":\"Article\",\"@id\":\"https:\\\/\\\/www.caudete.org\\\/ayuntamiento\\\/el-edificio-de-infantil-del-alcazar-y-serrano-contara-con-sistema-de-autoconsumo-mediante-placas-solares\\\/#article\",\"isPartOf\":{\"@id\":\"https:\\\/\\\/www.caudete.org\\\/ayuntamiento\\\/el-edificio-de-infantil-del-alcazar-y-serrano-contara-con-sistema-de-autoconsumo-mediante-placas-solares\\\/\"},\"author\":{\"name\":\"alcalde\",\"@id\":\"https:\\\/\\\/www.caudete.org\\\/ayuntamiento\\\/#\\\/schema\\\/person\\\/cc646da9133078ee4d8dd47457947253\"},\"headline\":\"El edificio de Infantil del ALC\u00c1ZAR Y SERRANO contar\u00e1 con sistema de Autoconsumo mediante PLACAS SOLARES\",\"datePublished\":\"2023-03-09T06:50:17+00:00\",\"dateModified\":\"2023-03-09T06:56:31+00:00\",\"mainEntityOfPage\":{\"@id\":\"https:\\\/\\\/www.caudete.org\\\/ayuntamiento\\\/el-edificio-de-infantil-del-alcazar-y-serrano-contara-con-sistema-de-autoconsumo-mediante-placas-solares\\\/\"},\"wordCount\":413,\"publisher\":{\"@id\":\"https:\\\/\\\/www.caudete.org\\\/ayuntamiento\\\/#organization\"},\"image\":{\"@id\":\"https:\\\/\\\/www.caudete.org\\\/ayuntamiento\\\/el-edificio-de-infantil-del-alcazar-y-serrano-contara-con-sistema-de-autoconsumo-mediante-placas-solares\\\/#primaryimage\"},\"thumbnailUrl\":\"https:\\\/\\\/www.caudete.org\\\/ayuntamiento\\\/wp-content\\\/uploads\\\/2023\\\/03\\\/vlcsnap-2022-08-06-16h39m02s12-768x432-1.png\",\"articleSection\":[\"Educaci\u00f3n\"],\"inLanguage\":\"es\"},{\"@type\":\"WebPage\",\"@id\":\"https:\\\/\\\/www.caudete.org\\\/ayuntamiento\\\/el-edificio-de-infantil-del-alcazar-y-serrano-contara-con-sistema-de-autoconsumo-mediante-placas-solares\\\/\",\"url\":\"https:\\\/\\\/www.caudete.org\\\/ayuntamiento\\\/el-edificio-de-infantil-del-alcazar-y-serrano-contara-con-sistema-de-autoconsumo-mediante-placas-solares\\\/\",\"name\":\"El edificio de Infantil del ALC\u00c1ZAR Y SERRANO contar\u00e1 con sistema de Autoconsumo mediante PLACAS SOLARES - MI Ayuntamiento de Caudete\",\"isPartOf\":{\"@id\":\"https:\\\/\\\/www.caudete.org\\\/ayuntamiento\\\/#website\"},\"primaryImageOfPage\":{\"@id\":\"https:\\\/\\\/www.caudete.org\\\/ayuntamiento\\\/el-edificio-de-infantil-del-alcazar-y-serrano-contara-con-sistema-de-autoconsumo-mediante-placas-solares\\\/#primaryimage\"},\"image\":{\"@id\":\"https:\\\/\\\/www.caudete.org\\\/ayuntamiento\\\/el-edificio-de-infantil-del-alcazar-y-serrano-contara-con-sistema-de-autoconsumo-mediante-placas-solares\\\/#primaryimage\"},\"thumbnailUrl\":\"https:\\\/\\\/www.caudete.org\\\/ayuntamiento\\\/wp-content\\\/uploads\\\/2023\\\/03\\\/vlcsnap-2022-08-06-16h39m02s12-768x432-1.png\",\"datePublished\":\"2023-03-09T06:50:17+00:00\",\"dateModified\":\"2023-03-09T06:56:31+00:00\",\"description\":\"P\u00e1gina Oficial del Ayuntamiento de Caudete (Albacete)\",\"breadcrumb\":{\"@id\":\"https:\\\/\\\/www.caudete.org\\\/ayuntamiento\\\/el-edificio-de-infantil-del-alcazar-y-serrano-contara-con-sistema-de-autoconsumo-mediante-placas-solares\\\/#breadcrumb\"},\"inLanguage\":\"es\",\"potentialAction\":[{\"@type\":\"ReadAction\",\"target\":[\"https:\\\/\\\/www.caudete.org\\\/ayuntamiento\\\/el-edificio-de-infantil-del-alcazar-y-serrano-contara-con-sistema-de-autoconsumo-mediante-placas-solares\\\/\"]}]},{\"@type\":\"ImageObject\",\"inLanguage\":\"es\",\"@id\":\"https:\\\/\\\/www.caudete.org\\\/ayuntamiento\\\/el-edificio-de-infantil-del-alcazar-y-serrano-contara-con-sistema-de-autoconsumo-mediante-placas-solares\\\/#primaryimage\",\"url\":\"https:\\\/\\\/www.caudete.org\\\/ayuntamiento\\\/wp-content\\\/uploads\\\/2023\\\/03\\\/vlcsnap-2022-08-06-16h39m02s12-768x432-1.png\",\"contentUrl\":\"https:\\\/\\\/www.caudete.org\\\/ayuntamiento\\\/wp-content\\\/uploads\\\/2023\\\/03\\\/vlcsnap-2022-08-06-16h39m02s12-768x432-1.png\",\"width\":768,\"height\":432},{\"@type\":\"BreadcrumbList\",\"@id\":\"https:\\\/\\\/www.caudete.org\\\/ayuntamiento\\\/el-edificio-de-infantil-del-alcazar-y-serrano-contara-con-sistema-de-autoconsumo-mediante-placas-solares\\\/#breadcrumb\",\"itemListElement\":[{\"@type\":\"ListItem\",\"position\":1,\"name\":\"Inicio\",\"item\":\"https:\\\/\\\/www.caudete.org\\\/ayuntamiento\\\/\"},{\"@type\":\"ListItem\",\"position\":2,\"name\":\"El edificio de Infantil del ALC\u00c1ZAR Y SERRANO contar\u00e1 con sistema de Autoconsumo mediante PLACAS SOLARES\"}]},{\"@type\":\"WebSite\",\"@id\":\"https:\\\/\\\/www.caudete.org\\\/ayuntamiento\\\/#website\",\"url\":\"https:\\\/\\\/www.caudete.org\\\/ayuntamiento\\\/\",\"name\":\"MI Ayuntamiento de Caudete\",\"description\":\"P\u00e1gina Oficial del MI Ayuntamiento de Caudete\",\"publisher\":{\"@id\":\"https:\\\/\\\/www.caudete.org\\\/ayuntamiento\\\/#organization\"},\"potentialAction\":[{\"@type\":\"SearchAction\",\"target\":{\"@type\":\"EntryPoint\",\"urlTemplate\":\"https:\\\/\\\/www.caudete.org\\\/ayuntamiento\\\/?s={search_term_string}\"},\"query-input\":{\"@type\":\"PropertyValueSpecification\",\"valueRequired\":true,\"valueName\":\"search_term_string\"}}],\"inLanguage\":\"es\"},{\"@type\":\"Organization\",\"@id\":\"https:\\\/\\\/www.caudete.org\\\/ayuntamiento\\\/#organization\",\"name\":\"Ayuntamiento de Caudete\",\"url\":\"https:\\\/\\\/www.caudete.org\\\/ayuntamiento\\\/\",\"logo\":{\"@type\":\"ImageObject\",\"inLanguage\":\"es\",\"@id\":\"https:\\\/\\\/www.caudete.org\\\/ayuntamiento\\\/#\\\/schema\\\/logo\\\/image\\\/\",\"url\":\"https:\\\/\\\/www.caudete.org\\\/ayuntamiento\\\/wp-content\\\/uploads\\\/2020\\\/11\\\/logo_ayuntamiento_caudete.jpg\",\"contentUrl\":\"https:\\\/\\\/www.caudete.org\\\/ayuntamiento\\\/wp-content\\\/uploads\\\/2020\\\/11\\\/logo_ayuntamiento_caudete.jpg\",\"width\":600,\"height\":150,\"caption\":\"Ayuntamiento de Caudete\"},\"image\":{\"@id\":\"https:\\\/\\\/www.caudete.org\\\/ayuntamiento\\\/#\\\/schema\\\/logo\\\/image\\\/\"},\"sameAs\":[\"https:\\\/\\\/www.facebook.com\\\/ayuntamientocaudete\\\/\",\"https:\\\/\\\/www.youtube.com\\\/channel\\\/UC6VztHaooNsGpw-tNoBEFnQ\"]},{\"@type\":\"Person\",\"@id\":\"https:\\\/\\\/www.caudete.org\\\/ayuntamiento\\\/#\\\/schema\\\/person\\\/cc646da9133078ee4d8dd47457947253\",\"name\":\"alcalde\",\"image\":{\"@type\":\"ImageObject\",\"inLanguage\":\"es\",\"@id\":\"https:\\\/\\\/secure.gravatar.com\\\/avatar\\\/84a817ba065b29ff08d666b215a215f5c79186a645ccb25b14a663d48a130f77?s=96&d=mm&r=g\",\"url\":\"https:\\\/\\\/secure.gravatar.com\\\/avatar\\\/84a817ba065b29ff08d666b215a215f5c79186a645ccb25b14a663d48a130f77?s=96&d=mm&r=g\",\"contentUrl\":\"https:\\\/\\\/secure.gravatar.com\\\/avatar\\\/84a817ba065b29ff08d666b215a215f5c79186a645ccb25b14a663d48a130f77?s=96&d=mm&r=g\",\"caption\":\"alcalde\"},\"url\":\"https:\\\/\\\/www.caudete.org\\\/ayuntamiento\\\/author\\\/alcalde\\\/\"}]}<\/script>\n<!-- \/ Yoast SEO plugin. -->","yoast_head_json":{"title":"El edificio de Infantil del ALC\u00c1ZAR Y SERRANO contar\u00e1 con sistema de Autoconsumo mediante PLACAS SOLARES - MI Ayuntamiento de Caudete","description":"P\u00e1gina Oficial del Ayuntamiento de Caudete (Albacete)","robots":{"index":"index","follow":"follow","max-snippet":"max-snippet:-1","max-image-preview":"max-image-preview:large","max-video-preview":"max-video-preview:-1"},"canonical":"https:\/\/www.caudete.org\/ayuntamiento\/el-edificio-de-infantil-del-alcazar-y-serrano-contara-con-sistema-de-autoconsumo-mediante-placas-solares\/","og_locale":"es_ES","og_type":"article","og_title":"El edificio de Infantil del ALC\u00c1ZAR Y SERRANO contar\u00e1 con sistema de Autoconsumo mediante PLACAS SOLARES - MI Ayuntamiento de Caudete","og_description":"P\u00e1gina Oficial del Ayuntamiento de Caudete (Albacete)","og_url":"https:\/\/www.caudete.org\/ayuntamiento\/el-edificio-de-infantil-del-alcazar-y-serrano-contara-con-sistema-de-autoconsumo-mediante-placas-solares\/","og_site_name":"MI Ayuntamiento de Caudete","article_publisher":"https:\/\/www.facebook.com\/ayuntamientocaudete\/","article_published_time":"2023-03-09T06:50:17+00:00","article_modified_time":"2023-03-09T06:56:31+00:00","og_image":[{"width":768,"height":432,"url":"https:\/\/www.caudete.org\/ayuntamiento\/wp-content\/uploads\/2023\/03\/vlcsnap-2022-08-06-16h39m02s12-768x432-1.png","type":"image\/png"}],"author":"alcalde","twitter_card":"summary_large_image","twitter_misc":{"Escrito por":"alcalde","Tiempo de lectura":"2 minutos"},"schema":{"@context":"https:\/\/schema.org","@graph":[{"@type":"Article","@id":"https:\/\/www.caudete.org\/ayuntamiento\/el-edificio-de-infantil-del-alcazar-y-serrano-contara-con-sistema-de-autoconsumo-mediante-placas-solares\/#article","isPartOf":{"@id":"https:\/\/www.caudete.org\/ayuntamiento\/el-edificio-de-infantil-del-alcazar-y-serrano-contara-con-sistema-de-autoconsumo-mediante-placas-solares\/"},"author":{"name":"alcalde","@id":"https:\/\/www.caudete.org\/ayuntamiento\/#\/schema\/person\/cc646da9133078ee4d8dd47457947253"},"headline":"El edificio de Infantil del ALC\u00c1ZAR Y SERRANO contar\u00e1 con sistema de Autoconsumo mediante PLACAS SOLARES","datePublished":"2023-03-09T06:50:17+00:00","dateModified":"2023-03-09T06:56:31+00:00","mainEntityOfPage":{"@id":"https:\/\/www.caudete.org\/ayuntamiento\/el-edificio-de-infantil-del-alcazar-y-serrano-contara-con-sistema-de-autoconsumo-mediante-placas-solares\/"},"wordCount":413,"publisher":{"@id":"https:\/\/www.caudete.org\/ayuntamiento\/#organization"},"image":{"@id":"https:\/\/www.caudete.org\/ayuntamiento\/el-edificio-de-infantil-del-alcazar-y-serrano-contara-con-sistema-de-autoconsumo-mediante-placas-solares\/#primaryimage"},"thumbnailUrl":"https:\/\/www.caudete.org\/ayuntamiento\/wp-content\/uploads\/2023\/03\/vlcsnap-2022-08-06-16h39m02s12-768x432-1.png","articleSection":["Educaci\u00f3n"],"inLanguage":"es"},{"@type":"WebPage","@id":"https:\/\/www.caudete.org\/ayuntamiento\/el-edificio-de-infantil-del-alcazar-y-serrano-contara-con-sistema-de-autoconsumo-mediante-placas-solares\/","url":"https:\/\/www.caudete.org\/ayuntamiento\/el-edificio-de-infantil-del-alcazar-y-serrano-contara-con-sistema-de-autoconsumo-mediante-placas-solares\/","name":"El edificio de Infantil del ALC\u00c1ZAR Y SERRANO contar\u00e1 con sistema de Autoconsumo mediante PLACAS SOLARES - MI Ayuntamiento de Caudete","isPartOf":{"@id":"https:\/\/www.caudete.org\/ayuntamiento\/#website"},"primaryImageOfPage":{"@id":"https:\/\/www.caudete.org\/ayuntamiento\/el-edificio-de-infantil-del-alcazar-y-serrano-contara-con-sistema-de-autoconsumo-mediante-placas-solares\/#primaryimage"},"image":{"@id":"https:\/\/www.caudete.org\/ayuntamiento\/el-edificio-de-infantil-del-alcazar-y-serrano-contara-con-sistema-de-autoconsumo-mediante-placas-solares\/#primaryimage"},"thumbnailUrl":"https:\/\/www.caudete.org\/ayuntamiento\/wp-content\/uploads\/2023\/03\/vlcsnap-2022-08-06-16h39m02s12-768x432-1.png","datePublished":"2023-03-09T06:50:17+00:00","dateModified":"2023-03-09T06:56:31+00:00","description":"P\u00e1gina Oficial del Ayuntamiento de Caudete (Albacete)","breadcrumb":{"@id":"https:\/\/www.caudete.org\/ayuntamiento\/el-edificio-de-infantil-del-alcazar-y-serrano-contara-con-sistema-de-autoconsumo-mediante-placas-solares\/#breadcrumb"},"inLanguage":"es","potentialAction":[{"@type":"ReadAction","target":["https:\/\/www.caudete.org\/ayuntamiento\/el-edificio-de-infantil-del-alcazar-y-serrano-contara-con-sistema-de-autoconsumo-mediante-placas-solares\/"]}]},{"@type":"ImageObject","inLanguage":"es","@id":"https:\/\/www.caudete.org\/ayuntamiento\/el-edificio-de-infantil-del-alcazar-y-serrano-contara-con-sistema-de-autoconsumo-mediante-placas-solares\/#primaryimage","url":"https:\/\/www.caudete.org\/ayuntamiento\/wp-content\/uploads\/2023\/03\/vlcsnap-2022-08-06-16h39m02s12-768x432-1.png","contentUrl":"https:\/\/www.caudete.org\/ayuntamiento\/wp-content\/uploads\/2023\/03\/vlcsnap-2022-08-06-16h39m02s12-768x432-1.png","width":768,"height":432},{"@type":"BreadcrumbList","@id":"https:\/\/www.caudete.org\/ayuntamiento\/el-edificio-de-infantil-del-alcazar-y-serrano-contara-con-sistema-de-autoconsumo-mediante-placas-solares\/#breadcrumb","itemListElement":[{"@type":"ListItem","position":1,"name":"Inicio","item":"https:\/\/www.caudete.org\/ayuntamiento\/"},{"@type":"ListItem","position":2,"name":"El edificio de Infantil del ALC\u00c1ZAR Y SERRANO contar\u00e1 con sistema de Autoconsumo mediante PLACAS SOLARES"}]},{"@type":"WebSite","@id":"https:\/\/www.caudete.org\/ayuntamiento\/#website","url":"https:\/\/www.caudete.org\/ayuntamiento\/","name":"MI Ayuntamiento de Caudete","description":"P\u00e1gina Oficial del MI Ayuntamiento de Caudete","publisher":{"@id":"https:\/\/www.caudete.org\/ayuntamiento\/#organization"},"potentialAction":[{"@type":"SearchAction","target":{"@type":"EntryPoint","urlTemplate":"https:\/\/www.caudete.org\/ayuntamiento\/?s={search_term_string}"},"query-input":{"@type":"PropertyValueSpecification","valueRequired":true,"valueName":"search_term_string"}}],"inLanguage":"es"},{"@type":"Organization","@id":"https:\/\/www.caudete.org\/ayuntamiento\/#organization","name":"Ayuntamiento de Caudete","url":"https:\/\/www.caudete.org\/ayuntamiento\/","logo":{"@type":"ImageObject","inLanguage":"es","@id":"https:\/\/www.caudete.org\/ayuntamiento\/#\/schema\/logo\/image\/","url":"https:\/\/www.caudete.org\/ayuntamiento\/wp-content\/uploads\/2020\/11\/logo_ayuntamiento_caudete.jpg","contentUrl":"https:\/\/www.caudete.org\/ayuntamiento\/wp-content\/uploads\/2020\/11\/logo_ayuntamiento_caudete.jpg","width":600,"height":150,"caption":"Ayuntamiento de Caudete"},"image":{"@id":"https:\/\/www.caudete.org\/ayuntamiento\/#\/schema\/logo\/image\/"},"sameAs":["https:\/\/www.facebook.com\/ayuntamientocaudete\/","https:\/\/www.youtube.com\/channel\/UC6VztHaooNsGpw-tNoBEFnQ"]},{"@type":"Person","@id":"https:\/\/www.caudete.org\/ayuntamiento\/#\/schema\/person\/cc646da9133078ee4d8dd47457947253","name":"alcalde","image":{"@type":"ImageObject","inLanguage":"es","@id":"https:\/\/secure.gravatar.com\/avatar\/84a817ba065b29ff08d666b215a215f5c79186a645ccb25b14a663d48a130f77?s=96&d=mm&r=g","url":"https:\/\/secure.gravatar.com\/avatar\/84a817ba065b29ff08d666b215a215f5c79186a645ccb25b14a663d48a130f77?s=96&d=mm&r=g","contentUrl":"https:\/\/secure.gravatar.com\/avatar\/84a817ba065b29ff08d666b215a215f5c79186a645ccb25b14a663d48a130f77?s=96&d=mm&r=g","caption":"alcalde"},"url":"https:\/\/www.caudete.org\/ayuntamiento\/author\/alcalde\/"}]}},"_links":{"self":[{"href":"https:\/\/www.caudete.org\/ayuntamiento\/wp-json\/wp\/v2\/posts\/21632","targetHints":{"allow":["GET"]}}],"collection":[{"href":"https:\/\/www.caudete.org\/ayuntamiento\/wp-json\/wp\/v2\/posts"}],"about":[{"href":"https:\/\/www.caudete.org\/ayuntamiento\/wp-json\/wp\/v2\/types\/post"}],"author":[{"embeddable":true,"href":"https:\/\/www.caudete.org\/ayuntamiento\/wp-json\/wp\/v2\/users\/3"}],"replies":[{"embeddable":true,"href":"https:\/\/www.caudete.org\/ayuntamiento\/wp-json\/wp\/v2\/comments?post=21632"}],"version-history":[{"count":1,"href":"https:\/\/www.caudete.org\/ayuntamiento\/wp-json\/wp\/v2\/posts\/21632\/revisions"}],"predecessor-version":[{"id":21633,"href":"https:\/\/www.caudete.org\/ayuntamiento\/wp-json\/wp\/v2\/posts\/21632\/revisions\/21633"}],"wp:featuredmedia":[{"embeddable":true,"href":"https:\/\/www.caudete.org\/ayuntamiento\/wp-json\/wp\/v2\/media\/21634"}],"wp:attachment":[{"href":"https:\/\/www.caudete.org\/ayuntamiento\/wp-json\/wp\/v2\/media?parent=21632"}],"wp:term":[{"taxonomy":"category","embeddable":true,"href":"https:\/\/www.caudete.org\/ayuntamiento\/wp-json\/wp\/v2\/categories?post=21632"},{"taxonomy":"post_tag","embeddable":true,"href":"https:\/\/www.caudete.org\/ayuntamiento\/wp-json\/wp\/v2\/tags?post=21632"}],"curies":[{"name":"wp","href":"https:\/\/api.w.org\/{rel}","templated":true}]}}