{"id":21635,"date":"2023-03-09T09:11:32","date_gmt":"2023-03-09T08:11:32","guid":{"rendered":"https:\/\/www.caudete.org\/ayuntamiento\/?p=21635"},"modified":"2023-03-09T09:11:32","modified_gmt":"2023-03-09T08:11:32","slug":"el-pleno-aprueba-un-paquete-de-incentivos-fiscales-para-las-empresas-que-se-instalen-en-el-ptec-y-los-villares","status":"publish","type":"post","link":"https:\/\/www.caudete.org\/ayuntamiento\/el-pleno-aprueba-un-paquete-de-incentivos-fiscales-para-las-empresas-que-se-instalen-en-el-ptec-y-los-villares\/","title":{"rendered":"El Pleno aprueba un paquete de incentivos fiscales para las empresas que se instalen en el PTEC y Los Villares"},"content":{"rendered":"<p style=\"text-align: justify;\">En el \u00faltimo Pleno celebrado por la Corporaci\u00f3n plante\u00f3 el Gobierno Municipal una serie de incentivos fiscales dirigidos a las empresas que decidan invertir en Caudete y se instalen bien en el Parque Tecnol\u00f3gico y Empresarial, o bien en el Pol\u00edgono Industrial &#8220;Los Villares&#8221;; propuesta que cosech\u00f3 el apoyo un\u00e1nime de los grupos pol\u00edticos.<\/p>\n<p style=\"text-align: justify;\">Dos eran los impuestos a modificar: IBI e ICIO, cuyos expedientes contaban adem\u00e1s con el visto bueno de la Secretaria Municipal y de la Intervenci\u00f3n.<\/p>\n<p style=\"text-align: justify;\">Para el caso del IMPUESTO SOBRE BIENES INMUEBLES, se acord\u00f3 una bonificaci\u00f3n sobre la cuota a pagar por el citado impuesto en orden decreciente con el siguiente desglose:<\/p>\n<p style=\"text-align: justify;\">&#8211; En el 1\u00b0 a\u00f1o obtengan una bonificaci\u00f3n sobre la cuota del 75%.<br \/>\n&#8211; En el 2\u00b0 a\u00f1o obtengan una bonificaci\u00f3n sobre la cuota del 65%.<br \/>\n&#8211; En el 3\u00b0 a\u00f1o obtengan una bonificaci\u00f3n sobre la cuota del 55%.<br \/>\n&#8211; En el 4\u00b0 a\u00f1o obtengan una bonificaci\u00f3n sobre la cuota del 45%<br \/>\n&#8211; En el 5\u00b0 a\u00f1o obtengan una bonificaci\u00f3n sobre la cuota del 35%<br \/>\n&#8211; En el 6\u00b0 a\u00f1o obtengan una bonificaci\u00f3n sobre la cuota del 25%<br \/>\n&#8211; En el 7\u00b0 a\u00f1o obtengan una bonificaci\u00f3n sobre la cuota del 15%<\/p>\n<p style=\"text-align: justify;\">\n<p style=\"text-align: justify;\">Para el IMPUESTO AOBRE CONSTRUCCIONES, INSTALACIONES Y OBRAS, se acord\u00f3 que las bonificaciones ser\u00edan de la forma siguiente sobre los importes a abonar:<\/p>\n<p style=\"text-align: justify;\">1. De 0 a 15.000,00\u20ac 80%<\/p>\n<p style=\"text-align: justify;\">2. De 15.001,00\u20ac a 30.000,00\u20ac 60%<\/p>\n<p style=\"text-align: justify;\">3. De 30.001,00\u20ac a 45.000,00\u20ac 50%<\/p>\n<p style=\"text-align: justify;\">4. De 45.001,00\u20ac a 60.000,00\u20ac 40%<\/p>\n<p style=\"text-align: justify;\">5. De m\u00e1s de 60.000\u20ac el 35%<\/p>\n<p style=\"text-align: justify;\">\n<p style=\"text-align: justify;\">Luis Felipe Ba\u00f1\u00f3n, Concejal de Econom\u00eda y Hacienda, as\u00ed como de Industria y Empresas mostraba la satisfacci\u00f3n del Gobierno Municipal en conseguir sacar adelante est\u00e1 medida con el apoyo de la Corporaci\u00f3n al completo, ya que se trata de unos incentivos m\u00e1s que necesarios con los cuales el Consistorio es m\u00e1s competitivo para la atracci\u00f3n de empresas, jugando as\u00ed con las mismas cartas que otros municipios del entorno pr\u00f3ximo.<\/p>\n<p style=\"text-align: justify;\">Adem\u00e1s, matizaba que este paquete de medidas era un compromiso del Gobierno Municipal, y formaba parte de su hoja de ruta, junto a otras medidas que est\u00e1n en marcha como la puesta a disposici\u00f3n de terreno industrial para su urbanizaci\u00f3n por medio de un Agente urbanizador.<\/p>\n<p style=\"text-align: justify;\">\n","protected":false},"excerpt":{"rendered":"<p>En el \u00faltimo Pleno celebrado por la Corporaci\u00f3n plante\u00f3 el Gobierno Municipal una serie de incentivos fiscales dirigidos a las empresas que decidan invertir en Caudete y se instalen bien en el Parque Tecnol\u00f3gico y Empresarial, o bien en el Pol\u00edgono Industrial &#8220;Los Villares&#8221;; propuesta que cosech\u00f3 el apoyo un\u00e1nime de los grupos pol\u00edticos. Dos &hellip;<\/p>\n","protected":false},"author":3,"featured_media":21636,"comment_status":"closed","ping_status":"open","sticky":false,"template":"","format":"standard","meta":{"ngg_post_thumbnail":0,"footnotes":""},"categories":[32],"tags":[],"class_list":["post-21635","post","type-post","status-publish","format-standard","has-post-thumbnail","hentry","category-industria-y-empresas"],"yoast_head":"<!-- This site is optimized with the Yoast SEO plugin v27.5 - https:\/\/yoast.com\/product\/yoast-seo-wordpress\/ -->\n<title>El Pleno aprueba un paquete de incentivos fiscales para las empresas que se instalen en el PTEC y Los Villares - MI Ayuntamiento de Caudete<\/title>\n<meta name=\"description\" content=\"P\u00e1gina Oficial del Ayuntamiento de Caudete (Albacete)\" \/>\n<meta name=\"robots\" content=\"index, follow, max-snippet:-1, max-image-preview:large, max-video-preview:-1\" \/>\n<link rel=\"canonical\" href=\"https:\/\/www.caudete.org\/ayuntamiento\/el-pleno-aprueba-un-paquete-de-incentivos-fiscales-para-las-empresas-que-se-instalen-en-el-ptec-y-los-villares\/\" \/>\n<meta property=\"og:locale\" content=\"es_ES\" \/>\n<meta property=\"og:type\" content=\"article\" \/>\n<meta property=\"og:title\" content=\"El Pleno aprueba un paquete de incentivos fiscales para las empresas que se instalen en el PTEC y Los Villares - MI Ayuntamiento de Caudete\" \/>\n<meta property=\"og:description\" content=\"P\u00e1gina Oficial del Ayuntamiento de Caudete (Albacete)\" \/>\n<meta property=\"og:url\" content=\"https:\/\/www.caudete.org\/ayuntamiento\/el-pleno-aprueba-un-paquete-de-incentivos-fiscales-para-las-empresas-que-se-instalen-en-el-ptec-y-los-villares\/\" \/>\n<meta property=\"og:site_name\" content=\"MI Ayuntamiento de Caudete\" \/>\n<meta property=\"article:publisher\" content=\"https:\/\/www.facebook.com\/ayuntamientocaudete\/\" \/>\n<meta property=\"article:published_time\" content=\"2023-03-09T08:11:32+00:00\" \/>\n<meta property=\"og:image\" content=\"https:\/\/www.caudete.org\/ayuntamiento\/wp-content\/uploads\/2023\/03\/ptec-cabecera-caudete-1.jpg\" \/>\n\t<meta property=\"og:image:width\" content=\"760\" \/>\n\t<meta property=\"og:image:height\" content=\"600\" \/>\n\t<meta property=\"og:image:type\" content=\"image\/jpeg\" \/>\n<meta name=\"author\" content=\"alcalde\" \/>\n<meta name=\"twitter:card\" content=\"summary_large_image\" \/>\n<meta name=\"twitter:label1\" content=\"Escrito por\" \/>\n\t<meta name=\"twitter:data1\" content=\"alcalde\" \/>\n\t<meta name=\"twitter:label2\" content=\"Tiempo de lectura\" \/>\n\t<meta name=\"twitter:data2\" content=\"2 minutos\" \/>\n<script type=\"application\/ld+json\" class=\"yoast-schema-graph\">{\"@context\":\"https:\\\/\\\/schema.org\",\"@graph\":[{\"@type\":\"Article\",\"@id\":\"https:\\\/\\\/www.caudete.org\\\/ayuntamiento\\\/el-pleno-aprueba-un-paquete-de-incentivos-fiscales-para-las-empresas-que-se-instalen-en-el-ptec-y-los-villares\\\/#article\",\"isPartOf\":{\"@id\":\"https:\\\/\\\/www.caudete.org\\\/ayuntamiento\\\/el-pleno-aprueba-un-paquete-de-incentivos-fiscales-para-las-empresas-que-se-instalen-en-el-ptec-y-los-villares\\\/\"},\"author\":{\"name\":\"alcalde\",\"@id\":\"https:\\\/\\\/www.caudete.org\\\/ayuntamiento\\\/#\\\/schema\\\/person\\\/cc646da9133078ee4d8dd47457947253\"},\"headline\":\"El Pleno aprueba un paquete de incentivos fiscales para las empresas que se instalen en el PTEC y Los Villares\",\"datePublished\":\"2023-03-09T08:11:32+00:00\",\"mainEntityOfPage\":{\"@id\":\"https:\\\/\\\/www.caudete.org\\\/ayuntamiento\\\/el-pleno-aprueba-un-paquete-de-incentivos-fiscales-para-las-empresas-que-se-instalen-en-el-ptec-y-los-villares\\\/\"},\"wordCount\":390,\"image\":{\"@id\":\"https:\\\/\\\/www.caudete.org\\\/ayuntamiento\\\/el-pleno-aprueba-un-paquete-de-incentivos-fiscales-para-las-empresas-que-se-instalen-en-el-ptec-y-los-villares\\\/#primaryimage\"},\"thumbnailUrl\":\"https:\\\/\\\/www.caudete.org\\\/ayuntamiento\\\/wp-content\\\/uploads\\\/2023\\\/03\\\/ptec-cabecera-caudete-1.jpg\",\"articleSection\":[\"Industria y Empresas\"],\"inLanguage\":\"es\"},{\"@type\":\"WebPage\",\"@id\":\"https:\\\/\\\/www.caudete.org\\\/ayuntamiento\\\/el-pleno-aprueba-un-paquete-de-incentivos-fiscales-para-las-empresas-que-se-instalen-en-el-ptec-y-los-villares\\\/\",\"url\":\"https:\\\/\\\/www.caudete.org\\\/ayuntamiento\\\/el-pleno-aprueba-un-paquete-de-incentivos-fiscales-para-las-empresas-que-se-instalen-en-el-ptec-y-los-villares\\\/\",\"name\":\"El Pleno aprueba un paquete de incentivos fiscales para las empresas que se instalen en el PTEC y Los Villares - MI Ayuntamiento de Caudete\",\"isPartOf\":{\"@id\":\"https:\\\/\\\/www.caudete.org\\\/ayuntamiento\\\/#website\"},\"primaryImageOfPage\":{\"@id\":\"https:\\\/\\\/www.caudete.org\\\/ayuntamiento\\\/el-pleno-aprueba-un-paquete-de-incentivos-fiscales-para-las-empresas-que-se-instalen-en-el-ptec-y-los-villares\\\/#primaryimage\"},\"image\":{\"@id\":\"https:\\\/\\\/www.caudete.org\\\/ayuntamiento\\\/el-pleno-aprueba-un-paquete-de-incentivos-fiscales-para-las-empresas-que-se-instalen-en-el-ptec-y-los-villares\\\/#primaryimage\"},\"thumbnailUrl\":\"https:\\\/\\\/www.caudete.org\\\/ayuntamiento\\\/wp-content\\\/uploads\\\/2023\\\/03\\\/ptec-cabecera-caudete-1.jpg\",\"datePublished\":\"2023-03-09T08:11:32+00:00\",\"author\":{\"@id\":\"https:\\\/\\\/www.caudete.org\\\/ayuntamiento\\\/#\\\/schema\\\/person\\\/cc646da9133078ee4d8dd47457947253\"},\"description\":\"P\u00e1gina Oficial del Ayuntamiento de Caudete (Albacete)\",\"breadcrumb\":{\"@id\":\"https:\\\/\\\/www.caudete.org\\\/ayuntamiento\\\/el-pleno-aprueba-un-paquete-de-incentivos-fiscales-para-las-empresas-que-se-instalen-en-el-ptec-y-los-villares\\\/#breadcrumb\"},\"inLanguage\":\"es\",\"potentialAction\":[{\"@type\":\"ReadAction\",\"target\":[\"https:\\\/\\\/www.caudete.org\\\/ayuntamiento\\\/el-pleno-aprueba-un-paquete-de-incentivos-fiscales-para-las-empresas-que-se-instalen-en-el-ptec-y-los-villares\\\/\"]}]},{\"@type\":\"ImageObject\",\"inLanguage\":\"es\",\"@id\":\"https:\\\/\\\/www.caudete.org\\\/ayuntamiento\\\/el-pleno-aprueba-un-paquete-de-incentivos-fiscales-para-las-empresas-que-se-instalen-en-el-ptec-y-los-villares\\\/#primaryimage\",\"url\":\"https:\\\/\\\/www.caudete.org\\\/ayuntamiento\\\/wp-content\\\/uploads\\\/2023\\\/03\\\/ptec-cabecera-caudete-1.jpg\",\"contentUrl\":\"https:\\\/\\\/www.caudete.org\\\/ayuntamiento\\\/wp-content\\\/uploads\\\/2023\\\/03\\\/ptec-cabecera-caudete-1.jpg\",\"width\":760,\"height\":600},{\"@type\":\"BreadcrumbList\",\"@id\":\"https:\\\/\\\/www.caudete.org\\\/ayuntamiento\\\/el-pleno-aprueba-un-paquete-de-incentivos-fiscales-para-las-empresas-que-se-instalen-en-el-ptec-y-los-villares\\\/#breadcrumb\",\"itemListElement\":[{\"@type\":\"ListItem\",\"position\":1,\"name\":\"Inicio\",\"item\":\"https:\\\/\\\/www.caudete.org\\\/ayuntamiento\\\/\"},{\"@type\":\"ListItem\",\"position\":2,\"name\":\"El Pleno aprueba un paquete de incentivos fiscales para las empresas que se instalen en el PTEC y Los Villares\"}]},{\"@type\":\"WebSite\",\"@id\":\"https:\\\/\\\/www.caudete.org\\\/ayuntamiento\\\/#website\",\"url\":\"https:\\\/\\\/www.caudete.org\\\/ayuntamiento\\\/\",\"name\":\"MI Ayuntamiento de Caudete\",\"description\":\"P\u00e1gina Oficial del MI Ayuntamiento de Caudete\",\"potentialAction\":[{\"@type\":\"SearchAction\",\"target\":{\"@type\":\"EntryPoint\",\"urlTemplate\":\"https:\\\/\\\/www.caudete.org\\\/ayuntamiento\\\/?s={search_term_string}\"},\"query-input\":{\"@type\":\"PropertyValueSpecification\",\"valueRequired\":true,\"valueName\":\"search_term_string\"}}],\"inLanguage\":\"es\"},{\"@type\":\"Person\",\"@id\":\"https:\\\/\\\/www.caudete.org\\\/ayuntamiento\\\/#\\\/schema\\\/person\\\/cc646da9133078ee4d8dd47457947253\",\"name\":\"alcalde\",\"image\":{\"@type\":\"ImageObject\",\"inLanguage\":\"es\",\"@id\":\"https:\\\/\\\/secure.gravatar.com\\\/avatar\\\/84a817ba065b29ff08d666b215a215f5c79186a645ccb25b14a663d48a130f77?s=96&d=mm&r=g\",\"url\":\"https:\\\/\\\/secure.gravatar.com\\\/avatar\\\/84a817ba065b29ff08d666b215a215f5c79186a645ccb25b14a663d48a130f77?s=96&d=mm&r=g\",\"contentUrl\":\"https:\\\/\\\/secure.gravatar.com\\\/avatar\\\/84a817ba065b29ff08d666b215a215f5c79186a645ccb25b14a663d48a130f77?s=96&d=mm&r=g\",\"caption\":\"alcalde\"},\"url\":\"https:\\\/\\\/www.caudete.org\\\/ayuntamiento\\\/author\\\/alcalde\\\/\"}]}<\/script>\n<!-- \/ Yoast SEO plugin. -->","yoast_head_json":{"title":"El Pleno aprueba un paquete de incentivos fiscales para las empresas que se instalen en el PTEC y Los Villares - MI Ayuntamiento de Caudete","description":"P\u00e1gina Oficial del Ayuntamiento de Caudete (Albacete)","robots":{"index":"index","follow":"follow","max-snippet":"max-snippet:-1","max-image-preview":"max-image-preview:large","max-video-preview":"max-video-preview:-1"},"canonical":"https:\/\/www.caudete.org\/ayuntamiento\/el-pleno-aprueba-un-paquete-de-incentivos-fiscales-para-las-empresas-que-se-instalen-en-el-ptec-y-los-villares\/","og_locale":"es_ES","og_type":"article","og_title":"El Pleno aprueba un paquete de incentivos fiscales para las empresas que se instalen en el PTEC y Los Villares - MI Ayuntamiento de Caudete","og_description":"P\u00e1gina Oficial del Ayuntamiento de Caudete (Albacete)","og_url":"https:\/\/www.caudete.org\/ayuntamiento\/el-pleno-aprueba-un-paquete-de-incentivos-fiscales-para-las-empresas-que-se-instalen-en-el-ptec-y-los-villares\/","og_site_name":"MI Ayuntamiento de Caudete","article_publisher":"https:\/\/www.facebook.com\/ayuntamientocaudete\/","article_published_time":"2023-03-09T08:11:32+00:00","og_image":[{"width":760,"height":600,"url":"https:\/\/www.caudete.org\/ayuntamiento\/wp-content\/uploads\/2023\/03\/ptec-cabecera-caudete-1.jpg","type":"image\/jpeg"}],"author":"alcalde","twitter_card":"summary_large_image","twitter_misc":{"Escrito por":"alcalde","Tiempo de lectura":"2 minutos"},"schema":{"@context":"https:\/\/schema.org","@graph":[{"@type":"Article","@id":"https:\/\/www.caudete.org\/ayuntamiento\/el-pleno-aprueba-un-paquete-de-incentivos-fiscales-para-las-empresas-que-se-instalen-en-el-ptec-y-los-villares\/#article","isPartOf":{"@id":"https:\/\/www.caudete.org\/ayuntamiento\/el-pleno-aprueba-un-paquete-de-incentivos-fiscales-para-las-empresas-que-se-instalen-en-el-ptec-y-los-villares\/"},"author":{"name":"alcalde","@id":"https:\/\/www.caudete.org\/ayuntamiento\/#\/schema\/person\/cc646da9133078ee4d8dd47457947253"},"headline":"El Pleno aprueba un paquete de incentivos fiscales para las empresas que se instalen en el PTEC y Los Villares","datePublished":"2023-03-09T08:11:32+00:00","mainEntityOfPage":{"@id":"https:\/\/www.caudete.org\/ayuntamiento\/el-pleno-aprueba-un-paquete-de-incentivos-fiscales-para-las-empresas-que-se-instalen-en-el-ptec-y-los-villares\/"},"wordCount":390,"image":{"@id":"https:\/\/www.caudete.org\/ayuntamiento\/el-pleno-aprueba-un-paquete-de-incentivos-fiscales-para-las-empresas-que-se-instalen-en-el-ptec-y-los-villares\/#primaryimage"},"thumbnailUrl":"https:\/\/www.caudete.org\/ayuntamiento\/wp-content\/uploads\/2023\/03\/ptec-cabecera-caudete-1.jpg","articleSection":["Industria y Empresas"],"inLanguage":"es"},{"@type":"WebPage","@id":"https:\/\/www.caudete.org\/ayuntamiento\/el-pleno-aprueba-un-paquete-de-incentivos-fiscales-para-las-empresas-que-se-instalen-en-el-ptec-y-los-villares\/","url":"https:\/\/www.caudete.org\/ayuntamiento\/el-pleno-aprueba-un-paquete-de-incentivos-fiscales-para-las-empresas-que-se-instalen-en-el-ptec-y-los-villares\/","name":"El Pleno aprueba un paquete de incentivos fiscales para las empresas que se instalen en el PTEC y Los Villares - MI Ayuntamiento de Caudete","isPartOf":{"@id":"https:\/\/www.caudete.org\/ayuntamiento\/#website"},"primaryImageOfPage":{"@id":"https:\/\/www.caudete.org\/ayuntamiento\/el-pleno-aprueba-un-paquete-de-incentivos-fiscales-para-las-empresas-que-se-instalen-en-el-ptec-y-los-villares\/#primaryimage"},"image":{"@id":"https:\/\/www.caudete.org\/ayuntamiento\/el-pleno-aprueba-un-paquete-de-incentivos-fiscales-para-las-empresas-que-se-instalen-en-el-ptec-y-los-villares\/#primaryimage"},"thumbnailUrl":"https:\/\/www.caudete.org\/ayuntamiento\/wp-content\/uploads\/2023\/03\/ptec-cabecera-caudete-1.jpg","datePublished":"2023-03-09T08:11:32+00:00","author":{"@id":"https:\/\/www.caudete.org\/ayuntamiento\/#\/schema\/person\/cc646da9133078ee4d8dd47457947253"},"description":"P\u00e1gina Oficial del Ayuntamiento de Caudete (Albacete)","breadcrumb":{"@id":"https:\/\/www.caudete.org\/ayuntamiento\/el-pleno-aprueba-un-paquete-de-incentivos-fiscales-para-las-empresas-que-se-instalen-en-el-ptec-y-los-villares\/#breadcrumb"},"inLanguage":"es","potentialAction":[{"@type":"ReadAction","target":["https:\/\/www.caudete.org\/ayuntamiento\/el-pleno-aprueba-un-paquete-de-incentivos-fiscales-para-las-empresas-que-se-instalen-en-el-ptec-y-los-villares\/"]}]},{"@type":"ImageObject","inLanguage":"es","@id":"https:\/\/www.caudete.org\/ayuntamiento\/el-pleno-aprueba-un-paquete-de-incentivos-fiscales-para-las-empresas-que-se-instalen-en-el-ptec-y-los-villares\/#primaryimage","url":"https:\/\/www.caudete.org\/ayuntamiento\/wp-content\/uploads\/2023\/03\/ptec-cabecera-caudete-1.jpg","contentUrl":"https:\/\/www.caudete.org\/ayuntamiento\/wp-content\/uploads\/2023\/03\/ptec-cabecera-caudete-1.jpg","width":760,"height":600},{"@type":"BreadcrumbList","@id":"https:\/\/www.caudete.org\/ayuntamiento\/el-pleno-aprueba-un-paquete-de-incentivos-fiscales-para-las-empresas-que-se-instalen-en-el-ptec-y-los-villares\/#breadcrumb","itemListElement":[{"@type":"ListItem","position":1,"name":"Inicio","item":"https:\/\/www.caudete.org\/ayuntamiento\/"},{"@type":"ListItem","position":2,"name":"El Pleno aprueba un paquete de incentivos fiscales para las empresas que se instalen en el PTEC y Los Villares"}]},{"@type":"WebSite","@id":"https:\/\/www.caudete.org\/ayuntamiento\/#website","url":"https:\/\/www.caudete.org\/ayuntamiento\/","name":"MI Ayuntamiento de Caudete","description":"P\u00e1gina Oficial del MI Ayuntamiento de Caudete","potentialAction":[{"@type":"SearchAction","target":{"@type":"EntryPoint","urlTemplate":"https:\/\/www.caudete.org\/ayuntamiento\/?s={search_term_string}"},"query-input":{"@type":"PropertyValueSpecification","valueRequired":true,"valueName":"search_term_string"}}],"inLanguage":"es"},{"@type":"Person","@id":"https:\/\/www.caudete.org\/ayuntamiento\/#\/schema\/person\/cc646da9133078ee4d8dd47457947253","name":"alcalde","image":{"@type":"ImageObject","inLanguage":"es","@id":"https:\/\/secure.gravatar.com\/avatar\/84a817ba065b29ff08d666b215a215f5c79186a645ccb25b14a663d48a130f77?s=96&d=mm&r=g","url":"https:\/\/secure.gravatar.com\/avatar\/84a817ba065b29ff08d666b215a215f5c79186a645ccb25b14a663d48a130f77?s=96&d=mm&r=g","contentUrl":"https:\/\/secure.gravatar.com\/avatar\/84a817ba065b29ff08d666b215a215f5c79186a645ccb25b14a663d48a130f77?s=96&d=mm&r=g","caption":"alcalde"},"url":"https:\/\/www.caudete.org\/ayuntamiento\/author\/alcalde\/"}]}},"_links":{"self":[{"href":"https:\/\/www.caudete.org\/ayuntamiento\/wp-json\/wp\/v2\/posts\/21635","targetHints":{"allow":["GET"]}}],"collection":[{"href":"https:\/\/www.caudete.org\/ayuntamiento\/wp-json\/wp\/v2\/posts"}],"about":[{"href":"https:\/\/www.caudete.org\/ayuntamiento\/wp-json\/wp\/v2\/types\/post"}],"author":[{"embeddable":true,"href":"https:\/\/www.caudete.org\/ayuntamiento\/wp-json\/wp\/v2\/users\/3"}],"replies":[{"embeddable":true,"href":"https:\/\/www.caudete.org\/ayuntamiento\/wp-json\/wp\/v2\/comments?post=21635"}],"version-history":[{"count":1,"href":"https:\/\/www.caudete.org\/ayuntamiento\/wp-json\/wp\/v2\/posts\/21635\/revisions"}],"predecessor-version":[{"id":21637,"href":"https:\/\/www.caudete.org\/ayuntamiento\/wp-json\/wp\/v2\/posts\/21635\/revisions\/21637"}],"wp:featuredmedia":[{"embeddable":true,"href":"https:\/\/www.caudete.org\/ayuntamiento\/wp-json\/wp\/v2\/media\/21636"}],"wp:attachment":[{"href":"https:\/\/www.caudete.org\/ayuntamiento\/wp-json\/wp\/v2\/media?parent=21635"}],"wp:term":[{"taxonomy":"category","embeddable":true,"href":"https:\/\/www.caudete.org\/ayuntamiento\/wp-json\/wp\/v2\/categories?post=21635"},{"taxonomy":"post_tag","embeddable":true,"href":"https:\/\/www.caudete.org\/ayuntamiento\/wp-json\/wp\/v2\/tags?post=21635"}],"curies":[{"name":"wp","href":"https:\/\/api.w.org\/{rel}","templated":true}]}}