{"id":21653,"date":"2023-03-10T15:12:20","date_gmt":"2023-03-10T14:12:20","guid":{"rendered":"https:\/\/www.caudete.org\/ayuntamiento\/?p=21653"},"modified":"2023-03-10T15:12:20","modified_gmt":"2023-03-10T14:12:20","slug":"talleres-corresponsabilidad-en-familia-un-reto-que-suma-igualdad-y-igualdadel-reto-de-la-corresponsabilidad","status":"publish","type":"post","link":"https:\/\/www.caudete.org\/ayuntamiento\/talleres-corresponsabilidad-en-familia-un-reto-que-suma-igualdad-y-igualdadel-reto-de-la-corresponsabilidad\/","title":{"rendered":"Talleres &#8220;Corresponsabilidad en familia, un reto que suma igualdad&#8221; y &#8220;Igualdad+El reto de la corresponsabilidad\u201d"},"content":{"rendered":"<p><strong>Taller &#8220;Corresponsabilidad en familia, un reto que suma igualdad&#8221;<\/strong><\/p>\n<p>Dentro de las actividades organizadas por el Ayuntamiento de Caudete a trav\u00e9s del Centro de la Mujer para conmemorar el 8 de marzo, D\u00eda Internacional de las Mujeres\u201d se encuentra el taller \u201cCorresponsabilidad en familia, un reto que suma igualdad\u201d<br \/>\nEl objetivo principal es ofrecer a las madres y padres con hijos\/as en edad escolar herramientas para promover y fomentar la igualdad de oportunidades entre mujeres y hombres en el \u00e1mbito familiar, as\u00ed como fomentar un reparto equilibrado del cuidado de la familia y de las tareas dom\u00e9sticas<br \/>\nEs gratuito y tendr\u00e1 lugar el pr\u00f3ximo JUEVES 16 de marzo a las 9:15 horas en el Centro Social Vicente Lillo.<br \/>\nQui\u00e9n est\u00e9 interesada\/o en participar en el mismo, puede inscribirse en el correo administraci\u00f3n@centrodelamujer.caudete.org o llamar a los tfs. 965825517 y 965827933.<\/p>\n<p><a href=\"https:\/\/www.caudete.org\/ayuntamiento\/talleres-corresponsabilidad-en-familia-un-reto-que-suma-igualdad-y-igualdadel-reto-de-la-corresponsabilidad\/_cartel-ampas-caudete-1-2\/\" rel=\"attachment wp-att-21655\"><img fetchpriority=\"high\" decoding=\"async\" class=\"aligncenter size-full wp-image-21655\" src=\"https:\/\/www.caudete.org\/ayuntamiento\/wp-content\/uploads\/2023\/03\/Cartel-AMPAS-Caudete-1-1.jpg\" rel='prettyPhoto' alt=\"\" width=\"500\" height=\"707\" srcset=\"https:\/\/www.caudete.org\/ayuntamiento\/wp-content\/uploads\/2023\/03\/Cartel-AMPAS-Caudete-1-1.jpg 500w, https:\/\/www.caudete.org\/ayuntamiento\/wp-content\/uploads\/2023\/03\/Cartel-AMPAS-Caudete-1-1-212x300.jpg 212w\" sizes=\"(max-width: 500px) 100vw, 500px\" \/><\/a><\/p>\n<p><strong>Taller \u201cIgualdad+El reto de la corresponsabilidad\u201d<\/strong><\/p>\n<p>El pr\u00f3ximo jueves 16 de marzo a las 11:30 horas en el Centro Social Vicente Lillo, el Ayuntamiento de Caudete a trav\u00e9s del Centro de la Mujer, ha organizado el Taller \u201cIgualdad+El reto de la corresponsabilidad\u201d dirigido a los\/as usuarios\/as de ACAFEM.<br \/>\nCon dicho taller, se pretende proporcionar indicaciones sobre conciliaci\u00f3n con la finalidad de implicar a los miembros del hogar para que todos contribuyan a mejorar y equilibrar las responsabilidades del \u00e1mbito dom\u00e9stico.<br \/>\nEsta actividad se ha organizado dentro de los actos llevados a cabo para conmemorar el d\u00eda 8 de Marzo, D\u00eda Internacional de las Mujeres.<\/p>\n<p><a href=\"https:\/\/www.caudete.org\/ayuntamiento\/talleres-corresponsabilidad-en-familia-un-reto-que-suma-igualdad-y-igualdadel-reto-de-la-corresponsabilidad\/cartel-acafem-caudete-marzo-23\/\" rel=\"attachment wp-att-21656\"><img decoding=\"async\" class=\"aligncenter size-full wp-image-21656\" src=\"https:\/\/www.caudete.org\/ayuntamiento\/wp-content\/uploads\/2023\/03\/Cartel-ACAFEM-Caudete-Marzo-23.jpg\" rel='prettyPhoto' alt=\"\" width=\"500\" height=\"707\" srcset=\"https:\/\/www.caudete.org\/ayuntamiento\/wp-content\/uploads\/2023\/03\/Cartel-ACAFEM-Caudete-Marzo-23.jpg 500w, https:\/\/www.caudete.org\/ayuntamiento\/wp-content\/uploads\/2023\/03\/Cartel-ACAFEM-Caudete-Marzo-23-212x300.jpg 212w\" sizes=\"(max-width: 500px) 100vw, 500px\" \/><\/a><\/p>\n<p>&nbsp;<\/p>\n","protected":false},"excerpt":{"rendered":"<p>Taller &#8220;Corresponsabilidad en familia, un reto que suma igualdad&#8221; Dentro de las actividades organizadas por el Ayuntamiento de Caudete a trav\u00e9s del Centro de la Mujer para conmemorar el 8 de marzo, D\u00eda Internacional de las Mujeres\u201d se encuentra el taller \u201cCorresponsabilidad en familia, un reto que suma igualdad\u201d El objetivo principal es ofrecer a &hellip;<\/p>\n","protected":false},"author":1,"featured_media":21657,"comment_status":"closed","ping_status":"open","sticky":false,"template":"","format":"standard","meta":{"ngg_post_thumbnail":0,"footnotes":""},"categories":[51],"tags":[],"class_list":["post-21653","post","type-post","status-publish","format-standard","has-post-thumbnail","hentry","category-bienestar-social"],"yoast_head":"<!-- This site is optimized with the Yoast SEO plugin v27.5 - https:\/\/yoast.com\/product\/yoast-seo-wordpress\/ -->\n<title>Talleres &quot;Corresponsabilidad en familia, un reto que suma igualdad&quot; y &quot;Igualdad+El reto de la corresponsabilidad\u201d - MI Ayuntamiento de Caudete<\/title>\n<meta name=\"description\" content=\"P\u00e1gina Oficial del Ayuntamiento de Caudete (Albacete)\" \/>\n<meta name=\"robots\" content=\"index, follow, max-snippet:-1, max-image-preview:large, max-video-preview:-1\" \/>\n<link rel=\"canonical\" href=\"https:\/\/www.caudete.org\/ayuntamiento\/talleres-corresponsabilidad-en-familia-un-reto-que-suma-igualdad-y-igualdadel-reto-de-la-corresponsabilidad\/\" \/>\n<meta property=\"og:locale\" content=\"es_ES\" \/>\n<meta property=\"og:type\" content=\"article\" \/>\n<meta property=\"og:title\" content=\"Talleres &quot;Corresponsabilidad en familia, un reto que suma igualdad&quot; y &quot;Igualdad+El reto de la corresponsabilidad\u201d - MI Ayuntamiento de Caudete\" \/>\n<meta property=\"og:description\" content=\"P\u00e1gina Oficial del Ayuntamiento de Caudete (Albacete)\" \/>\n<meta property=\"og:url\" content=\"https:\/\/www.caudete.org\/ayuntamiento\/talleres-corresponsabilidad-en-familia-un-reto-que-suma-igualdad-y-igualdadel-reto-de-la-corresponsabilidad\/\" \/>\n<meta property=\"og:site_name\" content=\"MI Ayuntamiento de Caudete\" \/>\n<meta property=\"article:publisher\" content=\"https:\/\/www.facebook.com\/ayuntamientocaudete\/\" \/>\n<meta property=\"article:published_time\" content=\"2023-03-10T14:12:20+00:00\" \/>\n<meta property=\"og:image\" content=\"https:\/\/www.caudete.org\/ayuntamiento\/wp-content\/uploads\/2023\/03\/Cartel-ACAFEM-Caudete-Marzo-23-peq.jpg\" \/>\n\t<meta property=\"og:image:width\" content=\"500\" \/>\n\t<meta property=\"og:image:height\" content=\"210\" \/>\n\t<meta property=\"og:image:type\" content=\"image\/jpeg\" \/>\n<meta name=\"author\" content=\"ayun\" \/>\n<meta name=\"twitter:card\" content=\"summary_large_image\" \/>\n<meta name=\"twitter:label1\" content=\"Escrito por\" \/>\n\t<meta name=\"twitter:data1\" content=\"ayun\" \/>\n\t<meta name=\"twitter:label2\" content=\"Tiempo de lectura\" \/>\n\t<meta name=\"twitter:data2\" content=\"2 minutos\" \/>\n<script type=\"application\/ld+json\" class=\"yoast-schema-graph\">{\"@context\":\"https:\\\/\\\/schema.org\",\"@graph\":[{\"@type\":\"Article\",\"@id\":\"https:\\\/\\\/www.caudete.org\\\/ayuntamiento\\\/talleres-corresponsabilidad-en-familia-un-reto-que-suma-igualdad-y-igualdadel-reto-de-la-corresponsabilidad\\\/#article\",\"isPartOf\":{\"@id\":\"https:\\\/\\\/www.caudete.org\\\/ayuntamiento\\\/talleres-corresponsabilidad-en-familia-un-reto-que-suma-igualdad-y-igualdadel-reto-de-la-corresponsabilidad\\\/\"},\"author\":{\"name\":\"ayun\",\"@id\":\"https:\\\/\\\/www.caudete.org\\\/ayuntamiento\\\/#\\\/schema\\\/person\\\/79f7e19fdd176fc2bc7a289013dc2056\"},\"headline\":\"Talleres &#8220;Corresponsabilidad en familia, un reto que suma igualdad&#8221; y &#8220;Igualdad+El reto de la corresponsabilidad\u201d\",\"datePublished\":\"2023-03-10T14:12:20+00:00\",\"mainEntityOfPage\":{\"@id\":\"https:\\\/\\\/www.caudete.org\\\/ayuntamiento\\\/talleres-corresponsabilidad-en-familia-un-reto-que-suma-igualdad-y-igualdadel-reto-de-la-corresponsabilidad\\\/\"},\"wordCount\":274,\"image\":{\"@id\":\"https:\\\/\\\/www.caudete.org\\\/ayuntamiento\\\/talleres-corresponsabilidad-en-familia-un-reto-que-suma-igualdad-y-igualdadel-reto-de-la-corresponsabilidad\\\/#primaryimage\"},\"thumbnailUrl\":\"https:\\\/\\\/www.caudete.org\\\/ayuntamiento\\\/wp-content\\\/uploads\\\/2023\\\/03\\\/Cartel-ACAFEM-Caudete-Marzo-23-peq.jpg\",\"articleSection\":[\"Bienestar Social\"],\"inLanguage\":\"es\"},{\"@type\":\"WebPage\",\"@id\":\"https:\\\/\\\/www.caudete.org\\\/ayuntamiento\\\/talleres-corresponsabilidad-en-familia-un-reto-que-suma-igualdad-y-igualdadel-reto-de-la-corresponsabilidad\\\/\",\"url\":\"https:\\\/\\\/www.caudete.org\\\/ayuntamiento\\\/talleres-corresponsabilidad-en-familia-un-reto-que-suma-igualdad-y-igualdadel-reto-de-la-corresponsabilidad\\\/\",\"name\":\"Talleres \\\"Corresponsabilidad en familia, un reto que suma igualdad\\\" y \\\"Igualdad+El reto de la corresponsabilidad\u201d - MI Ayuntamiento de Caudete\",\"isPartOf\":{\"@id\":\"https:\\\/\\\/www.caudete.org\\\/ayuntamiento\\\/#website\"},\"primaryImageOfPage\":{\"@id\":\"https:\\\/\\\/www.caudete.org\\\/ayuntamiento\\\/talleres-corresponsabilidad-en-familia-un-reto-que-suma-igualdad-y-igualdadel-reto-de-la-corresponsabilidad\\\/#primaryimage\"},\"image\":{\"@id\":\"https:\\\/\\\/www.caudete.org\\\/ayuntamiento\\\/talleres-corresponsabilidad-en-familia-un-reto-que-suma-igualdad-y-igualdadel-reto-de-la-corresponsabilidad\\\/#primaryimage\"},\"thumbnailUrl\":\"https:\\\/\\\/www.caudete.org\\\/ayuntamiento\\\/wp-content\\\/uploads\\\/2023\\\/03\\\/Cartel-ACAFEM-Caudete-Marzo-23-peq.jpg\",\"datePublished\":\"2023-03-10T14:12:20+00:00\",\"author\":{\"@id\":\"https:\\\/\\\/www.caudete.org\\\/ayuntamiento\\\/#\\\/schema\\\/person\\\/79f7e19fdd176fc2bc7a289013dc2056\"},\"description\":\"P\u00e1gina Oficial del Ayuntamiento de Caudete (Albacete)\",\"breadcrumb\":{\"@id\":\"https:\\\/\\\/www.caudete.org\\\/ayuntamiento\\\/talleres-corresponsabilidad-en-familia-un-reto-que-suma-igualdad-y-igualdadel-reto-de-la-corresponsabilidad\\\/#breadcrumb\"},\"inLanguage\":\"es\",\"potentialAction\":[{\"@type\":\"ReadAction\",\"target\":[\"https:\\\/\\\/www.caudete.org\\\/ayuntamiento\\\/talleres-corresponsabilidad-en-familia-un-reto-que-suma-igualdad-y-igualdadel-reto-de-la-corresponsabilidad\\\/\"]}]},{\"@type\":\"ImageObject\",\"inLanguage\":\"es\",\"@id\":\"https:\\\/\\\/www.caudete.org\\\/ayuntamiento\\\/talleres-corresponsabilidad-en-familia-un-reto-que-suma-igualdad-y-igualdadel-reto-de-la-corresponsabilidad\\\/#primaryimage\",\"url\":\"https:\\\/\\\/www.caudete.org\\\/ayuntamiento\\\/wp-content\\\/uploads\\\/2023\\\/03\\\/Cartel-ACAFEM-Caudete-Marzo-23-peq.jpg\",\"contentUrl\":\"https:\\\/\\\/www.caudete.org\\\/ayuntamiento\\\/wp-content\\\/uploads\\\/2023\\\/03\\\/Cartel-ACAFEM-Caudete-Marzo-23-peq.jpg\",\"width\":500,\"height\":210},{\"@type\":\"BreadcrumbList\",\"@id\":\"https:\\\/\\\/www.caudete.org\\\/ayuntamiento\\\/talleres-corresponsabilidad-en-familia-un-reto-que-suma-igualdad-y-igualdadel-reto-de-la-corresponsabilidad\\\/#breadcrumb\",\"itemListElement\":[{\"@type\":\"ListItem\",\"position\":1,\"name\":\"Inicio\",\"item\":\"https:\\\/\\\/www.caudete.org\\\/ayuntamiento\\\/\"},{\"@type\":\"ListItem\",\"position\":2,\"name\":\"Talleres &#8220;Corresponsabilidad en familia, un reto que suma igualdad&#8221; y &#8220;Igualdad+El reto de la corresponsabilidad\u201d\"}]},{\"@type\":\"WebSite\",\"@id\":\"https:\\\/\\\/www.caudete.org\\\/ayuntamiento\\\/#website\",\"url\":\"https:\\\/\\\/www.caudete.org\\\/ayuntamiento\\\/\",\"name\":\"MI Ayuntamiento de Caudete\",\"description\":\"P\u00e1gina Oficial del MI Ayuntamiento de Caudete\",\"potentialAction\":[{\"@type\":\"SearchAction\",\"target\":{\"@type\":\"EntryPoint\",\"urlTemplate\":\"https:\\\/\\\/www.caudete.org\\\/ayuntamiento\\\/?s={search_term_string}\"},\"query-input\":{\"@type\":\"PropertyValueSpecification\",\"valueRequired\":true,\"valueName\":\"search_term_string\"}}],\"inLanguage\":\"es\"},{\"@type\":\"Person\",\"@id\":\"https:\\\/\\\/www.caudete.org\\\/ayuntamiento\\\/#\\\/schema\\\/person\\\/79f7e19fdd176fc2bc7a289013dc2056\",\"name\":\"ayun\",\"image\":{\"@type\":\"ImageObject\",\"inLanguage\":\"es\",\"@id\":\"https:\\\/\\\/secure.gravatar.com\\\/avatar\\\/4ce797ee07c943e7e592f8cd648e503e6cd571387558ed07135799c2bd2847df?s=96&d=mm&r=g\",\"url\":\"https:\\\/\\\/secure.gravatar.com\\\/avatar\\\/4ce797ee07c943e7e592f8cd648e503e6cd571387558ed07135799c2bd2847df?s=96&d=mm&r=g\",\"contentUrl\":\"https:\\\/\\\/secure.gravatar.com\\\/avatar\\\/4ce797ee07c943e7e592f8cd648e503e6cd571387558ed07135799c2bd2847df?s=96&d=mm&r=g\",\"caption\":\"ayun\"},\"sameAs\":[\"http:\\\/\\\/www.caudete.org\\\/ayuntamiento\"],\"url\":\"https:\\\/\\\/www.caudete.org\\\/ayuntamiento\\\/author\\\/ayun\\\/\"}]}<\/script>\n<!-- \/ Yoast SEO plugin. -->","yoast_head_json":{"title":"Talleres \"Corresponsabilidad en familia, un reto que suma igualdad\" y \"Igualdad+El reto de la corresponsabilidad\u201d - MI Ayuntamiento de Caudete","description":"P\u00e1gina Oficial del Ayuntamiento de Caudete (Albacete)","robots":{"index":"index","follow":"follow","max-snippet":"max-snippet:-1","max-image-preview":"max-image-preview:large","max-video-preview":"max-video-preview:-1"},"canonical":"https:\/\/www.caudete.org\/ayuntamiento\/talleres-corresponsabilidad-en-familia-un-reto-que-suma-igualdad-y-igualdadel-reto-de-la-corresponsabilidad\/","og_locale":"es_ES","og_type":"article","og_title":"Talleres \"Corresponsabilidad en familia, un reto que suma igualdad\" y \"Igualdad+El reto de la corresponsabilidad\u201d - MI Ayuntamiento de Caudete","og_description":"P\u00e1gina Oficial del Ayuntamiento de Caudete (Albacete)","og_url":"https:\/\/www.caudete.org\/ayuntamiento\/talleres-corresponsabilidad-en-familia-un-reto-que-suma-igualdad-y-igualdadel-reto-de-la-corresponsabilidad\/","og_site_name":"MI Ayuntamiento de Caudete","article_publisher":"https:\/\/www.facebook.com\/ayuntamientocaudete\/","article_published_time":"2023-03-10T14:12:20+00:00","og_image":[{"width":500,"height":210,"url":"https:\/\/www.caudete.org\/ayuntamiento\/wp-content\/uploads\/2023\/03\/Cartel-ACAFEM-Caudete-Marzo-23-peq.jpg","type":"image\/jpeg"}],"author":"ayun","twitter_card":"summary_large_image","twitter_misc":{"Escrito por":"ayun","Tiempo de lectura":"2 minutos"},"schema":{"@context":"https:\/\/schema.org","@graph":[{"@type":"Article","@id":"https:\/\/www.caudete.org\/ayuntamiento\/talleres-corresponsabilidad-en-familia-un-reto-que-suma-igualdad-y-igualdadel-reto-de-la-corresponsabilidad\/#article","isPartOf":{"@id":"https:\/\/www.caudete.org\/ayuntamiento\/talleres-corresponsabilidad-en-familia-un-reto-que-suma-igualdad-y-igualdadel-reto-de-la-corresponsabilidad\/"},"author":{"name":"ayun","@id":"https:\/\/www.caudete.org\/ayuntamiento\/#\/schema\/person\/79f7e19fdd176fc2bc7a289013dc2056"},"headline":"Talleres &#8220;Corresponsabilidad en familia, un reto que suma igualdad&#8221; y &#8220;Igualdad+El reto de la corresponsabilidad\u201d","datePublished":"2023-03-10T14:12:20+00:00","mainEntityOfPage":{"@id":"https:\/\/www.caudete.org\/ayuntamiento\/talleres-corresponsabilidad-en-familia-un-reto-que-suma-igualdad-y-igualdadel-reto-de-la-corresponsabilidad\/"},"wordCount":274,"image":{"@id":"https:\/\/www.caudete.org\/ayuntamiento\/talleres-corresponsabilidad-en-familia-un-reto-que-suma-igualdad-y-igualdadel-reto-de-la-corresponsabilidad\/#primaryimage"},"thumbnailUrl":"https:\/\/www.caudete.org\/ayuntamiento\/wp-content\/uploads\/2023\/03\/Cartel-ACAFEM-Caudete-Marzo-23-peq.jpg","articleSection":["Bienestar Social"],"inLanguage":"es"},{"@type":"WebPage","@id":"https:\/\/www.caudete.org\/ayuntamiento\/talleres-corresponsabilidad-en-familia-un-reto-que-suma-igualdad-y-igualdadel-reto-de-la-corresponsabilidad\/","url":"https:\/\/www.caudete.org\/ayuntamiento\/talleres-corresponsabilidad-en-familia-un-reto-que-suma-igualdad-y-igualdadel-reto-de-la-corresponsabilidad\/","name":"Talleres \"Corresponsabilidad en familia, un reto que suma igualdad\" y \"Igualdad+El reto de la corresponsabilidad\u201d - MI Ayuntamiento de Caudete","isPartOf":{"@id":"https:\/\/www.caudete.org\/ayuntamiento\/#website"},"primaryImageOfPage":{"@id":"https:\/\/www.caudete.org\/ayuntamiento\/talleres-corresponsabilidad-en-familia-un-reto-que-suma-igualdad-y-igualdadel-reto-de-la-corresponsabilidad\/#primaryimage"},"image":{"@id":"https:\/\/www.caudete.org\/ayuntamiento\/talleres-corresponsabilidad-en-familia-un-reto-que-suma-igualdad-y-igualdadel-reto-de-la-corresponsabilidad\/#primaryimage"},"thumbnailUrl":"https:\/\/www.caudete.org\/ayuntamiento\/wp-content\/uploads\/2023\/03\/Cartel-ACAFEM-Caudete-Marzo-23-peq.jpg","datePublished":"2023-03-10T14:12:20+00:00","author":{"@id":"https:\/\/www.caudete.org\/ayuntamiento\/#\/schema\/person\/79f7e19fdd176fc2bc7a289013dc2056"},"description":"P\u00e1gina Oficial del Ayuntamiento de Caudete (Albacete)","breadcrumb":{"@id":"https:\/\/www.caudete.org\/ayuntamiento\/talleres-corresponsabilidad-en-familia-un-reto-que-suma-igualdad-y-igualdadel-reto-de-la-corresponsabilidad\/#breadcrumb"},"inLanguage":"es","potentialAction":[{"@type":"ReadAction","target":["https:\/\/www.caudete.org\/ayuntamiento\/talleres-corresponsabilidad-en-familia-un-reto-que-suma-igualdad-y-igualdadel-reto-de-la-corresponsabilidad\/"]}]},{"@type":"ImageObject","inLanguage":"es","@id":"https:\/\/www.caudete.org\/ayuntamiento\/talleres-corresponsabilidad-en-familia-un-reto-que-suma-igualdad-y-igualdadel-reto-de-la-corresponsabilidad\/#primaryimage","url":"https:\/\/www.caudete.org\/ayuntamiento\/wp-content\/uploads\/2023\/03\/Cartel-ACAFEM-Caudete-Marzo-23-peq.jpg","contentUrl":"https:\/\/www.caudete.org\/ayuntamiento\/wp-content\/uploads\/2023\/03\/Cartel-ACAFEM-Caudete-Marzo-23-peq.jpg","width":500,"height":210},{"@type":"BreadcrumbList","@id":"https:\/\/www.caudete.org\/ayuntamiento\/talleres-corresponsabilidad-en-familia-un-reto-que-suma-igualdad-y-igualdadel-reto-de-la-corresponsabilidad\/#breadcrumb","itemListElement":[{"@type":"ListItem","position":1,"name":"Inicio","item":"https:\/\/www.caudete.org\/ayuntamiento\/"},{"@type":"ListItem","position":2,"name":"Talleres &#8220;Corresponsabilidad en familia, un reto que suma igualdad&#8221; y &#8220;Igualdad+El reto de la corresponsabilidad\u201d"}]},{"@type":"WebSite","@id":"https:\/\/www.caudete.org\/ayuntamiento\/#website","url":"https:\/\/www.caudete.org\/ayuntamiento\/","name":"MI Ayuntamiento de Caudete","description":"P\u00e1gina Oficial del MI Ayuntamiento de Caudete","potentialAction":[{"@type":"SearchAction","target":{"@type":"EntryPoint","urlTemplate":"https:\/\/www.caudete.org\/ayuntamiento\/?s={search_term_string}"},"query-input":{"@type":"PropertyValueSpecification","valueRequired":true,"valueName":"search_term_string"}}],"inLanguage":"es"},{"@type":"Person","@id":"https:\/\/www.caudete.org\/ayuntamiento\/#\/schema\/person\/79f7e19fdd176fc2bc7a289013dc2056","name":"ayun","image":{"@type":"ImageObject","inLanguage":"es","@id":"https:\/\/secure.gravatar.com\/avatar\/4ce797ee07c943e7e592f8cd648e503e6cd571387558ed07135799c2bd2847df?s=96&d=mm&r=g","url":"https:\/\/secure.gravatar.com\/avatar\/4ce797ee07c943e7e592f8cd648e503e6cd571387558ed07135799c2bd2847df?s=96&d=mm&r=g","contentUrl":"https:\/\/secure.gravatar.com\/avatar\/4ce797ee07c943e7e592f8cd648e503e6cd571387558ed07135799c2bd2847df?s=96&d=mm&r=g","caption":"ayun"},"sameAs":["http:\/\/www.caudete.org\/ayuntamiento"],"url":"https:\/\/www.caudete.org\/ayuntamiento\/author\/ayun\/"}]}},"_links":{"self":[{"href":"https:\/\/www.caudete.org\/ayuntamiento\/wp-json\/wp\/v2\/posts\/21653","targetHints":{"allow":["GET"]}}],"collection":[{"href":"https:\/\/www.caudete.org\/ayuntamiento\/wp-json\/wp\/v2\/posts"}],"about":[{"href":"https:\/\/www.caudete.org\/ayuntamiento\/wp-json\/wp\/v2\/types\/post"}],"author":[{"embeddable":true,"href":"https:\/\/www.caudete.org\/ayuntamiento\/wp-json\/wp\/v2\/users\/1"}],"replies":[{"embeddable":true,"href":"https:\/\/www.caudete.org\/ayuntamiento\/wp-json\/wp\/v2\/comments?post=21653"}],"version-history":[{"count":3,"href":"https:\/\/www.caudete.org\/ayuntamiento\/wp-json\/wp\/v2\/posts\/21653\/revisions"}],"predecessor-version":[{"id":21660,"href":"https:\/\/www.caudete.org\/ayuntamiento\/wp-json\/wp\/v2\/posts\/21653\/revisions\/21660"}],"wp:featuredmedia":[{"embeddable":true,"href":"https:\/\/www.caudete.org\/ayuntamiento\/wp-json\/wp\/v2\/media\/21657"}],"wp:attachment":[{"href":"https:\/\/www.caudete.org\/ayuntamiento\/wp-json\/wp\/v2\/media?parent=21653"}],"wp:term":[{"taxonomy":"category","embeddable":true,"href":"https:\/\/www.caudete.org\/ayuntamiento\/wp-json\/wp\/v2\/categories?post=21653"},{"taxonomy":"post_tag","embeddable":true,"href":"https:\/\/www.caudete.org\/ayuntamiento\/wp-json\/wp\/v2\/tags?post=21653"}],"curies":[{"name":"wp","href":"https:\/\/api.w.org\/{rel}","templated":true}]}}