{"id":21661,"date":"2023-03-12T11:25:00","date_gmt":"2023-03-12T10:25:00","guid":{"rendered":"https:\/\/www.caudete.org\/ayuntamiento\/?p=21661"},"modified":"2023-03-12T11:25:00","modified_gmt":"2023-03-12T10:25:00","slug":"el-lunes-dara-comienzo-la-iv-fase-del-plan-de-asfaltado-de-vias-con-98-000e","status":"publish","type":"post","link":"https:\/\/www.caudete.org\/ayuntamiento\/el-lunes-dara-comienzo-la-iv-fase-del-plan-de-asfaltado-de-vias-con-98-000e\/","title":{"rendered":"El lunes dar\u00e1 comienzo la IV Fase del Plan de Asfaltado de V\u00edas, con 98.000\u20ac"},"content":{"rendered":"<p style=\"text-align: justify;\"><strong>Durante la pr\u00f3xima semana<\/strong>, numerosos puntos de la trama urbana de Caudete est\u00e1n siendo objeto de <strong>actuaci\u00f3n<\/strong> mediante trabajos de fresado para posteriormente recibir una capa de asfalto, actuaciones que componen la <strong>IV Fase del Plan de Asfaltado de V\u00edas<\/strong>.<\/p>\n<p style=\"text-align: justify;\">As\u00ed lo informaba en la ma\u00f1ana del viernes el Concejal responsable de este proyecto, Joaqu\u00edn Pag\u00e1n, quien ha especificado la actuaci\u00f3n en su conjunto, y recordaba, forma parte del <strong>Plan de Mejoras Urbanas<\/strong> que el Gobierno Municipal tiene establecidas para el periodo 2020-2023, coordinadas por la Concejal\u00eda de Movilidad Urbana, materia en la que ya se han invertido m\u00e1s de 400.000\u20ac<\/p>\n<p><a href=\"https:\/\/www.caudete.org\/ayuntamiento\/wp-content\/uploads\/2023\/03\/maquina-asfalto-2.png\" rel='prettyPhoto'><img fetchpriority=\"high\" decoding=\"async\" class=\"aligncenter wp-image-21664 size-medium\" src=\"https:\/\/www.caudete.org\/ayuntamiento\/wp-content\/uploads\/2023\/03\/maquina-asfalto-2-300x224.png\" alt=\"\" width=\"300\" height=\"224\" srcset=\"https:\/\/www.caudete.org\/ayuntamiento\/wp-content\/uploads\/2023\/03\/maquina-asfalto-2-300x224.png 300w, https:\/\/www.caudete.org\/ayuntamiento\/wp-content\/uploads\/2023\/03\/maquina-asfalto-2-768x574.png 768w, https:\/\/www.caudete.org\/ayuntamiento\/wp-content\/uploads\/2023\/03\/maquina-asfalto-2.png 794w\" sizes=\"(max-width: 300px) 100vw, 300px\" \/><\/a><\/p>\n<p style=\"text-align: justify;\">Para esta <strong>IV Fase, un total de 98.000\u20ac<\/strong> son los que permitir\u00e1n actuar por medio de la empresa adjudicataria, CHM <span style=\"font-weight: 400;\">Obras e Infraestructuras S.A.<\/span>, en diferentes barrios y zonas del municipio para mejorar el estado del firme, una cuesti\u00f3n necesaria y demandada por los ciudadanos ante lo que el Gobierno Municipal ha demostrado cumplir el compromiso adquirido con Caudete, pues matizaba el Edil que \u201c<em>es ahora, cuando el Ayuntamiento tiene sus cuentas saneadas, cuando puede acometer este tipo de importantes inversiones, suponiendo un beneficio directo para los caudetanos, y solucionando en gran parte problemas evidentes en nuestras calles&#8221;.<\/em> No obstante recordaba que esa situaci\u00f3n econ\u00f3mica y sus consecuentes inversiones \u201c<em>la venimos aplicando con rigor y responsabilidad, actuando donde los caudetanos nos piden<\/em>&#8220;. Adem\u00e1s, informaba que <span style=\"font-weight: 400;\">en la licitaci\u00f3n, la empresa aportaba una mejora de 1.500 m<sup>2<\/sup> extra de asfaltado, lo que permitir\u00e1 ensanchar o ampliar el planning de actuaci\u00f3n a calles no previstas en el proyecto inicial objeto de la licitaci\u00f3n.<\/span><\/p>\n<p style=\"text-align: justify;\">Inicialmente, se va a proceder <strong>desde el mismo lunes 13 de Marzo<\/strong> al fresado de aquellas zonas que lo requieran, procediendo posteriormente al vertido de aglomerado asf\u00e1ltico y ejecuci\u00f3n de trabajos necesarios. Ante esto, el Concejal recuerda que <strong>la Polic\u00eda Local est\u00e1 se\u00f1alizando las zonas donde se restringe de forma puntual el estacionamiento<\/strong> para permitir la realizaci\u00f3n de los trabajos, por lo que pide <strong>colaboraci\u00f3n y comprensi\u00f3n a los vecinos<\/strong> que se vean afectados por ello.<\/p>\n<p style=\"text-align: justify;\"><span style=\"font-weight: 400;\">Por \u00faltimo, Pag\u00e1n ha facilitado la <strong>programaci\u00f3n de los trabajos, sujeta a posibles cambios en funci\u00f3n del rendimiento de los trabajos,<\/strong> ante lo que se compromete a informar a diario de los posibles cambios que se produzcan, y del avance de las obras.<\/span><\/p>\n<p>&nbsp;<\/p>\n<table style=\"border-collapse: collapse; width: 52.2905%;\">\n<tbody>\n<tr>\n<td style=\"width: 29.43%;\"><strong>LUGAR<\/strong><\/td>\n<td style=\"width: 10.0991%; text-align: center;\"><strong>DIA FRESADO<\/strong><\/td>\n<td style=\"width: 6.37425%; text-align: center;\"><strong>DIA ASFALTADO<\/strong><\/td>\n<\/tr>\n<tr>\n<td style=\"width: 29.43%;\"><span style=\"font-weight: 400;\">Camino de la Balsa del Moto<\/span><\/td>\n<td style=\"width: 10.0991%; text-align: center;\"><span style=\"font-weight: 400;\">15\/03\/2023<\/span><\/td>\n<td style=\"width: 6.37425%; text-align: center;\">\u00a0<span style=\"font-weight: 400;\">15\/03\/2023<\/span><\/td>\n<\/tr>\n<tr>\n<td style=\"width: 29.43%;\"><span style=\"font-weight: 400;\">Calle San Jos\u00e9<\/span><\/td>\n<td style=\"width: 10.0991%; text-align: center;\">\u00a0<span style=\"font-weight: 400;\">15\/03\/2023<\/span><\/td>\n<td style=\"width: 6.37425%; text-align: center;\">\u00a0<span style=\"font-weight: 400;\">15\/03\/2023<\/span><\/td>\n<\/tr>\n<tr>\n<td style=\"width: 29.43%;\"><span style=\"font-weight: 400;\">Calle Manuel de Falla<\/span><\/td>\n<td style=\"width: 10.0991%; text-align: center;\">\u00a0<span style=\"font-weight: 400;\">15\/03\/2023<\/span><\/td>\n<td style=\"width: 6.37425%; text-align: center;\"><span style=\"font-weight: 400;\">16\/03\/2023<\/span><\/td>\n<\/tr>\n<tr>\n<td style=\"width: 29.43%;\"><span style=\"font-weight: 400;\">Calle San Joaqu\u00edn<\/span><\/td>\n<td style=\"width: 10.0991%; text-align: center;\"><span style=\"font-weight: 400;\">13\/03\/2023<\/span><\/td>\n<td style=\"width: 6.37425%; text-align: center;\"><span style=\"font-weight: 400;\">16\/03\/2023<\/span><\/td>\n<\/tr>\n<tr>\n<td style=\"width: 29.43%;\"><span style=\"font-weight: 400;\">Calle San Pascual<\/span><\/td>\n<td style=\"width: 10.0991%; text-align: center;\"><span style=\"font-weight: 400;\">14\/03\/2023<\/span><\/td>\n<td style=\"width: 6.37425%; text-align: center;\"><span style=\"font-weight: 400;\">17\/03\/2023<\/span><\/td>\n<\/tr>\n<tr>\n<td style=\"width: 29.43%;\"><span style=\"font-weight: 400;\">Calle Puerta de la Villa<\/span><\/td>\n<td style=\"width: 10.0991%; text-align: center;\">No precisa<\/td>\n<td style=\"width: 6.37425%; text-align: center;\"><span style=\"font-weight: 400;\">17\/03\/2023<\/span><\/td>\n<\/tr>\n<tr>\n<td style=\"width: 29.43%;\"><span style=\"font-weight: 400;\">Calle Blasco Ib\u00e1\u00f1ez<\/span><\/td>\n<td style=\"width: 10.0991%; text-align: center;\"><span style=\"font-weight: 400;\">16\/03\/2023<\/span><\/td>\n<td style=\"width: 6.37425%; text-align: center;\"><span style=\"font-weight: 400;\">20\/03\/2023<\/span><\/td>\n<\/tr>\n<tr>\n<td style=\"width: 29.43%;\"><span style=\"font-weight: 400;\">Calle Cosme del Claux<\/span><\/td>\n<td style=\"width: 10.0991%; text-align: center;\"><span style=\"font-weight: 400;\">16\/03\/2023<\/span><\/td>\n<td style=\"width: 6.37425%; text-align: center;\"><span style=\"font-weight: 400;\">20\/03\/2023<\/span><\/td>\n<\/tr>\n<tr>\n<td style=\"width: 29.43%;\"><span style=\"font-weight: 400;\">Calle Bret\u00f3n de los Herreros<\/span><\/td>\n<td style=\"width: 10.0991%; text-align: center;\">No precisa<\/td>\n<td style=\"width: 6.37425%; text-align: center;\"><span style=\"font-weight: 400;\">21\/03\/2023<\/span><\/td>\n<\/tr>\n<tr>\n<td style=\"width: 29.43%;\"><span style=\"font-weight: 400;\">Cruce Calle Isaac Peral con Avenida San Jaime<\/span><\/td>\n<td style=\"width: 10.0991%; text-align: center;\"><span style=\"font-weight: 400;\">17\/03\/2023<\/span><\/td>\n<td style=\"width: 6.37425%; text-align: center;\"><span style=\"font-weight: 400;\">21\/03\/2023<\/span><\/td>\n<\/tr>\n<tr>\n<td style=\"width: 29.43%;\"><span style=\"font-weight: 400;\">Cruce Calle Isaac Peral con Jos\u00e9 Canalejas<\/span><\/td>\n<td style=\"width: 10.0991%; text-align: center;\"><span style=\"font-weight: 400;\">17\/03\/2023<\/span><\/td>\n<td style=\"width: 6.37425%; text-align: center;\"><span style=\"font-weight: 400;\">21\/03\/2023<\/span><\/td>\n<\/tr>\n<tr>\n<td style=\"width: 29.43%;\"><span style=\"font-weight: 400;\">Zona de Estacionamiento de Autocaravanas<\/span><\/td>\n<td style=\"width: 10.0991%; text-align: center;\">No precisa<\/td>\n<td style=\"width: 6.37425%; text-align: center;\"><span style=\"font-weight: 400;\">21\/03\/2023<\/span><\/td>\n<\/tr>\n<tr>\n<td style=\"width: 29.43%;\"><span style=\"font-weight: 400;\">Calle Manuel Mart\u00ednez &#8220;El Rojo&#8221;<\/span><\/td>\n<td style=\"width: 10.0991%; text-align: center;\"><span style=\"font-weight: 400;\">17\/03\/2023<\/span><\/td>\n<td style=\"width: 6.37425%; text-align: center;\"><span style=\"font-weight: 400;\">20\/03\/2023<\/span><\/td>\n<\/tr>\n<tr>\n<td style=\"width: 29.43%;\"><span style=\"font-weight: 400;\">Acceso Ciudad Deportiva &#8220;Antonio Amor\u00f3s&#8221;<\/span><\/td>\n<td style=\"width: 10.0991%; text-align: center;\">No precisa<\/td>\n<td style=\"width: 6.37425%; text-align: center;\"><span style=\"font-weight: 400;\">22\/03\/2023<\/span><\/td>\n<\/tr>\n<\/tbody>\n<\/table>\n<p><a href=\"https:\/\/www.caudete.org\/ayuntamiento\/wp-content\/uploads\/2023\/03\/plano-vereda-balsas.png\" rel='prettyPhoto'><img decoding=\"async\" class=\"aligncenter wp-image-21663 size-medium\" src=\"https:\/\/www.caudete.org\/ayuntamiento\/wp-content\/uploads\/2023\/03\/plano-vereda-balsas-300x202.png\" alt=\"\" width=\"300\" height=\"202\" srcset=\"https:\/\/www.caudete.org\/ayuntamiento\/wp-content\/uploads\/2023\/03\/plano-vereda-balsas-300x202.png 300w, https:\/\/www.caudete.org\/ayuntamiento\/wp-content\/uploads\/2023\/03\/plano-vereda-balsas-768x517.png 768w, https:\/\/www.caudete.org\/ayuntamiento\/wp-content\/uploads\/2023\/03\/plano-vereda-balsas.png 1018w\" sizes=\"(max-width: 300px) 100vw, 300px\" \/><\/a><\/p>\n","protected":false},"excerpt":{"rendered":"<p>Durante la pr\u00f3xima semana, numerosos puntos de la trama urbana de Caudete est\u00e1n siendo objeto de actuaci\u00f3n mediante trabajos de fresado para posteriormente recibir una capa de asfalto, actuaciones que componen la IV Fase del Plan de Asfaltado de V\u00edas. As\u00ed lo informaba en la ma\u00f1ana del viernes el Concejal responsable de este proyecto, Joaqu\u00edn &hellip;<\/p>\n","protected":false},"author":3,"featured_media":21662,"comment_status":"closed","ping_status":"open","sticky":false,"template":"","format":"standard","meta":{"ngg_post_thumbnail":0,"footnotes":""},"categories":[46],"tags":[],"class_list":["post-21661","post","type-post","status-publish","format-standard","has-post-thumbnail","hentry","category-movilidad-urbana"],"yoast_head":"<!-- This site is optimized with the Yoast SEO plugin v27.5 - https:\/\/yoast.com\/product\/yoast-seo-wordpress\/ -->\n<title>El lunes dar\u00e1 comienzo la IV Fase del Plan de Asfaltado de V\u00edas, con 98.000\u20ac - MI Ayuntamiento de Caudete<\/title>\n<meta name=\"description\" content=\"P\u00e1gina Oficial del Ayuntamiento de Caudete (Albacete)\" \/>\n<meta name=\"robots\" content=\"index, follow, max-snippet:-1, max-image-preview:large, max-video-preview:-1\" \/>\n<link rel=\"canonical\" href=\"https:\/\/www.caudete.org\/ayuntamiento\/el-lunes-dara-comienzo-la-iv-fase-del-plan-de-asfaltado-de-vias-con-98-000e\/\" \/>\n<meta property=\"og:locale\" content=\"es_ES\" \/>\n<meta property=\"og:type\" content=\"article\" \/>\n<meta property=\"og:title\" content=\"El lunes dar\u00e1 comienzo la IV Fase del Plan de Asfaltado de V\u00edas, con 98.000\u20ac - MI Ayuntamiento de Caudete\" \/>\n<meta property=\"og:description\" content=\"P\u00e1gina Oficial del Ayuntamiento de Caudete (Albacete)\" \/>\n<meta property=\"og:url\" content=\"https:\/\/www.caudete.org\/ayuntamiento\/el-lunes-dara-comienzo-la-iv-fase-del-plan-de-asfaltado-de-vias-con-98-000e\/\" \/>\n<meta property=\"og:site_name\" content=\"MI Ayuntamiento de Caudete\" \/>\n<meta property=\"article:publisher\" content=\"https:\/\/www.facebook.com\/ayuntamientocaudete\/\" \/>\n<meta property=\"article:published_time\" content=\"2023-03-12T10:25:00+00:00\" \/>\n<meta property=\"og:image\" content=\"https:\/\/www.caudete.org\/ayuntamiento\/wp-content\/uploads\/2023\/03\/maquina-asfalto-1.png\" \/>\n\t<meta property=\"og:image:width\" content=\"993\" \/>\n\t<meta property=\"og:image:height\" content=\"659\" \/>\n\t<meta property=\"og:image:type\" content=\"image\/png\" \/>\n<meta name=\"author\" content=\"alcalde\" \/>\n<meta name=\"twitter:card\" content=\"summary_large_image\" \/>\n<meta name=\"twitter:label1\" content=\"Escrito por\" \/>\n\t<meta name=\"twitter:data1\" content=\"alcalde\" \/>\n\t<meta name=\"twitter:label2\" content=\"Tiempo de lectura\" \/>\n\t<meta name=\"twitter:data2\" content=\"3 minutos\" \/>\n<script type=\"application\/ld+json\" class=\"yoast-schema-graph\">{\"@context\":\"https:\\\/\\\/schema.org\",\"@graph\":[{\"@type\":\"Article\",\"@id\":\"https:\\\/\\\/www.caudete.org\\\/ayuntamiento\\\/el-lunes-dara-comienzo-la-iv-fase-del-plan-de-asfaltado-de-vias-con-98-000e\\\/#article\",\"isPartOf\":{\"@id\":\"https:\\\/\\\/www.caudete.org\\\/ayuntamiento\\\/el-lunes-dara-comienzo-la-iv-fase-del-plan-de-asfaltado-de-vias-con-98-000e\\\/\"},\"author\":{\"name\":\"alcalde\",\"@id\":\"https:\\\/\\\/www.caudete.org\\\/ayuntamiento\\\/#\\\/schema\\\/person\\\/cc646da9133078ee4d8dd47457947253\"},\"headline\":\"El lunes dar\u00e1 comienzo la IV Fase del Plan de Asfaltado de V\u00edas, con 98.000\u20ac\",\"datePublished\":\"2023-03-12T10:25:00+00:00\",\"mainEntityOfPage\":{\"@id\":\"https:\\\/\\\/www.caudete.org\\\/ayuntamiento\\\/el-lunes-dara-comienzo-la-iv-fase-del-plan-de-asfaltado-de-vias-con-98-000e\\\/\"},\"wordCount\":506,\"image\":{\"@id\":\"https:\\\/\\\/www.caudete.org\\\/ayuntamiento\\\/el-lunes-dara-comienzo-la-iv-fase-del-plan-de-asfaltado-de-vias-con-98-000e\\\/#primaryimage\"},\"thumbnailUrl\":\"https:\\\/\\\/www.caudete.org\\\/ayuntamiento\\\/wp-content\\\/uploads\\\/2023\\\/03\\\/maquina-asfalto-1.png\",\"articleSection\":[\"Movilidad Urbana\"],\"inLanguage\":\"es\"},{\"@type\":\"WebPage\",\"@id\":\"https:\\\/\\\/www.caudete.org\\\/ayuntamiento\\\/el-lunes-dara-comienzo-la-iv-fase-del-plan-de-asfaltado-de-vias-con-98-000e\\\/\",\"url\":\"https:\\\/\\\/www.caudete.org\\\/ayuntamiento\\\/el-lunes-dara-comienzo-la-iv-fase-del-plan-de-asfaltado-de-vias-con-98-000e\\\/\",\"name\":\"El lunes dar\u00e1 comienzo la IV Fase del Plan de Asfaltado de V\u00edas, con 98.000\u20ac - MI Ayuntamiento de Caudete\",\"isPartOf\":{\"@id\":\"https:\\\/\\\/www.caudete.org\\\/ayuntamiento\\\/#website\"},\"primaryImageOfPage\":{\"@id\":\"https:\\\/\\\/www.caudete.org\\\/ayuntamiento\\\/el-lunes-dara-comienzo-la-iv-fase-del-plan-de-asfaltado-de-vias-con-98-000e\\\/#primaryimage\"},\"image\":{\"@id\":\"https:\\\/\\\/www.caudete.org\\\/ayuntamiento\\\/el-lunes-dara-comienzo-la-iv-fase-del-plan-de-asfaltado-de-vias-con-98-000e\\\/#primaryimage\"},\"thumbnailUrl\":\"https:\\\/\\\/www.caudete.org\\\/ayuntamiento\\\/wp-content\\\/uploads\\\/2023\\\/03\\\/maquina-asfalto-1.png\",\"datePublished\":\"2023-03-12T10:25:00+00:00\",\"author\":{\"@id\":\"https:\\\/\\\/www.caudete.org\\\/ayuntamiento\\\/#\\\/schema\\\/person\\\/cc646da9133078ee4d8dd47457947253\"},\"description\":\"P\u00e1gina Oficial del Ayuntamiento de Caudete (Albacete)\",\"breadcrumb\":{\"@id\":\"https:\\\/\\\/www.caudete.org\\\/ayuntamiento\\\/el-lunes-dara-comienzo-la-iv-fase-del-plan-de-asfaltado-de-vias-con-98-000e\\\/#breadcrumb\"},\"inLanguage\":\"es\",\"potentialAction\":[{\"@type\":\"ReadAction\",\"target\":[\"https:\\\/\\\/www.caudete.org\\\/ayuntamiento\\\/el-lunes-dara-comienzo-la-iv-fase-del-plan-de-asfaltado-de-vias-con-98-000e\\\/\"]}]},{\"@type\":\"ImageObject\",\"inLanguage\":\"es\",\"@id\":\"https:\\\/\\\/www.caudete.org\\\/ayuntamiento\\\/el-lunes-dara-comienzo-la-iv-fase-del-plan-de-asfaltado-de-vias-con-98-000e\\\/#primaryimage\",\"url\":\"https:\\\/\\\/www.caudete.org\\\/ayuntamiento\\\/wp-content\\\/uploads\\\/2023\\\/03\\\/maquina-asfalto-1.png\",\"contentUrl\":\"https:\\\/\\\/www.caudete.org\\\/ayuntamiento\\\/wp-content\\\/uploads\\\/2023\\\/03\\\/maquina-asfalto-1.png\",\"width\":993,\"height\":659},{\"@type\":\"BreadcrumbList\",\"@id\":\"https:\\\/\\\/www.caudete.org\\\/ayuntamiento\\\/el-lunes-dara-comienzo-la-iv-fase-del-plan-de-asfaltado-de-vias-con-98-000e\\\/#breadcrumb\",\"itemListElement\":[{\"@type\":\"ListItem\",\"position\":1,\"name\":\"Inicio\",\"item\":\"https:\\\/\\\/www.caudete.org\\\/ayuntamiento\\\/\"},{\"@type\":\"ListItem\",\"position\":2,\"name\":\"El lunes dar\u00e1 comienzo la IV Fase del Plan de Asfaltado de V\u00edas, con 98.000\u20ac\"}]},{\"@type\":\"WebSite\",\"@id\":\"https:\\\/\\\/www.caudete.org\\\/ayuntamiento\\\/#website\",\"url\":\"https:\\\/\\\/www.caudete.org\\\/ayuntamiento\\\/\",\"name\":\"MI Ayuntamiento de Caudete\",\"description\":\"P\u00e1gina Oficial del MI Ayuntamiento de Caudete\",\"potentialAction\":[{\"@type\":\"SearchAction\",\"target\":{\"@type\":\"EntryPoint\",\"urlTemplate\":\"https:\\\/\\\/www.caudete.org\\\/ayuntamiento\\\/?s={search_term_string}\"},\"query-input\":{\"@type\":\"PropertyValueSpecification\",\"valueRequired\":true,\"valueName\":\"search_term_string\"}}],\"inLanguage\":\"es\"},{\"@type\":\"Person\",\"@id\":\"https:\\\/\\\/www.caudete.org\\\/ayuntamiento\\\/#\\\/schema\\\/person\\\/cc646da9133078ee4d8dd47457947253\",\"name\":\"alcalde\",\"image\":{\"@type\":\"ImageObject\",\"inLanguage\":\"es\",\"@id\":\"https:\\\/\\\/secure.gravatar.com\\\/avatar\\\/84a817ba065b29ff08d666b215a215f5c79186a645ccb25b14a663d48a130f77?s=96&d=mm&r=g\",\"url\":\"https:\\\/\\\/secure.gravatar.com\\\/avatar\\\/84a817ba065b29ff08d666b215a215f5c79186a645ccb25b14a663d48a130f77?s=96&d=mm&r=g\",\"contentUrl\":\"https:\\\/\\\/secure.gravatar.com\\\/avatar\\\/84a817ba065b29ff08d666b215a215f5c79186a645ccb25b14a663d48a130f77?s=96&d=mm&r=g\",\"caption\":\"alcalde\"},\"url\":\"https:\\\/\\\/www.caudete.org\\\/ayuntamiento\\\/author\\\/alcalde\\\/\"}]}<\/script>\n<!-- \/ Yoast SEO plugin. -->","yoast_head_json":{"title":"El lunes dar\u00e1 comienzo la IV Fase del Plan de Asfaltado de V\u00edas, con 98.000\u20ac - MI Ayuntamiento de Caudete","description":"P\u00e1gina Oficial del Ayuntamiento de Caudete (Albacete)","robots":{"index":"index","follow":"follow","max-snippet":"max-snippet:-1","max-image-preview":"max-image-preview:large","max-video-preview":"max-video-preview:-1"},"canonical":"https:\/\/www.caudete.org\/ayuntamiento\/el-lunes-dara-comienzo-la-iv-fase-del-plan-de-asfaltado-de-vias-con-98-000e\/","og_locale":"es_ES","og_type":"article","og_title":"El lunes dar\u00e1 comienzo la IV Fase del Plan de Asfaltado de V\u00edas, con 98.000\u20ac - MI Ayuntamiento de Caudete","og_description":"P\u00e1gina Oficial del Ayuntamiento de Caudete (Albacete)","og_url":"https:\/\/www.caudete.org\/ayuntamiento\/el-lunes-dara-comienzo-la-iv-fase-del-plan-de-asfaltado-de-vias-con-98-000e\/","og_site_name":"MI Ayuntamiento de Caudete","article_publisher":"https:\/\/www.facebook.com\/ayuntamientocaudete\/","article_published_time":"2023-03-12T10:25:00+00:00","og_image":[{"width":993,"height":659,"url":"https:\/\/www.caudete.org\/ayuntamiento\/wp-content\/uploads\/2023\/03\/maquina-asfalto-1.png","type":"image\/png"}],"author":"alcalde","twitter_card":"summary_large_image","twitter_misc":{"Escrito por":"alcalde","Tiempo de lectura":"3 minutos"},"schema":{"@context":"https:\/\/schema.org","@graph":[{"@type":"Article","@id":"https:\/\/www.caudete.org\/ayuntamiento\/el-lunes-dara-comienzo-la-iv-fase-del-plan-de-asfaltado-de-vias-con-98-000e\/#article","isPartOf":{"@id":"https:\/\/www.caudete.org\/ayuntamiento\/el-lunes-dara-comienzo-la-iv-fase-del-plan-de-asfaltado-de-vias-con-98-000e\/"},"author":{"name":"alcalde","@id":"https:\/\/www.caudete.org\/ayuntamiento\/#\/schema\/person\/cc646da9133078ee4d8dd47457947253"},"headline":"El lunes dar\u00e1 comienzo la IV Fase del Plan de Asfaltado de V\u00edas, con 98.000\u20ac","datePublished":"2023-03-12T10:25:00+00:00","mainEntityOfPage":{"@id":"https:\/\/www.caudete.org\/ayuntamiento\/el-lunes-dara-comienzo-la-iv-fase-del-plan-de-asfaltado-de-vias-con-98-000e\/"},"wordCount":506,"image":{"@id":"https:\/\/www.caudete.org\/ayuntamiento\/el-lunes-dara-comienzo-la-iv-fase-del-plan-de-asfaltado-de-vias-con-98-000e\/#primaryimage"},"thumbnailUrl":"https:\/\/www.caudete.org\/ayuntamiento\/wp-content\/uploads\/2023\/03\/maquina-asfalto-1.png","articleSection":["Movilidad Urbana"],"inLanguage":"es"},{"@type":"WebPage","@id":"https:\/\/www.caudete.org\/ayuntamiento\/el-lunes-dara-comienzo-la-iv-fase-del-plan-de-asfaltado-de-vias-con-98-000e\/","url":"https:\/\/www.caudete.org\/ayuntamiento\/el-lunes-dara-comienzo-la-iv-fase-del-plan-de-asfaltado-de-vias-con-98-000e\/","name":"El lunes dar\u00e1 comienzo la IV Fase del Plan de Asfaltado de V\u00edas, con 98.000\u20ac - MI Ayuntamiento de Caudete","isPartOf":{"@id":"https:\/\/www.caudete.org\/ayuntamiento\/#website"},"primaryImageOfPage":{"@id":"https:\/\/www.caudete.org\/ayuntamiento\/el-lunes-dara-comienzo-la-iv-fase-del-plan-de-asfaltado-de-vias-con-98-000e\/#primaryimage"},"image":{"@id":"https:\/\/www.caudete.org\/ayuntamiento\/el-lunes-dara-comienzo-la-iv-fase-del-plan-de-asfaltado-de-vias-con-98-000e\/#primaryimage"},"thumbnailUrl":"https:\/\/www.caudete.org\/ayuntamiento\/wp-content\/uploads\/2023\/03\/maquina-asfalto-1.png","datePublished":"2023-03-12T10:25:00+00:00","author":{"@id":"https:\/\/www.caudete.org\/ayuntamiento\/#\/schema\/person\/cc646da9133078ee4d8dd47457947253"},"description":"P\u00e1gina Oficial del Ayuntamiento de Caudete (Albacete)","breadcrumb":{"@id":"https:\/\/www.caudete.org\/ayuntamiento\/el-lunes-dara-comienzo-la-iv-fase-del-plan-de-asfaltado-de-vias-con-98-000e\/#breadcrumb"},"inLanguage":"es","potentialAction":[{"@type":"ReadAction","target":["https:\/\/www.caudete.org\/ayuntamiento\/el-lunes-dara-comienzo-la-iv-fase-del-plan-de-asfaltado-de-vias-con-98-000e\/"]}]},{"@type":"ImageObject","inLanguage":"es","@id":"https:\/\/www.caudete.org\/ayuntamiento\/el-lunes-dara-comienzo-la-iv-fase-del-plan-de-asfaltado-de-vias-con-98-000e\/#primaryimage","url":"https:\/\/www.caudete.org\/ayuntamiento\/wp-content\/uploads\/2023\/03\/maquina-asfalto-1.png","contentUrl":"https:\/\/www.caudete.org\/ayuntamiento\/wp-content\/uploads\/2023\/03\/maquina-asfalto-1.png","width":993,"height":659},{"@type":"BreadcrumbList","@id":"https:\/\/www.caudete.org\/ayuntamiento\/el-lunes-dara-comienzo-la-iv-fase-del-plan-de-asfaltado-de-vias-con-98-000e\/#breadcrumb","itemListElement":[{"@type":"ListItem","position":1,"name":"Inicio","item":"https:\/\/www.caudete.org\/ayuntamiento\/"},{"@type":"ListItem","position":2,"name":"El lunes dar\u00e1 comienzo la IV Fase del Plan de Asfaltado de V\u00edas, con 98.000\u20ac"}]},{"@type":"WebSite","@id":"https:\/\/www.caudete.org\/ayuntamiento\/#website","url":"https:\/\/www.caudete.org\/ayuntamiento\/","name":"MI Ayuntamiento de Caudete","description":"P\u00e1gina Oficial del MI Ayuntamiento de Caudete","potentialAction":[{"@type":"SearchAction","target":{"@type":"EntryPoint","urlTemplate":"https:\/\/www.caudete.org\/ayuntamiento\/?s={search_term_string}"},"query-input":{"@type":"PropertyValueSpecification","valueRequired":true,"valueName":"search_term_string"}}],"inLanguage":"es"},{"@type":"Person","@id":"https:\/\/www.caudete.org\/ayuntamiento\/#\/schema\/person\/cc646da9133078ee4d8dd47457947253","name":"alcalde","image":{"@type":"ImageObject","inLanguage":"es","@id":"https:\/\/secure.gravatar.com\/avatar\/84a817ba065b29ff08d666b215a215f5c79186a645ccb25b14a663d48a130f77?s=96&d=mm&r=g","url":"https:\/\/secure.gravatar.com\/avatar\/84a817ba065b29ff08d666b215a215f5c79186a645ccb25b14a663d48a130f77?s=96&d=mm&r=g","contentUrl":"https:\/\/secure.gravatar.com\/avatar\/84a817ba065b29ff08d666b215a215f5c79186a645ccb25b14a663d48a130f77?s=96&d=mm&r=g","caption":"alcalde"},"url":"https:\/\/www.caudete.org\/ayuntamiento\/author\/alcalde\/"}]}},"_links":{"self":[{"href":"https:\/\/www.caudete.org\/ayuntamiento\/wp-json\/wp\/v2\/posts\/21661","targetHints":{"allow":["GET"]}}],"collection":[{"href":"https:\/\/www.caudete.org\/ayuntamiento\/wp-json\/wp\/v2\/posts"}],"about":[{"href":"https:\/\/www.caudete.org\/ayuntamiento\/wp-json\/wp\/v2\/types\/post"}],"author":[{"embeddable":true,"href":"https:\/\/www.caudete.org\/ayuntamiento\/wp-json\/wp\/v2\/users\/3"}],"replies":[{"embeddable":true,"href":"https:\/\/www.caudete.org\/ayuntamiento\/wp-json\/wp\/v2\/comments?post=21661"}],"version-history":[{"count":1,"href":"https:\/\/www.caudete.org\/ayuntamiento\/wp-json\/wp\/v2\/posts\/21661\/revisions"}],"predecessor-version":[{"id":21667,"href":"https:\/\/www.caudete.org\/ayuntamiento\/wp-json\/wp\/v2\/posts\/21661\/revisions\/21667"}],"wp:featuredmedia":[{"embeddable":true,"href":"https:\/\/www.caudete.org\/ayuntamiento\/wp-json\/wp\/v2\/media\/21662"}],"wp:attachment":[{"href":"https:\/\/www.caudete.org\/ayuntamiento\/wp-json\/wp\/v2\/media?parent=21661"}],"wp:term":[{"taxonomy":"category","embeddable":true,"href":"https:\/\/www.caudete.org\/ayuntamiento\/wp-json\/wp\/v2\/categories?post=21661"},{"taxonomy":"post_tag","embeddable":true,"href":"https:\/\/www.caudete.org\/ayuntamiento\/wp-json\/wp\/v2\/tags?post=21661"}],"curies":[{"name":"wp","href":"https:\/\/api.w.org\/{rel}","templated":true}]}}