{"id":21668,"date":"2023-03-12T11:49:33","date_gmt":"2023-03-12T10:49:33","guid":{"rendered":"https:\/\/www.caudete.org\/ayuntamiento\/?p=21668"},"modified":"2023-03-12T11:49:33","modified_gmt":"2023-03-12T10:49:33","slug":"inauguracion-de-la-oficina-de-turismo-el-proximo-sabado-18-de-marzo-a-las-11-30h","status":"publish","type":"post","link":"https:\/\/www.caudete.org\/ayuntamiento\/inauguracion-de-la-oficina-de-turismo-el-proximo-sabado-18-de-marzo-a-las-11-30h\/","title":{"rendered":"Inauguraci\u00f3n de la OFICINA DE TURISMO el pr\u00f3ximo s\u00e1bado 18 de Marzo a las 11.30h"},"content":{"rendered":"<p style=\"text-align: justify;\">El Concejal de Turismo, Diego Cuenca, ha informado de que el pr\u00f3ximo s\u00e1bado, 18 de marzo, a las 11:30 horas, tendr\u00e1 lugar la inauguraci\u00f3n de la nueva Oficina de Turismo de Caudete, invitando por tanto a los caudetanos a sumarse a este evento.<\/p>\n<p style=\"text-align: justify;\">Tras la inauguraci\u00f3n de las nuevas instalaciones, situadas frente al Ayuntamiento, habr\u00e1 una\u00a0<strong>Jornada de Puertas Abiertas<\/strong>, y se podr\u00e1n visitar por el p\u00fablico de las 11:30 a las 14:00 horas, y de 17:30 a 20:00 horas.<\/p>\n<p style=\"text-align: justify;\">Para la ocasi\u00f3n \u00fanicamente se ha habilitado la planta baja del inmueble, sobre la que se han llevado a cabo obras durante 2022 y 2023 para ofrecer un lugar id\u00f3neo a la Oficina de Turismo, a la vez que recuperar una Casona de \u00e9poca como testigo de la historia local, y habilitarla adem\u00e1s como Casa Museo.<\/p>\n<p style=\"text-align: justify;\">El inmueble, por todos conocidos, es una casa solariega con varios siglos de historia, ambientada en el S.XIX, \u00e9poca de sus m\u00e1s c\u00e9lebres moradores, D. Miguel Mart\u00ednez y D\u00f1a. Dolores de Teresa.<\/p>\n<p style=\"text-align: justify;\">En su interior se podr\u00e1 apreciar mobiliario y enseres tanto de propiedad municipal como otros objeto de cesi\u00f3n\/donaci\u00f3n de particulares, a lo que se sumar\u00e1 una muestra temporal de trajes de Fiestas de la dise\u00f1adora caudetana de Gala Requena.<\/p>\n<p style=\"text-align: justify;\">Adem\u00e1s, se realizar\u00e1 una\u00a0<strong>degustaci\u00f3n gratuita de los productos t\u00edpicos tanto de Caudete, como de los pueblos hermanados,<\/strong>\u00a0como son Marseillan, Valverde de J\u00facar y Paracuellos de la Vega.<\/p>\n","protected":false},"excerpt":{"rendered":"<p>El Concejal de Turismo, Diego Cuenca, ha informado de que el pr\u00f3ximo s\u00e1bado, 18 de marzo, a las 11:30 horas, tendr\u00e1 lugar la inauguraci\u00f3n de la nueva Oficina de Turismo de Caudete, invitando por tanto a los caudetanos a sumarse a este evento. Tras la inauguraci\u00f3n de las nuevas instalaciones, situadas frente al Ayuntamiento, habr\u00e1 &hellip;<\/p>\n","protected":false},"author":3,"featured_media":21669,"comment_status":"closed","ping_status":"open","sticky":false,"template":"","format":"standard","meta":{"ngg_post_thumbnail":0,"footnotes":""},"categories":[43],"tags":[],"class_list":["post-21668","post","type-post","status-publish","format-standard","has-post-thumbnail","hentry","category-turismo"],"yoast_head":"<!-- This site is optimized with the Yoast SEO plugin v27.5 - https:\/\/yoast.com\/product\/yoast-seo-wordpress\/ -->\n<title>Inauguraci\u00f3n de la OFICINA DE TURISMO el pr\u00f3ximo s\u00e1bado 18 de Marzo a las 11.30h - MI Ayuntamiento de Caudete<\/title>\n<meta name=\"description\" content=\"P\u00e1gina Oficial del Ayuntamiento de Caudete (Albacete)\" \/>\n<meta name=\"robots\" content=\"index, follow, max-snippet:-1, max-image-preview:large, max-video-preview:-1\" \/>\n<link rel=\"canonical\" href=\"https:\/\/www.caudete.org\/ayuntamiento\/inauguracion-de-la-oficina-de-turismo-el-proximo-sabado-18-de-marzo-a-las-11-30h\/\" \/>\n<meta property=\"og:locale\" content=\"es_ES\" \/>\n<meta property=\"og:type\" content=\"article\" \/>\n<meta property=\"og:title\" content=\"Inauguraci\u00f3n de la OFICINA DE TURISMO el pr\u00f3ximo s\u00e1bado 18 de Marzo a las 11.30h - MI Ayuntamiento de Caudete\" \/>\n<meta property=\"og:description\" content=\"P\u00e1gina Oficial del Ayuntamiento de Caudete (Albacete)\" \/>\n<meta property=\"og:url\" content=\"https:\/\/www.caudete.org\/ayuntamiento\/inauguracion-de-la-oficina-de-turismo-el-proximo-sabado-18-de-marzo-a-las-11-30h\/\" \/>\n<meta property=\"og:site_name\" content=\"MI Ayuntamiento de Caudete\" \/>\n<meta property=\"article:publisher\" content=\"https:\/\/www.facebook.com\/ayuntamientocaudete\/\" \/>\n<meta property=\"article:published_time\" content=\"2023-03-12T10:49:33+00:00\" \/>\n<meta property=\"og:image\" content=\"https:\/\/www.caudete.org\/ayuntamiento\/wp-content\/uploads\/2023\/03\/oficina-turismo-con-logo.png\" \/>\n\t<meta property=\"og:image:width\" content=\"1054\" \/>\n\t<meta property=\"og:image:height\" content=\"772\" \/>\n\t<meta property=\"og:image:type\" content=\"image\/png\" \/>\n<meta name=\"author\" content=\"alcalde\" \/>\n<meta name=\"twitter:card\" content=\"summary_large_image\" \/>\n<meta name=\"twitter:label1\" content=\"Escrito por\" \/>\n\t<meta name=\"twitter:data1\" content=\"alcalde\" \/>\n\t<meta name=\"twitter:label2\" content=\"Tiempo de lectura\" \/>\n\t<meta name=\"twitter:data2\" content=\"2 minutos\" \/>\n<script type=\"application\/ld+json\" class=\"yoast-schema-graph\">{\"@context\":\"https:\\\/\\\/schema.org\",\"@graph\":[{\"@type\":\"Article\",\"@id\":\"https:\\\/\\\/www.caudete.org\\\/ayuntamiento\\\/inauguracion-de-la-oficina-de-turismo-el-proximo-sabado-18-de-marzo-a-las-11-30h\\\/#article\",\"isPartOf\":{\"@id\":\"https:\\\/\\\/www.caudete.org\\\/ayuntamiento\\\/inauguracion-de-la-oficina-de-turismo-el-proximo-sabado-18-de-marzo-a-las-11-30h\\\/\"},\"author\":{\"name\":\"alcalde\",\"@id\":\"https:\\\/\\\/www.caudete.org\\\/ayuntamiento\\\/#\\\/schema\\\/person\\\/cc646da9133078ee4d8dd47457947253\"},\"headline\":\"Inauguraci\u00f3n de la OFICINA DE TURISMO el pr\u00f3ximo s\u00e1bado 18 de Marzo a las 11.30h\",\"datePublished\":\"2023-03-12T10:49:33+00:00\",\"mainEntityOfPage\":{\"@id\":\"https:\\\/\\\/www.caudete.org\\\/ayuntamiento\\\/inauguracion-de-la-oficina-de-turismo-el-proximo-sabado-18-de-marzo-a-las-11-30h\\\/\"},\"wordCount\":267,\"image\":{\"@id\":\"https:\\\/\\\/www.caudete.org\\\/ayuntamiento\\\/inauguracion-de-la-oficina-de-turismo-el-proximo-sabado-18-de-marzo-a-las-11-30h\\\/#primaryimage\"},\"thumbnailUrl\":\"https:\\\/\\\/www.caudete.org\\\/ayuntamiento\\\/wp-content\\\/uploads\\\/2023\\\/03\\\/oficina-turismo-con-logo.png\",\"articleSection\":[\"Turismo\"],\"inLanguage\":\"es\"},{\"@type\":\"WebPage\",\"@id\":\"https:\\\/\\\/www.caudete.org\\\/ayuntamiento\\\/inauguracion-de-la-oficina-de-turismo-el-proximo-sabado-18-de-marzo-a-las-11-30h\\\/\",\"url\":\"https:\\\/\\\/www.caudete.org\\\/ayuntamiento\\\/inauguracion-de-la-oficina-de-turismo-el-proximo-sabado-18-de-marzo-a-las-11-30h\\\/\",\"name\":\"Inauguraci\u00f3n de la OFICINA DE TURISMO el pr\u00f3ximo s\u00e1bado 18 de Marzo a las 11.30h - MI Ayuntamiento de Caudete\",\"isPartOf\":{\"@id\":\"https:\\\/\\\/www.caudete.org\\\/ayuntamiento\\\/#website\"},\"primaryImageOfPage\":{\"@id\":\"https:\\\/\\\/www.caudete.org\\\/ayuntamiento\\\/inauguracion-de-la-oficina-de-turismo-el-proximo-sabado-18-de-marzo-a-las-11-30h\\\/#primaryimage\"},\"image\":{\"@id\":\"https:\\\/\\\/www.caudete.org\\\/ayuntamiento\\\/inauguracion-de-la-oficina-de-turismo-el-proximo-sabado-18-de-marzo-a-las-11-30h\\\/#primaryimage\"},\"thumbnailUrl\":\"https:\\\/\\\/www.caudete.org\\\/ayuntamiento\\\/wp-content\\\/uploads\\\/2023\\\/03\\\/oficina-turismo-con-logo.png\",\"datePublished\":\"2023-03-12T10:49:33+00:00\",\"author\":{\"@id\":\"https:\\\/\\\/www.caudete.org\\\/ayuntamiento\\\/#\\\/schema\\\/person\\\/cc646da9133078ee4d8dd47457947253\"},\"description\":\"P\u00e1gina Oficial del Ayuntamiento de Caudete (Albacete)\",\"breadcrumb\":{\"@id\":\"https:\\\/\\\/www.caudete.org\\\/ayuntamiento\\\/inauguracion-de-la-oficina-de-turismo-el-proximo-sabado-18-de-marzo-a-las-11-30h\\\/#breadcrumb\"},\"inLanguage\":\"es\",\"potentialAction\":[{\"@type\":\"ReadAction\",\"target\":[\"https:\\\/\\\/www.caudete.org\\\/ayuntamiento\\\/inauguracion-de-la-oficina-de-turismo-el-proximo-sabado-18-de-marzo-a-las-11-30h\\\/\"]}]},{\"@type\":\"ImageObject\",\"inLanguage\":\"es\",\"@id\":\"https:\\\/\\\/www.caudete.org\\\/ayuntamiento\\\/inauguracion-de-la-oficina-de-turismo-el-proximo-sabado-18-de-marzo-a-las-11-30h\\\/#primaryimage\",\"url\":\"https:\\\/\\\/www.caudete.org\\\/ayuntamiento\\\/wp-content\\\/uploads\\\/2023\\\/03\\\/oficina-turismo-con-logo.png\",\"contentUrl\":\"https:\\\/\\\/www.caudete.org\\\/ayuntamiento\\\/wp-content\\\/uploads\\\/2023\\\/03\\\/oficina-turismo-con-logo.png\",\"width\":1054,\"height\":772},{\"@type\":\"BreadcrumbList\",\"@id\":\"https:\\\/\\\/www.caudete.org\\\/ayuntamiento\\\/inauguracion-de-la-oficina-de-turismo-el-proximo-sabado-18-de-marzo-a-las-11-30h\\\/#breadcrumb\",\"itemListElement\":[{\"@type\":\"ListItem\",\"position\":1,\"name\":\"Inicio\",\"item\":\"https:\\\/\\\/www.caudete.org\\\/ayuntamiento\\\/\"},{\"@type\":\"ListItem\",\"position\":2,\"name\":\"Inauguraci\u00f3n de la OFICINA DE TURISMO el pr\u00f3ximo s\u00e1bado 18 de Marzo a las 11.30h\"}]},{\"@type\":\"WebSite\",\"@id\":\"https:\\\/\\\/www.caudete.org\\\/ayuntamiento\\\/#website\",\"url\":\"https:\\\/\\\/www.caudete.org\\\/ayuntamiento\\\/\",\"name\":\"MI Ayuntamiento de Caudete\",\"description\":\"P\u00e1gina Oficial del MI Ayuntamiento de Caudete\",\"potentialAction\":[{\"@type\":\"SearchAction\",\"target\":{\"@type\":\"EntryPoint\",\"urlTemplate\":\"https:\\\/\\\/www.caudete.org\\\/ayuntamiento\\\/?s={search_term_string}\"},\"query-input\":{\"@type\":\"PropertyValueSpecification\",\"valueRequired\":true,\"valueName\":\"search_term_string\"}}],\"inLanguage\":\"es\"},{\"@type\":\"Person\",\"@id\":\"https:\\\/\\\/www.caudete.org\\\/ayuntamiento\\\/#\\\/schema\\\/person\\\/cc646da9133078ee4d8dd47457947253\",\"name\":\"alcalde\",\"image\":{\"@type\":\"ImageObject\",\"inLanguage\":\"es\",\"@id\":\"https:\\\/\\\/secure.gravatar.com\\\/avatar\\\/84a817ba065b29ff08d666b215a215f5c79186a645ccb25b14a663d48a130f77?s=96&d=mm&r=g\",\"url\":\"https:\\\/\\\/secure.gravatar.com\\\/avatar\\\/84a817ba065b29ff08d666b215a215f5c79186a645ccb25b14a663d48a130f77?s=96&d=mm&r=g\",\"contentUrl\":\"https:\\\/\\\/secure.gravatar.com\\\/avatar\\\/84a817ba065b29ff08d666b215a215f5c79186a645ccb25b14a663d48a130f77?s=96&d=mm&r=g\",\"caption\":\"alcalde\"},\"url\":\"https:\\\/\\\/www.caudete.org\\\/ayuntamiento\\\/author\\\/alcalde\\\/\"}]}<\/script>\n<!-- \/ Yoast SEO plugin. -->","yoast_head_json":{"title":"Inauguraci\u00f3n de la OFICINA DE TURISMO el pr\u00f3ximo s\u00e1bado 18 de Marzo a las 11.30h - MI Ayuntamiento de Caudete","description":"P\u00e1gina Oficial del Ayuntamiento de Caudete (Albacete)","robots":{"index":"index","follow":"follow","max-snippet":"max-snippet:-1","max-image-preview":"max-image-preview:large","max-video-preview":"max-video-preview:-1"},"canonical":"https:\/\/www.caudete.org\/ayuntamiento\/inauguracion-de-la-oficina-de-turismo-el-proximo-sabado-18-de-marzo-a-las-11-30h\/","og_locale":"es_ES","og_type":"article","og_title":"Inauguraci\u00f3n de la OFICINA DE TURISMO el pr\u00f3ximo s\u00e1bado 18 de Marzo a las 11.30h - MI Ayuntamiento de Caudete","og_description":"P\u00e1gina Oficial del Ayuntamiento de Caudete (Albacete)","og_url":"https:\/\/www.caudete.org\/ayuntamiento\/inauguracion-de-la-oficina-de-turismo-el-proximo-sabado-18-de-marzo-a-las-11-30h\/","og_site_name":"MI Ayuntamiento de Caudete","article_publisher":"https:\/\/www.facebook.com\/ayuntamientocaudete\/","article_published_time":"2023-03-12T10:49:33+00:00","og_image":[{"width":1054,"height":772,"url":"https:\/\/www.caudete.org\/ayuntamiento\/wp-content\/uploads\/2023\/03\/oficina-turismo-con-logo.png","type":"image\/png"}],"author":"alcalde","twitter_card":"summary_large_image","twitter_misc":{"Escrito por":"alcalde","Tiempo de lectura":"2 minutos"},"schema":{"@context":"https:\/\/schema.org","@graph":[{"@type":"Article","@id":"https:\/\/www.caudete.org\/ayuntamiento\/inauguracion-de-la-oficina-de-turismo-el-proximo-sabado-18-de-marzo-a-las-11-30h\/#article","isPartOf":{"@id":"https:\/\/www.caudete.org\/ayuntamiento\/inauguracion-de-la-oficina-de-turismo-el-proximo-sabado-18-de-marzo-a-las-11-30h\/"},"author":{"name":"alcalde","@id":"https:\/\/www.caudete.org\/ayuntamiento\/#\/schema\/person\/cc646da9133078ee4d8dd47457947253"},"headline":"Inauguraci\u00f3n de la OFICINA DE TURISMO el pr\u00f3ximo s\u00e1bado 18 de Marzo a las 11.30h","datePublished":"2023-03-12T10:49:33+00:00","mainEntityOfPage":{"@id":"https:\/\/www.caudete.org\/ayuntamiento\/inauguracion-de-la-oficina-de-turismo-el-proximo-sabado-18-de-marzo-a-las-11-30h\/"},"wordCount":267,"image":{"@id":"https:\/\/www.caudete.org\/ayuntamiento\/inauguracion-de-la-oficina-de-turismo-el-proximo-sabado-18-de-marzo-a-las-11-30h\/#primaryimage"},"thumbnailUrl":"https:\/\/www.caudete.org\/ayuntamiento\/wp-content\/uploads\/2023\/03\/oficina-turismo-con-logo.png","articleSection":["Turismo"],"inLanguage":"es"},{"@type":"WebPage","@id":"https:\/\/www.caudete.org\/ayuntamiento\/inauguracion-de-la-oficina-de-turismo-el-proximo-sabado-18-de-marzo-a-las-11-30h\/","url":"https:\/\/www.caudete.org\/ayuntamiento\/inauguracion-de-la-oficina-de-turismo-el-proximo-sabado-18-de-marzo-a-las-11-30h\/","name":"Inauguraci\u00f3n de la OFICINA DE TURISMO el pr\u00f3ximo s\u00e1bado 18 de Marzo a las 11.30h - MI Ayuntamiento de Caudete","isPartOf":{"@id":"https:\/\/www.caudete.org\/ayuntamiento\/#website"},"primaryImageOfPage":{"@id":"https:\/\/www.caudete.org\/ayuntamiento\/inauguracion-de-la-oficina-de-turismo-el-proximo-sabado-18-de-marzo-a-las-11-30h\/#primaryimage"},"image":{"@id":"https:\/\/www.caudete.org\/ayuntamiento\/inauguracion-de-la-oficina-de-turismo-el-proximo-sabado-18-de-marzo-a-las-11-30h\/#primaryimage"},"thumbnailUrl":"https:\/\/www.caudete.org\/ayuntamiento\/wp-content\/uploads\/2023\/03\/oficina-turismo-con-logo.png","datePublished":"2023-03-12T10:49:33+00:00","author":{"@id":"https:\/\/www.caudete.org\/ayuntamiento\/#\/schema\/person\/cc646da9133078ee4d8dd47457947253"},"description":"P\u00e1gina Oficial del Ayuntamiento de Caudete (Albacete)","breadcrumb":{"@id":"https:\/\/www.caudete.org\/ayuntamiento\/inauguracion-de-la-oficina-de-turismo-el-proximo-sabado-18-de-marzo-a-las-11-30h\/#breadcrumb"},"inLanguage":"es","potentialAction":[{"@type":"ReadAction","target":["https:\/\/www.caudete.org\/ayuntamiento\/inauguracion-de-la-oficina-de-turismo-el-proximo-sabado-18-de-marzo-a-las-11-30h\/"]}]},{"@type":"ImageObject","inLanguage":"es","@id":"https:\/\/www.caudete.org\/ayuntamiento\/inauguracion-de-la-oficina-de-turismo-el-proximo-sabado-18-de-marzo-a-las-11-30h\/#primaryimage","url":"https:\/\/www.caudete.org\/ayuntamiento\/wp-content\/uploads\/2023\/03\/oficina-turismo-con-logo.png","contentUrl":"https:\/\/www.caudete.org\/ayuntamiento\/wp-content\/uploads\/2023\/03\/oficina-turismo-con-logo.png","width":1054,"height":772},{"@type":"BreadcrumbList","@id":"https:\/\/www.caudete.org\/ayuntamiento\/inauguracion-de-la-oficina-de-turismo-el-proximo-sabado-18-de-marzo-a-las-11-30h\/#breadcrumb","itemListElement":[{"@type":"ListItem","position":1,"name":"Inicio","item":"https:\/\/www.caudete.org\/ayuntamiento\/"},{"@type":"ListItem","position":2,"name":"Inauguraci\u00f3n de la OFICINA DE TURISMO el pr\u00f3ximo s\u00e1bado 18 de Marzo a las 11.30h"}]},{"@type":"WebSite","@id":"https:\/\/www.caudete.org\/ayuntamiento\/#website","url":"https:\/\/www.caudete.org\/ayuntamiento\/","name":"MI Ayuntamiento de Caudete","description":"P\u00e1gina Oficial del MI Ayuntamiento de Caudete","potentialAction":[{"@type":"SearchAction","target":{"@type":"EntryPoint","urlTemplate":"https:\/\/www.caudete.org\/ayuntamiento\/?s={search_term_string}"},"query-input":{"@type":"PropertyValueSpecification","valueRequired":true,"valueName":"search_term_string"}}],"inLanguage":"es"},{"@type":"Person","@id":"https:\/\/www.caudete.org\/ayuntamiento\/#\/schema\/person\/cc646da9133078ee4d8dd47457947253","name":"alcalde","image":{"@type":"ImageObject","inLanguage":"es","@id":"https:\/\/secure.gravatar.com\/avatar\/84a817ba065b29ff08d666b215a215f5c79186a645ccb25b14a663d48a130f77?s=96&d=mm&r=g","url":"https:\/\/secure.gravatar.com\/avatar\/84a817ba065b29ff08d666b215a215f5c79186a645ccb25b14a663d48a130f77?s=96&d=mm&r=g","contentUrl":"https:\/\/secure.gravatar.com\/avatar\/84a817ba065b29ff08d666b215a215f5c79186a645ccb25b14a663d48a130f77?s=96&d=mm&r=g","caption":"alcalde"},"url":"https:\/\/www.caudete.org\/ayuntamiento\/author\/alcalde\/"}]}},"_links":{"self":[{"href":"https:\/\/www.caudete.org\/ayuntamiento\/wp-json\/wp\/v2\/posts\/21668","targetHints":{"allow":["GET"]}}],"collection":[{"href":"https:\/\/www.caudete.org\/ayuntamiento\/wp-json\/wp\/v2\/posts"}],"about":[{"href":"https:\/\/www.caudete.org\/ayuntamiento\/wp-json\/wp\/v2\/types\/post"}],"author":[{"embeddable":true,"href":"https:\/\/www.caudete.org\/ayuntamiento\/wp-json\/wp\/v2\/users\/3"}],"replies":[{"embeddable":true,"href":"https:\/\/www.caudete.org\/ayuntamiento\/wp-json\/wp\/v2\/comments?post=21668"}],"version-history":[{"count":1,"href":"https:\/\/www.caudete.org\/ayuntamiento\/wp-json\/wp\/v2\/posts\/21668\/revisions"}],"predecessor-version":[{"id":21670,"href":"https:\/\/www.caudete.org\/ayuntamiento\/wp-json\/wp\/v2\/posts\/21668\/revisions\/21670"}],"wp:featuredmedia":[{"embeddable":true,"href":"https:\/\/www.caudete.org\/ayuntamiento\/wp-json\/wp\/v2\/media\/21669"}],"wp:attachment":[{"href":"https:\/\/www.caudete.org\/ayuntamiento\/wp-json\/wp\/v2\/media?parent=21668"}],"wp:term":[{"taxonomy":"category","embeddable":true,"href":"https:\/\/www.caudete.org\/ayuntamiento\/wp-json\/wp\/v2\/categories?post=21668"},{"taxonomy":"post_tag","embeddable":true,"href":"https:\/\/www.caudete.org\/ayuntamiento\/wp-json\/wp\/v2\/tags?post=21668"}],"curies":[{"name":"wp","href":"https:\/\/api.w.org\/{rel}","templated":true}]}}