{"id":21671,"date":"2023-03-13T09:00:33","date_gmt":"2023-03-13T08:00:33","guid":{"rendered":"https:\/\/www.caudete.org\/ayuntamiento\/?p=21671"},"modified":"2023-03-12T21:17:00","modified_gmt":"2023-03-12T20:17:00","slug":"inversion-de-20-525e-para-dotar-de-19-nuevos-puntos-de-luz-a-la-avenida-miguel-angel-blanco","status":"publish","type":"post","link":"https:\/\/www.caudete.org\/ayuntamiento\/inversion-de-20-525e-para-dotar-de-19-nuevos-puntos-de-luz-a-la-avenida-miguel-angel-blanco\/","title":{"rendered":"Inversi\u00f3n de 20.525\u20ac para dotar de 19 nuevos puntos de luz a la Avenida Miguel \u00c1ngel Blanco"},"content":{"rendered":"<p style=\"text-align: justify;\"><span style=\"font-weight: 400;\">La Avenida Miguel \u00c1ngel Blanco cuenta con 19 nuevas farolas de alumbrado p\u00fablico, gracias al Plan de Mejoras Urbanas. La instalaci\u00f3n comprende desde el cruce con Calle Atleta Antonio Amor\u00f3s, hasta el Ecoparque Municipal.<\/span><\/p>\n<p style=\"text-align: justify;\"><span style=\"font-weight: 400;\">El Concejal de Servicios, Joaqu\u00edn Pag\u00e1n ha informado de ello, manifestando que estos trabajos se iniciaron a ra\u00edz de la instalaci\u00f3n de c\u00e1maras de Videovigilancia en el cruce de la Avenida de Villena con Avenida Miguel \u00c1ngel Blanco, y las instaladas Ecoparque; ya que en <\/span><span style=\"font-weight: 400;\">aquel momento, aprovechando la obra civil ejecutada por la Brigada de Obras Municipal para llevar fibra \u00f3ptica a las c\u00e1maras. se instalaron 2 tubos de 60mm, uno para telecomunicaciones y otro para alumbrado p\u00fablico. A ello se a\u00f1adi\u00f3 la cimentaci\u00f3n de unas peanas de las futuras farolas, hoy instaladas.<\/span><span style=\"font-weight: 400;\">\u00a0<\/span><\/p>\n<p style=\"text-align: justify;\">La instalaci\u00f3n de b\u00e1culos y luminarias, as\u00ed como el tirado de l\u00ednea el\u00e9ctrica, y el suministro de todos sus componentes, ha sido materializado por Elecnor, ascendiendo la inversi\u00f3n a 20.525\u20ac<\/p>\n<p style=\"text-align: justify;\"><span style=\"font-weight: 400;\">La Avenida Miguel \u00c1ngel Blanco es un acceso importante al caso urbano, con alineaci\u00f3n de \u00e1rboles a ambos lados, y con un Carril Bici en su lado derecho puesto en funcionamiento en el a\u00f1o 2020. Zona muy transitada tambi\u00e9n por peatones en su trayecto hacia la Ermita Virgen de Gracia. Motivos por los cuales se precis\u00f3 dicha actuaci\u00f3n de alumbrado para el presente mandato.<\/span><\/p>\n<p style=\"text-align: justify;\"><span style=\"font-weight: 400;\">En el tramo final de la Avenida, se localizan f\u00e1bricas y talleres, careciendo como el resto de la v\u00eda de alumbrado p\u00fablico. As\u00ed pues, con esta actuaci\u00f3n damos respuesta a la demanda que estas empresas desde tiempo ven\u00edan solicitando mejoras en la zona al Consistorio.<\/span><\/p>\n","protected":false},"excerpt":{"rendered":"<p>La Avenida Miguel \u00c1ngel Blanco cuenta con 19 nuevas farolas de alumbrado p\u00fablico, gracias al Plan de Mejoras Urbanas. La instalaci\u00f3n comprende desde el cruce con Calle Atleta Antonio Amor\u00f3s, hasta el Ecoparque Municipal. El Concejal de Servicios, Joaqu\u00edn Pag\u00e1n ha informado de ello, manifestando que estos trabajos se iniciaron a ra\u00edz de la instalaci\u00f3n &hellip;<\/p>\n","protected":false},"author":3,"featured_media":21672,"comment_status":"closed","ping_status":"open","sticky":false,"template":"","format":"standard","meta":{"ngg_post_thumbnail":0,"footnotes":""},"categories":[270],"tags":[],"class_list":["post-21671","post","type-post","status-publish","format-standard","has-post-thumbnail","hentry","category-servicios"],"yoast_head":"<!-- This site is optimized with the Yoast SEO plugin v27.5 - https:\/\/yoast.com\/product\/yoast-seo-wordpress\/ -->\n<title>Inversi\u00f3n de 20.525\u20ac para dotar de 19 nuevos puntos de luz a la Avenida Miguel \u00c1ngel Blanco - MI Ayuntamiento de Caudete<\/title>\n<meta name=\"description\" content=\"P\u00e1gina Oficial del Ayuntamiento de Caudete (Albacete)\" \/>\n<meta name=\"robots\" content=\"index, follow, max-snippet:-1, max-image-preview:large, max-video-preview:-1\" \/>\n<link rel=\"canonical\" href=\"https:\/\/www.caudete.org\/ayuntamiento\/inversion-de-20-525e-para-dotar-de-19-nuevos-puntos-de-luz-a-la-avenida-miguel-angel-blanco\/\" \/>\n<meta property=\"og:locale\" content=\"es_ES\" \/>\n<meta property=\"og:type\" content=\"article\" \/>\n<meta property=\"og:title\" content=\"Inversi\u00f3n de 20.525\u20ac para dotar de 19 nuevos puntos de luz a la Avenida Miguel \u00c1ngel Blanco - MI Ayuntamiento de Caudete\" \/>\n<meta property=\"og:description\" content=\"P\u00e1gina Oficial del Ayuntamiento de Caudete (Albacete)\" \/>\n<meta property=\"og:url\" content=\"https:\/\/www.caudete.org\/ayuntamiento\/inversion-de-20-525e-para-dotar-de-19-nuevos-puntos-de-luz-a-la-avenida-miguel-angel-blanco\/\" \/>\n<meta property=\"og:site_name\" content=\"MI Ayuntamiento de Caudete\" \/>\n<meta property=\"article:publisher\" content=\"https:\/\/www.facebook.com\/ayuntamientocaudete\/\" \/>\n<meta property=\"article:published_time\" content=\"2023-03-13T08:00:33+00:00\" \/>\n<meta property=\"og:image\" content=\"https:\/\/www.caudete.org\/ayuntamiento\/wp-content\/uploads\/2023\/03\/farolas-miguel-angel-blanco.png\" \/>\n\t<meta property=\"og:image:width\" content=\"930\" \/>\n\t<meta property=\"og:image:height\" content=\"607\" \/>\n\t<meta property=\"og:image:type\" content=\"image\/png\" \/>\n<meta name=\"author\" content=\"alcalde\" \/>\n<meta name=\"twitter:card\" content=\"summary_large_image\" \/>\n<meta name=\"twitter:label1\" content=\"Escrito por\" \/>\n\t<meta name=\"twitter:data1\" content=\"alcalde\" \/>\n\t<meta name=\"twitter:label2\" content=\"Tiempo de lectura\" \/>\n\t<meta name=\"twitter:data2\" content=\"2 minutos\" \/>\n<script type=\"application\/ld+json\" class=\"yoast-schema-graph\">{\"@context\":\"https:\\\/\\\/schema.org\",\"@graph\":[{\"@type\":\"Article\",\"@id\":\"https:\\\/\\\/www.caudete.org\\\/ayuntamiento\\\/inversion-de-20-525e-para-dotar-de-19-nuevos-puntos-de-luz-a-la-avenida-miguel-angel-blanco\\\/#article\",\"isPartOf\":{\"@id\":\"https:\\\/\\\/www.caudete.org\\\/ayuntamiento\\\/inversion-de-20-525e-para-dotar-de-19-nuevos-puntos-de-luz-a-la-avenida-miguel-angel-blanco\\\/\"},\"author\":{\"name\":\"alcalde\",\"@id\":\"https:\\\/\\\/www.caudete.org\\\/ayuntamiento\\\/#\\\/schema\\\/person\\\/cc646da9133078ee4d8dd47457947253\"},\"headline\":\"Inversi\u00f3n de 20.525\u20ac para dotar de 19 nuevos puntos de luz a la Avenida Miguel \u00c1ngel Blanco\",\"datePublished\":\"2023-03-13T08:00:33+00:00\",\"mainEntityOfPage\":{\"@id\":\"https:\\\/\\\/www.caudete.org\\\/ayuntamiento\\\/inversion-de-20-525e-para-dotar-de-19-nuevos-puntos-de-luz-a-la-avenida-miguel-angel-blanco\\\/\"},\"wordCount\":305,\"publisher\":{\"@id\":\"https:\\\/\\\/www.caudete.org\\\/ayuntamiento\\\/#organization\"},\"image\":{\"@id\":\"https:\\\/\\\/www.caudete.org\\\/ayuntamiento\\\/inversion-de-20-525e-para-dotar-de-19-nuevos-puntos-de-luz-a-la-avenida-miguel-angel-blanco\\\/#primaryimage\"},\"thumbnailUrl\":\"https:\\\/\\\/www.caudete.org\\\/ayuntamiento\\\/wp-content\\\/uploads\\\/2023\\\/03\\\/farolas-miguel-angel-blanco.png\",\"articleSection\":[\"Servicios\"],\"inLanguage\":\"es\"},{\"@type\":\"WebPage\",\"@id\":\"https:\\\/\\\/www.caudete.org\\\/ayuntamiento\\\/inversion-de-20-525e-para-dotar-de-19-nuevos-puntos-de-luz-a-la-avenida-miguel-angel-blanco\\\/\",\"url\":\"https:\\\/\\\/www.caudete.org\\\/ayuntamiento\\\/inversion-de-20-525e-para-dotar-de-19-nuevos-puntos-de-luz-a-la-avenida-miguel-angel-blanco\\\/\",\"name\":\"Inversi\u00f3n de 20.525\u20ac para dotar de 19 nuevos puntos de luz a la Avenida Miguel \u00c1ngel Blanco - MI Ayuntamiento de Caudete\",\"isPartOf\":{\"@id\":\"https:\\\/\\\/www.caudete.org\\\/ayuntamiento\\\/#website\"},\"primaryImageOfPage\":{\"@id\":\"https:\\\/\\\/www.caudete.org\\\/ayuntamiento\\\/inversion-de-20-525e-para-dotar-de-19-nuevos-puntos-de-luz-a-la-avenida-miguel-angel-blanco\\\/#primaryimage\"},\"image\":{\"@id\":\"https:\\\/\\\/www.caudete.org\\\/ayuntamiento\\\/inversion-de-20-525e-para-dotar-de-19-nuevos-puntos-de-luz-a-la-avenida-miguel-angel-blanco\\\/#primaryimage\"},\"thumbnailUrl\":\"https:\\\/\\\/www.caudete.org\\\/ayuntamiento\\\/wp-content\\\/uploads\\\/2023\\\/03\\\/farolas-miguel-angel-blanco.png\",\"datePublished\":\"2023-03-13T08:00:33+00:00\",\"description\":\"P\u00e1gina Oficial del Ayuntamiento de Caudete (Albacete)\",\"breadcrumb\":{\"@id\":\"https:\\\/\\\/www.caudete.org\\\/ayuntamiento\\\/inversion-de-20-525e-para-dotar-de-19-nuevos-puntos-de-luz-a-la-avenida-miguel-angel-blanco\\\/#breadcrumb\"},\"inLanguage\":\"es\",\"potentialAction\":[{\"@type\":\"ReadAction\",\"target\":[\"https:\\\/\\\/www.caudete.org\\\/ayuntamiento\\\/inversion-de-20-525e-para-dotar-de-19-nuevos-puntos-de-luz-a-la-avenida-miguel-angel-blanco\\\/\"]}]},{\"@type\":\"ImageObject\",\"inLanguage\":\"es\",\"@id\":\"https:\\\/\\\/www.caudete.org\\\/ayuntamiento\\\/inversion-de-20-525e-para-dotar-de-19-nuevos-puntos-de-luz-a-la-avenida-miguel-angel-blanco\\\/#primaryimage\",\"url\":\"https:\\\/\\\/www.caudete.org\\\/ayuntamiento\\\/wp-content\\\/uploads\\\/2023\\\/03\\\/farolas-miguel-angel-blanco.png\",\"contentUrl\":\"https:\\\/\\\/www.caudete.org\\\/ayuntamiento\\\/wp-content\\\/uploads\\\/2023\\\/03\\\/farolas-miguel-angel-blanco.png\",\"width\":930,\"height\":607},{\"@type\":\"BreadcrumbList\",\"@id\":\"https:\\\/\\\/www.caudete.org\\\/ayuntamiento\\\/inversion-de-20-525e-para-dotar-de-19-nuevos-puntos-de-luz-a-la-avenida-miguel-angel-blanco\\\/#breadcrumb\",\"itemListElement\":[{\"@type\":\"ListItem\",\"position\":1,\"name\":\"Inicio\",\"item\":\"https:\\\/\\\/www.caudete.org\\\/ayuntamiento\\\/\"},{\"@type\":\"ListItem\",\"position\":2,\"name\":\"Inversi\u00f3n de 20.525\u20ac para dotar de 19 nuevos puntos de luz a la Avenida Miguel \u00c1ngel Blanco\"}]},{\"@type\":\"WebSite\",\"@id\":\"https:\\\/\\\/www.caudete.org\\\/ayuntamiento\\\/#website\",\"url\":\"https:\\\/\\\/www.caudete.org\\\/ayuntamiento\\\/\",\"name\":\"MI Ayuntamiento de Caudete\",\"description\":\"P\u00e1gina Oficial del MI Ayuntamiento de Caudete\",\"publisher\":{\"@id\":\"https:\\\/\\\/www.caudete.org\\\/ayuntamiento\\\/#organization\"},\"potentialAction\":[{\"@type\":\"SearchAction\",\"target\":{\"@type\":\"EntryPoint\",\"urlTemplate\":\"https:\\\/\\\/www.caudete.org\\\/ayuntamiento\\\/?s={search_term_string}\"},\"query-input\":{\"@type\":\"PropertyValueSpecification\",\"valueRequired\":true,\"valueName\":\"search_term_string\"}}],\"inLanguage\":\"es\"},{\"@type\":\"Organization\",\"@id\":\"https:\\\/\\\/www.caudete.org\\\/ayuntamiento\\\/#organization\",\"name\":\"Ayuntamiento de Caudete\",\"url\":\"https:\\\/\\\/www.caudete.org\\\/ayuntamiento\\\/\",\"logo\":{\"@type\":\"ImageObject\",\"inLanguage\":\"es\",\"@id\":\"https:\\\/\\\/www.caudete.org\\\/ayuntamiento\\\/#\\\/schema\\\/logo\\\/image\\\/\",\"url\":\"https:\\\/\\\/www.caudete.org\\\/ayuntamiento\\\/wp-content\\\/uploads\\\/2020\\\/11\\\/logo_ayuntamiento_caudete.jpg\",\"contentUrl\":\"https:\\\/\\\/www.caudete.org\\\/ayuntamiento\\\/wp-content\\\/uploads\\\/2020\\\/11\\\/logo_ayuntamiento_caudete.jpg\",\"width\":600,\"height\":150,\"caption\":\"Ayuntamiento de Caudete\"},\"image\":{\"@id\":\"https:\\\/\\\/www.caudete.org\\\/ayuntamiento\\\/#\\\/schema\\\/logo\\\/image\\\/\"},\"sameAs\":[\"https:\\\/\\\/www.facebook.com\\\/ayuntamientocaudete\\\/\",\"https:\\\/\\\/www.youtube.com\\\/channel\\\/UC6VztHaooNsGpw-tNoBEFnQ\"]},{\"@type\":\"Person\",\"@id\":\"https:\\\/\\\/www.caudete.org\\\/ayuntamiento\\\/#\\\/schema\\\/person\\\/cc646da9133078ee4d8dd47457947253\",\"name\":\"alcalde\",\"image\":{\"@type\":\"ImageObject\",\"inLanguage\":\"es\",\"@id\":\"https:\\\/\\\/secure.gravatar.com\\\/avatar\\\/84a817ba065b29ff08d666b215a215f5c79186a645ccb25b14a663d48a130f77?s=96&d=mm&r=g\",\"url\":\"https:\\\/\\\/secure.gravatar.com\\\/avatar\\\/84a817ba065b29ff08d666b215a215f5c79186a645ccb25b14a663d48a130f77?s=96&d=mm&r=g\",\"contentUrl\":\"https:\\\/\\\/secure.gravatar.com\\\/avatar\\\/84a817ba065b29ff08d666b215a215f5c79186a645ccb25b14a663d48a130f77?s=96&d=mm&r=g\",\"caption\":\"alcalde\"},\"url\":\"https:\\\/\\\/www.caudete.org\\\/ayuntamiento\\\/author\\\/alcalde\\\/\"}]}<\/script>\n<!-- \/ Yoast SEO plugin. -->","yoast_head_json":{"title":"Inversi\u00f3n de 20.525\u20ac para dotar de 19 nuevos puntos de luz a la Avenida Miguel \u00c1ngel Blanco - MI Ayuntamiento de Caudete","description":"P\u00e1gina Oficial del Ayuntamiento de Caudete (Albacete)","robots":{"index":"index","follow":"follow","max-snippet":"max-snippet:-1","max-image-preview":"max-image-preview:large","max-video-preview":"max-video-preview:-1"},"canonical":"https:\/\/www.caudete.org\/ayuntamiento\/inversion-de-20-525e-para-dotar-de-19-nuevos-puntos-de-luz-a-la-avenida-miguel-angel-blanco\/","og_locale":"es_ES","og_type":"article","og_title":"Inversi\u00f3n de 20.525\u20ac para dotar de 19 nuevos puntos de luz a la Avenida Miguel \u00c1ngel Blanco - MI Ayuntamiento de Caudete","og_description":"P\u00e1gina Oficial del Ayuntamiento de Caudete (Albacete)","og_url":"https:\/\/www.caudete.org\/ayuntamiento\/inversion-de-20-525e-para-dotar-de-19-nuevos-puntos-de-luz-a-la-avenida-miguel-angel-blanco\/","og_site_name":"MI Ayuntamiento de Caudete","article_publisher":"https:\/\/www.facebook.com\/ayuntamientocaudete\/","article_published_time":"2023-03-13T08:00:33+00:00","og_image":[{"width":930,"height":607,"url":"https:\/\/www.caudete.org\/ayuntamiento\/wp-content\/uploads\/2023\/03\/farolas-miguel-angel-blanco.png","type":"image\/png"}],"author":"alcalde","twitter_card":"summary_large_image","twitter_misc":{"Escrito por":"alcalde","Tiempo de lectura":"2 minutos"},"schema":{"@context":"https:\/\/schema.org","@graph":[{"@type":"Article","@id":"https:\/\/www.caudete.org\/ayuntamiento\/inversion-de-20-525e-para-dotar-de-19-nuevos-puntos-de-luz-a-la-avenida-miguel-angel-blanco\/#article","isPartOf":{"@id":"https:\/\/www.caudete.org\/ayuntamiento\/inversion-de-20-525e-para-dotar-de-19-nuevos-puntos-de-luz-a-la-avenida-miguel-angel-blanco\/"},"author":{"name":"alcalde","@id":"https:\/\/www.caudete.org\/ayuntamiento\/#\/schema\/person\/cc646da9133078ee4d8dd47457947253"},"headline":"Inversi\u00f3n de 20.525\u20ac para dotar de 19 nuevos puntos de luz a la Avenida Miguel \u00c1ngel Blanco","datePublished":"2023-03-13T08:00:33+00:00","mainEntityOfPage":{"@id":"https:\/\/www.caudete.org\/ayuntamiento\/inversion-de-20-525e-para-dotar-de-19-nuevos-puntos-de-luz-a-la-avenida-miguel-angel-blanco\/"},"wordCount":305,"publisher":{"@id":"https:\/\/www.caudete.org\/ayuntamiento\/#organization"},"image":{"@id":"https:\/\/www.caudete.org\/ayuntamiento\/inversion-de-20-525e-para-dotar-de-19-nuevos-puntos-de-luz-a-la-avenida-miguel-angel-blanco\/#primaryimage"},"thumbnailUrl":"https:\/\/www.caudete.org\/ayuntamiento\/wp-content\/uploads\/2023\/03\/farolas-miguel-angel-blanco.png","articleSection":["Servicios"],"inLanguage":"es"},{"@type":"WebPage","@id":"https:\/\/www.caudete.org\/ayuntamiento\/inversion-de-20-525e-para-dotar-de-19-nuevos-puntos-de-luz-a-la-avenida-miguel-angel-blanco\/","url":"https:\/\/www.caudete.org\/ayuntamiento\/inversion-de-20-525e-para-dotar-de-19-nuevos-puntos-de-luz-a-la-avenida-miguel-angel-blanco\/","name":"Inversi\u00f3n de 20.525\u20ac para dotar de 19 nuevos puntos de luz a la Avenida Miguel \u00c1ngel Blanco - MI Ayuntamiento de Caudete","isPartOf":{"@id":"https:\/\/www.caudete.org\/ayuntamiento\/#website"},"primaryImageOfPage":{"@id":"https:\/\/www.caudete.org\/ayuntamiento\/inversion-de-20-525e-para-dotar-de-19-nuevos-puntos-de-luz-a-la-avenida-miguel-angel-blanco\/#primaryimage"},"image":{"@id":"https:\/\/www.caudete.org\/ayuntamiento\/inversion-de-20-525e-para-dotar-de-19-nuevos-puntos-de-luz-a-la-avenida-miguel-angel-blanco\/#primaryimage"},"thumbnailUrl":"https:\/\/www.caudete.org\/ayuntamiento\/wp-content\/uploads\/2023\/03\/farolas-miguel-angel-blanco.png","datePublished":"2023-03-13T08:00:33+00:00","description":"P\u00e1gina Oficial del Ayuntamiento de Caudete (Albacete)","breadcrumb":{"@id":"https:\/\/www.caudete.org\/ayuntamiento\/inversion-de-20-525e-para-dotar-de-19-nuevos-puntos-de-luz-a-la-avenida-miguel-angel-blanco\/#breadcrumb"},"inLanguage":"es","potentialAction":[{"@type":"ReadAction","target":["https:\/\/www.caudete.org\/ayuntamiento\/inversion-de-20-525e-para-dotar-de-19-nuevos-puntos-de-luz-a-la-avenida-miguel-angel-blanco\/"]}]},{"@type":"ImageObject","inLanguage":"es","@id":"https:\/\/www.caudete.org\/ayuntamiento\/inversion-de-20-525e-para-dotar-de-19-nuevos-puntos-de-luz-a-la-avenida-miguel-angel-blanco\/#primaryimage","url":"https:\/\/www.caudete.org\/ayuntamiento\/wp-content\/uploads\/2023\/03\/farolas-miguel-angel-blanco.png","contentUrl":"https:\/\/www.caudete.org\/ayuntamiento\/wp-content\/uploads\/2023\/03\/farolas-miguel-angel-blanco.png","width":930,"height":607},{"@type":"BreadcrumbList","@id":"https:\/\/www.caudete.org\/ayuntamiento\/inversion-de-20-525e-para-dotar-de-19-nuevos-puntos-de-luz-a-la-avenida-miguel-angel-blanco\/#breadcrumb","itemListElement":[{"@type":"ListItem","position":1,"name":"Inicio","item":"https:\/\/www.caudete.org\/ayuntamiento\/"},{"@type":"ListItem","position":2,"name":"Inversi\u00f3n de 20.525\u20ac para dotar de 19 nuevos puntos de luz a la Avenida Miguel \u00c1ngel Blanco"}]},{"@type":"WebSite","@id":"https:\/\/www.caudete.org\/ayuntamiento\/#website","url":"https:\/\/www.caudete.org\/ayuntamiento\/","name":"MI Ayuntamiento de Caudete","description":"P\u00e1gina Oficial del MI Ayuntamiento de Caudete","publisher":{"@id":"https:\/\/www.caudete.org\/ayuntamiento\/#organization"},"potentialAction":[{"@type":"SearchAction","target":{"@type":"EntryPoint","urlTemplate":"https:\/\/www.caudete.org\/ayuntamiento\/?s={search_term_string}"},"query-input":{"@type":"PropertyValueSpecification","valueRequired":true,"valueName":"search_term_string"}}],"inLanguage":"es"},{"@type":"Organization","@id":"https:\/\/www.caudete.org\/ayuntamiento\/#organization","name":"Ayuntamiento de Caudete","url":"https:\/\/www.caudete.org\/ayuntamiento\/","logo":{"@type":"ImageObject","inLanguage":"es","@id":"https:\/\/www.caudete.org\/ayuntamiento\/#\/schema\/logo\/image\/","url":"https:\/\/www.caudete.org\/ayuntamiento\/wp-content\/uploads\/2020\/11\/logo_ayuntamiento_caudete.jpg","contentUrl":"https:\/\/www.caudete.org\/ayuntamiento\/wp-content\/uploads\/2020\/11\/logo_ayuntamiento_caudete.jpg","width":600,"height":150,"caption":"Ayuntamiento de Caudete"},"image":{"@id":"https:\/\/www.caudete.org\/ayuntamiento\/#\/schema\/logo\/image\/"},"sameAs":["https:\/\/www.facebook.com\/ayuntamientocaudete\/","https:\/\/www.youtube.com\/channel\/UC6VztHaooNsGpw-tNoBEFnQ"]},{"@type":"Person","@id":"https:\/\/www.caudete.org\/ayuntamiento\/#\/schema\/person\/cc646da9133078ee4d8dd47457947253","name":"alcalde","image":{"@type":"ImageObject","inLanguage":"es","@id":"https:\/\/secure.gravatar.com\/avatar\/84a817ba065b29ff08d666b215a215f5c79186a645ccb25b14a663d48a130f77?s=96&d=mm&r=g","url":"https:\/\/secure.gravatar.com\/avatar\/84a817ba065b29ff08d666b215a215f5c79186a645ccb25b14a663d48a130f77?s=96&d=mm&r=g","contentUrl":"https:\/\/secure.gravatar.com\/avatar\/84a817ba065b29ff08d666b215a215f5c79186a645ccb25b14a663d48a130f77?s=96&d=mm&r=g","caption":"alcalde"},"url":"https:\/\/www.caudete.org\/ayuntamiento\/author\/alcalde\/"}]}},"_links":{"self":[{"href":"https:\/\/www.caudete.org\/ayuntamiento\/wp-json\/wp\/v2\/posts\/21671","targetHints":{"allow":["GET"]}}],"collection":[{"href":"https:\/\/www.caudete.org\/ayuntamiento\/wp-json\/wp\/v2\/posts"}],"about":[{"href":"https:\/\/www.caudete.org\/ayuntamiento\/wp-json\/wp\/v2\/types\/post"}],"author":[{"embeddable":true,"href":"https:\/\/www.caudete.org\/ayuntamiento\/wp-json\/wp\/v2\/users\/3"}],"replies":[{"embeddable":true,"href":"https:\/\/www.caudete.org\/ayuntamiento\/wp-json\/wp\/v2\/comments?post=21671"}],"version-history":[{"count":1,"href":"https:\/\/www.caudete.org\/ayuntamiento\/wp-json\/wp\/v2\/posts\/21671\/revisions"}],"predecessor-version":[{"id":21673,"href":"https:\/\/www.caudete.org\/ayuntamiento\/wp-json\/wp\/v2\/posts\/21671\/revisions\/21673"}],"wp:featuredmedia":[{"embeddable":true,"href":"https:\/\/www.caudete.org\/ayuntamiento\/wp-json\/wp\/v2\/media\/21672"}],"wp:attachment":[{"href":"https:\/\/www.caudete.org\/ayuntamiento\/wp-json\/wp\/v2\/media?parent=21671"}],"wp:term":[{"taxonomy":"category","embeddable":true,"href":"https:\/\/www.caudete.org\/ayuntamiento\/wp-json\/wp\/v2\/categories?post=21671"},{"taxonomy":"post_tag","embeddable":true,"href":"https:\/\/www.caudete.org\/ayuntamiento\/wp-json\/wp\/v2\/tags?post=21671"}],"curies":[{"name":"wp","href":"https:\/\/api.w.org\/{rel}","templated":true}]}}