{"id":21718,"date":"2023-03-16T08:28:06","date_gmt":"2023-03-16T07:28:06","guid":{"rendered":"https:\/\/www.caudete.org\/ayuntamiento\/?p=21718"},"modified":"2023-03-16T08:28:06","modified_gmt":"2023-03-16T07:28:06","slug":"se-ajardina-el-exterior-del-molino-gracias-a-la-colaboracion-del-ayuntamiento-con-un-curso-de-meser-center","status":"publish","type":"post","link":"https:\/\/www.caudete.org\/ayuntamiento\/se-ajardina-el-exterior-del-molino-gracias-a-la-colaboracion-del-ayuntamiento-con-un-curso-de-meser-center\/","title":{"rendered":"Se ajardina el exterior del Molino gracias a la colaboraci\u00f3n del Ayuntamiento con un Curso de Meser Center"},"content":{"rendered":"<p style=\"text-align: justify;\"><span style=\"font-weight: 400;\">La Concejal\u00eda de Medio Ambiente colabora con el centro de formaci\u00f3n Meser Center facilitando una zona donde poner en pr\u00e1ctica los conocimientos adquiridos por los alumnos del curso, el cual est\u00e1 formado por 1<\/span><span style=\"font-weight: 400;\">5 alumnos y la formaci\u00f3n los acredita con un t\u00edtulo de operaciones auxiliares e instalaciones en trabajos de jardiner\u00eda, zonas verdes, riego por goteo.<\/span><\/p>\n<p style=\"text-align: justify;\"><span style=\"font-weight: 400;\">La monitora del curso Pilar Bartolom\u00e9, Ingeniera T\u00e9cnica Agr\u00edcola nos ha comentado sobre el terreno los trabajos que est\u00e1n realizando en el talud de bajada al Molino, donde el Ayuntamiento <\/span><span style=\"font-weight: 400;\">colabora facilitando una zona donde poder realizar las pr\u00e1cticas y aportando las plantas, \u00e1rboles y arbustos para generar esta nueva zona ajardinada.<\/span><\/p>\n<p><a href=\"https:\/\/www.caudete.org\/ayuntamiento\/wp-content\/uploads\/2023\/03\/WhatsApp-Image-2023-03-14-at-18.30.12.jpeg\" rel='prettyPhoto'><img fetchpriority=\"high\" decoding=\"async\" class=\"aligncenter wp-image-21721 size-medium\" src=\"https:\/\/www.caudete.org\/ayuntamiento\/wp-content\/uploads\/2023\/03\/WhatsApp-Image-2023-03-14-at-18.30.12-300x215.jpeg\" alt=\"\" width=\"300\" height=\"215\" srcset=\"https:\/\/www.caudete.org\/ayuntamiento\/wp-content\/uploads\/2023\/03\/WhatsApp-Image-2023-03-14-at-18.30.12-300x215.jpeg 300w, https:\/\/www.caudete.org\/ayuntamiento\/wp-content\/uploads\/2023\/03\/WhatsApp-Image-2023-03-14-at-18.30.12-1024x733.jpeg 1024w, https:\/\/www.caudete.org\/ayuntamiento\/wp-content\/uploads\/2023\/03\/WhatsApp-Image-2023-03-14-at-18.30.12-768x550.jpeg 768w, https:\/\/www.caudete.org\/ayuntamiento\/wp-content\/uploads\/2023\/03\/WhatsApp-Image-2023-03-14-at-18.30.12.jpeg 1381w\" sizes=\"(max-width: 300px) 100vw, 300px\" \/><\/a><\/p>\n<p style=\"text-align: justify;\"><span style=\"font-weight: 400;\">Los trabajos iniciales han sido limpieza de la zona de vegetaci\u00f3n y maleza. Han definido un dise\u00f1o de jard\u00edn, En el lado izquierdo han plantado 3 moreras y han generado diferentes zonas con plantas arom\u00e1ticas como lavanda,\u00a0 espliego, romero, salvia y un seto de olivilla dentada. Para finalizar esta zona con un tapizante de hiedra.<\/span><\/p>\n<p style=\"text-align: justify;\"><span style=\"font-weight: 400;\">En el lado derecho han plantado diversos arbustos como adelfas, cotoneasters , abelias y plantas trepadoras como parra virgen junto al muro por donde antiguamente discurrir el agua del molino.<\/span><\/p>\n<p style=\"text-align: justify;\"><span style=\"font-weight: 400;\">El conjunto se ha habilitado con el correspondiente riego por goteo, y todos esperamos que esta primavera se convierta en una nueva zona para disfrute de los paseantes.<\/span><\/p>\n<p><a href=\"https:\/\/www.caudete.org\/ayuntamiento\/wp-content\/uploads\/2023\/03\/molino1.png\" rel='prettyPhoto'><img decoding=\"async\" class=\"aligncenter wp-image-21720 size-medium\" src=\"https:\/\/www.caudete.org\/ayuntamiento\/wp-content\/uploads\/2023\/03\/molino1-300x211.png\" alt=\"\" width=\"300\" height=\"211\" srcset=\"https:\/\/www.caudete.org\/ayuntamiento\/wp-content\/uploads\/2023\/03\/molino1-300x211.png 300w, https:\/\/www.caudete.org\/ayuntamiento\/wp-content\/uploads\/2023\/03\/molino1-768x540.png 768w, https:\/\/www.caudete.org\/ayuntamiento\/wp-content\/uploads\/2023\/03\/molino1.png 819w\" sizes=\"(max-width: 300px) 100vw, 300px\" \/><\/a><\/p>\n","protected":false},"excerpt":{"rendered":"<p>La Concejal\u00eda de Medio Ambiente colabora con el centro de formaci\u00f3n Meser Center facilitando una zona donde poner en pr\u00e1ctica los conocimientos adquiridos por los alumnos del curso, el cual est\u00e1 formado por 15 alumnos y la formaci\u00f3n los acredita con un t\u00edtulo de operaciones auxiliares e instalaciones en trabajos de jardiner\u00eda, zonas verdes, riego &hellip;<\/p>\n","protected":false},"author":3,"featured_media":21719,"comment_status":"closed","ping_status":"open","sticky":false,"template":"","format":"standard","meta":{"ngg_post_thumbnail":0,"footnotes":""},"categories":[29],"tags":[],"class_list":["post-21718","post","type-post","status-publish","format-standard","has-post-thumbnail","hentry","category-medio-ambiente"],"yoast_head":"<!-- This site is optimized with the Yoast SEO plugin v27.5 - https:\/\/yoast.com\/product\/yoast-seo-wordpress\/ -->\n<title>Se ajardina el exterior del Molino gracias a la colaboraci\u00f3n del Ayuntamiento con un Curso de Meser Center - MI Ayuntamiento de Caudete<\/title>\n<meta name=\"description\" content=\"P\u00e1gina Oficial del Ayuntamiento de Caudete (Albacete)\" \/>\n<meta name=\"robots\" content=\"index, follow, max-snippet:-1, max-image-preview:large, max-video-preview:-1\" \/>\n<link rel=\"canonical\" href=\"https:\/\/www.caudete.org\/ayuntamiento\/se-ajardina-el-exterior-del-molino-gracias-a-la-colaboracion-del-ayuntamiento-con-un-curso-de-meser-center\/\" \/>\n<meta property=\"og:locale\" content=\"es_ES\" \/>\n<meta property=\"og:type\" content=\"article\" \/>\n<meta property=\"og:title\" content=\"Se ajardina el exterior del Molino gracias a la colaboraci\u00f3n del Ayuntamiento con un Curso de Meser Center - MI Ayuntamiento de Caudete\" \/>\n<meta property=\"og:description\" content=\"P\u00e1gina Oficial del Ayuntamiento de Caudete (Albacete)\" \/>\n<meta property=\"og:url\" content=\"https:\/\/www.caudete.org\/ayuntamiento\/se-ajardina-el-exterior-del-molino-gracias-a-la-colaboracion-del-ayuntamiento-con-un-curso-de-meser-center\/\" \/>\n<meta property=\"og:site_name\" content=\"MI Ayuntamiento de Caudete\" \/>\n<meta property=\"article:publisher\" content=\"https:\/\/www.facebook.com\/ayuntamientocaudete\/\" \/>\n<meta property=\"article:published_time\" content=\"2023-03-16T07:28:06+00:00\" \/>\n<meta property=\"og:image\" content=\"https:\/\/www.caudete.org\/ayuntamiento\/wp-content\/uploads\/2023\/03\/molino2.png\" \/>\n\t<meta property=\"og:image:width\" content=\"818\" \/>\n\t<meta property=\"og:image:height\" content=\"504\" \/>\n\t<meta property=\"og:image:type\" content=\"image\/png\" \/>\n<meta name=\"author\" content=\"alcalde\" \/>\n<meta name=\"twitter:card\" content=\"summary_large_image\" \/>\n<meta name=\"twitter:label1\" content=\"Escrito por\" \/>\n\t<meta name=\"twitter:data1\" content=\"alcalde\" \/>\n\t<meta name=\"twitter:label2\" content=\"Tiempo de lectura\" \/>\n\t<meta name=\"twitter:data2\" content=\"2 minutos\" \/>\n<script type=\"application\/ld+json\" class=\"yoast-schema-graph\">{\"@context\":\"https:\\\/\\\/schema.org\",\"@graph\":[{\"@type\":\"Article\",\"@id\":\"https:\\\/\\\/www.caudete.org\\\/ayuntamiento\\\/se-ajardina-el-exterior-del-molino-gracias-a-la-colaboracion-del-ayuntamiento-con-un-curso-de-meser-center\\\/#article\",\"isPartOf\":{\"@id\":\"https:\\\/\\\/www.caudete.org\\\/ayuntamiento\\\/se-ajardina-el-exterior-del-molino-gracias-a-la-colaboracion-del-ayuntamiento-con-un-curso-de-meser-center\\\/\"},\"author\":{\"name\":\"alcalde\",\"@id\":\"https:\\\/\\\/www.caudete.org\\\/ayuntamiento\\\/#\\\/schema\\\/person\\\/cc646da9133078ee4d8dd47457947253\"},\"headline\":\"Se ajardina el exterior del Molino gracias a la colaboraci\u00f3n del Ayuntamiento con un Curso de Meser Center\",\"datePublished\":\"2023-03-16T07:28:06+00:00\",\"mainEntityOfPage\":{\"@id\":\"https:\\\/\\\/www.caudete.org\\\/ayuntamiento\\\/se-ajardina-el-exterior-del-molino-gracias-a-la-colaboracion-del-ayuntamiento-con-un-curso-de-meser-center\\\/\"},\"wordCount\":252,\"image\":{\"@id\":\"https:\\\/\\\/www.caudete.org\\\/ayuntamiento\\\/se-ajardina-el-exterior-del-molino-gracias-a-la-colaboracion-del-ayuntamiento-con-un-curso-de-meser-center\\\/#primaryimage\"},\"thumbnailUrl\":\"https:\\\/\\\/www.caudete.org\\\/ayuntamiento\\\/wp-content\\\/uploads\\\/2023\\\/03\\\/molino2.png\",\"articleSection\":[\"Medio Ambiente\"],\"inLanguage\":\"es\"},{\"@type\":\"WebPage\",\"@id\":\"https:\\\/\\\/www.caudete.org\\\/ayuntamiento\\\/se-ajardina-el-exterior-del-molino-gracias-a-la-colaboracion-del-ayuntamiento-con-un-curso-de-meser-center\\\/\",\"url\":\"https:\\\/\\\/www.caudete.org\\\/ayuntamiento\\\/se-ajardina-el-exterior-del-molino-gracias-a-la-colaboracion-del-ayuntamiento-con-un-curso-de-meser-center\\\/\",\"name\":\"Se ajardina el exterior del Molino gracias a la colaboraci\u00f3n del Ayuntamiento con un Curso de Meser Center - MI Ayuntamiento de Caudete\",\"isPartOf\":{\"@id\":\"https:\\\/\\\/www.caudete.org\\\/ayuntamiento\\\/#website\"},\"primaryImageOfPage\":{\"@id\":\"https:\\\/\\\/www.caudete.org\\\/ayuntamiento\\\/se-ajardina-el-exterior-del-molino-gracias-a-la-colaboracion-del-ayuntamiento-con-un-curso-de-meser-center\\\/#primaryimage\"},\"image\":{\"@id\":\"https:\\\/\\\/www.caudete.org\\\/ayuntamiento\\\/se-ajardina-el-exterior-del-molino-gracias-a-la-colaboracion-del-ayuntamiento-con-un-curso-de-meser-center\\\/#primaryimage\"},\"thumbnailUrl\":\"https:\\\/\\\/www.caudete.org\\\/ayuntamiento\\\/wp-content\\\/uploads\\\/2023\\\/03\\\/molino2.png\",\"datePublished\":\"2023-03-16T07:28:06+00:00\",\"author\":{\"@id\":\"https:\\\/\\\/www.caudete.org\\\/ayuntamiento\\\/#\\\/schema\\\/person\\\/cc646da9133078ee4d8dd47457947253\"},\"description\":\"P\u00e1gina Oficial del Ayuntamiento de Caudete (Albacete)\",\"breadcrumb\":{\"@id\":\"https:\\\/\\\/www.caudete.org\\\/ayuntamiento\\\/se-ajardina-el-exterior-del-molino-gracias-a-la-colaboracion-del-ayuntamiento-con-un-curso-de-meser-center\\\/#breadcrumb\"},\"inLanguage\":\"es\",\"potentialAction\":[{\"@type\":\"ReadAction\",\"target\":[\"https:\\\/\\\/www.caudete.org\\\/ayuntamiento\\\/se-ajardina-el-exterior-del-molino-gracias-a-la-colaboracion-del-ayuntamiento-con-un-curso-de-meser-center\\\/\"]}]},{\"@type\":\"ImageObject\",\"inLanguage\":\"es\",\"@id\":\"https:\\\/\\\/www.caudete.org\\\/ayuntamiento\\\/se-ajardina-el-exterior-del-molino-gracias-a-la-colaboracion-del-ayuntamiento-con-un-curso-de-meser-center\\\/#primaryimage\",\"url\":\"https:\\\/\\\/www.caudete.org\\\/ayuntamiento\\\/wp-content\\\/uploads\\\/2023\\\/03\\\/molino2.png\",\"contentUrl\":\"https:\\\/\\\/www.caudete.org\\\/ayuntamiento\\\/wp-content\\\/uploads\\\/2023\\\/03\\\/molino2.png\",\"width\":818,\"height\":504},{\"@type\":\"BreadcrumbList\",\"@id\":\"https:\\\/\\\/www.caudete.org\\\/ayuntamiento\\\/se-ajardina-el-exterior-del-molino-gracias-a-la-colaboracion-del-ayuntamiento-con-un-curso-de-meser-center\\\/#breadcrumb\",\"itemListElement\":[{\"@type\":\"ListItem\",\"position\":1,\"name\":\"Inicio\",\"item\":\"https:\\\/\\\/www.caudete.org\\\/ayuntamiento\\\/\"},{\"@type\":\"ListItem\",\"position\":2,\"name\":\"Se ajardina el exterior del Molino gracias a la colaboraci\u00f3n del Ayuntamiento con un Curso de Meser Center\"}]},{\"@type\":\"WebSite\",\"@id\":\"https:\\\/\\\/www.caudete.org\\\/ayuntamiento\\\/#website\",\"url\":\"https:\\\/\\\/www.caudete.org\\\/ayuntamiento\\\/\",\"name\":\"MI Ayuntamiento de Caudete\",\"description\":\"P\u00e1gina Oficial del MI Ayuntamiento de Caudete\",\"potentialAction\":[{\"@type\":\"SearchAction\",\"target\":{\"@type\":\"EntryPoint\",\"urlTemplate\":\"https:\\\/\\\/www.caudete.org\\\/ayuntamiento\\\/?s={search_term_string}\"},\"query-input\":{\"@type\":\"PropertyValueSpecification\",\"valueRequired\":true,\"valueName\":\"search_term_string\"}}],\"inLanguage\":\"es\"},{\"@type\":\"Person\",\"@id\":\"https:\\\/\\\/www.caudete.org\\\/ayuntamiento\\\/#\\\/schema\\\/person\\\/cc646da9133078ee4d8dd47457947253\",\"name\":\"alcalde\",\"image\":{\"@type\":\"ImageObject\",\"inLanguage\":\"es\",\"@id\":\"https:\\\/\\\/secure.gravatar.com\\\/avatar\\\/84a817ba065b29ff08d666b215a215f5c79186a645ccb25b14a663d48a130f77?s=96&d=mm&r=g\",\"url\":\"https:\\\/\\\/secure.gravatar.com\\\/avatar\\\/84a817ba065b29ff08d666b215a215f5c79186a645ccb25b14a663d48a130f77?s=96&d=mm&r=g\",\"contentUrl\":\"https:\\\/\\\/secure.gravatar.com\\\/avatar\\\/84a817ba065b29ff08d666b215a215f5c79186a645ccb25b14a663d48a130f77?s=96&d=mm&r=g\",\"caption\":\"alcalde\"},\"url\":\"https:\\\/\\\/www.caudete.org\\\/ayuntamiento\\\/author\\\/alcalde\\\/\"}]}<\/script>\n<!-- \/ Yoast SEO plugin. -->","yoast_head_json":{"title":"Se ajardina el exterior del Molino gracias a la colaboraci\u00f3n del Ayuntamiento con un Curso de Meser Center - MI Ayuntamiento de Caudete","description":"P\u00e1gina Oficial del Ayuntamiento de Caudete (Albacete)","robots":{"index":"index","follow":"follow","max-snippet":"max-snippet:-1","max-image-preview":"max-image-preview:large","max-video-preview":"max-video-preview:-1"},"canonical":"https:\/\/www.caudete.org\/ayuntamiento\/se-ajardina-el-exterior-del-molino-gracias-a-la-colaboracion-del-ayuntamiento-con-un-curso-de-meser-center\/","og_locale":"es_ES","og_type":"article","og_title":"Se ajardina el exterior del Molino gracias a la colaboraci\u00f3n del Ayuntamiento con un Curso de Meser Center - MI Ayuntamiento de Caudete","og_description":"P\u00e1gina Oficial del Ayuntamiento de Caudete (Albacete)","og_url":"https:\/\/www.caudete.org\/ayuntamiento\/se-ajardina-el-exterior-del-molino-gracias-a-la-colaboracion-del-ayuntamiento-con-un-curso-de-meser-center\/","og_site_name":"MI Ayuntamiento de Caudete","article_publisher":"https:\/\/www.facebook.com\/ayuntamientocaudete\/","article_published_time":"2023-03-16T07:28:06+00:00","og_image":[{"width":818,"height":504,"url":"https:\/\/www.caudete.org\/ayuntamiento\/wp-content\/uploads\/2023\/03\/molino2.png","type":"image\/png"}],"author":"alcalde","twitter_card":"summary_large_image","twitter_misc":{"Escrito por":"alcalde","Tiempo de lectura":"2 minutos"},"schema":{"@context":"https:\/\/schema.org","@graph":[{"@type":"Article","@id":"https:\/\/www.caudete.org\/ayuntamiento\/se-ajardina-el-exterior-del-molino-gracias-a-la-colaboracion-del-ayuntamiento-con-un-curso-de-meser-center\/#article","isPartOf":{"@id":"https:\/\/www.caudete.org\/ayuntamiento\/se-ajardina-el-exterior-del-molino-gracias-a-la-colaboracion-del-ayuntamiento-con-un-curso-de-meser-center\/"},"author":{"name":"alcalde","@id":"https:\/\/www.caudete.org\/ayuntamiento\/#\/schema\/person\/cc646da9133078ee4d8dd47457947253"},"headline":"Se ajardina el exterior del Molino gracias a la colaboraci\u00f3n del Ayuntamiento con un Curso de Meser Center","datePublished":"2023-03-16T07:28:06+00:00","mainEntityOfPage":{"@id":"https:\/\/www.caudete.org\/ayuntamiento\/se-ajardina-el-exterior-del-molino-gracias-a-la-colaboracion-del-ayuntamiento-con-un-curso-de-meser-center\/"},"wordCount":252,"image":{"@id":"https:\/\/www.caudete.org\/ayuntamiento\/se-ajardina-el-exterior-del-molino-gracias-a-la-colaboracion-del-ayuntamiento-con-un-curso-de-meser-center\/#primaryimage"},"thumbnailUrl":"https:\/\/www.caudete.org\/ayuntamiento\/wp-content\/uploads\/2023\/03\/molino2.png","articleSection":["Medio Ambiente"],"inLanguage":"es"},{"@type":"WebPage","@id":"https:\/\/www.caudete.org\/ayuntamiento\/se-ajardina-el-exterior-del-molino-gracias-a-la-colaboracion-del-ayuntamiento-con-un-curso-de-meser-center\/","url":"https:\/\/www.caudete.org\/ayuntamiento\/se-ajardina-el-exterior-del-molino-gracias-a-la-colaboracion-del-ayuntamiento-con-un-curso-de-meser-center\/","name":"Se ajardina el exterior del Molino gracias a la colaboraci\u00f3n del Ayuntamiento con un Curso de Meser Center - MI Ayuntamiento de Caudete","isPartOf":{"@id":"https:\/\/www.caudete.org\/ayuntamiento\/#website"},"primaryImageOfPage":{"@id":"https:\/\/www.caudete.org\/ayuntamiento\/se-ajardina-el-exterior-del-molino-gracias-a-la-colaboracion-del-ayuntamiento-con-un-curso-de-meser-center\/#primaryimage"},"image":{"@id":"https:\/\/www.caudete.org\/ayuntamiento\/se-ajardina-el-exterior-del-molino-gracias-a-la-colaboracion-del-ayuntamiento-con-un-curso-de-meser-center\/#primaryimage"},"thumbnailUrl":"https:\/\/www.caudete.org\/ayuntamiento\/wp-content\/uploads\/2023\/03\/molino2.png","datePublished":"2023-03-16T07:28:06+00:00","author":{"@id":"https:\/\/www.caudete.org\/ayuntamiento\/#\/schema\/person\/cc646da9133078ee4d8dd47457947253"},"description":"P\u00e1gina Oficial del Ayuntamiento de Caudete (Albacete)","breadcrumb":{"@id":"https:\/\/www.caudete.org\/ayuntamiento\/se-ajardina-el-exterior-del-molino-gracias-a-la-colaboracion-del-ayuntamiento-con-un-curso-de-meser-center\/#breadcrumb"},"inLanguage":"es","potentialAction":[{"@type":"ReadAction","target":["https:\/\/www.caudete.org\/ayuntamiento\/se-ajardina-el-exterior-del-molino-gracias-a-la-colaboracion-del-ayuntamiento-con-un-curso-de-meser-center\/"]}]},{"@type":"ImageObject","inLanguage":"es","@id":"https:\/\/www.caudete.org\/ayuntamiento\/se-ajardina-el-exterior-del-molino-gracias-a-la-colaboracion-del-ayuntamiento-con-un-curso-de-meser-center\/#primaryimage","url":"https:\/\/www.caudete.org\/ayuntamiento\/wp-content\/uploads\/2023\/03\/molino2.png","contentUrl":"https:\/\/www.caudete.org\/ayuntamiento\/wp-content\/uploads\/2023\/03\/molino2.png","width":818,"height":504},{"@type":"BreadcrumbList","@id":"https:\/\/www.caudete.org\/ayuntamiento\/se-ajardina-el-exterior-del-molino-gracias-a-la-colaboracion-del-ayuntamiento-con-un-curso-de-meser-center\/#breadcrumb","itemListElement":[{"@type":"ListItem","position":1,"name":"Inicio","item":"https:\/\/www.caudete.org\/ayuntamiento\/"},{"@type":"ListItem","position":2,"name":"Se ajardina el exterior del Molino gracias a la colaboraci\u00f3n del Ayuntamiento con un Curso de Meser Center"}]},{"@type":"WebSite","@id":"https:\/\/www.caudete.org\/ayuntamiento\/#website","url":"https:\/\/www.caudete.org\/ayuntamiento\/","name":"MI Ayuntamiento de Caudete","description":"P\u00e1gina Oficial del MI Ayuntamiento de Caudete","potentialAction":[{"@type":"SearchAction","target":{"@type":"EntryPoint","urlTemplate":"https:\/\/www.caudete.org\/ayuntamiento\/?s={search_term_string}"},"query-input":{"@type":"PropertyValueSpecification","valueRequired":true,"valueName":"search_term_string"}}],"inLanguage":"es"},{"@type":"Person","@id":"https:\/\/www.caudete.org\/ayuntamiento\/#\/schema\/person\/cc646da9133078ee4d8dd47457947253","name":"alcalde","image":{"@type":"ImageObject","inLanguage":"es","@id":"https:\/\/secure.gravatar.com\/avatar\/84a817ba065b29ff08d666b215a215f5c79186a645ccb25b14a663d48a130f77?s=96&d=mm&r=g","url":"https:\/\/secure.gravatar.com\/avatar\/84a817ba065b29ff08d666b215a215f5c79186a645ccb25b14a663d48a130f77?s=96&d=mm&r=g","contentUrl":"https:\/\/secure.gravatar.com\/avatar\/84a817ba065b29ff08d666b215a215f5c79186a645ccb25b14a663d48a130f77?s=96&d=mm&r=g","caption":"alcalde"},"url":"https:\/\/www.caudete.org\/ayuntamiento\/author\/alcalde\/"}]}},"_links":{"self":[{"href":"https:\/\/www.caudete.org\/ayuntamiento\/wp-json\/wp\/v2\/posts\/21718","targetHints":{"allow":["GET"]}}],"collection":[{"href":"https:\/\/www.caudete.org\/ayuntamiento\/wp-json\/wp\/v2\/posts"}],"about":[{"href":"https:\/\/www.caudete.org\/ayuntamiento\/wp-json\/wp\/v2\/types\/post"}],"author":[{"embeddable":true,"href":"https:\/\/www.caudete.org\/ayuntamiento\/wp-json\/wp\/v2\/users\/3"}],"replies":[{"embeddable":true,"href":"https:\/\/www.caudete.org\/ayuntamiento\/wp-json\/wp\/v2\/comments?post=21718"}],"version-history":[{"count":1,"href":"https:\/\/www.caudete.org\/ayuntamiento\/wp-json\/wp\/v2\/posts\/21718\/revisions"}],"predecessor-version":[{"id":21725,"href":"https:\/\/www.caudete.org\/ayuntamiento\/wp-json\/wp\/v2\/posts\/21718\/revisions\/21725"}],"wp:featuredmedia":[{"embeddable":true,"href":"https:\/\/www.caudete.org\/ayuntamiento\/wp-json\/wp\/v2\/media\/21719"}],"wp:attachment":[{"href":"https:\/\/www.caudete.org\/ayuntamiento\/wp-json\/wp\/v2\/media?parent=21718"}],"wp:term":[{"taxonomy":"category","embeddable":true,"href":"https:\/\/www.caudete.org\/ayuntamiento\/wp-json\/wp\/v2\/categories?post=21718"},{"taxonomy":"post_tag","embeddable":true,"href":"https:\/\/www.caudete.org\/ayuntamiento\/wp-json\/wp\/v2\/tags?post=21718"}],"curies":[{"name":"wp","href":"https:\/\/api.w.org\/{rel}","templated":true}]}}