{"id":21740,"date":"2023-03-16T15:39:00","date_gmt":"2023-03-16T14:39:00","guid":{"rendered":"https:\/\/www.caudete.org\/ayuntamiento\/?p=21740"},"modified":"2023-03-16T15:47:07","modified_gmt":"2023-03-16T14:47:07","slug":"el-corte-de-calle-por-obras-en-calle-mayor-reordena-temporalmente-el-trafico-en-moreras-mercado-molino-y-virgen-de-gracia","status":"publish","type":"post","link":"https:\/\/www.caudete.org\/ayuntamiento\/el-corte-de-calle-por-obras-en-calle-mayor-reordena-temporalmente-el-trafico-en-moreras-mercado-molino-y-virgen-de-gracia\/","title":{"rendered":"El corte de calle por obras en CALLE MAYOR reordena temporalmente el tr\u00e1fico en MORERAS, MERCADO, MOLINO Y VIRGEN DE GRACIA"},"content":{"rendered":"<p style=\"text-align: justify;\">El Alcalde informaba que tras la ejecuci\u00f3n de las obras de pavimentaci\u00f3n en la Plaza de la Iglesia, el inicio de las obras en la Calle Mayor, dentro del POS-2022 est\u00e1 previsto para el lunes 20\/03\/2023, previ\u00e9ndose una duraci\u00f3n de los trabajos de mes y medio.<\/p>\n<p style=\"text-align: justify;\">Debido a la duraci\u00f3n de las obras es necesario realizar cambios en diferentes calles para adecuar el tr\u00e1fico en la medida de lo posible.<\/p>\n<p style=\"text-align: justify;\">A tal fin, desde la Concejal\u00eda de Movilidad que gestiona Joaqu\u00edn Pag\u00e1n, se informa de los <strong>cambios<\/strong> siguientes a realizar en la <strong>circulaci\u00f3n del tr\u00e1fico<\/strong> rodado, <strong>desde ma\u00f1ana viernes a las 08:00h<\/strong><\/p>\n<p style=\"text-align: justify;\">1. Calle Mayor cortada desde el parking de la plaza Nuestra Se\u00f1ora del Carmen.<\/p>\n<p style=\"text-align: justify;\">2. Cambio de sentido de circulaci\u00f3n en Calle las Moreras, por lo que el acceso a la misma se realizar\u00e1 desde Calle Las Eras; y salida hacia Calle El Mercado.<\/p>\n<p style=\"text-align: justify;\">3. Cambio de sentido de circulaci\u00f3n en Calle El Mercado, siendo su acceso por Calle Las Moreras, o Calle El Molino; y salida hacia Avenida Virgen de Gracia.<\/p>\n<p style=\"text-align: justify;\">4. Doble sentido en el tramo de la Avenida Virgen de Gracia, entre Calle El Mercado y Calle Mayor.<\/p>\n<p style=\"text-align: justify;\">5. Cambio de sentido en Calle El Molino, tramo desde Calle Alcalde Luis Pascual hasta Plaza de Nuestra Se\u00f1ora del Carmen.<\/p>\n<p><a href=\"https:\/\/www.caudete.org\/ayuntamiento\/wp-content\/uploads\/2023\/03\/IMG-20230315-WA0033.jpg\" rel='prettyPhoto'><img fetchpriority=\"high\" decoding=\"async\" class=\"aligncenter wp-image-21741 size-medium\" src=\"https:\/\/www.caudete.org\/ayuntamiento\/wp-content\/uploads\/2023\/03\/IMG-20230315-WA0033-300x181.jpg\" alt=\"\" width=\"300\" height=\"181\" srcset=\"https:\/\/www.caudete.org\/ayuntamiento\/wp-content\/uploads\/2023\/03\/IMG-20230315-WA0033-300x181.jpg 300w, https:\/\/www.caudete.org\/ayuntamiento\/wp-content\/uploads\/2023\/03\/IMG-20230315-WA0033-1024x619.jpg 1024w, https:\/\/www.caudete.org\/ayuntamiento\/wp-content\/uploads\/2023\/03\/IMG-20230315-WA0033-768x464.jpg 768w, https:\/\/www.caudete.org\/ayuntamiento\/wp-content\/uploads\/2023\/03\/IMG-20230315-WA0033.jpg 1248w\" sizes=\"(max-width: 300px) 100vw, 300px\" \/><\/a><\/p>\n","protected":false},"excerpt":{"rendered":"<p>El Alcalde informaba que tras la ejecuci\u00f3n de las obras de pavimentaci\u00f3n en la Plaza de la Iglesia, el inicio de las obras en la Calle Mayor, dentro del POS-2022 est\u00e1 previsto para el lunes 20\/03\/2023, previ\u00e9ndose una duraci\u00f3n de los trabajos de mes y medio. Debido a la duraci\u00f3n de las obras es necesario &hellip;<\/p>\n","protected":false},"author":3,"featured_media":21741,"comment_status":"closed","ping_status":"open","sticky":false,"template":"","format":"standard","meta":{"ngg_post_thumbnail":0,"footnotes":""},"categories":[46],"tags":[],"class_list":["post-21740","post","type-post","status-publish","format-standard","has-post-thumbnail","hentry","category-movilidad-urbana"],"yoast_head":"<!-- This site is optimized with the Yoast SEO plugin v27.5 - https:\/\/yoast.com\/product\/yoast-seo-wordpress\/ -->\n<title>El corte de calle por obras en CALLE MAYOR reordena temporalmente el tr\u00e1fico en MORERAS, MERCADO, MOLINO Y VIRGEN DE GRACIA - MI Ayuntamiento de Caudete<\/title>\n<meta name=\"description\" content=\"P\u00e1gina Oficial del Ayuntamiento de Caudete (Albacete)\" \/>\n<meta name=\"robots\" content=\"index, follow, max-snippet:-1, max-image-preview:large, max-video-preview:-1\" \/>\n<link rel=\"canonical\" href=\"https:\/\/www.caudete.org\/ayuntamiento\/el-corte-de-calle-por-obras-en-calle-mayor-reordena-temporalmente-el-trafico-en-moreras-mercado-molino-y-virgen-de-gracia\/\" \/>\n<meta property=\"og:locale\" content=\"es_ES\" \/>\n<meta property=\"og:type\" content=\"article\" \/>\n<meta property=\"og:title\" content=\"El corte de calle por obras en CALLE MAYOR reordena temporalmente el tr\u00e1fico en MORERAS, MERCADO, MOLINO Y VIRGEN DE GRACIA - MI Ayuntamiento de Caudete\" \/>\n<meta property=\"og:description\" content=\"P\u00e1gina Oficial del Ayuntamiento de Caudete (Albacete)\" \/>\n<meta property=\"og:url\" content=\"https:\/\/www.caudete.org\/ayuntamiento\/el-corte-de-calle-por-obras-en-calle-mayor-reordena-temporalmente-el-trafico-en-moreras-mercado-molino-y-virgen-de-gracia\/\" \/>\n<meta property=\"og:site_name\" content=\"MI Ayuntamiento de Caudete\" \/>\n<meta property=\"article:publisher\" content=\"https:\/\/www.facebook.com\/ayuntamientocaudete\/\" \/>\n<meta property=\"article:published_time\" content=\"2023-03-16T14:39:00+00:00\" \/>\n<meta property=\"article:modified_time\" content=\"2023-03-16T14:47:07+00:00\" \/>\n<meta property=\"og:image\" content=\"https:\/\/www.caudete.org\/ayuntamiento\/wp-content\/uploads\/2023\/03\/IMG-20230315-WA0033.jpg\" \/>\n\t<meta property=\"og:image:width\" content=\"1248\" \/>\n\t<meta property=\"og:image:height\" content=\"754\" \/>\n\t<meta property=\"og:image:type\" content=\"image\/jpeg\" \/>\n<meta name=\"author\" content=\"alcalde\" \/>\n<meta name=\"twitter:card\" content=\"summary_large_image\" \/>\n<meta name=\"twitter:label1\" content=\"Escrito por\" \/>\n\t<meta name=\"twitter:data1\" content=\"alcalde\" \/>\n\t<meta name=\"twitter:label2\" content=\"Tiempo de lectura\" \/>\n\t<meta name=\"twitter:data2\" content=\"2 minutos\" \/>\n<script type=\"application\/ld+json\" class=\"yoast-schema-graph\">{\"@context\":\"https:\\\/\\\/schema.org\",\"@graph\":[{\"@type\":\"Article\",\"@id\":\"https:\\\/\\\/www.caudete.org\\\/ayuntamiento\\\/el-corte-de-calle-por-obras-en-calle-mayor-reordena-temporalmente-el-trafico-en-moreras-mercado-molino-y-virgen-de-gracia\\\/#article\",\"isPartOf\":{\"@id\":\"https:\\\/\\\/www.caudete.org\\\/ayuntamiento\\\/el-corte-de-calle-por-obras-en-calle-mayor-reordena-temporalmente-el-trafico-en-moreras-mercado-molino-y-virgen-de-gracia\\\/\"},\"author\":{\"name\":\"alcalde\",\"@id\":\"https:\\\/\\\/www.caudete.org\\\/ayuntamiento\\\/#\\\/schema\\\/person\\\/cc646da9133078ee4d8dd47457947253\"},\"headline\":\"El corte de calle por obras en CALLE MAYOR reordena temporalmente el tr\u00e1fico en MORERAS, MERCADO, MOLINO Y VIRGEN DE GRACIA\",\"datePublished\":\"2023-03-16T14:39:00+00:00\",\"dateModified\":\"2023-03-16T14:47:07+00:00\",\"mainEntityOfPage\":{\"@id\":\"https:\\\/\\\/www.caudete.org\\\/ayuntamiento\\\/el-corte-de-calle-por-obras-en-calle-mayor-reordena-temporalmente-el-trafico-en-moreras-mercado-molino-y-virgen-de-gracia\\\/\"},\"wordCount\":246,\"image\":{\"@id\":\"https:\\\/\\\/www.caudete.org\\\/ayuntamiento\\\/el-corte-de-calle-por-obras-en-calle-mayor-reordena-temporalmente-el-trafico-en-moreras-mercado-molino-y-virgen-de-gracia\\\/#primaryimage\"},\"thumbnailUrl\":\"https:\\\/\\\/www.caudete.org\\\/ayuntamiento\\\/wp-content\\\/uploads\\\/2023\\\/03\\\/IMG-20230315-WA0033.jpg\",\"articleSection\":[\"Movilidad Urbana\"],\"inLanguage\":\"es\"},{\"@type\":\"WebPage\",\"@id\":\"https:\\\/\\\/www.caudete.org\\\/ayuntamiento\\\/el-corte-de-calle-por-obras-en-calle-mayor-reordena-temporalmente-el-trafico-en-moreras-mercado-molino-y-virgen-de-gracia\\\/\",\"url\":\"https:\\\/\\\/www.caudete.org\\\/ayuntamiento\\\/el-corte-de-calle-por-obras-en-calle-mayor-reordena-temporalmente-el-trafico-en-moreras-mercado-molino-y-virgen-de-gracia\\\/\",\"name\":\"El corte de calle por obras en CALLE MAYOR reordena temporalmente el tr\u00e1fico en MORERAS, MERCADO, MOLINO Y VIRGEN DE GRACIA - MI Ayuntamiento de Caudete\",\"isPartOf\":{\"@id\":\"https:\\\/\\\/www.caudete.org\\\/ayuntamiento\\\/#website\"},\"primaryImageOfPage\":{\"@id\":\"https:\\\/\\\/www.caudete.org\\\/ayuntamiento\\\/el-corte-de-calle-por-obras-en-calle-mayor-reordena-temporalmente-el-trafico-en-moreras-mercado-molino-y-virgen-de-gracia\\\/#primaryimage\"},\"image\":{\"@id\":\"https:\\\/\\\/www.caudete.org\\\/ayuntamiento\\\/el-corte-de-calle-por-obras-en-calle-mayor-reordena-temporalmente-el-trafico-en-moreras-mercado-molino-y-virgen-de-gracia\\\/#primaryimage\"},\"thumbnailUrl\":\"https:\\\/\\\/www.caudete.org\\\/ayuntamiento\\\/wp-content\\\/uploads\\\/2023\\\/03\\\/IMG-20230315-WA0033.jpg\",\"datePublished\":\"2023-03-16T14:39:00+00:00\",\"dateModified\":\"2023-03-16T14:47:07+00:00\",\"author\":{\"@id\":\"https:\\\/\\\/www.caudete.org\\\/ayuntamiento\\\/#\\\/schema\\\/person\\\/cc646da9133078ee4d8dd47457947253\"},\"description\":\"P\u00e1gina Oficial del Ayuntamiento de Caudete (Albacete)\",\"breadcrumb\":{\"@id\":\"https:\\\/\\\/www.caudete.org\\\/ayuntamiento\\\/el-corte-de-calle-por-obras-en-calle-mayor-reordena-temporalmente-el-trafico-en-moreras-mercado-molino-y-virgen-de-gracia\\\/#breadcrumb\"},\"inLanguage\":\"es\",\"potentialAction\":[{\"@type\":\"ReadAction\",\"target\":[\"https:\\\/\\\/www.caudete.org\\\/ayuntamiento\\\/el-corte-de-calle-por-obras-en-calle-mayor-reordena-temporalmente-el-trafico-en-moreras-mercado-molino-y-virgen-de-gracia\\\/\"]}]},{\"@type\":\"ImageObject\",\"inLanguage\":\"es\",\"@id\":\"https:\\\/\\\/www.caudete.org\\\/ayuntamiento\\\/el-corte-de-calle-por-obras-en-calle-mayor-reordena-temporalmente-el-trafico-en-moreras-mercado-molino-y-virgen-de-gracia\\\/#primaryimage\",\"url\":\"https:\\\/\\\/www.caudete.org\\\/ayuntamiento\\\/wp-content\\\/uploads\\\/2023\\\/03\\\/IMG-20230315-WA0033.jpg\",\"contentUrl\":\"https:\\\/\\\/www.caudete.org\\\/ayuntamiento\\\/wp-content\\\/uploads\\\/2023\\\/03\\\/IMG-20230315-WA0033.jpg\",\"width\":1248,\"height\":754},{\"@type\":\"BreadcrumbList\",\"@id\":\"https:\\\/\\\/www.caudete.org\\\/ayuntamiento\\\/el-corte-de-calle-por-obras-en-calle-mayor-reordena-temporalmente-el-trafico-en-moreras-mercado-molino-y-virgen-de-gracia\\\/#breadcrumb\",\"itemListElement\":[{\"@type\":\"ListItem\",\"position\":1,\"name\":\"Inicio\",\"item\":\"https:\\\/\\\/www.caudete.org\\\/ayuntamiento\\\/\"},{\"@type\":\"ListItem\",\"position\":2,\"name\":\"El corte de calle por obras en CALLE MAYOR reordena temporalmente el tr\u00e1fico en MORERAS, MERCADO, MOLINO Y VIRGEN DE GRACIA\"}]},{\"@type\":\"WebSite\",\"@id\":\"https:\\\/\\\/www.caudete.org\\\/ayuntamiento\\\/#website\",\"url\":\"https:\\\/\\\/www.caudete.org\\\/ayuntamiento\\\/\",\"name\":\"MI Ayuntamiento de Caudete\",\"description\":\"P\u00e1gina Oficial del MI Ayuntamiento de Caudete\",\"potentialAction\":[{\"@type\":\"SearchAction\",\"target\":{\"@type\":\"EntryPoint\",\"urlTemplate\":\"https:\\\/\\\/www.caudete.org\\\/ayuntamiento\\\/?s={search_term_string}\"},\"query-input\":{\"@type\":\"PropertyValueSpecification\",\"valueRequired\":true,\"valueName\":\"search_term_string\"}}],\"inLanguage\":\"es\"},{\"@type\":\"Person\",\"@id\":\"https:\\\/\\\/www.caudete.org\\\/ayuntamiento\\\/#\\\/schema\\\/person\\\/cc646da9133078ee4d8dd47457947253\",\"name\":\"alcalde\",\"image\":{\"@type\":\"ImageObject\",\"inLanguage\":\"es\",\"@id\":\"https:\\\/\\\/secure.gravatar.com\\\/avatar\\\/84a817ba065b29ff08d666b215a215f5c79186a645ccb25b14a663d48a130f77?s=96&d=mm&r=g\",\"url\":\"https:\\\/\\\/secure.gravatar.com\\\/avatar\\\/84a817ba065b29ff08d666b215a215f5c79186a645ccb25b14a663d48a130f77?s=96&d=mm&r=g\",\"contentUrl\":\"https:\\\/\\\/secure.gravatar.com\\\/avatar\\\/84a817ba065b29ff08d666b215a215f5c79186a645ccb25b14a663d48a130f77?s=96&d=mm&r=g\",\"caption\":\"alcalde\"},\"url\":\"https:\\\/\\\/www.caudete.org\\\/ayuntamiento\\\/author\\\/alcalde\\\/\"}]}<\/script>\n<!-- \/ Yoast SEO plugin. -->","yoast_head_json":{"title":"El corte de calle por obras en CALLE MAYOR reordena temporalmente el tr\u00e1fico en MORERAS, MERCADO, MOLINO Y VIRGEN DE GRACIA - MI Ayuntamiento de Caudete","description":"P\u00e1gina Oficial del Ayuntamiento de Caudete (Albacete)","robots":{"index":"index","follow":"follow","max-snippet":"max-snippet:-1","max-image-preview":"max-image-preview:large","max-video-preview":"max-video-preview:-1"},"canonical":"https:\/\/www.caudete.org\/ayuntamiento\/el-corte-de-calle-por-obras-en-calle-mayor-reordena-temporalmente-el-trafico-en-moreras-mercado-molino-y-virgen-de-gracia\/","og_locale":"es_ES","og_type":"article","og_title":"El corte de calle por obras en CALLE MAYOR reordena temporalmente el tr\u00e1fico en MORERAS, MERCADO, MOLINO Y VIRGEN DE GRACIA - MI Ayuntamiento de Caudete","og_description":"P\u00e1gina Oficial del Ayuntamiento de Caudete (Albacete)","og_url":"https:\/\/www.caudete.org\/ayuntamiento\/el-corte-de-calle-por-obras-en-calle-mayor-reordena-temporalmente-el-trafico-en-moreras-mercado-molino-y-virgen-de-gracia\/","og_site_name":"MI Ayuntamiento de Caudete","article_publisher":"https:\/\/www.facebook.com\/ayuntamientocaudete\/","article_published_time":"2023-03-16T14:39:00+00:00","article_modified_time":"2023-03-16T14:47:07+00:00","og_image":[{"width":1248,"height":754,"url":"https:\/\/www.caudete.org\/ayuntamiento\/wp-content\/uploads\/2023\/03\/IMG-20230315-WA0033.jpg","type":"image\/jpeg"}],"author":"alcalde","twitter_card":"summary_large_image","twitter_misc":{"Escrito por":"alcalde","Tiempo de lectura":"2 minutos"},"schema":{"@context":"https:\/\/schema.org","@graph":[{"@type":"Article","@id":"https:\/\/www.caudete.org\/ayuntamiento\/el-corte-de-calle-por-obras-en-calle-mayor-reordena-temporalmente-el-trafico-en-moreras-mercado-molino-y-virgen-de-gracia\/#article","isPartOf":{"@id":"https:\/\/www.caudete.org\/ayuntamiento\/el-corte-de-calle-por-obras-en-calle-mayor-reordena-temporalmente-el-trafico-en-moreras-mercado-molino-y-virgen-de-gracia\/"},"author":{"name":"alcalde","@id":"https:\/\/www.caudete.org\/ayuntamiento\/#\/schema\/person\/cc646da9133078ee4d8dd47457947253"},"headline":"El corte de calle por obras en CALLE MAYOR reordena temporalmente el tr\u00e1fico en MORERAS, MERCADO, MOLINO Y VIRGEN DE GRACIA","datePublished":"2023-03-16T14:39:00+00:00","dateModified":"2023-03-16T14:47:07+00:00","mainEntityOfPage":{"@id":"https:\/\/www.caudete.org\/ayuntamiento\/el-corte-de-calle-por-obras-en-calle-mayor-reordena-temporalmente-el-trafico-en-moreras-mercado-molino-y-virgen-de-gracia\/"},"wordCount":246,"image":{"@id":"https:\/\/www.caudete.org\/ayuntamiento\/el-corte-de-calle-por-obras-en-calle-mayor-reordena-temporalmente-el-trafico-en-moreras-mercado-molino-y-virgen-de-gracia\/#primaryimage"},"thumbnailUrl":"https:\/\/www.caudete.org\/ayuntamiento\/wp-content\/uploads\/2023\/03\/IMG-20230315-WA0033.jpg","articleSection":["Movilidad Urbana"],"inLanguage":"es"},{"@type":"WebPage","@id":"https:\/\/www.caudete.org\/ayuntamiento\/el-corte-de-calle-por-obras-en-calle-mayor-reordena-temporalmente-el-trafico-en-moreras-mercado-molino-y-virgen-de-gracia\/","url":"https:\/\/www.caudete.org\/ayuntamiento\/el-corte-de-calle-por-obras-en-calle-mayor-reordena-temporalmente-el-trafico-en-moreras-mercado-molino-y-virgen-de-gracia\/","name":"El corte de calle por obras en CALLE MAYOR reordena temporalmente el tr\u00e1fico en MORERAS, MERCADO, MOLINO Y VIRGEN DE GRACIA - MI Ayuntamiento de Caudete","isPartOf":{"@id":"https:\/\/www.caudete.org\/ayuntamiento\/#website"},"primaryImageOfPage":{"@id":"https:\/\/www.caudete.org\/ayuntamiento\/el-corte-de-calle-por-obras-en-calle-mayor-reordena-temporalmente-el-trafico-en-moreras-mercado-molino-y-virgen-de-gracia\/#primaryimage"},"image":{"@id":"https:\/\/www.caudete.org\/ayuntamiento\/el-corte-de-calle-por-obras-en-calle-mayor-reordena-temporalmente-el-trafico-en-moreras-mercado-molino-y-virgen-de-gracia\/#primaryimage"},"thumbnailUrl":"https:\/\/www.caudete.org\/ayuntamiento\/wp-content\/uploads\/2023\/03\/IMG-20230315-WA0033.jpg","datePublished":"2023-03-16T14:39:00+00:00","dateModified":"2023-03-16T14:47:07+00:00","author":{"@id":"https:\/\/www.caudete.org\/ayuntamiento\/#\/schema\/person\/cc646da9133078ee4d8dd47457947253"},"description":"P\u00e1gina Oficial del Ayuntamiento de Caudete (Albacete)","breadcrumb":{"@id":"https:\/\/www.caudete.org\/ayuntamiento\/el-corte-de-calle-por-obras-en-calle-mayor-reordena-temporalmente-el-trafico-en-moreras-mercado-molino-y-virgen-de-gracia\/#breadcrumb"},"inLanguage":"es","potentialAction":[{"@type":"ReadAction","target":["https:\/\/www.caudete.org\/ayuntamiento\/el-corte-de-calle-por-obras-en-calle-mayor-reordena-temporalmente-el-trafico-en-moreras-mercado-molino-y-virgen-de-gracia\/"]}]},{"@type":"ImageObject","inLanguage":"es","@id":"https:\/\/www.caudete.org\/ayuntamiento\/el-corte-de-calle-por-obras-en-calle-mayor-reordena-temporalmente-el-trafico-en-moreras-mercado-molino-y-virgen-de-gracia\/#primaryimage","url":"https:\/\/www.caudete.org\/ayuntamiento\/wp-content\/uploads\/2023\/03\/IMG-20230315-WA0033.jpg","contentUrl":"https:\/\/www.caudete.org\/ayuntamiento\/wp-content\/uploads\/2023\/03\/IMG-20230315-WA0033.jpg","width":1248,"height":754},{"@type":"BreadcrumbList","@id":"https:\/\/www.caudete.org\/ayuntamiento\/el-corte-de-calle-por-obras-en-calle-mayor-reordena-temporalmente-el-trafico-en-moreras-mercado-molino-y-virgen-de-gracia\/#breadcrumb","itemListElement":[{"@type":"ListItem","position":1,"name":"Inicio","item":"https:\/\/www.caudete.org\/ayuntamiento\/"},{"@type":"ListItem","position":2,"name":"El corte de calle por obras en CALLE MAYOR reordena temporalmente el tr\u00e1fico en MORERAS, MERCADO, MOLINO Y VIRGEN DE GRACIA"}]},{"@type":"WebSite","@id":"https:\/\/www.caudete.org\/ayuntamiento\/#website","url":"https:\/\/www.caudete.org\/ayuntamiento\/","name":"MI Ayuntamiento de Caudete","description":"P\u00e1gina Oficial del MI Ayuntamiento de Caudete","potentialAction":[{"@type":"SearchAction","target":{"@type":"EntryPoint","urlTemplate":"https:\/\/www.caudete.org\/ayuntamiento\/?s={search_term_string}"},"query-input":{"@type":"PropertyValueSpecification","valueRequired":true,"valueName":"search_term_string"}}],"inLanguage":"es"},{"@type":"Person","@id":"https:\/\/www.caudete.org\/ayuntamiento\/#\/schema\/person\/cc646da9133078ee4d8dd47457947253","name":"alcalde","image":{"@type":"ImageObject","inLanguage":"es","@id":"https:\/\/secure.gravatar.com\/avatar\/84a817ba065b29ff08d666b215a215f5c79186a645ccb25b14a663d48a130f77?s=96&d=mm&r=g","url":"https:\/\/secure.gravatar.com\/avatar\/84a817ba065b29ff08d666b215a215f5c79186a645ccb25b14a663d48a130f77?s=96&d=mm&r=g","contentUrl":"https:\/\/secure.gravatar.com\/avatar\/84a817ba065b29ff08d666b215a215f5c79186a645ccb25b14a663d48a130f77?s=96&d=mm&r=g","caption":"alcalde"},"url":"https:\/\/www.caudete.org\/ayuntamiento\/author\/alcalde\/"}]}},"_links":{"self":[{"href":"https:\/\/www.caudete.org\/ayuntamiento\/wp-json\/wp\/v2\/posts\/21740","targetHints":{"allow":["GET"]}}],"collection":[{"href":"https:\/\/www.caudete.org\/ayuntamiento\/wp-json\/wp\/v2\/posts"}],"about":[{"href":"https:\/\/www.caudete.org\/ayuntamiento\/wp-json\/wp\/v2\/types\/post"}],"author":[{"embeddable":true,"href":"https:\/\/www.caudete.org\/ayuntamiento\/wp-json\/wp\/v2\/users\/3"}],"replies":[{"embeddable":true,"href":"https:\/\/www.caudete.org\/ayuntamiento\/wp-json\/wp\/v2\/comments?post=21740"}],"version-history":[{"count":5,"href":"https:\/\/www.caudete.org\/ayuntamiento\/wp-json\/wp\/v2\/posts\/21740\/revisions"}],"predecessor-version":[{"id":21746,"href":"https:\/\/www.caudete.org\/ayuntamiento\/wp-json\/wp\/v2\/posts\/21740\/revisions\/21746"}],"wp:featuredmedia":[{"embeddable":true,"href":"https:\/\/www.caudete.org\/ayuntamiento\/wp-json\/wp\/v2\/media\/21741"}],"wp:attachment":[{"href":"https:\/\/www.caudete.org\/ayuntamiento\/wp-json\/wp\/v2\/media?parent=21740"}],"wp:term":[{"taxonomy":"category","embeddable":true,"href":"https:\/\/www.caudete.org\/ayuntamiento\/wp-json\/wp\/v2\/categories?post=21740"},{"taxonomy":"post_tag","embeddable":true,"href":"https:\/\/www.caudete.org\/ayuntamiento\/wp-json\/wp\/v2\/tags?post=21740"}],"curies":[{"name":"wp","href":"https:\/\/api.w.org\/{rel}","templated":true}]}}