{"id":21750,"date":"2023-03-20T09:32:33","date_gmt":"2023-03-20T08:32:33","guid":{"rendered":"https:\/\/www.caudete.org\/ayuntamiento\/?p=21750"},"modified":"2023-03-20T09:32:33","modified_gmt":"2023-03-20T08:32:33","slug":"charlas-formativas-sobre-residuos-dirigida-a-jovenes-de-5-y-6-primaria","status":"publish","type":"post","link":"https:\/\/www.caudete.org\/ayuntamiento\/charlas-formativas-sobre-residuos-dirigida-a-jovenes-de-5-y-6-primaria\/","title":{"rendered":"Charlas formativas sobre RESIDUOS dirigida a j\u00f3venes de 5\u00b0 y 6\u00b0 Primaria"},"content":{"rendered":"<p><a href=\"https:\/\/www.caudete.org\/ayuntamiento\/wp-content\/uploads\/2023\/03\/IMG-20230314-WA0010.jpg\" rel='prettyPhoto'><img fetchpriority=\"high\" decoding=\"async\" class=\"aligncenter wp-image-21752 size-medium\" src=\"https:\/\/www.caudete.org\/ayuntamiento\/wp-content\/uploads\/2023\/03\/IMG-20230314-WA0010-300x225.jpg\" alt=\"\" width=\"300\" height=\"225\" srcset=\"https:\/\/www.caudete.org\/ayuntamiento\/wp-content\/uploads\/2023\/03\/IMG-20230314-WA0010-300x225.jpg 300w, https:\/\/www.caudete.org\/ayuntamiento\/wp-content\/uploads\/2023\/03\/IMG-20230314-WA0010-1024x768.jpg 1024w, https:\/\/www.caudete.org\/ayuntamiento\/wp-content\/uploads\/2023\/03\/IMG-20230314-WA0010-768x576.jpg 768w, https:\/\/www.caudete.org\/ayuntamiento\/wp-content\/uploads\/2023\/03\/IMG-20230314-WA0010-1536x1152.jpg 1536w, https:\/\/www.caudete.org\/ayuntamiento\/wp-content\/uploads\/2023\/03\/IMG-20230314-WA0010.jpg 2048w\" sizes=\"(max-width: 300px) 100vw, 300px\" \/><\/a><\/p>\n<p style=\"text-align: justify;\">La Concejal\u00eda de Medio Ambiente ha puesto en marcha una campa\u00f1a informativa y concienciaci\u00f3n en los colegios de Caudete sobre el reciclado y separaci\u00f3n de las diferentes fracciones de residuos domiciliarios, como VIDRIO, ENVASES, PAPEL, ORG\u00c1NICA, RESTO, ACEITE, ROPA, y el gran contenedor que es nuestro ECOPARQUE.<\/p>\n<p style=\"text-align: justify;\">Esta campa\u00f1a se va a llevar a cabo en todos los Centros Educativos de Caudete: Colegio Gloria fuertes, Colegio El Paseo, Colegio Alcazar y Serrano y Colegio Amor de Dios, e incluye:<\/p>\n<p style=\"text-align: justify;\">\n\u2022 Charla informativa sobre las diferentes fracciones de residuos, dirigida a los alumnos de 5\u00ba y 6\u00ba de primaria.<\/p>\n<p style=\"text-align: justify;\">\n\u2022 Ejercicio pr\u00e1ctico interactivo con los ni\u00f1os sobre elementos de las diferentes fracciones.<\/p>\n<p style=\"text-align: justify;\">\n\u2022 Entrega a cada colegio de 3 contenedores de 120 litros de diferentes colores seg\u00fan fracci\u00f3n.<\/p>\n<p style=\"text-align: justify;\">\n\u2022 Entrega de un contenedor peque\u00f1o de org\u00e1nica para las viviendas, &#8220;cubito&#8221; marr\u00f3n, para ello se entregar\u00e1 un &#8220;cubito por alumno&#8221;.<\/p>\n<p><a href=\"https:\/\/www.caudete.org\/ayuntamiento\/wp-content\/uploads\/2023\/03\/IMG-20230314-WA0011.jpg\" rel='prettyPhoto'><img decoding=\"async\" class=\"aligncenter wp-image-21751 size-medium\" src=\"https:\/\/www.caudete.org\/ayuntamiento\/wp-content\/uploads\/2023\/03\/IMG-20230314-WA0011-300x225.jpg\" alt=\"\" width=\"300\" height=\"225\" srcset=\"https:\/\/www.caudete.org\/ayuntamiento\/wp-content\/uploads\/2023\/03\/IMG-20230314-WA0011-300x225.jpg 300w, https:\/\/www.caudete.org\/ayuntamiento\/wp-content\/uploads\/2023\/03\/IMG-20230314-WA0011-1024x768.jpg 1024w, https:\/\/www.caudete.org\/ayuntamiento\/wp-content\/uploads\/2023\/03\/IMG-20230314-WA0011-768x576.jpg 768w, https:\/\/www.caudete.org\/ayuntamiento\/wp-content\/uploads\/2023\/03\/IMG-20230314-WA0011-1536x1152.jpg 1536w, https:\/\/www.caudete.org\/ayuntamiento\/wp-content\/uploads\/2023\/03\/IMG-20230314-WA0011.jpg 2048w\" sizes=\"(max-width: 300px) 100vw, 300px\" \/><\/a><\/p>\n<p>&nbsp;<\/p>\n","protected":false},"excerpt":{"rendered":"<p>La Concejal\u00eda de Medio Ambiente ha puesto en marcha una campa\u00f1a informativa y concienciaci\u00f3n en los colegios de Caudete sobre el reciclado y separaci\u00f3n de las diferentes fracciones de residuos domiciliarios, como VIDRIO, ENVASES, PAPEL, ORG\u00c1NICA, RESTO, ACEITE, ROPA, y el gran contenedor que es nuestro ECOPARQUE. Esta campa\u00f1a se va a llevar a cabo &hellip;<\/p>\n","protected":false},"author":3,"featured_media":21753,"comment_status":"closed","ping_status":"open","sticky":false,"template":"","format":"standard","meta":{"ngg_post_thumbnail":0,"footnotes":""},"categories":[29],"tags":[],"class_list":["post-21750","post","type-post","status-publish","format-standard","has-post-thumbnail","hentry","category-medio-ambiente"],"yoast_head":"<!-- This site is optimized with the Yoast SEO plugin v27.5 - https:\/\/yoast.com\/product\/yoast-seo-wordpress\/ -->\n<title>Charlas formativas sobre RESIDUOS dirigida a j\u00f3venes de 5\u00b0 y 6\u00b0 Primaria - MI Ayuntamiento de Caudete<\/title>\n<meta name=\"description\" content=\"P\u00e1gina Oficial del Ayuntamiento de Caudete (Albacete)\" \/>\n<meta name=\"robots\" content=\"index, follow, max-snippet:-1, max-image-preview:large, max-video-preview:-1\" \/>\n<link rel=\"canonical\" href=\"https:\/\/www.caudete.org\/ayuntamiento\/charlas-formativas-sobre-residuos-dirigida-a-jovenes-de-5-y-6-primaria\/\" \/>\n<meta property=\"og:locale\" content=\"es_ES\" \/>\n<meta property=\"og:type\" content=\"article\" \/>\n<meta property=\"og:title\" content=\"Charlas formativas sobre RESIDUOS dirigida a j\u00f3venes de 5\u00b0 y 6\u00b0 Primaria - MI Ayuntamiento de Caudete\" \/>\n<meta property=\"og:description\" content=\"P\u00e1gina Oficial del Ayuntamiento de Caudete (Albacete)\" \/>\n<meta property=\"og:url\" content=\"https:\/\/www.caudete.org\/ayuntamiento\/charlas-formativas-sobre-residuos-dirigida-a-jovenes-de-5-y-6-primaria\/\" \/>\n<meta property=\"og:site_name\" content=\"MI Ayuntamiento de Caudete\" \/>\n<meta property=\"article:publisher\" content=\"https:\/\/www.facebook.com\/ayuntamientocaudete\/\" \/>\n<meta property=\"article:published_time\" content=\"2023-03-20T08:32:33+00:00\" \/>\n<meta property=\"og:image\" content=\"https:\/\/www.caudete.org\/ayuntamiento\/wp-content\/uploads\/2023\/03\/IMG-20230320-WA0003.jpg\" \/>\n\t<meta property=\"og:image:width\" content=\"2048\" \/>\n\t<meta property=\"og:image:height\" content=\"1536\" \/>\n\t<meta property=\"og:image:type\" content=\"image\/jpeg\" \/>\n<meta name=\"author\" content=\"alcalde\" \/>\n<meta name=\"twitter:card\" content=\"summary_large_image\" \/>\n<meta name=\"twitter:label1\" content=\"Escrito por\" \/>\n\t<meta name=\"twitter:data1\" content=\"alcalde\" \/>\n\t<meta name=\"twitter:label2\" content=\"Tiempo de lectura\" \/>\n\t<meta name=\"twitter:data2\" content=\"2 minutos\" \/>\n<script type=\"application\/ld+json\" class=\"yoast-schema-graph\">{\"@context\":\"https:\\\/\\\/schema.org\",\"@graph\":[{\"@type\":\"Article\",\"@id\":\"https:\\\/\\\/www.caudete.org\\\/ayuntamiento\\\/charlas-formativas-sobre-residuos-dirigida-a-jovenes-de-5-y-6-primaria\\\/#article\",\"isPartOf\":{\"@id\":\"https:\\\/\\\/www.caudete.org\\\/ayuntamiento\\\/charlas-formativas-sobre-residuos-dirigida-a-jovenes-de-5-y-6-primaria\\\/\"},\"author\":{\"name\":\"alcalde\",\"@id\":\"https:\\\/\\\/www.caudete.org\\\/ayuntamiento\\\/#\\\/schema\\\/person\\\/cc646da9133078ee4d8dd47457947253\"},\"headline\":\"Charlas formativas sobre RESIDUOS dirigida a j\u00f3venes de 5\u00b0 y 6\u00b0 Primaria\",\"datePublished\":\"2023-03-20T08:32:33+00:00\",\"mainEntityOfPage\":{\"@id\":\"https:\\\/\\\/www.caudete.org\\\/ayuntamiento\\\/charlas-formativas-sobre-residuos-dirigida-a-jovenes-de-5-y-6-primaria\\\/\"},\"wordCount\":165,\"image\":{\"@id\":\"https:\\\/\\\/www.caudete.org\\\/ayuntamiento\\\/charlas-formativas-sobre-residuos-dirigida-a-jovenes-de-5-y-6-primaria\\\/#primaryimage\"},\"thumbnailUrl\":\"https:\\\/\\\/www.caudete.org\\\/ayuntamiento\\\/wp-content\\\/uploads\\\/2023\\\/03\\\/IMG-20230320-WA0003.jpg\",\"articleSection\":[\"Medio Ambiente\"],\"inLanguage\":\"es\"},{\"@type\":\"WebPage\",\"@id\":\"https:\\\/\\\/www.caudete.org\\\/ayuntamiento\\\/charlas-formativas-sobre-residuos-dirigida-a-jovenes-de-5-y-6-primaria\\\/\",\"url\":\"https:\\\/\\\/www.caudete.org\\\/ayuntamiento\\\/charlas-formativas-sobre-residuos-dirigida-a-jovenes-de-5-y-6-primaria\\\/\",\"name\":\"Charlas formativas sobre RESIDUOS dirigida a j\u00f3venes de 5\u00b0 y 6\u00b0 Primaria - MI Ayuntamiento de Caudete\",\"isPartOf\":{\"@id\":\"https:\\\/\\\/www.caudete.org\\\/ayuntamiento\\\/#website\"},\"primaryImageOfPage\":{\"@id\":\"https:\\\/\\\/www.caudete.org\\\/ayuntamiento\\\/charlas-formativas-sobre-residuos-dirigida-a-jovenes-de-5-y-6-primaria\\\/#primaryimage\"},\"image\":{\"@id\":\"https:\\\/\\\/www.caudete.org\\\/ayuntamiento\\\/charlas-formativas-sobre-residuos-dirigida-a-jovenes-de-5-y-6-primaria\\\/#primaryimage\"},\"thumbnailUrl\":\"https:\\\/\\\/www.caudete.org\\\/ayuntamiento\\\/wp-content\\\/uploads\\\/2023\\\/03\\\/IMG-20230320-WA0003.jpg\",\"datePublished\":\"2023-03-20T08:32:33+00:00\",\"author\":{\"@id\":\"https:\\\/\\\/www.caudete.org\\\/ayuntamiento\\\/#\\\/schema\\\/person\\\/cc646da9133078ee4d8dd47457947253\"},\"description\":\"P\u00e1gina Oficial del Ayuntamiento de Caudete (Albacete)\",\"breadcrumb\":{\"@id\":\"https:\\\/\\\/www.caudete.org\\\/ayuntamiento\\\/charlas-formativas-sobre-residuos-dirigida-a-jovenes-de-5-y-6-primaria\\\/#breadcrumb\"},\"inLanguage\":\"es\",\"potentialAction\":[{\"@type\":\"ReadAction\",\"target\":[\"https:\\\/\\\/www.caudete.org\\\/ayuntamiento\\\/charlas-formativas-sobre-residuos-dirigida-a-jovenes-de-5-y-6-primaria\\\/\"]}]},{\"@type\":\"ImageObject\",\"inLanguage\":\"es\",\"@id\":\"https:\\\/\\\/www.caudete.org\\\/ayuntamiento\\\/charlas-formativas-sobre-residuos-dirigida-a-jovenes-de-5-y-6-primaria\\\/#primaryimage\",\"url\":\"https:\\\/\\\/www.caudete.org\\\/ayuntamiento\\\/wp-content\\\/uploads\\\/2023\\\/03\\\/IMG-20230320-WA0003.jpg\",\"contentUrl\":\"https:\\\/\\\/www.caudete.org\\\/ayuntamiento\\\/wp-content\\\/uploads\\\/2023\\\/03\\\/IMG-20230320-WA0003.jpg\",\"width\":2048,\"height\":1536},{\"@type\":\"BreadcrumbList\",\"@id\":\"https:\\\/\\\/www.caudete.org\\\/ayuntamiento\\\/charlas-formativas-sobre-residuos-dirigida-a-jovenes-de-5-y-6-primaria\\\/#breadcrumb\",\"itemListElement\":[{\"@type\":\"ListItem\",\"position\":1,\"name\":\"Inicio\",\"item\":\"https:\\\/\\\/www.caudete.org\\\/ayuntamiento\\\/\"},{\"@type\":\"ListItem\",\"position\":2,\"name\":\"Charlas formativas sobre RESIDUOS dirigida a j\u00f3venes de 5\u00b0 y 6\u00b0 Primaria\"}]},{\"@type\":\"WebSite\",\"@id\":\"https:\\\/\\\/www.caudete.org\\\/ayuntamiento\\\/#website\",\"url\":\"https:\\\/\\\/www.caudete.org\\\/ayuntamiento\\\/\",\"name\":\"MI Ayuntamiento de Caudete\",\"description\":\"P\u00e1gina Oficial del MI Ayuntamiento de Caudete\",\"potentialAction\":[{\"@type\":\"SearchAction\",\"target\":{\"@type\":\"EntryPoint\",\"urlTemplate\":\"https:\\\/\\\/www.caudete.org\\\/ayuntamiento\\\/?s={search_term_string}\"},\"query-input\":{\"@type\":\"PropertyValueSpecification\",\"valueRequired\":true,\"valueName\":\"search_term_string\"}}],\"inLanguage\":\"es\"},{\"@type\":\"Person\",\"@id\":\"https:\\\/\\\/www.caudete.org\\\/ayuntamiento\\\/#\\\/schema\\\/person\\\/cc646da9133078ee4d8dd47457947253\",\"name\":\"alcalde\",\"image\":{\"@type\":\"ImageObject\",\"inLanguage\":\"es\",\"@id\":\"https:\\\/\\\/secure.gravatar.com\\\/avatar\\\/84a817ba065b29ff08d666b215a215f5c79186a645ccb25b14a663d48a130f77?s=96&d=mm&r=g\",\"url\":\"https:\\\/\\\/secure.gravatar.com\\\/avatar\\\/84a817ba065b29ff08d666b215a215f5c79186a645ccb25b14a663d48a130f77?s=96&d=mm&r=g\",\"contentUrl\":\"https:\\\/\\\/secure.gravatar.com\\\/avatar\\\/84a817ba065b29ff08d666b215a215f5c79186a645ccb25b14a663d48a130f77?s=96&d=mm&r=g\",\"caption\":\"alcalde\"},\"url\":\"https:\\\/\\\/www.caudete.org\\\/ayuntamiento\\\/author\\\/alcalde\\\/\"}]}<\/script>\n<!-- \/ Yoast SEO plugin. -->","yoast_head_json":{"title":"Charlas formativas sobre RESIDUOS dirigida a j\u00f3venes de 5\u00b0 y 6\u00b0 Primaria - MI Ayuntamiento de Caudete","description":"P\u00e1gina Oficial del Ayuntamiento de Caudete (Albacete)","robots":{"index":"index","follow":"follow","max-snippet":"max-snippet:-1","max-image-preview":"max-image-preview:large","max-video-preview":"max-video-preview:-1"},"canonical":"https:\/\/www.caudete.org\/ayuntamiento\/charlas-formativas-sobre-residuos-dirigida-a-jovenes-de-5-y-6-primaria\/","og_locale":"es_ES","og_type":"article","og_title":"Charlas formativas sobre RESIDUOS dirigida a j\u00f3venes de 5\u00b0 y 6\u00b0 Primaria - MI Ayuntamiento de Caudete","og_description":"P\u00e1gina Oficial del Ayuntamiento de Caudete (Albacete)","og_url":"https:\/\/www.caudete.org\/ayuntamiento\/charlas-formativas-sobre-residuos-dirigida-a-jovenes-de-5-y-6-primaria\/","og_site_name":"MI Ayuntamiento de Caudete","article_publisher":"https:\/\/www.facebook.com\/ayuntamientocaudete\/","article_published_time":"2023-03-20T08:32:33+00:00","og_image":[{"width":2048,"height":1536,"url":"https:\/\/www.caudete.org\/ayuntamiento\/wp-content\/uploads\/2023\/03\/IMG-20230320-WA0003.jpg","type":"image\/jpeg"}],"author":"alcalde","twitter_card":"summary_large_image","twitter_misc":{"Escrito por":"alcalde","Tiempo de lectura":"2 minutos"},"schema":{"@context":"https:\/\/schema.org","@graph":[{"@type":"Article","@id":"https:\/\/www.caudete.org\/ayuntamiento\/charlas-formativas-sobre-residuos-dirigida-a-jovenes-de-5-y-6-primaria\/#article","isPartOf":{"@id":"https:\/\/www.caudete.org\/ayuntamiento\/charlas-formativas-sobre-residuos-dirigida-a-jovenes-de-5-y-6-primaria\/"},"author":{"name":"alcalde","@id":"https:\/\/www.caudete.org\/ayuntamiento\/#\/schema\/person\/cc646da9133078ee4d8dd47457947253"},"headline":"Charlas formativas sobre RESIDUOS dirigida a j\u00f3venes de 5\u00b0 y 6\u00b0 Primaria","datePublished":"2023-03-20T08:32:33+00:00","mainEntityOfPage":{"@id":"https:\/\/www.caudete.org\/ayuntamiento\/charlas-formativas-sobre-residuos-dirigida-a-jovenes-de-5-y-6-primaria\/"},"wordCount":165,"image":{"@id":"https:\/\/www.caudete.org\/ayuntamiento\/charlas-formativas-sobre-residuos-dirigida-a-jovenes-de-5-y-6-primaria\/#primaryimage"},"thumbnailUrl":"https:\/\/www.caudete.org\/ayuntamiento\/wp-content\/uploads\/2023\/03\/IMG-20230320-WA0003.jpg","articleSection":["Medio Ambiente"],"inLanguage":"es"},{"@type":"WebPage","@id":"https:\/\/www.caudete.org\/ayuntamiento\/charlas-formativas-sobre-residuos-dirigida-a-jovenes-de-5-y-6-primaria\/","url":"https:\/\/www.caudete.org\/ayuntamiento\/charlas-formativas-sobre-residuos-dirigida-a-jovenes-de-5-y-6-primaria\/","name":"Charlas formativas sobre RESIDUOS dirigida a j\u00f3venes de 5\u00b0 y 6\u00b0 Primaria - MI Ayuntamiento de Caudete","isPartOf":{"@id":"https:\/\/www.caudete.org\/ayuntamiento\/#website"},"primaryImageOfPage":{"@id":"https:\/\/www.caudete.org\/ayuntamiento\/charlas-formativas-sobre-residuos-dirigida-a-jovenes-de-5-y-6-primaria\/#primaryimage"},"image":{"@id":"https:\/\/www.caudete.org\/ayuntamiento\/charlas-formativas-sobre-residuos-dirigida-a-jovenes-de-5-y-6-primaria\/#primaryimage"},"thumbnailUrl":"https:\/\/www.caudete.org\/ayuntamiento\/wp-content\/uploads\/2023\/03\/IMG-20230320-WA0003.jpg","datePublished":"2023-03-20T08:32:33+00:00","author":{"@id":"https:\/\/www.caudete.org\/ayuntamiento\/#\/schema\/person\/cc646da9133078ee4d8dd47457947253"},"description":"P\u00e1gina Oficial del Ayuntamiento de Caudete (Albacete)","breadcrumb":{"@id":"https:\/\/www.caudete.org\/ayuntamiento\/charlas-formativas-sobre-residuos-dirigida-a-jovenes-de-5-y-6-primaria\/#breadcrumb"},"inLanguage":"es","potentialAction":[{"@type":"ReadAction","target":["https:\/\/www.caudete.org\/ayuntamiento\/charlas-formativas-sobre-residuos-dirigida-a-jovenes-de-5-y-6-primaria\/"]}]},{"@type":"ImageObject","inLanguage":"es","@id":"https:\/\/www.caudete.org\/ayuntamiento\/charlas-formativas-sobre-residuos-dirigida-a-jovenes-de-5-y-6-primaria\/#primaryimage","url":"https:\/\/www.caudete.org\/ayuntamiento\/wp-content\/uploads\/2023\/03\/IMG-20230320-WA0003.jpg","contentUrl":"https:\/\/www.caudete.org\/ayuntamiento\/wp-content\/uploads\/2023\/03\/IMG-20230320-WA0003.jpg","width":2048,"height":1536},{"@type":"BreadcrumbList","@id":"https:\/\/www.caudete.org\/ayuntamiento\/charlas-formativas-sobre-residuos-dirigida-a-jovenes-de-5-y-6-primaria\/#breadcrumb","itemListElement":[{"@type":"ListItem","position":1,"name":"Inicio","item":"https:\/\/www.caudete.org\/ayuntamiento\/"},{"@type":"ListItem","position":2,"name":"Charlas formativas sobre RESIDUOS dirigida a j\u00f3venes de 5\u00b0 y 6\u00b0 Primaria"}]},{"@type":"WebSite","@id":"https:\/\/www.caudete.org\/ayuntamiento\/#website","url":"https:\/\/www.caudete.org\/ayuntamiento\/","name":"MI Ayuntamiento de Caudete","description":"P\u00e1gina Oficial del MI Ayuntamiento de Caudete","potentialAction":[{"@type":"SearchAction","target":{"@type":"EntryPoint","urlTemplate":"https:\/\/www.caudete.org\/ayuntamiento\/?s={search_term_string}"},"query-input":{"@type":"PropertyValueSpecification","valueRequired":true,"valueName":"search_term_string"}}],"inLanguage":"es"},{"@type":"Person","@id":"https:\/\/www.caudete.org\/ayuntamiento\/#\/schema\/person\/cc646da9133078ee4d8dd47457947253","name":"alcalde","image":{"@type":"ImageObject","inLanguage":"es","@id":"https:\/\/secure.gravatar.com\/avatar\/84a817ba065b29ff08d666b215a215f5c79186a645ccb25b14a663d48a130f77?s=96&d=mm&r=g","url":"https:\/\/secure.gravatar.com\/avatar\/84a817ba065b29ff08d666b215a215f5c79186a645ccb25b14a663d48a130f77?s=96&d=mm&r=g","contentUrl":"https:\/\/secure.gravatar.com\/avatar\/84a817ba065b29ff08d666b215a215f5c79186a645ccb25b14a663d48a130f77?s=96&d=mm&r=g","caption":"alcalde"},"url":"https:\/\/www.caudete.org\/ayuntamiento\/author\/alcalde\/"}]}},"_links":{"self":[{"href":"https:\/\/www.caudete.org\/ayuntamiento\/wp-json\/wp\/v2\/posts\/21750","targetHints":{"allow":["GET"]}}],"collection":[{"href":"https:\/\/www.caudete.org\/ayuntamiento\/wp-json\/wp\/v2\/posts"}],"about":[{"href":"https:\/\/www.caudete.org\/ayuntamiento\/wp-json\/wp\/v2\/types\/post"}],"author":[{"embeddable":true,"href":"https:\/\/www.caudete.org\/ayuntamiento\/wp-json\/wp\/v2\/users\/3"}],"replies":[{"embeddable":true,"href":"https:\/\/www.caudete.org\/ayuntamiento\/wp-json\/wp\/v2\/comments?post=21750"}],"version-history":[{"count":1,"href":"https:\/\/www.caudete.org\/ayuntamiento\/wp-json\/wp\/v2\/posts\/21750\/revisions"}],"predecessor-version":[{"id":21754,"href":"https:\/\/www.caudete.org\/ayuntamiento\/wp-json\/wp\/v2\/posts\/21750\/revisions\/21754"}],"wp:featuredmedia":[{"embeddable":true,"href":"https:\/\/www.caudete.org\/ayuntamiento\/wp-json\/wp\/v2\/media\/21753"}],"wp:attachment":[{"href":"https:\/\/www.caudete.org\/ayuntamiento\/wp-json\/wp\/v2\/media?parent=21750"}],"wp:term":[{"taxonomy":"category","embeddable":true,"href":"https:\/\/www.caudete.org\/ayuntamiento\/wp-json\/wp\/v2\/categories?post=21750"},{"taxonomy":"post_tag","embeddable":true,"href":"https:\/\/www.caudete.org\/ayuntamiento\/wp-json\/wp\/v2\/tags?post=21750"}],"curies":[{"name":"wp","href":"https:\/\/api.w.org\/{rel}","templated":true}]}}