{"id":21778,"date":"2023-03-21T09:36:29","date_gmt":"2023-03-21T08:36:29","guid":{"rendered":"https:\/\/www.caudete.org\/ayuntamiento\/?p=21778"},"modified":"2023-03-21T13:42:31","modified_gmt":"2023-03-21T12:42:31","slug":"hallazgo-fortuito-de-2-cornisas-de-piedra-en-un-solar-privado-de-c-puerta-la-villa","status":"publish","type":"post","link":"https:\/\/www.caudete.org\/ayuntamiento\/hallazgo-fortuito-de-2-cornisas-de-piedra-en-un-solar-privado-de-c-puerta-la-villa\/","title":{"rendered":"Hallazgo fortuito de 2 cornisas de piedra en un solar privado de C\/Puerta La Villa"},"content":{"rendered":"<p style=\"text-align: justify;\">Desde el Consistorio se informa que durante las obras acometidas en la alineaci\u00f3n de la Calle Puerta de La Villa, mediante el retranqueo de la valla de dos solares, han aparecido de forma fortuita dos elementos p\u00e9treos, de arenisca, que responden a una moldura o cornisa.<\/p>\n<p style=\"text-align: justify;\">Ambos elementos fueron encontrados de forma fortuita, estando ambos visibles, en un rinc\u00f3n de la parcela. Uno de los elementos, ligeramente cubierto de tierra en uno de sus extremos. La otra, hac\u00eda de &#8220;poyo&#8221; o &#8220;asiento&#8221; por su rev\u00e9s para los propietarios de la misma, que hasta que no fue quitada de su lugar no se intu\u00eda que conten\u00eda talla.<\/p>\n<p style=\"text-align: justify;\">Ambos elementos se situaban fuera de la alineaci\u00f3n, en la parte de solar resultante de transformaci\u00f3n en espacio p\u00fablico, por lo que era necesario su movimiento, lo que se hizo con total cuidado.<\/p>\n<p style=\"text-align: justify;\">La zona del hallazgo fortuito, en concreto, no forma parte de la carta arqueol\u00f3gica local, por lo que a priori no precisaban las obras de control arqueol\u00f3gico alguno.<\/p>\n<p style=\"text-align: justify;\">Durante las obras programadas y llevadas a cabo, no se han constatado m\u00e1s elementos aislados, ni restos constructivos de ning\u00fan tipo, por lo que no ha sido necesario contratar excavaci\u00f3n de urgencia.<\/p>\n<p style=\"text-align: justify;\">A priori, se trata de \u00fanicamente dos elementos p\u00e9treos, aislados, que probablemente provengan como material de derribo de alguna construcci\u00f3n. Su valor, as\u00ed como procedencia corresponde otorgarlo a los profesionales en la materia.<\/p>\n<p style=\"text-align: justify;\">Los elementos hallados est\u00e1n guardados en dependencias municipales toda vez que las autoridades competentes est\u00e1n informadas de ello, a la espera de como proceder con los hechos.<\/p>\n<p>&nbsp;<\/p>\n","protected":false},"excerpt":{"rendered":"<p>Desde el Consistorio se informa que durante las obras acometidas en la alineaci\u00f3n de la Calle Puerta de La Villa, mediante el retranqueo de la valla de dos solares, han aparecido de forma fortuita dos elementos p\u00e9treos, de arenisca, que responden a una moldura o cornisa. Ambos elementos fueron encontrados de forma fortuita, estando ambos &hellip;<\/p>\n","protected":false},"author":3,"featured_media":21779,"comment_status":"closed","ping_status":"open","sticky":false,"template":"","format":"standard","meta":{"ngg_post_thumbnail":0,"footnotes":""},"categories":[45],"tags":[],"class_list":["post-21778","post","type-post","status-publish","format-standard","has-post-thumbnail","hentry","category-patrimonio"],"yoast_head":"<!-- This site is optimized with the Yoast SEO plugin v27.5 - https:\/\/yoast.com\/product\/yoast-seo-wordpress\/ -->\n<title>Hallazgo fortuito de 2 cornisas de piedra en un solar privado de C\/Puerta La Villa - MI Ayuntamiento de Caudete<\/title>\n<meta name=\"description\" content=\"P\u00e1gina Oficial del Ayuntamiento de Caudete (Albacete)\" \/>\n<meta name=\"robots\" content=\"index, follow, max-snippet:-1, max-image-preview:large, max-video-preview:-1\" \/>\n<link rel=\"canonical\" href=\"https:\/\/www.caudete.org\/ayuntamiento\/hallazgo-fortuito-de-2-cornisas-de-piedra-en-un-solar-privado-de-c-puerta-la-villa\/\" \/>\n<meta property=\"og:locale\" content=\"es_ES\" \/>\n<meta property=\"og:type\" content=\"article\" \/>\n<meta property=\"og:title\" content=\"Hallazgo fortuito de 2 cornisas de piedra en un solar privado de C\/Puerta La Villa - MI Ayuntamiento de Caudete\" \/>\n<meta property=\"og:description\" content=\"P\u00e1gina Oficial del Ayuntamiento de Caudete (Albacete)\" \/>\n<meta property=\"og:url\" content=\"https:\/\/www.caudete.org\/ayuntamiento\/hallazgo-fortuito-de-2-cornisas-de-piedra-en-un-solar-privado-de-c-puerta-la-villa\/\" \/>\n<meta property=\"og:site_name\" content=\"MI Ayuntamiento de Caudete\" \/>\n<meta property=\"article:publisher\" content=\"https:\/\/www.facebook.com\/ayuntamientocaudete\/\" \/>\n<meta property=\"article:published_time\" content=\"2023-03-21T08:36:29+00:00\" \/>\n<meta property=\"article:modified_time\" content=\"2023-03-21T12:42:31+00:00\" \/>\n<meta property=\"og:image\" content=\"https:\/\/www.caudete.org\/ayuntamiento\/wp-content\/uploads\/2023\/03\/WhatsApp-Image-2023-03-21-at-09.24.15.jpeg\" \/>\n\t<meta property=\"og:image:width\" content=\"2048\" \/>\n\t<meta property=\"og:image:height\" content=\"1536\" \/>\n\t<meta property=\"og:image:type\" content=\"image\/jpeg\" \/>\n<meta name=\"author\" content=\"alcalde\" \/>\n<meta name=\"twitter:card\" content=\"summary_large_image\" \/>\n<meta name=\"twitter:label1\" content=\"Escrito por\" \/>\n\t<meta name=\"twitter:data1\" content=\"alcalde\" \/>\n\t<meta name=\"twitter:label2\" content=\"Tiempo de lectura\" \/>\n\t<meta name=\"twitter:data2\" content=\"2 minutos\" \/>\n<script type=\"application\/ld+json\" class=\"yoast-schema-graph\">{\"@context\":\"https:\\\/\\\/schema.org\",\"@graph\":[{\"@type\":\"Article\",\"@id\":\"https:\\\/\\\/www.caudete.org\\\/ayuntamiento\\\/hallazgo-fortuito-de-2-cornisas-de-piedra-en-un-solar-privado-de-c-puerta-la-villa\\\/#article\",\"isPartOf\":{\"@id\":\"https:\\\/\\\/www.caudete.org\\\/ayuntamiento\\\/hallazgo-fortuito-de-2-cornisas-de-piedra-en-un-solar-privado-de-c-puerta-la-villa\\\/\"},\"author\":{\"name\":\"alcalde\",\"@id\":\"https:\\\/\\\/www.caudete.org\\\/ayuntamiento\\\/#\\\/schema\\\/person\\\/cc646da9133078ee4d8dd47457947253\"},\"headline\":\"Hallazgo fortuito de 2 cornisas de piedra en un solar privado de C\\\/Puerta La Villa\",\"datePublished\":\"2023-03-21T08:36:29+00:00\",\"dateModified\":\"2023-03-21T12:42:31+00:00\",\"mainEntityOfPage\":{\"@id\":\"https:\\\/\\\/www.caudete.org\\\/ayuntamiento\\\/hallazgo-fortuito-de-2-cornisas-de-piedra-en-un-solar-privado-de-c-puerta-la-villa\\\/\"},\"wordCount\":294,\"image\":{\"@id\":\"https:\\\/\\\/www.caudete.org\\\/ayuntamiento\\\/hallazgo-fortuito-de-2-cornisas-de-piedra-en-un-solar-privado-de-c-puerta-la-villa\\\/#primaryimage\"},\"thumbnailUrl\":\"https:\\\/\\\/www.caudete.org\\\/ayuntamiento\\\/wp-content\\\/uploads\\\/2023\\\/03\\\/WhatsApp-Image-2023-03-21-at-09.24.15.jpeg\",\"articleSection\":[\"Patrimonio\"],\"inLanguage\":\"es\"},{\"@type\":\"WebPage\",\"@id\":\"https:\\\/\\\/www.caudete.org\\\/ayuntamiento\\\/hallazgo-fortuito-de-2-cornisas-de-piedra-en-un-solar-privado-de-c-puerta-la-villa\\\/\",\"url\":\"https:\\\/\\\/www.caudete.org\\\/ayuntamiento\\\/hallazgo-fortuito-de-2-cornisas-de-piedra-en-un-solar-privado-de-c-puerta-la-villa\\\/\",\"name\":\"Hallazgo fortuito de 2 cornisas de piedra en un solar privado de C\\\/Puerta La Villa - MI Ayuntamiento de Caudete\",\"isPartOf\":{\"@id\":\"https:\\\/\\\/www.caudete.org\\\/ayuntamiento\\\/#website\"},\"primaryImageOfPage\":{\"@id\":\"https:\\\/\\\/www.caudete.org\\\/ayuntamiento\\\/hallazgo-fortuito-de-2-cornisas-de-piedra-en-un-solar-privado-de-c-puerta-la-villa\\\/#primaryimage\"},\"image\":{\"@id\":\"https:\\\/\\\/www.caudete.org\\\/ayuntamiento\\\/hallazgo-fortuito-de-2-cornisas-de-piedra-en-un-solar-privado-de-c-puerta-la-villa\\\/#primaryimage\"},\"thumbnailUrl\":\"https:\\\/\\\/www.caudete.org\\\/ayuntamiento\\\/wp-content\\\/uploads\\\/2023\\\/03\\\/WhatsApp-Image-2023-03-21-at-09.24.15.jpeg\",\"datePublished\":\"2023-03-21T08:36:29+00:00\",\"dateModified\":\"2023-03-21T12:42:31+00:00\",\"author\":{\"@id\":\"https:\\\/\\\/www.caudete.org\\\/ayuntamiento\\\/#\\\/schema\\\/person\\\/cc646da9133078ee4d8dd47457947253\"},\"description\":\"P\u00e1gina Oficial del Ayuntamiento de Caudete (Albacete)\",\"breadcrumb\":{\"@id\":\"https:\\\/\\\/www.caudete.org\\\/ayuntamiento\\\/hallazgo-fortuito-de-2-cornisas-de-piedra-en-un-solar-privado-de-c-puerta-la-villa\\\/#breadcrumb\"},\"inLanguage\":\"es\",\"potentialAction\":[{\"@type\":\"ReadAction\",\"target\":[\"https:\\\/\\\/www.caudete.org\\\/ayuntamiento\\\/hallazgo-fortuito-de-2-cornisas-de-piedra-en-un-solar-privado-de-c-puerta-la-villa\\\/\"]}]},{\"@type\":\"ImageObject\",\"inLanguage\":\"es\",\"@id\":\"https:\\\/\\\/www.caudete.org\\\/ayuntamiento\\\/hallazgo-fortuito-de-2-cornisas-de-piedra-en-un-solar-privado-de-c-puerta-la-villa\\\/#primaryimage\",\"url\":\"https:\\\/\\\/www.caudete.org\\\/ayuntamiento\\\/wp-content\\\/uploads\\\/2023\\\/03\\\/WhatsApp-Image-2023-03-21-at-09.24.15.jpeg\",\"contentUrl\":\"https:\\\/\\\/www.caudete.org\\\/ayuntamiento\\\/wp-content\\\/uploads\\\/2023\\\/03\\\/WhatsApp-Image-2023-03-21-at-09.24.15.jpeg\",\"width\":2048,\"height\":1536},{\"@type\":\"BreadcrumbList\",\"@id\":\"https:\\\/\\\/www.caudete.org\\\/ayuntamiento\\\/hallazgo-fortuito-de-2-cornisas-de-piedra-en-un-solar-privado-de-c-puerta-la-villa\\\/#breadcrumb\",\"itemListElement\":[{\"@type\":\"ListItem\",\"position\":1,\"name\":\"Inicio\",\"item\":\"https:\\\/\\\/www.caudete.org\\\/ayuntamiento\\\/\"},{\"@type\":\"ListItem\",\"position\":2,\"name\":\"Hallazgo fortuito de 2 cornisas de piedra en un solar privado de C\\\/Puerta La Villa\"}]},{\"@type\":\"WebSite\",\"@id\":\"https:\\\/\\\/www.caudete.org\\\/ayuntamiento\\\/#website\",\"url\":\"https:\\\/\\\/www.caudete.org\\\/ayuntamiento\\\/\",\"name\":\"MI Ayuntamiento de Caudete\",\"description\":\"P\u00e1gina Oficial del MI Ayuntamiento de Caudete\",\"potentialAction\":[{\"@type\":\"SearchAction\",\"target\":{\"@type\":\"EntryPoint\",\"urlTemplate\":\"https:\\\/\\\/www.caudete.org\\\/ayuntamiento\\\/?s={search_term_string}\"},\"query-input\":{\"@type\":\"PropertyValueSpecification\",\"valueRequired\":true,\"valueName\":\"search_term_string\"}}],\"inLanguage\":\"es\"},{\"@type\":\"Person\",\"@id\":\"https:\\\/\\\/www.caudete.org\\\/ayuntamiento\\\/#\\\/schema\\\/person\\\/cc646da9133078ee4d8dd47457947253\",\"name\":\"alcalde\",\"image\":{\"@type\":\"ImageObject\",\"inLanguage\":\"es\",\"@id\":\"https:\\\/\\\/secure.gravatar.com\\\/avatar\\\/84a817ba065b29ff08d666b215a215f5c79186a645ccb25b14a663d48a130f77?s=96&d=mm&r=g\",\"url\":\"https:\\\/\\\/secure.gravatar.com\\\/avatar\\\/84a817ba065b29ff08d666b215a215f5c79186a645ccb25b14a663d48a130f77?s=96&d=mm&r=g\",\"contentUrl\":\"https:\\\/\\\/secure.gravatar.com\\\/avatar\\\/84a817ba065b29ff08d666b215a215f5c79186a645ccb25b14a663d48a130f77?s=96&d=mm&r=g\",\"caption\":\"alcalde\"},\"url\":\"https:\\\/\\\/www.caudete.org\\\/ayuntamiento\\\/author\\\/alcalde\\\/\"}]}<\/script>\n<!-- \/ Yoast SEO plugin. -->","yoast_head_json":{"title":"Hallazgo fortuito de 2 cornisas de piedra en un solar privado de C\/Puerta La Villa - MI Ayuntamiento de Caudete","description":"P\u00e1gina Oficial del Ayuntamiento de Caudete (Albacete)","robots":{"index":"index","follow":"follow","max-snippet":"max-snippet:-1","max-image-preview":"max-image-preview:large","max-video-preview":"max-video-preview:-1"},"canonical":"https:\/\/www.caudete.org\/ayuntamiento\/hallazgo-fortuito-de-2-cornisas-de-piedra-en-un-solar-privado-de-c-puerta-la-villa\/","og_locale":"es_ES","og_type":"article","og_title":"Hallazgo fortuito de 2 cornisas de piedra en un solar privado de C\/Puerta La Villa - MI Ayuntamiento de Caudete","og_description":"P\u00e1gina Oficial del Ayuntamiento de Caudete (Albacete)","og_url":"https:\/\/www.caudete.org\/ayuntamiento\/hallazgo-fortuito-de-2-cornisas-de-piedra-en-un-solar-privado-de-c-puerta-la-villa\/","og_site_name":"MI Ayuntamiento de Caudete","article_publisher":"https:\/\/www.facebook.com\/ayuntamientocaudete\/","article_published_time":"2023-03-21T08:36:29+00:00","article_modified_time":"2023-03-21T12:42:31+00:00","og_image":[{"width":2048,"height":1536,"url":"https:\/\/www.caudete.org\/ayuntamiento\/wp-content\/uploads\/2023\/03\/WhatsApp-Image-2023-03-21-at-09.24.15.jpeg","type":"image\/jpeg"}],"author":"alcalde","twitter_card":"summary_large_image","twitter_misc":{"Escrito por":"alcalde","Tiempo de lectura":"2 minutos"},"schema":{"@context":"https:\/\/schema.org","@graph":[{"@type":"Article","@id":"https:\/\/www.caudete.org\/ayuntamiento\/hallazgo-fortuito-de-2-cornisas-de-piedra-en-un-solar-privado-de-c-puerta-la-villa\/#article","isPartOf":{"@id":"https:\/\/www.caudete.org\/ayuntamiento\/hallazgo-fortuito-de-2-cornisas-de-piedra-en-un-solar-privado-de-c-puerta-la-villa\/"},"author":{"name":"alcalde","@id":"https:\/\/www.caudete.org\/ayuntamiento\/#\/schema\/person\/cc646da9133078ee4d8dd47457947253"},"headline":"Hallazgo fortuito de 2 cornisas de piedra en un solar privado de C\/Puerta La Villa","datePublished":"2023-03-21T08:36:29+00:00","dateModified":"2023-03-21T12:42:31+00:00","mainEntityOfPage":{"@id":"https:\/\/www.caudete.org\/ayuntamiento\/hallazgo-fortuito-de-2-cornisas-de-piedra-en-un-solar-privado-de-c-puerta-la-villa\/"},"wordCount":294,"image":{"@id":"https:\/\/www.caudete.org\/ayuntamiento\/hallazgo-fortuito-de-2-cornisas-de-piedra-en-un-solar-privado-de-c-puerta-la-villa\/#primaryimage"},"thumbnailUrl":"https:\/\/www.caudete.org\/ayuntamiento\/wp-content\/uploads\/2023\/03\/WhatsApp-Image-2023-03-21-at-09.24.15.jpeg","articleSection":["Patrimonio"],"inLanguage":"es"},{"@type":"WebPage","@id":"https:\/\/www.caudete.org\/ayuntamiento\/hallazgo-fortuito-de-2-cornisas-de-piedra-en-un-solar-privado-de-c-puerta-la-villa\/","url":"https:\/\/www.caudete.org\/ayuntamiento\/hallazgo-fortuito-de-2-cornisas-de-piedra-en-un-solar-privado-de-c-puerta-la-villa\/","name":"Hallazgo fortuito de 2 cornisas de piedra en un solar privado de C\/Puerta La Villa - MI Ayuntamiento de Caudete","isPartOf":{"@id":"https:\/\/www.caudete.org\/ayuntamiento\/#website"},"primaryImageOfPage":{"@id":"https:\/\/www.caudete.org\/ayuntamiento\/hallazgo-fortuito-de-2-cornisas-de-piedra-en-un-solar-privado-de-c-puerta-la-villa\/#primaryimage"},"image":{"@id":"https:\/\/www.caudete.org\/ayuntamiento\/hallazgo-fortuito-de-2-cornisas-de-piedra-en-un-solar-privado-de-c-puerta-la-villa\/#primaryimage"},"thumbnailUrl":"https:\/\/www.caudete.org\/ayuntamiento\/wp-content\/uploads\/2023\/03\/WhatsApp-Image-2023-03-21-at-09.24.15.jpeg","datePublished":"2023-03-21T08:36:29+00:00","dateModified":"2023-03-21T12:42:31+00:00","author":{"@id":"https:\/\/www.caudete.org\/ayuntamiento\/#\/schema\/person\/cc646da9133078ee4d8dd47457947253"},"description":"P\u00e1gina Oficial del Ayuntamiento de Caudete (Albacete)","breadcrumb":{"@id":"https:\/\/www.caudete.org\/ayuntamiento\/hallazgo-fortuito-de-2-cornisas-de-piedra-en-un-solar-privado-de-c-puerta-la-villa\/#breadcrumb"},"inLanguage":"es","potentialAction":[{"@type":"ReadAction","target":["https:\/\/www.caudete.org\/ayuntamiento\/hallazgo-fortuito-de-2-cornisas-de-piedra-en-un-solar-privado-de-c-puerta-la-villa\/"]}]},{"@type":"ImageObject","inLanguage":"es","@id":"https:\/\/www.caudete.org\/ayuntamiento\/hallazgo-fortuito-de-2-cornisas-de-piedra-en-un-solar-privado-de-c-puerta-la-villa\/#primaryimage","url":"https:\/\/www.caudete.org\/ayuntamiento\/wp-content\/uploads\/2023\/03\/WhatsApp-Image-2023-03-21-at-09.24.15.jpeg","contentUrl":"https:\/\/www.caudete.org\/ayuntamiento\/wp-content\/uploads\/2023\/03\/WhatsApp-Image-2023-03-21-at-09.24.15.jpeg","width":2048,"height":1536},{"@type":"BreadcrumbList","@id":"https:\/\/www.caudete.org\/ayuntamiento\/hallazgo-fortuito-de-2-cornisas-de-piedra-en-un-solar-privado-de-c-puerta-la-villa\/#breadcrumb","itemListElement":[{"@type":"ListItem","position":1,"name":"Inicio","item":"https:\/\/www.caudete.org\/ayuntamiento\/"},{"@type":"ListItem","position":2,"name":"Hallazgo fortuito de 2 cornisas de piedra en un solar privado de C\/Puerta La Villa"}]},{"@type":"WebSite","@id":"https:\/\/www.caudete.org\/ayuntamiento\/#website","url":"https:\/\/www.caudete.org\/ayuntamiento\/","name":"MI Ayuntamiento de Caudete","description":"P\u00e1gina Oficial del MI Ayuntamiento de Caudete","potentialAction":[{"@type":"SearchAction","target":{"@type":"EntryPoint","urlTemplate":"https:\/\/www.caudete.org\/ayuntamiento\/?s={search_term_string}"},"query-input":{"@type":"PropertyValueSpecification","valueRequired":true,"valueName":"search_term_string"}}],"inLanguage":"es"},{"@type":"Person","@id":"https:\/\/www.caudete.org\/ayuntamiento\/#\/schema\/person\/cc646da9133078ee4d8dd47457947253","name":"alcalde","image":{"@type":"ImageObject","inLanguage":"es","@id":"https:\/\/secure.gravatar.com\/avatar\/84a817ba065b29ff08d666b215a215f5c79186a645ccb25b14a663d48a130f77?s=96&d=mm&r=g","url":"https:\/\/secure.gravatar.com\/avatar\/84a817ba065b29ff08d666b215a215f5c79186a645ccb25b14a663d48a130f77?s=96&d=mm&r=g","contentUrl":"https:\/\/secure.gravatar.com\/avatar\/84a817ba065b29ff08d666b215a215f5c79186a645ccb25b14a663d48a130f77?s=96&d=mm&r=g","caption":"alcalde"},"url":"https:\/\/www.caudete.org\/ayuntamiento\/author\/alcalde\/"}]}},"_links":{"self":[{"href":"https:\/\/www.caudete.org\/ayuntamiento\/wp-json\/wp\/v2\/posts\/21778","targetHints":{"allow":["GET"]}}],"collection":[{"href":"https:\/\/www.caudete.org\/ayuntamiento\/wp-json\/wp\/v2\/posts"}],"about":[{"href":"https:\/\/www.caudete.org\/ayuntamiento\/wp-json\/wp\/v2\/types\/post"}],"author":[{"embeddable":true,"href":"https:\/\/www.caudete.org\/ayuntamiento\/wp-json\/wp\/v2\/users\/3"}],"replies":[{"embeddable":true,"href":"https:\/\/www.caudete.org\/ayuntamiento\/wp-json\/wp\/v2\/comments?post=21778"}],"version-history":[{"count":5,"href":"https:\/\/www.caudete.org\/ayuntamiento\/wp-json\/wp\/v2\/posts\/21778\/revisions"}],"predecessor-version":[{"id":21794,"href":"https:\/\/www.caudete.org\/ayuntamiento\/wp-json\/wp\/v2\/posts\/21778\/revisions\/21794"}],"wp:featuredmedia":[{"embeddable":true,"href":"https:\/\/www.caudete.org\/ayuntamiento\/wp-json\/wp\/v2\/media\/21779"}],"wp:attachment":[{"href":"https:\/\/www.caudete.org\/ayuntamiento\/wp-json\/wp\/v2\/media?parent=21778"}],"wp:term":[{"taxonomy":"category","embeddable":true,"href":"https:\/\/www.caudete.org\/ayuntamiento\/wp-json\/wp\/v2\/categories?post=21778"},{"taxonomy":"post_tag","embeddable":true,"href":"https:\/\/www.caudete.org\/ayuntamiento\/wp-json\/wp\/v2\/tags?post=21778"}],"curies":[{"name":"wp","href":"https:\/\/api.w.org\/{rel}","templated":true}]}}