{"id":21787,"date":"2023-03-21T12:38:31","date_gmt":"2023-03-21T11:38:31","guid":{"rendered":"https:\/\/www.caudete.org\/ayuntamiento\/?p=21787"},"modified":"2023-03-21T17:05:06","modified_gmt":"2023-03-21T16:05:06","slug":"caudete-inaugurara-su-via-ferrata-el-proximo-domingo","status":"publish","type":"post","link":"https:\/\/www.caudete.org\/ayuntamiento\/caudete-inaugurara-su-via-ferrata-el-proximo-domingo\/","title":{"rendered":"Caudete inaugurar\u00e1 su VIA FERRATA el pr\u00f3ximo domingo"},"content":{"rendered":"<p style=\"text-align: justify;\">Diego Cuenca, Concejal de Turismo, informaba de la pr\u00f3xima inauguraci\u00f3n de la V\u00eda Ferrata, instalada en la Sierra Oliva o Santa B\u00e1rbara, para el domingo 26 de Marzo, a las 10.00 horas.<\/p>\n<p style=\"text-align: justify;\">Remarcaba que estos 4 a\u00f1os de legislatura han sido muy productivos para el \u00e1rea de Turismo, donde se ha hecho un buen trabajo de forma ordenada y con el apoyo de asociaciones, entidades y personas que \u00fanicamente han buscado hacer m\u00e1s grande Caudete, sentirse orgullosos de \u00e9l y potenciarlo en m\u00faltiples facetas. La V\u00eda Ferrata es uno de los ejemplos, un trabajo en equipo de la Concejal\u00eda de Turismo y del Centro Excursionista de Caudete.<\/p>\n<p style=\"text-align: justify;\">Se trata de una instalaci\u00f3n costeada al 100% por las arcas municipales, por cerca de 47.000\u20ac y ejecutado por una empresa especializada en la materia. Un recurso de moda, demandado y que se realiza al aire libre y que permite disfrutar de la naturaleza, y de las visitas que el paraje natural ofrece.<\/p>\n<p style=\"text-align: justify;\">Nuestra Sierra Oliva acoge esta infraestructura, con diferentes grados de dificultad, donde est\u00e1n presentes todos sus elementos caracter\u00edsticos que sin duda gustaran a todo el que la practique: grapas, puente tibetano, tirolina, balanc\u00edn, etc.<\/p>\n<p style=\"text-align: justify;\">\u00c9sta ha sido otra de las puestas del Gobierno Municipal, reflejada en el Plan Tur\u00edstico, y comprometida con el deporte.<\/p>\n<p style=\"text-align: justify;\">Si bien la inauguraci\u00f3n est\u00e1 prevista para este domingo, la apertura al publico ser\u00e1 el 31 de Marzo, estando prevista la realizaci\u00f3n de unas jornadas organizadas por la Concejal\u00eda de Turismo, para dar conocimiento y buena pr\u00e1ctica de la instalaci\u00f3n, con un uso con total seguridad, con los equipos adecuados y con acompa\u00f1amiento de personal cualificado.<\/p>\n<p><a href=\"https:\/\/www.caudete.org\/ayuntamiento\/caudete-inaugurara-su-via-ferrata-el-proximo-domingo\/cartel-ferrata-peq\/\" rel=\"attachment wp-att-21796\"><img fetchpriority=\"high\" decoding=\"async\" class=\"aligncenter size-full wp-image-21796\" src=\"https:\/\/www.caudete.org\/ayuntamiento\/wp-content\/uploads\/2023\/03\/Cartel-Ferrata-peq.jpg\" rel='prettyPhoto' alt=\"\" width=\"700\" height=\"990\" srcset=\"https:\/\/www.caudete.org\/ayuntamiento\/wp-content\/uploads\/2023\/03\/Cartel-Ferrata-peq.jpg 700w, https:\/\/www.caudete.org\/ayuntamiento\/wp-content\/uploads\/2023\/03\/Cartel-Ferrata-peq-212x300.jpg 212w\" sizes=\"(max-width: 700px) 100vw, 700px\" \/><\/a><\/p>\n","protected":false},"excerpt":{"rendered":"<p>Diego Cuenca, Concejal de Turismo, informaba de la pr\u00f3xima inauguraci\u00f3n de la V\u00eda Ferrata, instalada en la Sierra Oliva o Santa B\u00e1rbara, para el domingo 26 de Marzo, a las 10.00 horas. Remarcaba que estos 4 a\u00f1os de legislatura han sido muy productivos para el \u00e1rea de Turismo, donde se ha hecho un buen trabajo &hellip;<\/p>\n","protected":false},"author":3,"featured_media":21798,"comment_status":"closed","ping_status":"open","sticky":false,"template":"","format":"standard","meta":{"ngg_post_thumbnail":0,"footnotes":""},"categories":[43],"tags":[],"class_list":["post-21787","post","type-post","status-publish","format-standard","has-post-thumbnail","hentry","category-turismo"],"yoast_head":"<!-- This site is optimized with the Yoast SEO plugin v27.5 - https:\/\/yoast.com\/product\/yoast-seo-wordpress\/ -->\n<title>Caudete inaugurar\u00e1 su VIA FERRATA el pr\u00f3ximo domingo - MI Ayuntamiento de Caudete<\/title>\n<meta name=\"description\" content=\"P\u00e1gina Oficial del Ayuntamiento de Caudete (Albacete)\" \/>\n<meta name=\"robots\" content=\"index, follow, max-snippet:-1, max-image-preview:large, max-video-preview:-1\" \/>\n<link rel=\"canonical\" href=\"https:\/\/www.caudete.org\/ayuntamiento\/caudete-inaugurara-su-via-ferrata-el-proximo-domingo\/\" \/>\n<meta property=\"og:locale\" content=\"es_ES\" \/>\n<meta property=\"og:type\" content=\"article\" \/>\n<meta property=\"og:title\" content=\"Caudete inaugurar\u00e1 su VIA FERRATA el pr\u00f3ximo domingo - MI Ayuntamiento de Caudete\" \/>\n<meta property=\"og:description\" content=\"P\u00e1gina Oficial del Ayuntamiento de Caudete (Albacete)\" \/>\n<meta property=\"og:url\" content=\"https:\/\/www.caudete.org\/ayuntamiento\/caudete-inaugurara-su-via-ferrata-el-proximo-domingo\/\" \/>\n<meta property=\"og:site_name\" content=\"MI Ayuntamiento de Caudete\" \/>\n<meta property=\"article:publisher\" content=\"https:\/\/www.facebook.com\/ayuntamientocaudete\/\" \/>\n<meta property=\"article:published_time\" content=\"2023-03-21T11:38:31+00:00\" \/>\n<meta property=\"article:modified_time\" content=\"2023-03-21T16:05:06+00:00\" \/>\n<meta property=\"og:image\" content=\"https:\/\/www.caudete.org\/ayuntamiento\/wp-content\/uploads\/2023\/03\/Cartel-Ferrata-peq-destacada.jpg\" \/>\n\t<meta property=\"og:image:width\" content=\"864\" \/>\n\t<meta property=\"og:image:height\" content=\"380\" \/>\n\t<meta property=\"og:image:type\" content=\"image\/jpeg\" \/>\n<meta name=\"author\" content=\"alcalde\" \/>\n<meta name=\"twitter:card\" content=\"summary_large_image\" \/>\n<meta name=\"twitter:label1\" content=\"Escrito por\" \/>\n\t<meta name=\"twitter:data1\" content=\"alcalde\" \/>\n\t<meta name=\"twitter:label2\" content=\"Tiempo de lectura\" \/>\n\t<meta name=\"twitter:data2\" content=\"2 minutos\" \/>\n<script type=\"application\/ld+json\" class=\"yoast-schema-graph\">{\"@context\":\"https:\\\/\\\/schema.org\",\"@graph\":[{\"@type\":\"Article\",\"@id\":\"https:\\\/\\\/www.caudete.org\\\/ayuntamiento\\\/caudete-inaugurara-su-via-ferrata-el-proximo-domingo\\\/#article\",\"isPartOf\":{\"@id\":\"https:\\\/\\\/www.caudete.org\\\/ayuntamiento\\\/caudete-inaugurara-su-via-ferrata-el-proximo-domingo\\\/\"},\"author\":{\"name\":\"alcalde\",\"@id\":\"https:\\\/\\\/www.caudete.org\\\/ayuntamiento\\\/#\\\/schema\\\/person\\\/cc646da9133078ee4d8dd47457947253\"},\"headline\":\"Caudete inaugurar\u00e1 su VIA FERRATA el pr\u00f3ximo domingo\",\"datePublished\":\"2023-03-21T11:38:31+00:00\",\"dateModified\":\"2023-03-21T16:05:06+00:00\",\"mainEntityOfPage\":{\"@id\":\"https:\\\/\\\/www.caudete.org\\\/ayuntamiento\\\/caudete-inaugurara-su-via-ferrata-el-proximo-domingo\\\/\"},\"wordCount\":293,\"image\":{\"@id\":\"https:\\\/\\\/www.caudete.org\\\/ayuntamiento\\\/caudete-inaugurara-su-via-ferrata-el-proximo-domingo\\\/#primaryimage\"},\"thumbnailUrl\":\"https:\\\/\\\/www.caudete.org\\\/ayuntamiento\\\/wp-content\\\/uploads\\\/2023\\\/03\\\/Cartel-Ferrata-peq-destacada.jpg\",\"articleSection\":[\"Turismo\"],\"inLanguage\":\"es\"},{\"@type\":\"WebPage\",\"@id\":\"https:\\\/\\\/www.caudete.org\\\/ayuntamiento\\\/caudete-inaugurara-su-via-ferrata-el-proximo-domingo\\\/\",\"url\":\"https:\\\/\\\/www.caudete.org\\\/ayuntamiento\\\/caudete-inaugurara-su-via-ferrata-el-proximo-domingo\\\/\",\"name\":\"Caudete inaugurar\u00e1 su VIA FERRATA el pr\u00f3ximo domingo - MI Ayuntamiento de Caudete\",\"isPartOf\":{\"@id\":\"https:\\\/\\\/www.caudete.org\\\/ayuntamiento\\\/#website\"},\"primaryImageOfPage\":{\"@id\":\"https:\\\/\\\/www.caudete.org\\\/ayuntamiento\\\/caudete-inaugurara-su-via-ferrata-el-proximo-domingo\\\/#primaryimage\"},\"image\":{\"@id\":\"https:\\\/\\\/www.caudete.org\\\/ayuntamiento\\\/caudete-inaugurara-su-via-ferrata-el-proximo-domingo\\\/#primaryimage\"},\"thumbnailUrl\":\"https:\\\/\\\/www.caudete.org\\\/ayuntamiento\\\/wp-content\\\/uploads\\\/2023\\\/03\\\/Cartel-Ferrata-peq-destacada.jpg\",\"datePublished\":\"2023-03-21T11:38:31+00:00\",\"dateModified\":\"2023-03-21T16:05:06+00:00\",\"author\":{\"@id\":\"https:\\\/\\\/www.caudete.org\\\/ayuntamiento\\\/#\\\/schema\\\/person\\\/cc646da9133078ee4d8dd47457947253\"},\"description\":\"P\u00e1gina Oficial del Ayuntamiento de Caudete (Albacete)\",\"breadcrumb\":{\"@id\":\"https:\\\/\\\/www.caudete.org\\\/ayuntamiento\\\/caudete-inaugurara-su-via-ferrata-el-proximo-domingo\\\/#breadcrumb\"},\"inLanguage\":\"es\",\"potentialAction\":[{\"@type\":\"ReadAction\",\"target\":[\"https:\\\/\\\/www.caudete.org\\\/ayuntamiento\\\/caudete-inaugurara-su-via-ferrata-el-proximo-domingo\\\/\"]}]},{\"@type\":\"ImageObject\",\"inLanguage\":\"es\",\"@id\":\"https:\\\/\\\/www.caudete.org\\\/ayuntamiento\\\/caudete-inaugurara-su-via-ferrata-el-proximo-domingo\\\/#primaryimage\",\"url\":\"https:\\\/\\\/www.caudete.org\\\/ayuntamiento\\\/wp-content\\\/uploads\\\/2023\\\/03\\\/Cartel-Ferrata-peq-destacada.jpg\",\"contentUrl\":\"https:\\\/\\\/www.caudete.org\\\/ayuntamiento\\\/wp-content\\\/uploads\\\/2023\\\/03\\\/Cartel-Ferrata-peq-destacada.jpg\",\"width\":864,\"height\":380},{\"@type\":\"BreadcrumbList\",\"@id\":\"https:\\\/\\\/www.caudete.org\\\/ayuntamiento\\\/caudete-inaugurara-su-via-ferrata-el-proximo-domingo\\\/#breadcrumb\",\"itemListElement\":[{\"@type\":\"ListItem\",\"position\":1,\"name\":\"Inicio\",\"item\":\"https:\\\/\\\/www.caudete.org\\\/ayuntamiento\\\/\"},{\"@type\":\"ListItem\",\"position\":2,\"name\":\"Caudete inaugurar\u00e1 su VIA FERRATA el pr\u00f3ximo domingo\"}]},{\"@type\":\"WebSite\",\"@id\":\"https:\\\/\\\/www.caudete.org\\\/ayuntamiento\\\/#website\",\"url\":\"https:\\\/\\\/www.caudete.org\\\/ayuntamiento\\\/\",\"name\":\"MI Ayuntamiento de Caudete\",\"description\":\"P\u00e1gina Oficial del MI Ayuntamiento de Caudete\",\"potentialAction\":[{\"@type\":\"SearchAction\",\"target\":{\"@type\":\"EntryPoint\",\"urlTemplate\":\"https:\\\/\\\/www.caudete.org\\\/ayuntamiento\\\/?s={search_term_string}\"},\"query-input\":{\"@type\":\"PropertyValueSpecification\",\"valueRequired\":true,\"valueName\":\"search_term_string\"}}],\"inLanguage\":\"es\"},{\"@type\":\"Person\",\"@id\":\"https:\\\/\\\/www.caudete.org\\\/ayuntamiento\\\/#\\\/schema\\\/person\\\/cc646da9133078ee4d8dd47457947253\",\"name\":\"alcalde\",\"image\":{\"@type\":\"ImageObject\",\"inLanguage\":\"es\",\"@id\":\"https:\\\/\\\/secure.gravatar.com\\\/avatar\\\/84a817ba065b29ff08d666b215a215f5c79186a645ccb25b14a663d48a130f77?s=96&d=mm&r=g\",\"url\":\"https:\\\/\\\/secure.gravatar.com\\\/avatar\\\/84a817ba065b29ff08d666b215a215f5c79186a645ccb25b14a663d48a130f77?s=96&d=mm&r=g\",\"contentUrl\":\"https:\\\/\\\/secure.gravatar.com\\\/avatar\\\/84a817ba065b29ff08d666b215a215f5c79186a645ccb25b14a663d48a130f77?s=96&d=mm&r=g\",\"caption\":\"alcalde\"},\"url\":\"https:\\\/\\\/www.caudete.org\\\/ayuntamiento\\\/author\\\/alcalde\\\/\"}]}<\/script>\n<!-- \/ Yoast SEO plugin. -->","yoast_head_json":{"title":"Caudete inaugurar\u00e1 su VIA FERRATA el pr\u00f3ximo domingo - MI Ayuntamiento de Caudete","description":"P\u00e1gina Oficial del Ayuntamiento de Caudete (Albacete)","robots":{"index":"index","follow":"follow","max-snippet":"max-snippet:-1","max-image-preview":"max-image-preview:large","max-video-preview":"max-video-preview:-1"},"canonical":"https:\/\/www.caudete.org\/ayuntamiento\/caudete-inaugurara-su-via-ferrata-el-proximo-domingo\/","og_locale":"es_ES","og_type":"article","og_title":"Caudete inaugurar\u00e1 su VIA FERRATA el pr\u00f3ximo domingo - MI Ayuntamiento de Caudete","og_description":"P\u00e1gina Oficial del Ayuntamiento de Caudete (Albacete)","og_url":"https:\/\/www.caudete.org\/ayuntamiento\/caudete-inaugurara-su-via-ferrata-el-proximo-domingo\/","og_site_name":"MI Ayuntamiento de Caudete","article_publisher":"https:\/\/www.facebook.com\/ayuntamientocaudete\/","article_published_time":"2023-03-21T11:38:31+00:00","article_modified_time":"2023-03-21T16:05:06+00:00","og_image":[{"width":864,"height":380,"url":"https:\/\/www.caudete.org\/ayuntamiento\/wp-content\/uploads\/2023\/03\/Cartel-Ferrata-peq-destacada.jpg","type":"image\/jpeg"}],"author":"alcalde","twitter_card":"summary_large_image","twitter_misc":{"Escrito por":"alcalde","Tiempo de lectura":"2 minutos"},"schema":{"@context":"https:\/\/schema.org","@graph":[{"@type":"Article","@id":"https:\/\/www.caudete.org\/ayuntamiento\/caudete-inaugurara-su-via-ferrata-el-proximo-domingo\/#article","isPartOf":{"@id":"https:\/\/www.caudete.org\/ayuntamiento\/caudete-inaugurara-su-via-ferrata-el-proximo-domingo\/"},"author":{"name":"alcalde","@id":"https:\/\/www.caudete.org\/ayuntamiento\/#\/schema\/person\/cc646da9133078ee4d8dd47457947253"},"headline":"Caudete inaugurar\u00e1 su VIA FERRATA el pr\u00f3ximo domingo","datePublished":"2023-03-21T11:38:31+00:00","dateModified":"2023-03-21T16:05:06+00:00","mainEntityOfPage":{"@id":"https:\/\/www.caudete.org\/ayuntamiento\/caudete-inaugurara-su-via-ferrata-el-proximo-domingo\/"},"wordCount":293,"image":{"@id":"https:\/\/www.caudete.org\/ayuntamiento\/caudete-inaugurara-su-via-ferrata-el-proximo-domingo\/#primaryimage"},"thumbnailUrl":"https:\/\/www.caudete.org\/ayuntamiento\/wp-content\/uploads\/2023\/03\/Cartel-Ferrata-peq-destacada.jpg","articleSection":["Turismo"],"inLanguage":"es"},{"@type":"WebPage","@id":"https:\/\/www.caudete.org\/ayuntamiento\/caudete-inaugurara-su-via-ferrata-el-proximo-domingo\/","url":"https:\/\/www.caudete.org\/ayuntamiento\/caudete-inaugurara-su-via-ferrata-el-proximo-domingo\/","name":"Caudete inaugurar\u00e1 su VIA FERRATA el pr\u00f3ximo domingo - MI Ayuntamiento de Caudete","isPartOf":{"@id":"https:\/\/www.caudete.org\/ayuntamiento\/#website"},"primaryImageOfPage":{"@id":"https:\/\/www.caudete.org\/ayuntamiento\/caudete-inaugurara-su-via-ferrata-el-proximo-domingo\/#primaryimage"},"image":{"@id":"https:\/\/www.caudete.org\/ayuntamiento\/caudete-inaugurara-su-via-ferrata-el-proximo-domingo\/#primaryimage"},"thumbnailUrl":"https:\/\/www.caudete.org\/ayuntamiento\/wp-content\/uploads\/2023\/03\/Cartel-Ferrata-peq-destacada.jpg","datePublished":"2023-03-21T11:38:31+00:00","dateModified":"2023-03-21T16:05:06+00:00","author":{"@id":"https:\/\/www.caudete.org\/ayuntamiento\/#\/schema\/person\/cc646da9133078ee4d8dd47457947253"},"description":"P\u00e1gina Oficial del Ayuntamiento de Caudete (Albacete)","breadcrumb":{"@id":"https:\/\/www.caudete.org\/ayuntamiento\/caudete-inaugurara-su-via-ferrata-el-proximo-domingo\/#breadcrumb"},"inLanguage":"es","potentialAction":[{"@type":"ReadAction","target":["https:\/\/www.caudete.org\/ayuntamiento\/caudete-inaugurara-su-via-ferrata-el-proximo-domingo\/"]}]},{"@type":"ImageObject","inLanguage":"es","@id":"https:\/\/www.caudete.org\/ayuntamiento\/caudete-inaugurara-su-via-ferrata-el-proximo-domingo\/#primaryimage","url":"https:\/\/www.caudete.org\/ayuntamiento\/wp-content\/uploads\/2023\/03\/Cartel-Ferrata-peq-destacada.jpg","contentUrl":"https:\/\/www.caudete.org\/ayuntamiento\/wp-content\/uploads\/2023\/03\/Cartel-Ferrata-peq-destacada.jpg","width":864,"height":380},{"@type":"BreadcrumbList","@id":"https:\/\/www.caudete.org\/ayuntamiento\/caudete-inaugurara-su-via-ferrata-el-proximo-domingo\/#breadcrumb","itemListElement":[{"@type":"ListItem","position":1,"name":"Inicio","item":"https:\/\/www.caudete.org\/ayuntamiento\/"},{"@type":"ListItem","position":2,"name":"Caudete inaugurar\u00e1 su VIA FERRATA el pr\u00f3ximo domingo"}]},{"@type":"WebSite","@id":"https:\/\/www.caudete.org\/ayuntamiento\/#website","url":"https:\/\/www.caudete.org\/ayuntamiento\/","name":"MI Ayuntamiento de Caudete","description":"P\u00e1gina Oficial del MI Ayuntamiento de Caudete","potentialAction":[{"@type":"SearchAction","target":{"@type":"EntryPoint","urlTemplate":"https:\/\/www.caudete.org\/ayuntamiento\/?s={search_term_string}"},"query-input":{"@type":"PropertyValueSpecification","valueRequired":true,"valueName":"search_term_string"}}],"inLanguage":"es"},{"@type":"Person","@id":"https:\/\/www.caudete.org\/ayuntamiento\/#\/schema\/person\/cc646da9133078ee4d8dd47457947253","name":"alcalde","image":{"@type":"ImageObject","inLanguage":"es","@id":"https:\/\/secure.gravatar.com\/avatar\/84a817ba065b29ff08d666b215a215f5c79186a645ccb25b14a663d48a130f77?s=96&d=mm&r=g","url":"https:\/\/secure.gravatar.com\/avatar\/84a817ba065b29ff08d666b215a215f5c79186a645ccb25b14a663d48a130f77?s=96&d=mm&r=g","contentUrl":"https:\/\/secure.gravatar.com\/avatar\/84a817ba065b29ff08d666b215a215f5c79186a645ccb25b14a663d48a130f77?s=96&d=mm&r=g","caption":"alcalde"},"url":"https:\/\/www.caudete.org\/ayuntamiento\/author\/alcalde\/"}]}},"_links":{"self":[{"href":"https:\/\/www.caudete.org\/ayuntamiento\/wp-json\/wp\/v2\/posts\/21787","targetHints":{"allow":["GET"]}}],"collection":[{"href":"https:\/\/www.caudete.org\/ayuntamiento\/wp-json\/wp\/v2\/posts"}],"about":[{"href":"https:\/\/www.caudete.org\/ayuntamiento\/wp-json\/wp\/v2\/types\/post"}],"author":[{"embeddable":true,"href":"https:\/\/www.caudete.org\/ayuntamiento\/wp-json\/wp\/v2\/users\/3"}],"replies":[{"embeddable":true,"href":"https:\/\/www.caudete.org\/ayuntamiento\/wp-json\/wp\/v2\/comments?post=21787"}],"version-history":[{"count":3,"href":"https:\/\/www.caudete.org\/ayuntamiento\/wp-json\/wp\/v2\/posts\/21787\/revisions"}],"predecessor-version":[{"id":21797,"href":"https:\/\/www.caudete.org\/ayuntamiento\/wp-json\/wp\/v2\/posts\/21787\/revisions\/21797"}],"wp:featuredmedia":[{"embeddable":true,"href":"https:\/\/www.caudete.org\/ayuntamiento\/wp-json\/wp\/v2\/media\/21798"}],"wp:attachment":[{"href":"https:\/\/www.caudete.org\/ayuntamiento\/wp-json\/wp\/v2\/media?parent=21787"}],"wp:term":[{"taxonomy":"category","embeddable":true,"href":"https:\/\/www.caudete.org\/ayuntamiento\/wp-json\/wp\/v2\/categories?post=21787"},{"taxonomy":"post_tag","embeddable":true,"href":"https:\/\/www.caudete.org\/ayuntamiento\/wp-json\/wp\/v2\/tags?post=21787"}],"curies":[{"name":"wp","href":"https:\/\/api.w.org\/{rel}","templated":true}]}}