{"id":21801,"date":"2023-03-16T18:00:08","date_gmt":"2023-03-16T17:00:08","guid":{"rendered":"https:\/\/www.caudete.org\/ayuntamiento\/?p=21801"},"modified":"2023-03-24T11:44:24","modified_gmt":"2023-03-24T10:44:24","slug":"colaboracion-con-inserta-empleo-fundacion-once","status":"publish","type":"post","link":"https:\/\/www.caudete.org\/ayuntamiento\/colaboracion-con-inserta-empleo-fundacion-once\/","title":{"rendered":"Inserta Empleo,  Fundaci\u00f3n Once llega a la poblaci\u00f3n de Caudete"},"content":{"rendered":"<p>La Concejal\u00eda de Bienestar social y Concejal\u00eda de Empleo, informa de la pr\u00f3xima colaboraci\u00f3n que van a llevar a cabo con la Fundaci\u00f3n Once, para fomentar el empleo con discapacidad en el municipio.<\/p>\n<p>El 15 de marzo tuvimos un primer contacto con Juanjo Poquet, t\u00e9cnico sat\u00e9lite de Inserta empleo, entidad de Recursos Humanos de la Fundaci\u00f3n Once, l\u00edder en intermediaci\u00f3n y selecci\u00f3n de profesionales con discapacidad. El objetivo principal de este contacto es crear sinergias colaborativas para llegar a TODAS LAS PERSONAS CON DISCAPACIDAD E INCAPACIDAD del municipio y conseguir su inserci\u00f3n laboral.<\/p>\n<p>Para conseguirlo es importante contar con la administraci\u00f3n p\u00fablica, y su Ayuntamiento a la cabeza, las entidades del movimiento asociativo del municipio, y sobre todo las empresas. Los servicios de Inserta empleo son totalmente gratuitos ya que est\u00e1n subvencionados por el Fondo Social Europeo y la Fundaci\u00f3n ONCE.<\/p>\n<p>Nos trasladan las ganas y el \u00edmpetu que tienen de trabajar en nuestra localidad para generar actividad, y as\u00ed poder ayudar a todas las personas con discapacidad o incapacidad de Caudete<\/p>\n<p>El objetivo es derivar a las personas que tienen discapacidad o incapacidad igual o superior al 33% desempleados o en mejora de empleo para una vez los registren en su bolsa de empleo, poder ayudarles en su inserci\u00f3n laboral a trav\u00e9s de cursos de formaci\u00f3n, talleres de mejora de la empleabilidad.<\/p>\n<p>&nbsp;<\/p>\n<p><strong>SERVICIOS QUE SE OFRECEN<\/strong><\/p>\n<p>1. Formar parte de una bolsa de empleo, donde todos los d\u00edas se gestionan multitud de ofertas y cursos de formaci\u00f3n: www.portalento.es<\/p>\n<p>2. Gestionan cursos de formaci\u00f3n totalmente gratuitos y con una beca diaria por asistencia.<\/p>\n<p>3. Realizan un itinerario personalizado adaptado a cada persona y su discapacidad para lograr su inserci\u00f3n en el mercado de trabajo<\/p>\n<p>4. La Fundaci\u00f3n Once e Inserta Empleo apoyan el emprendimiento. Quieren facilitar que las personas con discapacidad tambi\u00e9n puedan ser emprendedoras. Para eso crean un programa propio para apoyar a personas con discapacidad que quieran ser emprendedoras. Este programa ofrece desde formaci\u00f3n hasta ayudas econ\u00f3micas.<\/p>\n<p>SI ESTAS INTERESADO Y TIENES DISCAPACIDAD PUEDES REGISTRARTE EN NUESTRA PLATAFORMA DE EMPLEO WWW.PORTALENTO.ES<\/p>\n<p>&nbsp;<\/p>\n<p>Adem\u00e1s, tambi\u00e9n daremos atenci\u00f3n personalizada en Caudete, dentro de las instalaciones del Ayuntamiento.<\/p>\n<p><a href=\"https:\/\/www.caudete.org\/ayuntamiento\/colaboracion-con-inserta-empleo-fundacion-once\/inserta-empleo\/\" rel=\"attachment wp-att-21802\"><img fetchpriority=\"high\" decoding=\"async\" class=\"aligncenter size-full wp-image-21802\" src=\"https:\/\/www.caudete.org\/ayuntamiento\/wp-content\/uploads\/2023\/03\/Inserta-Empleo.jpg\" rel='prettyPhoto' alt=\"\" width=\"496\" height=\"372\" srcset=\"https:\/\/www.caudete.org\/ayuntamiento\/wp-content\/uploads\/2023\/03\/Inserta-Empleo.jpg 496w, https:\/\/www.caudete.org\/ayuntamiento\/wp-content\/uploads\/2023\/03\/Inserta-Empleo-300x225.jpg 300w\" sizes=\"(max-width: 496px) 100vw, 496px\" \/><\/a><\/p>\n","protected":false},"excerpt":{"rendered":"<p>La Concejal\u00eda de Bienestar social y Concejal\u00eda de Empleo, informa de la pr\u00f3xima colaboraci\u00f3n que van a llevar a cabo con la Fundaci\u00f3n Once, para fomentar el empleo con discapacidad en el municipio. El 15 de marzo tuvimos un primer contacto con Juanjo Poquet, t\u00e9cnico sat\u00e9lite de Inserta empleo, entidad de Recursos Humanos de la &hellip;<\/p>\n","protected":false},"author":1,"featured_media":21802,"comment_status":"closed","ping_status":"open","sticky":false,"template":"","format":"standard","meta":{"ngg_post_thumbnail":0,"footnotes":""},"categories":[51],"tags":[],"class_list":["post-21801","post","type-post","status-publish","format-standard","has-post-thumbnail","hentry","category-bienestar-social"],"yoast_head":"<!-- This site is optimized with the Yoast SEO plugin v27.5 - https:\/\/yoast.com\/product\/yoast-seo-wordpress\/ -->\n<title>Inserta Empleo, Fundaci\u00f3n Once llega a la poblaci\u00f3n de Caudete - MI Ayuntamiento de Caudete<\/title>\n<meta name=\"description\" content=\"P\u00e1gina Oficial del Ayuntamiento de Caudete (Albacete)\" \/>\n<meta name=\"robots\" content=\"index, follow, max-snippet:-1, max-image-preview:large, max-video-preview:-1\" \/>\n<link rel=\"canonical\" href=\"https:\/\/www.caudete.org\/ayuntamiento\/colaboracion-con-inserta-empleo-fundacion-once\/\" \/>\n<meta property=\"og:locale\" content=\"es_ES\" \/>\n<meta property=\"og:type\" content=\"article\" \/>\n<meta property=\"og:title\" content=\"Inserta Empleo, Fundaci\u00f3n Once llega a la poblaci\u00f3n de Caudete - MI Ayuntamiento de Caudete\" \/>\n<meta property=\"og:description\" content=\"P\u00e1gina Oficial del Ayuntamiento de Caudete (Albacete)\" \/>\n<meta property=\"og:url\" content=\"https:\/\/www.caudete.org\/ayuntamiento\/colaboracion-con-inserta-empleo-fundacion-once\/\" \/>\n<meta property=\"og:site_name\" content=\"MI Ayuntamiento de Caudete\" \/>\n<meta property=\"article:publisher\" content=\"https:\/\/www.facebook.com\/ayuntamientocaudete\/\" \/>\n<meta property=\"article:published_time\" content=\"2023-03-16T17:00:08+00:00\" \/>\n<meta property=\"article:modified_time\" content=\"2023-03-24T10:44:24+00:00\" \/>\n<meta property=\"og:image\" content=\"https:\/\/www.caudete.org\/ayuntamiento\/wp-content\/uploads\/2023\/03\/Inserta-Empleo.jpg\" \/>\n\t<meta property=\"og:image:width\" content=\"496\" \/>\n\t<meta property=\"og:image:height\" content=\"372\" \/>\n\t<meta property=\"og:image:type\" content=\"image\/jpeg\" \/>\n<meta name=\"author\" content=\"ayun\" \/>\n<meta name=\"twitter:card\" content=\"summary_large_image\" \/>\n<meta name=\"twitter:label1\" content=\"Escrito por\" \/>\n\t<meta name=\"twitter:data1\" content=\"ayun\" \/>\n\t<meta name=\"twitter:label2\" content=\"Tiempo de lectura\" \/>\n\t<meta name=\"twitter:data2\" content=\"2 minutos\" \/>\n<script type=\"application\/ld+json\" class=\"yoast-schema-graph\">{\"@context\":\"https:\\\/\\\/schema.org\",\"@graph\":[{\"@type\":\"Article\",\"@id\":\"https:\\\/\\\/www.caudete.org\\\/ayuntamiento\\\/colaboracion-con-inserta-empleo-fundacion-once\\\/#article\",\"isPartOf\":{\"@id\":\"https:\\\/\\\/www.caudete.org\\\/ayuntamiento\\\/colaboracion-con-inserta-empleo-fundacion-once\\\/\"},\"author\":{\"name\":\"ayun\",\"@id\":\"https:\\\/\\\/www.caudete.org\\\/ayuntamiento\\\/#\\\/schema\\\/person\\\/79f7e19fdd176fc2bc7a289013dc2056\"},\"headline\":\"Inserta Empleo, Fundaci\u00f3n Once llega a la poblaci\u00f3n de Caudete\",\"datePublished\":\"2023-03-16T17:00:08+00:00\",\"dateModified\":\"2023-03-24T10:44:24+00:00\",\"mainEntityOfPage\":{\"@id\":\"https:\\\/\\\/www.caudete.org\\\/ayuntamiento\\\/colaboracion-con-inserta-empleo-fundacion-once\\\/\"},\"wordCount\":398,\"image\":{\"@id\":\"https:\\\/\\\/www.caudete.org\\\/ayuntamiento\\\/colaboracion-con-inserta-empleo-fundacion-once\\\/#primaryimage\"},\"thumbnailUrl\":\"https:\\\/\\\/www.caudete.org\\\/ayuntamiento\\\/wp-content\\\/uploads\\\/2023\\\/03\\\/Inserta-Empleo.jpg\",\"articleSection\":[\"Bienestar Social\"],\"inLanguage\":\"es\"},{\"@type\":\"WebPage\",\"@id\":\"https:\\\/\\\/www.caudete.org\\\/ayuntamiento\\\/colaboracion-con-inserta-empleo-fundacion-once\\\/\",\"url\":\"https:\\\/\\\/www.caudete.org\\\/ayuntamiento\\\/colaboracion-con-inserta-empleo-fundacion-once\\\/\",\"name\":\"Inserta Empleo, Fundaci\u00f3n Once llega a la poblaci\u00f3n de Caudete - MI Ayuntamiento de Caudete\",\"isPartOf\":{\"@id\":\"https:\\\/\\\/www.caudete.org\\\/ayuntamiento\\\/#website\"},\"primaryImageOfPage\":{\"@id\":\"https:\\\/\\\/www.caudete.org\\\/ayuntamiento\\\/colaboracion-con-inserta-empleo-fundacion-once\\\/#primaryimage\"},\"image\":{\"@id\":\"https:\\\/\\\/www.caudete.org\\\/ayuntamiento\\\/colaboracion-con-inserta-empleo-fundacion-once\\\/#primaryimage\"},\"thumbnailUrl\":\"https:\\\/\\\/www.caudete.org\\\/ayuntamiento\\\/wp-content\\\/uploads\\\/2023\\\/03\\\/Inserta-Empleo.jpg\",\"datePublished\":\"2023-03-16T17:00:08+00:00\",\"dateModified\":\"2023-03-24T10:44:24+00:00\",\"author\":{\"@id\":\"https:\\\/\\\/www.caudete.org\\\/ayuntamiento\\\/#\\\/schema\\\/person\\\/79f7e19fdd176fc2bc7a289013dc2056\"},\"description\":\"P\u00e1gina Oficial del Ayuntamiento de Caudete (Albacete)\",\"breadcrumb\":{\"@id\":\"https:\\\/\\\/www.caudete.org\\\/ayuntamiento\\\/colaboracion-con-inserta-empleo-fundacion-once\\\/#breadcrumb\"},\"inLanguage\":\"es\",\"potentialAction\":[{\"@type\":\"ReadAction\",\"target\":[\"https:\\\/\\\/www.caudete.org\\\/ayuntamiento\\\/colaboracion-con-inserta-empleo-fundacion-once\\\/\"]}]},{\"@type\":\"ImageObject\",\"inLanguage\":\"es\",\"@id\":\"https:\\\/\\\/www.caudete.org\\\/ayuntamiento\\\/colaboracion-con-inserta-empleo-fundacion-once\\\/#primaryimage\",\"url\":\"https:\\\/\\\/www.caudete.org\\\/ayuntamiento\\\/wp-content\\\/uploads\\\/2023\\\/03\\\/Inserta-Empleo.jpg\",\"contentUrl\":\"https:\\\/\\\/www.caudete.org\\\/ayuntamiento\\\/wp-content\\\/uploads\\\/2023\\\/03\\\/Inserta-Empleo.jpg\",\"width\":496,\"height\":372},{\"@type\":\"BreadcrumbList\",\"@id\":\"https:\\\/\\\/www.caudete.org\\\/ayuntamiento\\\/colaboracion-con-inserta-empleo-fundacion-once\\\/#breadcrumb\",\"itemListElement\":[{\"@type\":\"ListItem\",\"position\":1,\"name\":\"Inicio\",\"item\":\"https:\\\/\\\/www.caudete.org\\\/ayuntamiento\\\/\"},{\"@type\":\"ListItem\",\"position\":2,\"name\":\"Inserta Empleo, Fundaci\u00f3n Once llega a la poblaci\u00f3n de Caudete\"}]},{\"@type\":\"WebSite\",\"@id\":\"https:\\\/\\\/www.caudete.org\\\/ayuntamiento\\\/#website\",\"url\":\"https:\\\/\\\/www.caudete.org\\\/ayuntamiento\\\/\",\"name\":\"MI Ayuntamiento de Caudete\",\"description\":\"P\u00e1gina Oficial del MI Ayuntamiento de Caudete\",\"potentialAction\":[{\"@type\":\"SearchAction\",\"target\":{\"@type\":\"EntryPoint\",\"urlTemplate\":\"https:\\\/\\\/www.caudete.org\\\/ayuntamiento\\\/?s={search_term_string}\"},\"query-input\":{\"@type\":\"PropertyValueSpecification\",\"valueRequired\":true,\"valueName\":\"search_term_string\"}}],\"inLanguage\":\"es\"},{\"@type\":\"Person\",\"@id\":\"https:\\\/\\\/www.caudete.org\\\/ayuntamiento\\\/#\\\/schema\\\/person\\\/79f7e19fdd176fc2bc7a289013dc2056\",\"name\":\"ayun\",\"image\":{\"@type\":\"ImageObject\",\"inLanguage\":\"es\",\"@id\":\"https:\\\/\\\/secure.gravatar.com\\\/avatar\\\/4ce797ee07c943e7e592f8cd648e503e6cd571387558ed07135799c2bd2847df?s=96&d=mm&r=g\",\"url\":\"https:\\\/\\\/secure.gravatar.com\\\/avatar\\\/4ce797ee07c943e7e592f8cd648e503e6cd571387558ed07135799c2bd2847df?s=96&d=mm&r=g\",\"contentUrl\":\"https:\\\/\\\/secure.gravatar.com\\\/avatar\\\/4ce797ee07c943e7e592f8cd648e503e6cd571387558ed07135799c2bd2847df?s=96&d=mm&r=g\",\"caption\":\"ayun\"},\"sameAs\":[\"http:\\\/\\\/www.caudete.org\\\/ayuntamiento\"],\"url\":\"https:\\\/\\\/www.caudete.org\\\/ayuntamiento\\\/author\\\/ayun\\\/\"}]}<\/script>\n<!-- \/ Yoast SEO plugin. -->","yoast_head_json":{"title":"Inserta Empleo, Fundaci\u00f3n Once llega a la poblaci\u00f3n de Caudete - MI Ayuntamiento de Caudete","description":"P\u00e1gina Oficial del Ayuntamiento de Caudete (Albacete)","robots":{"index":"index","follow":"follow","max-snippet":"max-snippet:-1","max-image-preview":"max-image-preview:large","max-video-preview":"max-video-preview:-1"},"canonical":"https:\/\/www.caudete.org\/ayuntamiento\/colaboracion-con-inserta-empleo-fundacion-once\/","og_locale":"es_ES","og_type":"article","og_title":"Inserta Empleo, Fundaci\u00f3n Once llega a la poblaci\u00f3n de Caudete - MI Ayuntamiento de Caudete","og_description":"P\u00e1gina Oficial del Ayuntamiento de Caudete (Albacete)","og_url":"https:\/\/www.caudete.org\/ayuntamiento\/colaboracion-con-inserta-empleo-fundacion-once\/","og_site_name":"MI Ayuntamiento de Caudete","article_publisher":"https:\/\/www.facebook.com\/ayuntamientocaudete\/","article_published_time":"2023-03-16T17:00:08+00:00","article_modified_time":"2023-03-24T10:44:24+00:00","og_image":[{"width":496,"height":372,"url":"https:\/\/www.caudete.org\/ayuntamiento\/wp-content\/uploads\/2023\/03\/Inserta-Empleo.jpg","type":"image\/jpeg"}],"author":"ayun","twitter_card":"summary_large_image","twitter_misc":{"Escrito por":"ayun","Tiempo de lectura":"2 minutos"},"schema":{"@context":"https:\/\/schema.org","@graph":[{"@type":"Article","@id":"https:\/\/www.caudete.org\/ayuntamiento\/colaboracion-con-inserta-empleo-fundacion-once\/#article","isPartOf":{"@id":"https:\/\/www.caudete.org\/ayuntamiento\/colaboracion-con-inserta-empleo-fundacion-once\/"},"author":{"name":"ayun","@id":"https:\/\/www.caudete.org\/ayuntamiento\/#\/schema\/person\/79f7e19fdd176fc2bc7a289013dc2056"},"headline":"Inserta Empleo, Fundaci\u00f3n Once llega a la poblaci\u00f3n de Caudete","datePublished":"2023-03-16T17:00:08+00:00","dateModified":"2023-03-24T10:44:24+00:00","mainEntityOfPage":{"@id":"https:\/\/www.caudete.org\/ayuntamiento\/colaboracion-con-inserta-empleo-fundacion-once\/"},"wordCount":398,"image":{"@id":"https:\/\/www.caudete.org\/ayuntamiento\/colaboracion-con-inserta-empleo-fundacion-once\/#primaryimage"},"thumbnailUrl":"https:\/\/www.caudete.org\/ayuntamiento\/wp-content\/uploads\/2023\/03\/Inserta-Empleo.jpg","articleSection":["Bienestar Social"],"inLanguage":"es"},{"@type":"WebPage","@id":"https:\/\/www.caudete.org\/ayuntamiento\/colaboracion-con-inserta-empleo-fundacion-once\/","url":"https:\/\/www.caudete.org\/ayuntamiento\/colaboracion-con-inserta-empleo-fundacion-once\/","name":"Inserta Empleo, Fundaci\u00f3n Once llega a la poblaci\u00f3n de Caudete - MI Ayuntamiento de Caudete","isPartOf":{"@id":"https:\/\/www.caudete.org\/ayuntamiento\/#website"},"primaryImageOfPage":{"@id":"https:\/\/www.caudete.org\/ayuntamiento\/colaboracion-con-inserta-empleo-fundacion-once\/#primaryimage"},"image":{"@id":"https:\/\/www.caudete.org\/ayuntamiento\/colaboracion-con-inserta-empleo-fundacion-once\/#primaryimage"},"thumbnailUrl":"https:\/\/www.caudete.org\/ayuntamiento\/wp-content\/uploads\/2023\/03\/Inserta-Empleo.jpg","datePublished":"2023-03-16T17:00:08+00:00","dateModified":"2023-03-24T10:44:24+00:00","author":{"@id":"https:\/\/www.caudete.org\/ayuntamiento\/#\/schema\/person\/79f7e19fdd176fc2bc7a289013dc2056"},"description":"P\u00e1gina Oficial del Ayuntamiento de Caudete (Albacete)","breadcrumb":{"@id":"https:\/\/www.caudete.org\/ayuntamiento\/colaboracion-con-inserta-empleo-fundacion-once\/#breadcrumb"},"inLanguage":"es","potentialAction":[{"@type":"ReadAction","target":["https:\/\/www.caudete.org\/ayuntamiento\/colaboracion-con-inserta-empleo-fundacion-once\/"]}]},{"@type":"ImageObject","inLanguage":"es","@id":"https:\/\/www.caudete.org\/ayuntamiento\/colaboracion-con-inserta-empleo-fundacion-once\/#primaryimage","url":"https:\/\/www.caudete.org\/ayuntamiento\/wp-content\/uploads\/2023\/03\/Inserta-Empleo.jpg","contentUrl":"https:\/\/www.caudete.org\/ayuntamiento\/wp-content\/uploads\/2023\/03\/Inserta-Empleo.jpg","width":496,"height":372},{"@type":"BreadcrumbList","@id":"https:\/\/www.caudete.org\/ayuntamiento\/colaboracion-con-inserta-empleo-fundacion-once\/#breadcrumb","itemListElement":[{"@type":"ListItem","position":1,"name":"Inicio","item":"https:\/\/www.caudete.org\/ayuntamiento\/"},{"@type":"ListItem","position":2,"name":"Inserta Empleo, Fundaci\u00f3n Once llega a la poblaci\u00f3n de Caudete"}]},{"@type":"WebSite","@id":"https:\/\/www.caudete.org\/ayuntamiento\/#website","url":"https:\/\/www.caudete.org\/ayuntamiento\/","name":"MI Ayuntamiento de Caudete","description":"P\u00e1gina Oficial del MI Ayuntamiento de Caudete","potentialAction":[{"@type":"SearchAction","target":{"@type":"EntryPoint","urlTemplate":"https:\/\/www.caudete.org\/ayuntamiento\/?s={search_term_string}"},"query-input":{"@type":"PropertyValueSpecification","valueRequired":true,"valueName":"search_term_string"}}],"inLanguage":"es"},{"@type":"Person","@id":"https:\/\/www.caudete.org\/ayuntamiento\/#\/schema\/person\/79f7e19fdd176fc2bc7a289013dc2056","name":"ayun","image":{"@type":"ImageObject","inLanguage":"es","@id":"https:\/\/secure.gravatar.com\/avatar\/4ce797ee07c943e7e592f8cd648e503e6cd571387558ed07135799c2bd2847df?s=96&d=mm&r=g","url":"https:\/\/secure.gravatar.com\/avatar\/4ce797ee07c943e7e592f8cd648e503e6cd571387558ed07135799c2bd2847df?s=96&d=mm&r=g","contentUrl":"https:\/\/secure.gravatar.com\/avatar\/4ce797ee07c943e7e592f8cd648e503e6cd571387558ed07135799c2bd2847df?s=96&d=mm&r=g","caption":"ayun"},"sameAs":["http:\/\/www.caudete.org\/ayuntamiento"],"url":"https:\/\/www.caudete.org\/ayuntamiento\/author\/ayun\/"}]}},"_links":{"self":[{"href":"https:\/\/www.caudete.org\/ayuntamiento\/wp-json\/wp\/v2\/posts\/21801","targetHints":{"allow":["GET"]}}],"collection":[{"href":"https:\/\/www.caudete.org\/ayuntamiento\/wp-json\/wp\/v2\/posts"}],"about":[{"href":"https:\/\/www.caudete.org\/ayuntamiento\/wp-json\/wp\/v2\/types\/post"}],"author":[{"embeddable":true,"href":"https:\/\/www.caudete.org\/ayuntamiento\/wp-json\/wp\/v2\/users\/1"}],"replies":[{"embeddable":true,"href":"https:\/\/www.caudete.org\/ayuntamiento\/wp-json\/wp\/v2\/comments?post=21801"}],"version-history":[{"count":6,"href":"https:\/\/www.caudete.org\/ayuntamiento\/wp-json\/wp\/v2\/posts\/21801\/revisions"}],"predecessor-version":[{"id":21848,"href":"https:\/\/www.caudete.org\/ayuntamiento\/wp-json\/wp\/v2\/posts\/21801\/revisions\/21848"}],"wp:featuredmedia":[{"embeddable":true,"href":"https:\/\/www.caudete.org\/ayuntamiento\/wp-json\/wp\/v2\/media\/21802"}],"wp:attachment":[{"href":"https:\/\/www.caudete.org\/ayuntamiento\/wp-json\/wp\/v2\/media?parent=21801"}],"wp:term":[{"taxonomy":"category","embeddable":true,"href":"https:\/\/www.caudete.org\/ayuntamiento\/wp-json\/wp\/v2\/categories?post=21801"},{"taxonomy":"post_tag","embeddable":true,"href":"https:\/\/www.caudete.org\/ayuntamiento\/wp-json\/wp\/v2\/tags?post=21801"}],"curies":[{"name":"wp","href":"https:\/\/api.w.org\/{rel}","templated":true}]}}