{"id":21806,"date":"2023-03-22T17:48:49","date_gmt":"2023-03-22T16:48:49","guid":{"rendered":"https:\/\/www.caudete.org\/ayuntamiento\/?p=21806"},"modified":"2023-03-22T17:52:07","modified_gmt":"2023-03-22T16:52:07","slug":"la-brigada-de-obras-mediante-la-arenadora-limpia-la-fachada-de-lasala-y-los-grafitis-del-parque-beato-miguel-diaz","status":"publish","type":"post","link":"https:\/\/www.caudete.org\/ayuntamiento\/la-brigada-de-obras-mediante-la-arenadora-limpia-la-fachada-de-lasala-y-los-grafitis-del-parque-beato-miguel-diaz\/","title":{"rendered":"La Brigada de Obras mediante la Arenadora, limpia la fachada de LASALA y los grafitis del PARQUE BEATO MIGUEL D\u00cdAZ"},"content":{"rendered":"<p style=\"text-align: justify;\"><span style=\"font-weight: 400;\">Una vez m\u00e1s ponemos a funcionar nuestra \u201carenadora\u201d port\u00e1til de baja presi\u00f3n.\u00a0 Esta herramienta adquirida hace un par de a\u00f1os por el Ayuntamiento la utilizamos habitualmente para la limpieza y eliminaci\u00f3n de grafitis.\u00a0<\/span><\/p>\n<p style=\"text-align: justify;\"><span style=\"font-weight: 400;\">Tal y como informa el Concejal de Servicios, Joaqu\u00edn Pag\u00e1n, en esta ocasi\u00f3n se ha actuado sobre la fachada del edificio multifuncional LASALA en la Ciudad Deportiva. Aqu\u00ed la piedra ha absorbido suciedad, moho y pintura, y se ha visto imposible su limpieza con <em>carcher<\/em> y agua.<\/span><\/p>\n<p style=\"text-align: justify;\"><span style=\"font-weight: 400;\">Tras los trabajos de limpieza con arena, realizados por personal propio de la Brigada de Obras, se ha dado una mano de hidrofugante para proteger la piedra, y por \u00faltimo una mano de pintura al conjunto de la fachada.<\/span><\/p>\n<p><a href=\"https:\/\/www.caudete.org\/ayuntamiento\/wp-content\/uploads\/2023\/03\/WhatsApp-Image-2023-03-15-at-17.12.04-1.jpeg\" rel='prettyPhoto'><img fetchpriority=\"high\" decoding=\"async\" class=\"alignnone wp-image-21816 size-full\" src=\"https:\/\/www.caudete.org\/ayuntamiento\/wp-content\/uploads\/2023\/03\/WhatsApp-Image-2023-03-15-at-17.12.04-1.jpeg\" alt=\"\" width=\"2048\" height=\"1536\" srcset=\"https:\/\/www.caudete.org\/ayuntamiento\/wp-content\/uploads\/2023\/03\/WhatsApp-Image-2023-03-15-at-17.12.04-1.jpeg 2048w, https:\/\/www.caudete.org\/ayuntamiento\/wp-content\/uploads\/2023\/03\/WhatsApp-Image-2023-03-15-at-17.12.04-1-300x225.jpeg 300w, https:\/\/www.caudete.org\/ayuntamiento\/wp-content\/uploads\/2023\/03\/WhatsApp-Image-2023-03-15-at-17.12.04-1-1024x768.jpeg 1024w, https:\/\/www.caudete.org\/ayuntamiento\/wp-content\/uploads\/2023\/03\/WhatsApp-Image-2023-03-15-at-17.12.04-1-768x576.jpeg 768w, https:\/\/www.caudete.org\/ayuntamiento\/wp-content\/uploads\/2023\/03\/WhatsApp-Image-2023-03-15-at-17.12.04-1-1536x1152.jpeg 1536w\" sizes=\"(max-width: 2048px) 100vw, 2048px\" \/><\/a> <a href=\"https:\/\/www.caudete.org\/ayuntamiento\/wp-content\/uploads\/2023\/03\/WhatsApp-Image-2023-03-16-at-18.26.56.jpeg\" rel='prettyPhoto'><img decoding=\"async\" class=\"alignnone wp-image-21817 size-full\" src=\"https:\/\/www.caudete.org\/ayuntamiento\/wp-content\/uploads\/2023\/03\/WhatsApp-Image-2023-03-16-at-18.26.56.jpeg\" alt=\"\" width=\"2048\" height=\"1536\" srcset=\"https:\/\/www.caudete.org\/ayuntamiento\/wp-content\/uploads\/2023\/03\/WhatsApp-Image-2023-03-16-at-18.26.56.jpeg 2048w, https:\/\/www.caudete.org\/ayuntamiento\/wp-content\/uploads\/2023\/03\/WhatsApp-Image-2023-03-16-at-18.26.56-300x225.jpeg 300w, https:\/\/www.caudete.org\/ayuntamiento\/wp-content\/uploads\/2023\/03\/WhatsApp-Image-2023-03-16-at-18.26.56-1024x768.jpeg 1024w, https:\/\/www.caudete.org\/ayuntamiento\/wp-content\/uploads\/2023\/03\/WhatsApp-Image-2023-03-16-at-18.26.56-768x576.jpeg 768w, https:\/\/www.caudete.org\/ayuntamiento\/wp-content\/uploads\/2023\/03\/WhatsApp-Image-2023-03-16-at-18.26.56-1536x1152.jpeg 1536w\" sizes=\"(max-width: 2048px) 100vw, 2048px\" \/><\/a><\/p>\n<p style=\"text-align: justify;\">Adem\u00e1s, en los \u00faltimos d\u00edas se ha aprovechado para hacer una limpieza integral al conjunto constructivo del Parque Beato Miguel D\u00edaz, donde la presencia de grafitis afeaba enormemente la vista de dicho espacio de ocio altamente usado.<\/p>\n<p style=\"text-align: justify;\"><a href=\"https:\/\/www.caudete.org\/ayuntamiento\/wp-content\/uploads\/2023\/03\/WhatsApp-Image-2023-03-22-at-17.42.16.jpeg\" rel='prettyPhoto'><img decoding=\"async\" class=\"alignnone wp-image-21807 size-full\" src=\"https:\/\/www.caudete.org\/ayuntamiento\/wp-content\/uploads\/2023\/03\/WhatsApp-Image-2023-03-22-at-17.42.16.jpeg\" alt=\"\" width=\"1392\" height=\"810\" srcset=\"https:\/\/www.caudete.org\/ayuntamiento\/wp-content\/uploads\/2023\/03\/WhatsApp-Image-2023-03-22-at-17.42.16.jpeg 1392w, https:\/\/www.caudete.org\/ayuntamiento\/wp-content\/uploads\/2023\/03\/WhatsApp-Image-2023-03-22-at-17.42.16-300x175.jpeg 300w, https:\/\/www.caudete.org\/ayuntamiento\/wp-content\/uploads\/2023\/03\/WhatsApp-Image-2023-03-22-at-17.42.16-1024x596.jpeg 1024w, https:\/\/www.caudete.org\/ayuntamiento\/wp-content\/uploads\/2023\/03\/WhatsApp-Image-2023-03-22-at-17.42.16-768x447.jpeg 768w\" sizes=\"(max-width: 1392px) 100vw, 1392px\" \/><\/a> <a href=\"https:\/\/www.caudete.org\/ayuntamiento\/wp-content\/uploads\/2023\/03\/WhatsApp-Image-2023-03-22-at-17.42.32.jpeg\" rel='prettyPhoto'><img loading=\"lazy\" decoding=\"async\" class=\"alignnone wp-image-21808 size-full\" src=\"https:\/\/www.caudete.org\/ayuntamiento\/wp-content\/uploads\/2023\/03\/WhatsApp-Image-2023-03-22-at-17.42.32.jpeg\" alt=\"\" width=\"1320\" height=\"990\" srcset=\"https:\/\/www.caudete.org\/ayuntamiento\/wp-content\/uploads\/2023\/03\/WhatsApp-Image-2023-03-22-at-17.42.32.jpeg 1320w, https:\/\/www.caudete.org\/ayuntamiento\/wp-content\/uploads\/2023\/03\/WhatsApp-Image-2023-03-22-at-17.42.32-300x225.jpeg 300w, https:\/\/www.caudete.org\/ayuntamiento\/wp-content\/uploads\/2023\/03\/WhatsApp-Image-2023-03-22-at-17.42.32-1024x768.jpeg 1024w, https:\/\/www.caudete.org\/ayuntamiento\/wp-content\/uploads\/2023\/03\/WhatsApp-Image-2023-03-22-at-17.42.32-768x576.jpeg 768w\" sizes=\"(max-width: 1320px) 100vw, 1320px\" \/><\/a><\/p>\n<p style=\"text-align: justify;\"><a href=\"https:\/\/www.caudete.org\/ayuntamiento\/wp-content\/uploads\/2023\/03\/WhatsApp-Image-2023-03-22-at-17.43.17.jpeg\" rel='prettyPhoto'><img loading=\"lazy\" decoding=\"async\" class=\"alignnone wp-image-21809 size-full\" src=\"https:\/\/www.caudete.org\/ayuntamiento\/wp-content\/uploads\/2023\/03\/WhatsApp-Image-2023-03-22-at-17.43.17.jpeg\" alt=\"\" width=\"1320\" height=\"990\" srcset=\"https:\/\/www.caudete.org\/ayuntamiento\/wp-content\/uploads\/2023\/03\/WhatsApp-Image-2023-03-22-at-17.43.17.jpeg 1320w, https:\/\/www.caudete.org\/ayuntamiento\/wp-content\/uploads\/2023\/03\/WhatsApp-Image-2023-03-22-at-17.43.17-300x225.jpeg 300w, https:\/\/www.caudete.org\/ayuntamiento\/wp-content\/uploads\/2023\/03\/WhatsApp-Image-2023-03-22-at-17.43.17-1024x768.jpeg 1024w, https:\/\/www.caudete.org\/ayuntamiento\/wp-content\/uploads\/2023\/03\/WhatsApp-Image-2023-03-22-at-17.43.17-768x576.jpeg 768w\" sizes=\"(max-width: 1320px) 100vw, 1320px\" \/><\/a> <a href=\"https:\/\/www.caudete.org\/ayuntamiento\/wp-content\/uploads\/2023\/03\/WhatsApp-Image-2023-03-22-at-17.41.31.jpeg\" rel='prettyPhoto'><img loading=\"lazy\" decoding=\"async\" class=\"alignnone wp-image-21810 size-full\" src=\"https:\/\/www.caudete.org\/ayuntamiento\/wp-content\/uploads\/2023\/03\/WhatsApp-Image-2023-03-22-at-17.41.31.jpeg\" alt=\"\" width=\"1320\" height=\"990\" srcset=\"https:\/\/www.caudete.org\/ayuntamiento\/wp-content\/uploads\/2023\/03\/WhatsApp-Image-2023-03-22-at-17.41.31.jpeg 1320w, https:\/\/www.caudete.org\/ayuntamiento\/wp-content\/uploads\/2023\/03\/WhatsApp-Image-2023-03-22-at-17.41.31-300x225.jpeg 300w, https:\/\/www.caudete.org\/ayuntamiento\/wp-content\/uploads\/2023\/03\/WhatsApp-Image-2023-03-22-at-17.41.31-1024x768.jpeg 1024w, https:\/\/www.caudete.org\/ayuntamiento\/wp-content\/uploads\/2023\/03\/WhatsApp-Image-2023-03-22-at-17.41.31-768x576.jpeg 768w\" sizes=\"(max-width: 1320px) 100vw, 1320px\" \/><\/a><\/p>\n","protected":false},"excerpt":{"rendered":"<p>Una vez m\u00e1s ponemos a funcionar nuestra \u201carenadora\u201d port\u00e1til de baja presi\u00f3n.\u00a0 Esta herramienta adquirida hace un par de a\u00f1os por el Ayuntamiento la utilizamos habitualmente para la limpieza y eliminaci\u00f3n de grafitis.\u00a0 Tal y como informa el Concejal de Servicios, Joaqu\u00edn Pag\u00e1n, en esta ocasi\u00f3n se ha actuado sobre la fachada del edificio multifuncional &hellip;<\/p>\n","protected":false},"author":3,"featured_media":21807,"comment_status":"closed","ping_status":"open","sticky":false,"template":"","format":"standard","meta":{"ngg_post_thumbnail":0,"footnotes":""},"categories":[270],"tags":[],"class_list":["post-21806","post","type-post","status-publish","format-standard","has-post-thumbnail","hentry","category-servicios"],"yoast_head":"<!-- This site is optimized with the Yoast SEO plugin v27.5 - https:\/\/yoast.com\/product\/yoast-seo-wordpress\/ -->\n<title>La Brigada de Obras mediante la Arenadora, limpia la fachada de LASALA y los grafitis del PARQUE BEATO MIGUEL D\u00cdAZ - MI Ayuntamiento de Caudete<\/title>\n<meta name=\"description\" content=\"P\u00e1gina Oficial del Ayuntamiento de Caudete (Albacete)\" \/>\n<meta name=\"robots\" content=\"index, follow, max-snippet:-1, max-image-preview:large, max-video-preview:-1\" \/>\n<link rel=\"canonical\" href=\"https:\/\/www.caudete.org\/ayuntamiento\/la-brigada-de-obras-mediante-la-arenadora-limpia-la-fachada-de-lasala-y-los-grafitis-del-parque-beato-miguel-diaz\/\" \/>\n<meta property=\"og:locale\" content=\"es_ES\" \/>\n<meta property=\"og:type\" content=\"article\" \/>\n<meta property=\"og:title\" content=\"La Brigada de Obras mediante la Arenadora, limpia la fachada de LASALA y los grafitis del PARQUE BEATO MIGUEL D\u00cdAZ - MI Ayuntamiento de Caudete\" \/>\n<meta property=\"og:description\" content=\"P\u00e1gina Oficial del Ayuntamiento de Caudete (Albacete)\" \/>\n<meta property=\"og:url\" content=\"https:\/\/www.caudete.org\/ayuntamiento\/la-brigada-de-obras-mediante-la-arenadora-limpia-la-fachada-de-lasala-y-los-grafitis-del-parque-beato-miguel-diaz\/\" \/>\n<meta property=\"og:site_name\" content=\"MI Ayuntamiento de Caudete\" \/>\n<meta property=\"article:publisher\" content=\"https:\/\/www.facebook.com\/ayuntamientocaudete\/\" \/>\n<meta property=\"article:published_time\" content=\"2023-03-22T16:48:49+00:00\" \/>\n<meta property=\"article:modified_time\" content=\"2023-03-22T16:52:07+00:00\" \/>\n<meta property=\"og:image\" content=\"https:\/\/www.caudete.org\/ayuntamiento\/wp-content\/uploads\/2023\/03\/WhatsApp-Image-2023-03-22-at-17.42.16.jpeg\" \/>\n\t<meta property=\"og:image:width\" content=\"1392\" \/>\n\t<meta property=\"og:image:height\" content=\"810\" \/>\n\t<meta property=\"og:image:type\" content=\"image\/jpeg\" \/>\n<meta name=\"author\" content=\"alcalde\" \/>\n<meta name=\"twitter:card\" content=\"summary_large_image\" \/>\n<meta name=\"twitter:label1\" content=\"Escrito por\" \/>\n\t<meta name=\"twitter:data1\" content=\"alcalde\" \/>\n\t<meta name=\"twitter:label2\" content=\"Tiempo de lectura\" \/>\n\t<meta name=\"twitter:data2\" content=\"2 minutos\" \/>\n<script type=\"application\/ld+json\" class=\"yoast-schema-graph\">{\"@context\":\"https:\\\/\\\/schema.org\",\"@graph\":[{\"@type\":\"Article\",\"@id\":\"https:\\\/\\\/www.caudete.org\\\/ayuntamiento\\\/la-brigada-de-obras-mediante-la-arenadora-limpia-la-fachada-de-lasala-y-los-grafitis-del-parque-beato-miguel-diaz\\\/#article\",\"isPartOf\":{\"@id\":\"https:\\\/\\\/www.caudete.org\\\/ayuntamiento\\\/la-brigada-de-obras-mediante-la-arenadora-limpia-la-fachada-de-lasala-y-los-grafitis-del-parque-beato-miguel-diaz\\\/\"},\"author\":{\"name\":\"alcalde\",\"@id\":\"https:\\\/\\\/www.caudete.org\\\/ayuntamiento\\\/#\\\/schema\\\/person\\\/cc646da9133078ee4d8dd47457947253\"},\"headline\":\"La Brigada de Obras mediante la Arenadora, limpia la fachada de LASALA y los grafitis del PARQUE BEATO MIGUEL D\u00cdAZ\",\"datePublished\":\"2023-03-22T16:48:49+00:00\",\"dateModified\":\"2023-03-22T16:52:07+00:00\",\"mainEntityOfPage\":{\"@id\":\"https:\\\/\\\/www.caudete.org\\\/ayuntamiento\\\/la-brigada-de-obras-mediante-la-arenadora-limpia-la-fachada-de-lasala-y-los-grafitis-del-parque-beato-miguel-diaz\\\/\"},\"wordCount\":188,\"publisher\":{\"@id\":\"https:\\\/\\\/www.caudete.org\\\/ayuntamiento\\\/#organization\"},\"image\":{\"@id\":\"https:\\\/\\\/www.caudete.org\\\/ayuntamiento\\\/la-brigada-de-obras-mediante-la-arenadora-limpia-la-fachada-de-lasala-y-los-grafitis-del-parque-beato-miguel-diaz\\\/#primaryimage\"},\"thumbnailUrl\":\"https:\\\/\\\/www.caudete.org\\\/ayuntamiento\\\/wp-content\\\/uploads\\\/2023\\\/03\\\/WhatsApp-Image-2023-03-22-at-17.42.16.jpeg\",\"articleSection\":[\"Servicios\"],\"inLanguage\":\"es\"},{\"@type\":\"WebPage\",\"@id\":\"https:\\\/\\\/www.caudete.org\\\/ayuntamiento\\\/la-brigada-de-obras-mediante-la-arenadora-limpia-la-fachada-de-lasala-y-los-grafitis-del-parque-beato-miguel-diaz\\\/\",\"url\":\"https:\\\/\\\/www.caudete.org\\\/ayuntamiento\\\/la-brigada-de-obras-mediante-la-arenadora-limpia-la-fachada-de-lasala-y-los-grafitis-del-parque-beato-miguel-diaz\\\/\",\"name\":\"La Brigada de Obras mediante la Arenadora, limpia la fachada de LASALA y los grafitis del PARQUE BEATO MIGUEL D\u00cdAZ - MI Ayuntamiento de Caudete\",\"isPartOf\":{\"@id\":\"https:\\\/\\\/www.caudete.org\\\/ayuntamiento\\\/#website\"},\"primaryImageOfPage\":{\"@id\":\"https:\\\/\\\/www.caudete.org\\\/ayuntamiento\\\/la-brigada-de-obras-mediante-la-arenadora-limpia-la-fachada-de-lasala-y-los-grafitis-del-parque-beato-miguel-diaz\\\/#primaryimage\"},\"image\":{\"@id\":\"https:\\\/\\\/www.caudete.org\\\/ayuntamiento\\\/la-brigada-de-obras-mediante-la-arenadora-limpia-la-fachada-de-lasala-y-los-grafitis-del-parque-beato-miguel-diaz\\\/#primaryimage\"},\"thumbnailUrl\":\"https:\\\/\\\/www.caudete.org\\\/ayuntamiento\\\/wp-content\\\/uploads\\\/2023\\\/03\\\/WhatsApp-Image-2023-03-22-at-17.42.16.jpeg\",\"datePublished\":\"2023-03-22T16:48:49+00:00\",\"dateModified\":\"2023-03-22T16:52:07+00:00\",\"description\":\"P\u00e1gina Oficial del Ayuntamiento de Caudete (Albacete)\",\"breadcrumb\":{\"@id\":\"https:\\\/\\\/www.caudete.org\\\/ayuntamiento\\\/la-brigada-de-obras-mediante-la-arenadora-limpia-la-fachada-de-lasala-y-los-grafitis-del-parque-beato-miguel-diaz\\\/#breadcrumb\"},\"inLanguage\":\"es\",\"potentialAction\":[{\"@type\":\"ReadAction\",\"target\":[\"https:\\\/\\\/www.caudete.org\\\/ayuntamiento\\\/la-brigada-de-obras-mediante-la-arenadora-limpia-la-fachada-de-lasala-y-los-grafitis-del-parque-beato-miguel-diaz\\\/\"]}]},{\"@type\":\"ImageObject\",\"inLanguage\":\"es\",\"@id\":\"https:\\\/\\\/www.caudete.org\\\/ayuntamiento\\\/la-brigada-de-obras-mediante-la-arenadora-limpia-la-fachada-de-lasala-y-los-grafitis-del-parque-beato-miguel-diaz\\\/#primaryimage\",\"url\":\"https:\\\/\\\/www.caudete.org\\\/ayuntamiento\\\/wp-content\\\/uploads\\\/2023\\\/03\\\/WhatsApp-Image-2023-03-22-at-17.42.16.jpeg\",\"contentUrl\":\"https:\\\/\\\/www.caudete.org\\\/ayuntamiento\\\/wp-content\\\/uploads\\\/2023\\\/03\\\/WhatsApp-Image-2023-03-22-at-17.42.16.jpeg\",\"width\":1392,\"height\":810},{\"@type\":\"BreadcrumbList\",\"@id\":\"https:\\\/\\\/www.caudete.org\\\/ayuntamiento\\\/la-brigada-de-obras-mediante-la-arenadora-limpia-la-fachada-de-lasala-y-los-grafitis-del-parque-beato-miguel-diaz\\\/#breadcrumb\",\"itemListElement\":[{\"@type\":\"ListItem\",\"position\":1,\"name\":\"Inicio\",\"item\":\"https:\\\/\\\/www.caudete.org\\\/ayuntamiento\\\/\"},{\"@type\":\"ListItem\",\"position\":2,\"name\":\"La Brigada de Obras mediante la Arenadora, limpia la fachada de LASALA y los grafitis del PARQUE BEATO MIGUEL D\u00cdAZ\"}]},{\"@type\":\"WebSite\",\"@id\":\"https:\\\/\\\/www.caudete.org\\\/ayuntamiento\\\/#website\",\"url\":\"https:\\\/\\\/www.caudete.org\\\/ayuntamiento\\\/\",\"name\":\"MI Ayuntamiento de Caudete\",\"description\":\"P\u00e1gina Oficial del MI Ayuntamiento de Caudete\",\"publisher\":{\"@id\":\"https:\\\/\\\/www.caudete.org\\\/ayuntamiento\\\/#organization\"},\"potentialAction\":[{\"@type\":\"SearchAction\",\"target\":{\"@type\":\"EntryPoint\",\"urlTemplate\":\"https:\\\/\\\/www.caudete.org\\\/ayuntamiento\\\/?s={search_term_string}\"},\"query-input\":{\"@type\":\"PropertyValueSpecification\",\"valueRequired\":true,\"valueName\":\"search_term_string\"}}],\"inLanguage\":\"es\"},{\"@type\":\"Organization\",\"@id\":\"https:\\\/\\\/www.caudete.org\\\/ayuntamiento\\\/#organization\",\"name\":\"Ayuntamiento de Caudete\",\"url\":\"https:\\\/\\\/www.caudete.org\\\/ayuntamiento\\\/\",\"logo\":{\"@type\":\"ImageObject\",\"inLanguage\":\"es\",\"@id\":\"https:\\\/\\\/www.caudete.org\\\/ayuntamiento\\\/#\\\/schema\\\/logo\\\/image\\\/\",\"url\":\"https:\\\/\\\/www.caudete.org\\\/ayuntamiento\\\/wp-content\\\/uploads\\\/2020\\\/11\\\/logo_ayuntamiento_caudete.jpg\",\"contentUrl\":\"https:\\\/\\\/www.caudete.org\\\/ayuntamiento\\\/wp-content\\\/uploads\\\/2020\\\/11\\\/logo_ayuntamiento_caudete.jpg\",\"width\":600,\"height\":150,\"caption\":\"Ayuntamiento de Caudete\"},\"image\":{\"@id\":\"https:\\\/\\\/www.caudete.org\\\/ayuntamiento\\\/#\\\/schema\\\/logo\\\/image\\\/\"},\"sameAs\":[\"https:\\\/\\\/www.facebook.com\\\/ayuntamientocaudete\\\/\",\"https:\\\/\\\/www.youtube.com\\\/channel\\\/UC6VztHaooNsGpw-tNoBEFnQ\"]},{\"@type\":\"Person\",\"@id\":\"https:\\\/\\\/www.caudete.org\\\/ayuntamiento\\\/#\\\/schema\\\/person\\\/cc646da9133078ee4d8dd47457947253\",\"name\":\"alcalde\",\"image\":{\"@type\":\"ImageObject\",\"inLanguage\":\"es\",\"@id\":\"https:\\\/\\\/secure.gravatar.com\\\/avatar\\\/84a817ba065b29ff08d666b215a215f5c79186a645ccb25b14a663d48a130f77?s=96&d=mm&r=g\",\"url\":\"https:\\\/\\\/secure.gravatar.com\\\/avatar\\\/84a817ba065b29ff08d666b215a215f5c79186a645ccb25b14a663d48a130f77?s=96&d=mm&r=g\",\"contentUrl\":\"https:\\\/\\\/secure.gravatar.com\\\/avatar\\\/84a817ba065b29ff08d666b215a215f5c79186a645ccb25b14a663d48a130f77?s=96&d=mm&r=g\",\"caption\":\"alcalde\"},\"url\":\"https:\\\/\\\/www.caudete.org\\\/ayuntamiento\\\/author\\\/alcalde\\\/\"}]}<\/script>\n<!-- \/ Yoast SEO plugin. -->","yoast_head_json":{"title":"La Brigada de Obras mediante la Arenadora, limpia la fachada de LASALA y los grafitis del PARQUE BEATO MIGUEL D\u00cdAZ - MI Ayuntamiento de Caudete","description":"P\u00e1gina Oficial del Ayuntamiento de Caudete (Albacete)","robots":{"index":"index","follow":"follow","max-snippet":"max-snippet:-1","max-image-preview":"max-image-preview:large","max-video-preview":"max-video-preview:-1"},"canonical":"https:\/\/www.caudete.org\/ayuntamiento\/la-brigada-de-obras-mediante-la-arenadora-limpia-la-fachada-de-lasala-y-los-grafitis-del-parque-beato-miguel-diaz\/","og_locale":"es_ES","og_type":"article","og_title":"La Brigada de Obras mediante la Arenadora, limpia la fachada de LASALA y los grafitis del PARQUE BEATO MIGUEL D\u00cdAZ - MI Ayuntamiento de Caudete","og_description":"P\u00e1gina Oficial del Ayuntamiento de Caudete (Albacete)","og_url":"https:\/\/www.caudete.org\/ayuntamiento\/la-brigada-de-obras-mediante-la-arenadora-limpia-la-fachada-de-lasala-y-los-grafitis-del-parque-beato-miguel-diaz\/","og_site_name":"MI Ayuntamiento de Caudete","article_publisher":"https:\/\/www.facebook.com\/ayuntamientocaudete\/","article_published_time":"2023-03-22T16:48:49+00:00","article_modified_time":"2023-03-22T16:52:07+00:00","og_image":[{"width":1392,"height":810,"url":"https:\/\/www.caudete.org\/ayuntamiento\/wp-content\/uploads\/2023\/03\/WhatsApp-Image-2023-03-22-at-17.42.16.jpeg","type":"image\/jpeg"}],"author":"alcalde","twitter_card":"summary_large_image","twitter_misc":{"Escrito por":"alcalde","Tiempo de lectura":"2 minutos"},"schema":{"@context":"https:\/\/schema.org","@graph":[{"@type":"Article","@id":"https:\/\/www.caudete.org\/ayuntamiento\/la-brigada-de-obras-mediante-la-arenadora-limpia-la-fachada-de-lasala-y-los-grafitis-del-parque-beato-miguel-diaz\/#article","isPartOf":{"@id":"https:\/\/www.caudete.org\/ayuntamiento\/la-brigada-de-obras-mediante-la-arenadora-limpia-la-fachada-de-lasala-y-los-grafitis-del-parque-beato-miguel-diaz\/"},"author":{"name":"alcalde","@id":"https:\/\/www.caudete.org\/ayuntamiento\/#\/schema\/person\/cc646da9133078ee4d8dd47457947253"},"headline":"La Brigada de Obras mediante la Arenadora, limpia la fachada de LASALA y los grafitis del PARQUE BEATO MIGUEL D\u00cdAZ","datePublished":"2023-03-22T16:48:49+00:00","dateModified":"2023-03-22T16:52:07+00:00","mainEntityOfPage":{"@id":"https:\/\/www.caudete.org\/ayuntamiento\/la-brigada-de-obras-mediante-la-arenadora-limpia-la-fachada-de-lasala-y-los-grafitis-del-parque-beato-miguel-diaz\/"},"wordCount":188,"publisher":{"@id":"https:\/\/www.caudete.org\/ayuntamiento\/#organization"},"image":{"@id":"https:\/\/www.caudete.org\/ayuntamiento\/la-brigada-de-obras-mediante-la-arenadora-limpia-la-fachada-de-lasala-y-los-grafitis-del-parque-beato-miguel-diaz\/#primaryimage"},"thumbnailUrl":"https:\/\/www.caudete.org\/ayuntamiento\/wp-content\/uploads\/2023\/03\/WhatsApp-Image-2023-03-22-at-17.42.16.jpeg","articleSection":["Servicios"],"inLanguage":"es"},{"@type":"WebPage","@id":"https:\/\/www.caudete.org\/ayuntamiento\/la-brigada-de-obras-mediante-la-arenadora-limpia-la-fachada-de-lasala-y-los-grafitis-del-parque-beato-miguel-diaz\/","url":"https:\/\/www.caudete.org\/ayuntamiento\/la-brigada-de-obras-mediante-la-arenadora-limpia-la-fachada-de-lasala-y-los-grafitis-del-parque-beato-miguel-diaz\/","name":"La Brigada de Obras mediante la Arenadora, limpia la fachada de LASALA y los grafitis del PARQUE BEATO MIGUEL D\u00cdAZ - MI Ayuntamiento de Caudete","isPartOf":{"@id":"https:\/\/www.caudete.org\/ayuntamiento\/#website"},"primaryImageOfPage":{"@id":"https:\/\/www.caudete.org\/ayuntamiento\/la-brigada-de-obras-mediante-la-arenadora-limpia-la-fachada-de-lasala-y-los-grafitis-del-parque-beato-miguel-diaz\/#primaryimage"},"image":{"@id":"https:\/\/www.caudete.org\/ayuntamiento\/la-brigada-de-obras-mediante-la-arenadora-limpia-la-fachada-de-lasala-y-los-grafitis-del-parque-beato-miguel-diaz\/#primaryimage"},"thumbnailUrl":"https:\/\/www.caudete.org\/ayuntamiento\/wp-content\/uploads\/2023\/03\/WhatsApp-Image-2023-03-22-at-17.42.16.jpeg","datePublished":"2023-03-22T16:48:49+00:00","dateModified":"2023-03-22T16:52:07+00:00","description":"P\u00e1gina Oficial del Ayuntamiento de Caudete (Albacete)","breadcrumb":{"@id":"https:\/\/www.caudete.org\/ayuntamiento\/la-brigada-de-obras-mediante-la-arenadora-limpia-la-fachada-de-lasala-y-los-grafitis-del-parque-beato-miguel-diaz\/#breadcrumb"},"inLanguage":"es","potentialAction":[{"@type":"ReadAction","target":["https:\/\/www.caudete.org\/ayuntamiento\/la-brigada-de-obras-mediante-la-arenadora-limpia-la-fachada-de-lasala-y-los-grafitis-del-parque-beato-miguel-diaz\/"]}]},{"@type":"ImageObject","inLanguage":"es","@id":"https:\/\/www.caudete.org\/ayuntamiento\/la-brigada-de-obras-mediante-la-arenadora-limpia-la-fachada-de-lasala-y-los-grafitis-del-parque-beato-miguel-diaz\/#primaryimage","url":"https:\/\/www.caudete.org\/ayuntamiento\/wp-content\/uploads\/2023\/03\/WhatsApp-Image-2023-03-22-at-17.42.16.jpeg","contentUrl":"https:\/\/www.caudete.org\/ayuntamiento\/wp-content\/uploads\/2023\/03\/WhatsApp-Image-2023-03-22-at-17.42.16.jpeg","width":1392,"height":810},{"@type":"BreadcrumbList","@id":"https:\/\/www.caudete.org\/ayuntamiento\/la-brigada-de-obras-mediante-la-arenadora-limpia-la-fachada-de-lasala-y-los-grafitis-del-parque-beato-miguel-diaz\/#breadcrumb","itemListElement":[{"@type":"ListItem","position":1,"name":"Inicio","item":"https:\/\/www.caudete.org\/ayuntamiento\/"},{"@type":"ListItem","position":2,"name":"La Brigada de Obras mediante la Arenadora, limpia la fachada de LASALA y los grafitis del PARQUE BEATO MIGUEL D\u00cdAZ"}]},{"@type":"WebSite","@id":"https:\/\/www.caudete.org\/ayuntamiento\/#website","url":"https:\/\/www.caudete.org\/ayuntamiento\/","name":"MI Ayuntamiento de Caudete","description":"P\u00e1gina Oficial del MI Ayuntamiento de Caudete","publisher":{"@id":"https:\/\/www.caudete.org\/ayuntamiento\/#organization"},"potentialAction":[{"@type":"SearchAction","target":{"@type":"EntryPoint","urlTemplate":"https:\/\/www.caudete.org\/ayuntamiento\/?s={search_term_string}"},"query-input":{"@type":"PropertyValueSpecification","valueRequired":true,"valueName":"search_term_string"}}],"inLanguage":"es"},{"@type":"Organization","@id":"https:\/\/www.caudete.org\/ayuntamiento\/#organization","name":"Ayuntamiento de Caudete","url":"https:\/\/www.caudete.org\/ayuntamiento\/","logo":{"@type":"ImageObject","inLanguage":"es","@id":"https:\/\/www.caudete.org\/ayuntamiento\/#\/schema\/logo\/image\/","url":"https:\/\/www.caudete.org\/ayuntamiento\/wp-content\/uploads\/2020\/11\/logo_ayuntamiento_caudete.jpg","contentUrl":"https:\/\/www.caudete.org\/ayuntamiento\/wp-content\/uploads\/2020\/11\/logo_ayuntamiento_caudete.jpg","width":600,"height":150,"caption":"Ayuntamiento de Caudete"},"image":{"@id":"https:\/\/www.caudete.org\/ayuntamiento\/#\/schema\/logo\/image\/"},"sameAs":["https:\/\/www.facebook.com\/ayuntamientocaudete\/","https:\/\/www.youtube.com\/channel\/UC6VztHaooNsGpw-tNoBEFnQ"]},{"@type":"Person","@id":"https:\/\/www.caudete.org\/ayuntamiento\/#\/schema\/person\/cc646da9133078ee4d8dd47457947253","name":"alcalde","image":{"@type":"ImageObject","inLanguage":"es","@id":"https:\/\/secure.gravatar.com\/avatar\/84a817ba065b29ff08d666b215a215f5c79186a645ccb25b14a663d48a130f77?s=96&d=mm&r=g","url":"https:\/\/secure.gravatar.com\/avatar\/84a817ba065b29ff08d666b215a215f5c79186a645ccb25b14a663d48a130f77?s=96&d=mm&r=g","contentUrl":"https:\/\/secure.gravatar.com\/avatar\/84a817ba065b29ff08d666b215a215f5c79186a645ccb25b14a663d48a130f77?s=96&d=mm&r=g","caption":"alcalde"},"url":"https:\/\/www.caudete.org\/ayuntamiento\/author\/alcalde\/"}]}},"_links":{"self":[{"href":"https:\/\/www.caudete.org\/ayuntamiento\/wp-json\/wp\/v2\/posts\/21806","targetHints":{"allow":["GET"]}}],"collection":[{"href":"https:\/\/www.caudete.org\/ayuntamiento\/wp-json\/wp\/v2\/posts"}],"about":[{"href":"https:\/\/www.caudete.org\/ayuntamiento\/wp-json\/wp\/v2\/types\/post"}],"author":[{"embeddable":true,"href":"https:\/\/www.caudete.org\/ayuntamiento\/wp-json\/wp\/v2\/users\/3"}],"replies":[{"embeddable":true,"href":"https:\/\/www.caudete.org\/ayuntamiento\/wp-json\/wp\/v2\/comments?post=21806"}],"version-history":[{"count":1,"href":"https:\/\/www.caudete.org\/ayuntamiento\/wp-json\/wp\/v2\/posts\/21806\/revisions"}],"predecessor-version":[{"id":21819,"href":"https:\/\/www.caudete.org\/ayuntamiento\/wp-json\/wp\/v2\/posts\/21806\/revisions\/21819"}],"wp:featuredmedia":[{"embeddable":true,"href":"https:\/\/www.caudete.org\/ayuntamiento\/wp-json\/wp\/v2\/media\/21807"}],"wp:attachment":[{"href":"https:\/\/www.caudete.org\/ayuntamiento\/wp-json\/wp\/v2\/media?parent=21806"}],"wp:term":[{"taxonomy":"category","embeddable":true,"href":"https:\/\/www.caudete.org\/ayuntamiento\/wp-json\/wp\/v2\/categories?post=21806"},{"taxonomy":"post_tag","embeddable":true,"href":"https:\/\/www.caudete.org\/ayuntamiento\/wp-json\/wp\/v2\/tags?post=21806"}],"curies":[{"name":"wp","href":"https:\/\/api.w.org\/{rel}","templated":true}]}}