{"id":21820,"date":"2023-03-22T18:04:45","date_gmt":"2023-03-22T17:04:45","guid":{"rendered":"https:\/\/www.caudete.org\/ayuntamiento\/?p=21820"},"modified":"2023-03-22T18:04:45","modified_gmt":"2023-03-22T17:04:45","slug":"gran-afluencia-en-la-inauguracion-de-la-nueva-oficina-de-turismo","status":"publish","type":"post","link":"https:\/\/www.caudete.org\/ayuntamiento\/gran-afluencia-en-la-inauguracion-de-la-nueva-oficina-de-turismo\/","title":{"rendered":"Gran afluencia en la inauguraci\u00f3n de la nueva Oficina de Turismo"},"content":{"rendered":"<p><a href=\"https:\/\/www.caudete.org\/ayuntamiento\/wp-content\/uploads\/2023\/03\/WhatsApp-Image-2023-03-18-at-15.29.03-1.jpeg\" rel='prettyPhoto'><img fetchpriority=\"high\" decoding=\"async\" class=\"alignnone wp-image-21813 size-full\" src=\"https:\/\/www.caudete.org\/ayuntamiento\/wp-content\/uploads\/2023\/03\/WhatsApp-Image-2023-03-18-at-15.29.03-1.jpeg\" alt=\"\" width=\"1600\" height=\"738\" srcset=\"https:\/\/www.caudete.org\/ayuntamiento\/wp-content\/uploads\/2023\/03\/WhatsApp-Image-2023-03-18-at-15.29.03-1.jpeg 1600w, https:\/\/www.caudete.org\/ayuntamiento\/wp-content\/uploads\/2023\/03\/WhatsApp-Image-2023-03-18-at-15.29.03-1-300x138.jpeg 300w, https:\/\/www.caudete.org\/ayuntamiento\/wp-content\/uploads\/2023\/03\/WhatsApp-Image-2023-03-18-at-15.29.03-1-1024x472.jpeg 1024w, https:\/\/www.caudete.org\/ayuntamiento\/wp-content\/uploads\/2023\/03\/WhatsApp-Image-2023-03-18-at-15.29.03-1-768x354.jpeg 768w, https:\/\/www.caudete.org\/ayuntamiento\/wp-content\/uploads\/2023\/03\/WhatsApp-Image-2023-03-18-at-15.29.03-1-1536x708.jpeg 1536w\" sizes=\"(max-width: 1600px) 100vw, 1600px\" \/><\/a><\/p>\n<p style=\"text-align: justify;\">El pasado s\u00e1bado las atenciones se focalizaban sobre la nueva Oficina de Turismo que el Gobierno Municipal ha impulsado en el presente mandato, como un recurso necesario y vital para dar el impulso tur\u00edstico a nuestro municipio. Grande fue la afluencia de caudetanos y visitantes que se acercaron para comprobar el trabajo realizado.<\/p>\n<p style=\"text-align: justify;\">Situada en C\/Abad\u00eda 2, ocupa un lugar estrat\u00e9gico a la vez que emblem\u00e1tico, pues est\u00e1 en el centro neur\u00e1lgico del Casco Antiguo de La Villa, frente al Ayuntamiento y la Plaza de la Iglesia, convirti\u00e9ndose en testigo de pr\u00e1cticamente la totalidad de eventos tradicionales y festivos que Caudete celebra a lo largo del a\u00f1o.<\/p>\n<p><a href=\"https:\/\/www.caudete.org\/ayuntamiento\/wp-content\/uploads\/2023\/03\/WhatsApp-Image-2023-03-18-at-15.24.54.jpeg\" rel='prettyPhoto'><img decoding=\"async\" class=\"alignnone wp-image-21821 size-full\" src=\"https:\/\/www.caudete.org\/ayuntamiento\/wp-content\/uploads\/2023\/03\/WhatsApp-Image-2023-03-18-at-15.24.54.jpeg\" alt=\"\" width=\"1536\" height=\"2040\" srcset=\"https:\/\/www.caudete.org\/ayuntamiento\/wp-content\/uploads\/2023\/03\/WhatsApp-Image-2023-03-18-at-15.24.54.jpeg 1536w, https:\/\/www.caudete.org\/ayuntamiento\/wp-content\/uploads\/2023\/03\/WhatsApp-Image-2023-03-18-at-15.24.54-226x300.jpeg 226w, https:\/\/www.caudete.org\/ayuntamiento\/wp-content\/uploads\/2023\/03\/WhatsApp-Image-2023-03-18-at-15.24.54-771x1024.jpeg 771w, https:\/\/www.caudete.org\/ayuntamiento\/wp-content\/uploads\/2023\/03\/WhatsApp-Image-2023-03-18-at-15.24.54-768x1020.jpeg 768w, https:\/\/www.caudete.org\/ayuntamiento\/wp-content\/uploads\/2023\/03\/WhatsApp-Image-2023-03-18-at-15.24.54-1157x1536.jpeg 1157w\" sizes=\"(max-width: 1536px) 100vw, 1536px\" \/><\/a><\/p>\n<p style=\"text-align: justify;\">Tras llevar a cabo obras de remodelaci\u00f3n en el inmueble, con varios siglos de historia, la Oficina se localiza en planta baja, teniendo completa accesibilidad la misma, dentro de un conjunto que como el Concejal Diego Cuenca expuso, albergar\u00e1 adem\u00e1s una Casa Museo, para ense\u00f1ar c\u00f3mo se viv\u00eda en \u00e9pocas pasadas, con mobiliario y enseres originales, unos de propiedad municipal, y otros cedidos por particulares para tal fin. Adem\u00e1s, servir\u00e1 tambi\u00e9n para recepciones oficiales del Consistorio y eventos culturales, festivos o tur\u00edsticos que el Ayuntamiento organice.<\/p>\n<p style=\"text-align: justify;\">De hecho, a los espacios ahora habilitados (patio, Oficina, vest\u00edbulo, sal\u00f3n y salas varias) ya adelantaba el Concejal que durante el verano se trabajar\u00e1 en la habilitaci\u00f3n de la Bodega, para poder promocionar desde ella los vinos y aceites de nuestra tierra.<\/p>\n<p style=\"text-align: justify;\">Por su parte, el Alcalde expres\u00f3 que &#8220;<em>esta casa no abre sus puertas para entrar, sino para salir a descubrir los tesoros que Caudete tiene para mostrar al visitante<\/em>&#8221; manifestando que &#8220;<em>sin duda alguna, ese toque de encanto que ofrece nuestra Oficina de Turismo, junto a los paquetes tur\u00edsticos en los que se trabaja, ser\u00e1 adem\u00e1s de elemento diferenciador, un motivo para volver a Caudete<\/em>&#8220;.<\/p>\n<p style=\"text-align: justify;\">Para finalizar la visita, en el patio del inmueble acondicionado, se ubicaba una degustaci\u00f3n de productos t\u00edpicos para los visitantes a esta inauguraci\u00f3n y jornada de puertas abiertas.<\/p>\n<p><a href=\"https:\/\/www.caudete.org\/ayuntamiento\/wp-content\/uploads\/2023\/03\/WhatsApp-Image-2023-03-18-at-15.29.33.jpeg\" rel='prettyPhoto'><img decoding=\"async\" class=\"alignnone wp-image-21812 size-full\" src=\"https:\/\/www.caudete.org\/ayuntamiento\/wp-content\/uploads\/2023\/03\/WhatsApp-Image-2023-03-18-at-15.29.33.jpeg\" alt=\"\" width=\"1600\" height=\"900\" srcset=\"https:\/\/www.caudete.org\/ayuntamiento\/wp-content\/uploads\/2023\/03\/WhatsApp-Image-2023-03-18-at-15.29.33.jpeg 1600w, https:\/\/www.caudete.org\/ayuntamiento\/wp-content\/uploads\/2023\/03\/WhatsApp-Image-2023-03-18-at-15.29.33-300x169.jpeg 300w, https:\/\/www.caudete.org\/ayuntamiento\/wp-content\/uploads\/2023\/03\/WhatsApp-Image-2023-03-18-at-15.29.33-1024x576.jpeg 1024w, https:\/\/www.caudete.org\/ayuntamiento\/wp-content\/uploads\/2023\/03\/WhatsApp-Image-2023-03-18-at-15.29.33-768x432.jpeg 768w, https:\/\/www.caudete.org\/ayuntamiento\/wp-content\/uploads\/2023\/03\/WhatsApp-Image-2023-03-18-at-15.29.33-1536x864.jpeg 1536w\" sizes=\"(max-width: 1600px) 100vw, 1600px\" \/><\/a><\/p>\n<p>&nbsp;<\/p>\n","protected":false},"excerpt":{"rendered":"<p>El pasado s\u00e1bado las atenciones se focalizaban sobre la nueva Oficina de Turismo que el Gobierno Municipal ha impulsado en el presente mandato, como un recurso necesario y vital para dar el impulso tur\u00edstico a nuestro municipio. Grande fue la afluencia de caudetanos y visitantes que se acercaron para comprobar el trabajo realizado. Situada en &hellip;<\/p>\n","protected":false},"author":3,"featured_media":21822,"comment_status":"closed","ping_status":"open","sticky":false,"template":"","format":"standard","meta":{"ngg_post_thumbnail":0,"footnotes":""},"categories":[43],"tags":[],"class_list":["post-21820","post","type-post","status-publish","format-standard","has-post-thumbnail","hentry","category-turismo"],"yoast_head":"<!-- This site is optimized with the Yoast SEO plugin v27.5 - https:\/\/yoast.com\/product\/yoast-seo-wordpress\/ -->\n<title>Gran afluencia en la inauguraci\u00f3n de la nueva Oficina de Turismo - MI Ayuntamiento de Caudete<\/title>\n<meta name=\"description\" content=\"P\u00e1gina Oficial del Ayuntamiento de Caudete (Albacete)\" \/>\n<meta name=\"robots\" content=\"index, follow, max-snippet:-1, max-image-preview:large, max-video-preview:-1\" \/>\n<link rel=\"canonical\" href=\"https:\/\/www.caudete.org\/ayuntamiento\/gran-afluencia-en-la-inauguracion-de-la-nueva-oficina-de-turismo\/\" \/>\n<meta property=\"og:locale\" content=\"es_ES\" \/>\n<meta property=\"og:type\" content=\"article\" \/>\n<meta property=\"og:title\" content=\"Gran afluencia en la inauguraci\u00f3n de la nueva Oficina de Turismo - MI Ayuntamiento de Caudete\" \/>\n<meta property=\"og:description\" content=\"P\u00e1gina Oficial del Ayuntamiento de Caudete (Albacete)\" \/>\n<meta property=\"og:url\" content=\"https:\/\/www.caudete.org\/ayuntamiento\/gran-afluencia-en-la-inauguracion-de-la-nueva-oficina-de-turismo\/\" \/>\n<meta property=\"og:site_name\" content=\"MI Ayuntamiento de Caudete\" \/>\n<meta property=\"article:publisher\" content=\"https:\/\/www.facebook.com\/ayuntamientocaudete\/\" \/>\n<meta property=\"article:published_time\" content=\"2023-03-22T17:04:45+00:00\" \/>\n<meta property=\"og:image\" content=\"https:\/\/www.caudete.org\/ayuntamiento\/wp-content\/uploads\/2023\/03\/WhatsApp-Image-2023-03-18-at-15.29.04-1.jpeg\" \/>\n\t<meta property=\"og:image:width\" content=\"1600\" \/>\n\t<meta property=\"og:image:height\" content=\"738\" \/>\n\t<meta property=\"og:image:type\" content=\"image\/jpeg\" \/>\n<meta name=\"author\" content=\"alcalde\" \/>\n<meta name=\"twitter:card\" content=\"summary_large_image\" \/>\n<meta name=\"twitter:label1\" content=\"Escrito por\" \/>\n\t<meta name=\"twitter:data1\" content=\"alcalde\" \/>\n\t<meta name=\"twitter:label2\" content=\"Tiempo de lectura\" \/>\n\t<meta name=\"twitter:data2\" content=\"3 minutos\" \/>\n<script type=\"application\/ld+json\" class=\"yoast-schema-graph\">{\"@context\":\"https:\\\/\\\/schema.org\",\"@graph\":[{\"@type\":\"Article\",\"@id\":\"https:\\\/\\\/www.caudete.org\\\/ayuntamiento\\\/gran-afluencia-en-la-inauguracion-de-la-nueva-oficina-de-turismo\\\/#article\",\"isPartOf\":{\"@id\":\"https:\\\/\\\/www.caudete.org\\\/ayuntamiento\\\/gran-afluencia-en-la-inauguracion-de-la-nueva-oficina-de-turismo\\\/\"},\"author\":{\"name\":\"alcalde\",\"@id\":\"https:\\\/\\\/www.caudete.org\\\/ayuntamiento\\\/#\\\/schema\\\/person\\\/cc646da9133078ee4d8dd47457947253\"},\"headline\":\"Gran afluencia en la inauguraci\u00f3n de la nueva Oficina de Turismo\",\"datePublished\":\"2023-03-22T17:04:45+00:00\",\"mainEntityOfPage\":{\"@id\":\"https:\\\/\\\/www.caudete.org\\\/ayuntamiento\\\/gran-afluencia-en-la-inauguracion-de-la-nueva-oficina-de-turismo\\\/\"},\"wordCount\":366,\"image\":{\"@id\":\"https:\\\/\\\/www.caudete.org\\\/ayuntamiento\\\/gran-afluencia-en-la-inauguracion-de-la-nueva-oficina-de-turismo\\\/#primaryimage\"},\"thumbnailUrl\":\"https:\\\/\\\/www.caudete.org\\\/ayuntamiento\\\/wp-content\\\/uploads\\\/2023\\\/03\\\/WhatsApp-Image-2023-03-18-at-15.29.04-1.jpeg\",\"articleSection\":[\"Turismo\"],\"inLanguage\":\"es\"},{\"@type\":\"WebPage\",\"@id\":\"https:\\\/\\\/www.caudete.org\\\/ayuntamiento\\\/gran-afluencia-en-la-inauguracion-de-la-nueva-oficina-de-turismo\\\/\",\"url\":\"https:\\\/\\\/www.caudete.org\\\/ayuntamiento\\\/gran-afluencia-en-la-inauguracion-de-la-nueva-oficina-de-turismo\\\/\",\"name\":\"Gran afluencia en la inauguraci\u00f3n de la nueva Oficina de Turismo - MI Ayuntamiento de Caudete\",\"isPartOf\":{\"@id\":\"https:\\\/\\\/www.caudete.org\\\/ayuntamiento\\\/#website\"},\"primaryImageOfPage\":{\"@id\":\"https:\\\/\\\/www.caudete.org\\\/ayuntamiento\\\/gran-afluencia-en-la-inauguracion-de-la-nueva-oficina-de-turismo\\\/#primaryimage\"},\"image\":{\"@id\":\"https:\\\/\\\/www.caudete.org\\\/ayuntamiento\\\/gran-afluencia-en-la-inauguracion-de-la-nueva-oficina-de-turismo\\\/#primaryimage\"},\"thumbnailUrl\":\"https:\\\/\\\/www.caudete.org\\\/ayuntamiento\\\/wp-content\\\/uploads\\\/2023\\\/03\\\/WhatsApp-Image-2023-03-18-at-15.29.04-1.jpeg\",\"datePublished\":\"2023-03-22T17:04:45+00:00\",\"author\":{\"@id\":\"https:\\\/\\\/www.caudete.org\\\/ayuntamiento\\\/#\\\/schema\\\/person\\\/cc646da9133078ee4d8dd47457947253\"},\"description\":\"P\u00e1gina Oficial del Ayuntamiento de Caudete (Albacete)\",\"breadcrumb\":{\"@id\":\"https:\\\/\\\/www.caudete.org\\\/ayuntamiento\\\/gran-afluencia-en-la-inauguracion-de-la-nueva-oficina-de-turismo\\\/#breadcrumb\"},\"inLanguage\":\"es\",\"potentialAction\":[{\"@type\":\"ReadAction\",\"target\":[\"https:\\\/\\\/www.caudete.org\\\/ayuntamiento\\\/gran-afluencia-en-la-inauguracion-de-la-nueva-oficina-de-turismo\\\/\"]}]},{\"@type\":\"ImageObject\",\"inLanguage\":\"es\",\"@id\":\"https:\\\/\\\/www.caudete.org\\\/ayuntamiento\\\/gran-afluencia-en-la-inauguracion-de-la-nueva-oficina-de-turismo\\\/#primaryimage\",\"url\":\"https:\\\/\\\/www.caudete.org\\\/ayuntamiento\\\/wp-content\\\/uploads\\\/2023\\\/03\\\/WhatsApp-Image-2023-03-18-at-15.29.04-1.jpeg\",\"contentUrl\":\"https:\\\/\\\/www.caudete.org\\\/ayuntamiento\\\/wp-content\\\/uploads\\\/2023\\\/03\\\/WhatsApp-Image-2023-03-18-at-15.29.04-1.jpeg\",\"width\":1600,\"height\":738},{\"@type\":\"BreadcrumbList\",\"@id\":\"https:\\\/\\\/www.caudete.org\\\/ayuntamiento\\\/gran-afluencia-en-la-inauguracion-de-la-nueva-oficina-de-turismo\\\/#breadcrumb\",\"itemListElement\":[{\"@type\":\"ListItem\",\"position\":1,\"name\":\"Inicio\",\"item\":\"https:\\\/\\\/www.caudete.org\\\/ayuntamiento\\\/\"},{\"@type\":\"ListItem\",\"position\":2,\"name\":\"Gran afluencia en la inauguraci\u00f3n de la nueva Oficina de Turismo\"}]},{\"@type\":\"WebSite\",\"@id\":\"https:\\\/\\\/www.caudete.org\\\/ayuntamiento\\\/#website\",\"url\":\"https:\\\/\\\/www.caudete.org\\\/ayuntamiento\\\/\",\"name\":\"MI Ayuntamiento de Caudete\",\"description\":\"P\u00e1gina Oficial del MI Ayuntamiento de Caudete\",\"potentialAction\":[{\"@type\":\"SearchAction\",\"target\":{\"@type\":\"EntryPoint\",\"urlTemplate\":\"https:\\\/\\\/www.caudete.org\\\/ayuntamiento\\\/?s={search_term_string}\"},\"query-input\":{\"@type\":\"PropertyValueSpecification\",\"valueRequired\":true,\"valueName\":\"search_term_string\"}}],\"inLanguage\":\"es\"},{\"@type\":\"Person\",\"@id\":\"https:\\\/\\\/www.caudete.org\\\/ayuntamiento\\\/#\\\/schema\\\/person\\\/cc646da9133078ee4d8dd47457947253\",\"name\":\"alcalde\",\"image\":{\"@type\":\"ImageObject\",\"inLanguage\":\"es\",\"@id\":\"https:\\\/\\\/secure.gravatar.com\\\/avatar\\\/84a817ba065b29ff08d666b215a215f5c79186a645ccb25b14a663d48a130f77?s=96&d=mm&r=g\",\"url\":\"https:\\\/\\\/secure.gravatar.com\\\/avatar\\\/84a817ba065b29ff08d666b215a215f5c79186a645ccb25b14a663d48a130f77?s=96&d=mm&r=g\",\"contentUrl\":\"https:\\\/\\\/secure.gravatar.com\\\/avatar\\\/84a817ba065b29ff08d666b215a215f5c79186a645ccb25b14a663d48a130f77?s=96&d=mm&r=g\",\"caption\":\"alcalde\"},\"url\":\"https:\\\/\\\/www.caudete.org\\\/ayuntamiento\\\/author\\\/alcalde\\\/\"}]}<\/script>\n<!-- \/ Yoast SEO plugin. -->","yoast_head_json":{"title":"Gran afluencia en la inauguraci\u00f3n de la nueva Oficina de Turismo - MI Ayuntamiento de Caudete","description":"P\u00e1gina Oficial del Ayuntamiento de Caudete (Albacete)","robots":{"index":"index","follow":"follow","max-snippet":"max-snippet:-1","max-image-preview":"max-image-preview:large","max-video-preview":"max-video-preview:-1"},"canonical":"https:\/\/www.caudete.org\/ayuntamiento\/gran-afluencia-en-la-inauguracion-de-la-nueva-oficina-de-turismo\/","og_locale":"es_ES","og_type":"article","og_title":"Gran afluencia en la inauguraci\u00f3n de la nueva Oficina de Turismo - MI Ayuntamiento de Caudete","og_description":"P\u00e1gina Oficial del Ayuntamiento de Caudete (Albacete)","og_url":"https:\/\/www.caudete.org\/ayuntamiento\/gran-afluencia-en-la-inauguracion-de-la-nueva-oficina-de-turismo\/","og_site_name":"MI Ayuntamiento de Caudete","article_publisher":"https:\/\/www.facebook.com\/ayuntamientocaudete\/","article_published_time":"2023-03-22T17:04:45+00:00","og_image":[{"width":1600,"height":738,"url":"https:\/\/www.caudete.org\/ayuntamiento\/wp-content\/uploads\/2023\/03\/WhatsApp-Image-2023-03-18-at-15.29.04-1.jpeg","type":"image\/jpeg"}],"author":"alcalde","twitter_card":"summary_large_image","twitter_misc":{"Escrito por":"alcalde","Tiempo de lectura":"3 minutos"},"schema":{"@context":"https:\/\/schema.org","@graph":[{"@type":"Article","@id":"https:\/\/www.caudete.org\/ayuntamiento\/gran-afluencia-en-la-inauguracion-de-la-nueva-oficina-de-turismo\/#article","isPartOf":{"@id":"https:\/\/www.caudete.org\/ayuntamiento\/gran-afluencia-en-la-inauguracion-de-la-nueva-oficina-de-turismo\/"},"author":{"name":"alcalde","@id":"https:\/\/www.caudete.org\/ayuntamiento\/#\/schema\/person\/cc646da9133078ee4d8dd47457947253"},"headline":"Gran afluencia en la inauguraci\u00f3n de la nueva Oficina de Turismo","datePublished":"2023-03-22T17:04:45+00:00","mainEntityOfPage":{"@id":"https:\/\/www.caudete.org\/ayuntamiento\/gran-afluencia-en-la-inauguracion-de-la-nueva-oficina-de-turismo\/"},"wordCount":366,"image":{"@id":"https:\/\/www.caudete.org\/ayuntamiento\/gran-afluencia-en-la-inauguracion-de-la-nueva-oficina-de-turismo\/#primaryimage"},"thumbnailUrl":"https:\/\/www.caudete.org\/ayuntamiento\/wp-content\/uploads\/2023\/03\/WhatsApp-Image-2023-03-18-at-15.29.04-1.jpeg","articleSection":["Turismo"],"inLanguage":"es"},{"@type":"WebPage","@id":"https:\/\/www.caudete.org\/ayuntamiento\/gran-afluencia-en-la-inauguracion-de-la-nueva-oficina-de-turismo\/","url":"https:\/\/www.caudete.org\/ayuntamiento\/gran-afluencia-en-la-inauguracion-de-la-nueva-oficina-de-turismo\/","name":"Gran afluencia en la inauguraci\u00f3n de la nueva Oficina de Turismo - MI Ayuntamiento de Caudete","isPartOf":{"@id":"https:\/\/www.caudete.org\/ayuntamiento\/#website"},"primaryImageOfPage":{"@id":"https:\/\/www.caudete.org\/ayuntamiento\/gran-afluencia-en-la-inauguracion-de-la-nueva-oficina-de-turismo\/#primaryimage"},"image":{"@id":"https:\/\/www.caudete.org\/ayuntamiento\/gran-afluencia-en-la-inauguracion-de-la-nueva-oficina-de-turismo\/#primaryimage"},"thumbnailUrl":"https:\/\/www.caudete.org\/ayuntamiento\/wp-content\/uploads\/2023\/03\/WhatsApp-Image-2023-03-18-at-15.29.04-1.jpeg","datePublished":"2023-03-22T17:04:45+00:00","author":{"@id":"https:\/\/www.caudete.org\/ayuntamiento\/#\/schema\/person\/cc646da9133078ee4d8dd47457947253"},"description":"P\u00e1gina Oficial del Ayuntamiento de Caudete (Albacete)","breadcrumb":{"@id":"https:\/\/www.caudete.org\/ayuntamiento\/gran-afluencia-en-la-inauguracion-de-la-nueva-oficina-de-turismo\/#breadcrumb"},"inLanguage":"es","potentialAction":[{"@type":"ReadAction","target":["https:\/\/www.caudete.org\/ayuntamiento\/gran-afluencia-en-la-inauguracion-de-la-nueva-oficina-de-turismo\/"]}]},{"@type":"ImageObject","inLanguage":"es","@id":"https:\/\/www.caudete.org\/ayuntamiento\/gran-afluencia-en-la-inauguracion-de-la-nueva-oficina-de-turismo\/#primaryimage","url":"https:\/\/www.caudete.org\/ayuntamiento\/wp-content\/uploads\/2023\/03\/WhatsApp-Image-2023-03-18-at-15.29.04-1.jpeg","contentUrl":"https:\/\/www.caudete.org\/ayuntamiento\/wp-content\/uploads\/2023\/03\/WhatsApp-Image-2023-03-18-at-15.29.04-1.jpeg","width":1600,"height":738},{"@type":"BreadcrumbList","@id":"https:\/\/www.caudete.org\/ayuntamiento\/gran-afluencia-en-la-inauguracion-de-la-nueva-oficina-de-turismo\/#breadcrumb","itemListElement":[{"@type":"ListItem","position":1,"name":"Inicio","item":"https:\/\/www.caudete.org\/ayuntamiento\/"},{"@type":"ListItem","position":2,"name":"Gran afluencia en la inauguraci\u00f3n de la nueva Oficina de Turismo"}]},{"@type":"WebSite","@id":"https:\/\/www.caudete.org\/ayuntamiento\/#website","url":"https:\/\/www.caudete.org\/ayuntamiento\/","name":"MI Ayuntamiento de Caudete","description":"P\u00e1gina Oficial del MI Ayuntamiento de Caudete","potentialAction":[{"@type":"SearchAction","target":{"@type":"EntryPoint","urlTemplate":"https:\/\/www.caudete.org\/ayuntamiento\/?s={search_term_string}"},"query-input":{"@type":"PropertyValueSpecification","valueRequired":true,"valueName":"search_term_string"}}],"inLanguage":"es"},{"@type":"Person","@id":"https:\/\/www.caudete.org\/ayuntamiento\/#\/schema\/person\/cc646da9133078ee4d8dd47457947253","name":"alcalde","image":{"@type":"ImageObject","inLanguage":"es","@id":"https:\/\/secure.gravatar.com\/avatar\/84a817ba065b29ff08d666b215a215f5c79186a645ccb25b14a663d48a130f77?s=96&d=mm&r=g","url":"https:\/\/secure.gravatar.com\/avatar\/84a817ba065b29ff08d666b215a215f5c79186a645ccb25b14a663d48a130f77?s=96&d=mm&r=g","contentUrl":"https:\/\/secure.gravatar.com\/avatar\/84a817ba065b29ff08d666b215a215f5c79186a645ccb25b14a663d48a130f77?s=96&d=mm&r=g","caption":"alcalde"},"url":"https:\/\/www.caudete.org\/ayuntamiento\/author\/alcalde\/"}]}},"_links":{"self":[{"href":"https:\/\/www.caudete.org\/ayuntamiento\/wp-json\/wp\/v2\/posts\/21820","targetHints":{"allow":["GET"]}}],"collection":[{"href":"https:\/\/www.caudete.org\/ayuntamiento\/wp-json\/wp\/v2\/posts"}],"about":[{"href":"https:\/\/www.caudete.org\/ayuntamiento\/wp-json\/wp\/v2\/types\/post"}],"author":[{"embeddable":true,"href":"https:\/\/www.caudete.org\/ayuntamiento\/wp-json\/wp\/v2\/users\/3"}],"replies":[{"embeddable":true,"href":"https:\/\/www.caudete.org\/ayuntamiento\/wp-json\/wp\/v2\/comments?post=21820"}],"version-history":[{"count":1,"href":"https:\/\/www.caudete.org\/ayuntamiento\/wp-json\/wp\/v2\/posts\/21820\/revisions"}],"predecessor-version":[{"id":21823,"href":"https:\/\/www.caudete.org\/ayuntamiento\/wp-json\/wp\/v2\/posts\/21820\/revisions\/21823"}],"wp:featuredmedia":[{"embeddable":true,"href":"https:\/\/www.caudete.org\/ayuntamiento\/wp-json\/wp\/v2\/media\/21822"}],"wp:attachment":[{"href":"https:\/\/www.caudete.org\/ayuntamiento\/wp-json\/wp\/v2\/media?parent=21820"}],"wp:term":[{"taxonomy":"category","embeddable":true,"href":"https:\/\/www.caudete.org\/ayuntamiento\/wp-json\/wp\/v2\/categories?post=21820"},{"taxonomy":"post_tag","embeddable":true,"href":"https:\/\/www.caudete.org\/ayuntamiento\/wp-json\/wp\/v2\/tags?post=21820"}],"curies":[{"name":"wp","href":"https:\/\/api.w.org\/{rel}","templated":true}]}}